{"id":805,"date":"2022-09-22T16:00:23","date_gmt":"2022-09-22T14:00:23","guid":{"rendered":"https:\/\/regions-snetap-fsu.fr\/bfc\/?p=805"},"modified":"2022-09-22T16:00:23","modified_gmt":"2022-09-22T14:00:23","slug":"reunion-visio-pour-acen","status":"publish","type":"post","link":"https:\/\/regions-snetap-fsu.fr\/bfc\/2022\/09\/22\/reunion-visio-pour-acen\/","title":{"rendered":"R\u00e9union visio pour ACEN"},"content":{"rendered":"<p>ci dessous un lien visio qui peut vous int\u00e9resser<\/p>\n<p>une\u00a0 r\u00e9union d&rsquo;information \u00e0 destination des ACEN en 1ere et 2eme ann\u00e9e.<\/p>\n<p>La r\u00e9union aura lieu\u00a0<span style=\"color: #ff0000\"> le mercredi 5 octobre 2022 de 13h30 \u00e0 15h30<\/span><\/p>\n<p>Lors\u00a0de\u00a0cette\u00a0r\u00e9union,\u00a0j&rsquo;aborderai\u00a0:<br \/>\n&#8211;\u00a0l&rsquo;enseignement\u00a0agricole<br \/>\n&#8211;\u00a0les\u00a0r\u00e9f\u00e9rentiels<br \/>\n&#8211;\u00a0TUTAC<br \/>\n&#8211;\u00a0L&rsquo;inspection<br \/>\n&#8211;\u00a0Les\u00a0concours<br \/>\n&#8211;\u00a0Le\u00a0syndicalisme<br \/>\n&#8211;\u00a0Les\u00a0r\u00e9ponses\u00a0aux\u00a0questions\u00a0diverses<\/p>\n<p>Kevin\u00a0Goncalves\u00a0vous\u00a0invite\u00a0\u00e0\u00a0une\u00a0r\u00e9union\u00a0Zoom\u00a0planifi\u00e9e.<\/p>\n<p>Sujet\u00a0:\u00a0reunion\u00a0d&rsquo;information\u00a0ACEN<br \/>\nHeure\u00a0:\u00a05\u00a0oct.\u00a02022\u00a001:30\u00a0PM\u00a0Paris<\/p>\n<p>Participer\u00a0\u00e0\u00a0la\u00a0r\u00e9union\u00a0Zoom<br \/>\n<a href=\"https:\/\/us04web.zoom.us\/j\/5047887924?pwd=aSt1RlpSbmdpRmlHQUROS2dDTm9yQT09\" target=\"_blank\" rel=\"noopener noreferrer\">https:\/\/us04web.zoom.us\/j\/5047887924?pwd=aSt1RlpSbmdpRmlHQUROS2dDTm9yQT09<\/a><\/p>\n<p>ID\u00a0de\u00a0r\u00e9union\u00a0:\u00a0504\u00a0788\u00a07924<br \/>\nCode\u00a0secret\u00a0:\u00a0barotte<\/p>\n<div><\/div>\n","protected":false},"excerpt":{"rendered":"<p>ci dessous un lien visio qui peut vous int\u00e9resser une\u00a0 r\u00e9union d&rsquo;information \u00e0 destination des ACEN en 1ere et 2eme ann\u00e9e. La r\u00e9union aura lieu\u00a0 le mercredi 5 octobre 2022 de 13h30 \u00e0 15h30 Lors\u00a0de\u00a0cette\u00a0r\u00e9union,\u00a0j&rsquo;aborderai\u00a0: &#8211;\u00a0l&rsquo;enseignement\u00a0agricole &#8211;\u00a0les\u00a0r\u00e9f\u00e9rentiels &#8211;\u00a0TUTAC &#8211;\u00a0L&rsquo;inspection &#8211;\u00a0Les\u00a0concours &#8211;\u00a0Le\u00a0syndicalisme &#8211;\u00a0Les\u00a0r\u00e9ponses\u00a0aux\u00a0questions\u00a0diverses Kevin\u00a0Goncalves\u00a0vous\u00a0invite\u00a0\u00e0\u00a0une\u00a0r\u00e9union\u00a0Zoom\u00a0planifi\u00e9e. Sujet\u00a0:\u00a0reunion\u00a0d&rsquo;information\u00a0ACEN Heure\u00a0:\u00a05\u00a0oct.\u00a02022\u00a001:30\u00a0PM\u00a0Paris Participer\u00a0\u00e0\u00a0la\u00a0r\u00e9union\u00a0Zoom https:\/\/us04web.zoom.us\/j\/5047887924?pwd=aSt1RlpSbmdpRmlHQUROS2dDTm9yQT09 ID\u00a0de\u00a0r\u00e9union\u00a0:\u00a0504\u00a0788\u00a07924 Code\u00a0secret\u00a0:\u00a0barotte<\/p>\n","protected":false},"author":109,"featured_media":0,"comment_status":"closed","ping_status":"closed","sticky":false,"template":"","format":"standard","meta":{"ocean_post_layout":"","ocean_both_sidebars_style":"","ocean_both_sidebars_content_width":0,"ocean_both_sidebars_sidebars_width":0,"ocean_sidebar":"0","ocean_second_sidebar":"0","ocean_disable_margins":"enable","ocean_add_body_class":"","ocean_shortcode_before_top_bar":"","ocean_shortcode_after_top_bar":"","ocean_shortcode_before_header":"","ocean_shortcode_after_header":"","ocean_has_shortcode":"","ocean_shortcode_after_title":"","ocean_shortcode_before_footer_widgets":"","ocean_shortcode_after_footer_widgets":"","ocean_shortcode_before_footer_bottom":"","ocean_shortcode_after_footer_bottom":"","ocean_display_top_bar":"default","ocean_display_header":"default","ocean_header_style":"","ocean_center_header_left_menu":"0","ocean_custom_header_template":"0","ocean_custom_logo":0,"ocean_custom_retina_logo":0,"ocean_custom_logo_max_width":0,"ocean_custom_logo_tablet_max_width":0,"ocean_custom_logo_mobile_max_width":0,"ocean_custom_logo_max_height":0,"ocean_custom_logo_tablet_max_height":0,"ocean_custom_logo_mobile_max_height":0,"ocean_header_custom_menu":"0","ocean_menu_typo_font_family":"0","ocean_menu_typo_font_subset":"","ocean_menu_typo_font_size":0,"ocean_menu_typo_font_size_tablet":0,"ocean_menu_typo_font_size_mobile":0,"ocean_menu_typo_font_size_unit":"px","ocean_menu_typo_font_weight":"","ocean_menu_typo_font_weight_tablet":"","ocean_menu_typo_font_weight_mobile":"","ocean_menu_typo_transform":"","ocean_menu_typo_transform_tablet":"","ocean_menu_typo_transform_mobile":"","ocean_menu_typo_line_height":0,"ocean_menu_typo_line_height_tablet":0,"ocean_menu_typo_line_height_mobile":0,"ocean_menu_typo_line_height_unit":"","ocean_menu_typo_spacing":0,"ocean_menu_typo_spacing_tablet":0,"ocean_menu_typo_spacing_mobile":0,"ocean_menu_typo_spacing_unit":"","ocean_menu_link_color":"","ocean_menu_link_color_hover":"","ocean_menu_link_color_active":"","ocean_menu_link_background":"","ocean_menu_link_hover_background":"","ocean_menu_link_active_background":"","ocean_menu_social_links_bg":"","ocean_menu_social_hover_links_bg":"","ocean_menu_social_links_color":"","ocean_menu_social_hover_links_color":"","ocean_disable_title":"default","ocean_disable_heading":"default","ocean_post_title":"","ocean_post_subheading":"","ocean_post_title_style":"","ocean_post_title_background_color":"","ocean_post_title_background":0,"ocean_post_title_bg_image_position":"","ocean_post_title_bg_image_attachment":"","ocean_post_title_bg_image_repeat":"","ocean_post_title_bg_image_size":"","ocean_post_title_height":0,"ocean_post_title_bg_overlay":0.5,"ocean_post_title_bg_overlay_color":"","ocean_disable_breadcrumbs":"default","ocean_breadcrumbs_color":"","ocean_breadcrumbs_separator_color":"","ocean_breadcrumbs_links_color":"","ocean_breadcrumbs_links_hover_color":"","ocean_display_footer_widgets":"default","ocean_display_footer_bottom":"default","ocean_custom_footer_template":"0","ocean_post_oembed":"","ocean_post_self_hosted_media":"","ocean_post_video_embed":"","ocean_link_format":"","ocean_link_format_target":"self","ocean_quote_format":"","ocean_quote_format_link":"post","ocean_gallery_link_images":"off","ocean_gallery_id":[],"footnotes":""},"categories":[15],"tags":[],"post_folder":[],"class_list":["post-805","post","type-post","status-publish","format-standard","hentry","category-informations-pratiques","entry"],"yoast_head":"<!-- This site is optimized with the Yoast SEO plugin v27.4 - https:\/\/yoast.com\/product\/yoast-seo-wordpress\/ -->\n<title>R\u00e9union visio pour ACEN - BOURGOGNE FRANCHE-COMTE<\/title>\n<meta name=\"robots\" content=\"index, follow, max-snippet:-1, max-image-preview:large, max-video-preview:-1\" \/>\n<link rel=\"canonical\" href=\"https:\/\/regions-snetap-fsu.fr\/bfc\/2022\/09\/22\/reunion-visio-pour-acen\/\" \/>\n<meta property=\"og:locale\" content=\"fr_FR\" \/>\n<meta property=\"og:type\" content=\"article\" \/>\n<meta property=\"og:title\" content=\"R\u00e9union visio pour ACEN - BOURGOGNE FRANCHE-COMTE\" \/>\n<meta property=\"og:description\" content=\"ci dessous un lien visio qui peut vous int\u00e9resser une\u00a0 r\u00e9union d&rsquo;information \u00e0 destination des ACEN en 1ere et 2eme ann\u00e9e. La r\u00e9union aura lieu\u00a0 le mercredi 5 octobre 2022 de 13h30 \u00e0 15h30 Lors\u00a0de\u00a0cette\u00a0r\u00e9union,\u00a0j&rsquo;aborderai\u00a0: &#8211;\u00a0l&rsquo;enseignement\u00a0agricole &#8211;\u00a0les\u00a0r\u00e9f\u00e9rentiels &#8211;\u00a0TUTAC &#8211;\u00a0L&rsquo;inspection &#8211;\u00a0Les\u00a0concours &#8211;\u00a0Le\u00a0syndicalisme &#8211;\u00a0Les\u00a0r\u00e9ponses\u00a0aux\u00a0questions\u00a0diverses Kevin\u00a0Goncalves\u00a0vous\u00a0invite\u00a0\u00e0\u00a0une\u00a0r\u00e9union\u00a0Zoom\u00a0planifi\u00e9e. Sujet\u00a0:\u00a0reunion\u00a0d&rsquo;information\u00a0ACEN Heure\u00a0:\u00a05\u00a0oct.\u00a02022\u00a001:30\u00a0PM\u00a0Paris Participer\u00a0\u00e0\u00a0la\u00a0r\u00e9union\u00a0Zoom https:\/\/us04web.zoom.us\/j\/5047887924?pwd=aSt1RlpSbmdpRmlHQUROS2dDTm9yQT09 ID\u00a0de\u00a0r\u00e9union\u00a0:\u00a0504\u00a0788\u00a07924 Code\u00a0secret\u00a0:\u00a0barotte\" \/>\n<meta property=\"og:url\" content=\"https:\/\/regions-snetap-fsu.fr\/bfc\/2022\/09\/22\/reunion-visio-pour-acen\/\" \/>\n<meta property=\"og:site_name\" content=\"BOURGOGNE FRANCHE-COMTE\" \/>\n<meta property=\"article:published_time\" content=\"2022-09-22T14:00:23+00:00\" \/>\n<meta name=\"twitter:card\" content=\"summary_large_image\" \/>\n<meta name=\"twitter:label1\" content=\"\u00c9crit par\" \/>\n\t<meta name=\"twitter:data1\" content=\"\" \/>\n\t<meta name=\"twitter:label2\" content=\"Dur\u00e9e de lecture estim\u00e9e\" \/>\n\t<meta name=\"twitter:data2\" content=\"1 minute\" \/>\n<script type=\"application\/ld+json\" class=\"yoast-schema-graph\">{\"@context\":\"https:\\\/\\\/schema.org\",\"@graph\":[{\"@type\":\"Article\",\"@id\":\"https:\\\/\\\/regions-snetap-fsu.fr\\\/bfc\\\/2022\\\/09\\\/22\\\/reunion-visio-pour-acen\\\/#article\",\"isPartOf\":{\"@id\":\"https:\\\/\\\/regions-snetap-fsu.fr\\\/bfc\\\/2022\\\/09\\\/22\\\/reunion-visio-pour-acen\\\/\"},\"author\":{\"name\":\"\",\"@id\":\"\"},\"headline\":\"R\u00e9union visio pour ACEN\",\"datePublished\":\"2022-09-22T14:00:23+00:00\",\"mainEntityOfPage\":{\"@id\":\"https:\\\/\\\/regions-snetap-fsu.fr\\\/bfc\\\/2022\\\/09\\\/22\\\/reunion-visio-pour-acen\\\/\"},\"wordCount\":116,\"publisher\":{\"@id\":\"https:\\\/\\\/regions-snetap-fsu.fr\\\/bfc\\\/#organization\"},\"articleSection\":[\"informations pratiques\"],\"inLanguage\":\"fr-FR\"},{\"@type\":\"WebPage\",\"@id\":\"https:\\\/\\\/regions-snetap-fsu.fr\\\/bfc\\\/2022\\\/09\\\/22\\\/reunion-visio-pour-acen\\\/\",\"url\":\"https:\\\/\\\/regions-snetap-fsu.fr\\\/bfc\\\/2022\\\/09\\\/22\\\/reunion-visio-pour-acen\\\/\",\"name\":\"R\u00e9union visio pour ACEN - BOURGOGNE FRANCHE-COMTE\",\"isPartOf\":{\"@id\":\"https:\\\/\\\/regions-snetap-fsu.fr\\\/bfc\\\/#website\"},\"datePublished\":\"2022-09-22T14:00:23+00:00\",\"breadcrumb\":{\"@id\":\"https:\\\/\\\/regions-snetap-fsu.fr\\\/bfc\\\/2022\\\/09\\\/22\\\/reunion-visio-pour-acen\\\/#breadcrumb\"},\"inLanguage\":\"fr-FR\",\"potentialAction\":[{\"@type\":\"ReadAction\",\"target\":[\"https:\\\/\\\/regions-snetap-fsu.fr\\\/bfc\\\/2022\\\/09\\\/22\\\/reunion-visio-pour-acen\\\/\"]}]},{\"@type\":\"BreadcrumbList\",\"@id\":\"https:\\\/\\\/regions-snetap-fsu.fr\\\/bfc\\\/2022\\\/09\\\/22\\\/reunion-visio-pour-acen\\\/#breadcrumb\",\"itemListElement\":[{\"@type\":\"ListItem\",\"position\":1,\"name\":\"Accueil\",\"item\":\"https:\\\/\\\/regions-snetap-fsu.fr\\\/bfc\\\/\"},{\"@type\":\"ListItem\",\"position\":2,\"name\":\"R\u00e9union visio pour ACEN\"}]},{\"@type\":\"WebSite\",\"@id\":\"https:\\\/\\\/regions-snetap-fsu.fr\\\/bfc\\\/#website\",\"url\":\"https:\\\/\\\/regions-snetap-fsu.fr\\\/bfc\\\/\",\"name\":\"SNETAP-FSU BOURGOGNE FRANCHE-COMTE\",\"description\":\"Le blog de la Section R\u00e9gionale\",\"publisher\":{\"@id\":\"https:\\\/\\\/regions-snetap-fsu.fr\\\/bfc\\\/#organization\"},\"potentialAction\":[{\"@type\":\"SearchAction\",\"target\":{\"@type\":\"EntryPoint\",\"urlTemplate\":\"https:\\\/\\\/regions-snetap-fsu.fr\\\/bfc\\\/?s={search_term_string}\"},\"query-input\":{\"@type\":\"PropertyValueSpecification\",\"valueRequired\":true,\"valueName\":\"search_term_string\"}}],\"inLanguage\":\"fr-FR\"},{\"@type\":\"Organization\",\"@id\":\"https:\\\/\\\/regions-snetap-fsu.fr\\\/bfc\\\/#organization\",\"name\":\"SNETAP-FSU Bourgogne Franche Comt\u00e9\",\"url\":\"https:\\\/\\\/regions-snetap-fsu.fr\\\/bfc\\\/\",\"logo\":{\"@type\":\"ImageObject\",\"inLanguage\":\"fr-FR\",\"@id\":\"https:\\\/\\\/regions-snetap-fsu.fr\\\/bfc\\\/#\\\/schema\\\/logo\\\/image\\\/\",\"url\":\"https:\\\/\\\/regions-snetap-fsu.fr\\\/bfc\\\/wp-content\\\/uploads\\\/sites\\\/8\\\/2020\\\/12\\\/SNETAP-Logo.jpg\",\"contentUrl\":\"https:\\\/\\\/regions-snetap-fsu.fr\\\/bfc\\\/wp-content\\\/uploads\\\/sites\\\/8\\\/2020\\\/12\\\/SNETAP-Logo.jpg\",\"width\":464,\"height\":334,\"caption\":\"SNETAP-FSU Bourgogne Franche Comt\u00e9\"},\"image\":{\"@id\":\"https:\\\/\\\/regions-snetap-fsu.fr\\\/bfc\\\/#\\\/schema\\\/logo\\\/image\\\/\"}},{\"@type\":\"Person\",\"@id\":\"\",\"url\":\"https:\\\/\\\/regions-snetap-fsu.fr\\\/bfc\\\/author\\\/\"}]}<\/script>\n<!-- \/ Yoast SEO plugin. -->","yoast_head_json":{"title":"R\u00e9union visio pour ACEN - BOURGOGNE FRANCHE-COMTE","robots":{"index":"index","follow":"follow","max-snippet":"max-snippet:-1","max-image-preview":"max-image-preview:large","max-video-preview":"max-video-preview:-1"},"canonical":"https:\/\/regions-snetap-fsu.fr\/bfc\/2022\/09\/22\/reunion-visio-pour-acen\/","og_locale":"fr_FR","og_type":"article","og_title":"R\u00e9union visio pour ACEN - BOURGOGNE FRANCHE-COMTE","og_description":"ci dessous un lien visio qui peut vous int\u00e9resser une\u00a0 r\u00e9union d&rsquo;information \u00e0 destination des ACEN en 1ere et 2eme ann\u00e9e. La r\u00e9union aura lieu\u00a0 le mercredi 5 octobre 2022 de 13h30 \u00e0 15h30 Lors\u00a0de\u00a0cette\u00a0r\u00e9union,\u00a0j&rsquo;aborderai\u00a0: &#8211;\u00a0l&rsquo;enseignement\u00a0agricole &#8211;\u00a0les\u00a0r\u00e9f\u00e9rentiels &#8211;\u00a0TUTAC &#8211;\u00a0L&rsquo;inspection &#8211;\u00a0Les\u00a0concours &#8211;\u00a0Le\u00a0syndicalisme &#8211;\u00a0Les\u00a0r\u00e9ponses\u00a0aux\u00a0questions\u00a0diverses Kevin\u00a0Goncalves\u00a0vous\u00a0invite\u00a0\u00e0\u00a0une\u00a0r\u00e9union\u00a0Zoom\u00a0planifi\u00e9e. Sujet\u00a0:\u00a0reunion\u00a0d&rsquo;information\u00a0ACEN Heure\u00a0:\u00a05\u00a0oct.\u00a02022\u00a001:30\u00a0PM\u00a0Paris Participer\u00a0\u00e0\u00a0la\u00a0r\u00e9union\u00a0Zoom https:\/\/us04web.zoom.us\/j\/5047887924?pwd=aSt1RlpSbmdpRmlHQUROS2dDTm9yQT09 ID\u00a0de\u00a0r\u00e9union\u00a0:\u00a0504\u00a0788\u00a07924 Code\u00a0secret\u00a0:\u00a0barotte","og_url":"https:\/\/regions-snetap-fsu.fr\/bfc\/2022\/09\/22\/reunion-visio-pour-acen\/","og_site_name":"BOURGOGNE FRANCHE-COMTE","article_published_time":"2022-09-22T14:00:23+00:00","twitter_card":"summary_large_image","twitter_misc":{"\u00c9crit par":"","Dur\u00e9e de lecture estim\u00e9e":"1 minute"},"schema":{"@context":"https:\/\/schema.org","@graph":[{"@type":"Article","@id":"https:\/\/regions-snetap-fsu.fr\/bfc\/2022\/09\/22\/reunion-visio-pour-acen\/#article","isPartOf":{"@id":"https:\/\/regions-snetap-fsu.fr\/bfc\/2022\/09\/22\/reunion-visio-pour-acen\/"},"author":{"name":"","@id":""},"headline":"R\u00e9union visio pour ACEN","datePublished":"2022-09-22T14:00:23+00:00","mainEntityOfPage":{"@id":"https:\/\/regions-snetap-fsu.fr\/bfc\/2022\/09\/22\/reunion-visio-pour-acen\/"},"wordCount":116,"publisher":{"@id":"https:\/\/regions-snetap-fsu.fr\/bfc\/#organization"},"articleSection":["informations pratiques"],"inLanguage":"fr-FR"},{"@type":"WebPage","@id":"https:\/\/regions-snetap-fsu.fr\/bfc\/2022\/09\/22\/reunion-visio-pour-acen\/","url":"https:\/\/regions-snetap-fsu.fr\/bfc\/2022\/09\/22\/reunion-visio-pour-acen\/","name":"R\u00e9union visio pour ACEN - BOURGOGNE FRANCHE-COMTE","isPartOf":{"@id":"https:\/\/regions-snetap-fsu.fr\/bfc\/#website"},"datePublished":"2022-09-22T14:00:23+00:00","breadcrumb":{"@id":"https:\/\/regions-snetap-fsu.fr\/bfc\/2022\/09\/22\/reunion-visio-pour-acen\/#breadcrumb"},"inLanguage":"fr-FR","potentialAction":[{"@type":"ReadAction","target":["https:\/\/regions-snetap-fsu.fr\/bfc\/2022\/09\/22\/reunion-visio-pour-acen\/"]}]},{"@type":"BreadcrumbList","@id":"https:\/\/regions-snetap-fsu.fr\/bfc\/2022\/09\/22\/reunion-visio-pour-acen\/#breadcrumb","itemListElement":[{"@type":"ListItem","position":1,"name":"Accueil","item":"https:\/\/regions-snetap-fsu.fr\/bfc\/"},{"@type":"ListItem","position":2,"name":"R\u00e9union visio pour ACEN"}]},{"@type":"WebSite","@id":"https:\/\/regions-snetap-fsu.fr\/bfc\/#website","url":"https:\/\/regions-snetap-fsu.fr\/bfc\/","name":"SNETAP-FSU BOURGOGNE FRANCHE-COMTE","description":"Le blog de la Section R\u00e9gionale","publisher":{"@id":"https:\/\/regions-snetap-fsu.fr\/bfc\/#organization"},"potentialAction":[{"@type":"SearchAction","target":{"@type":"EntryPoint","urlTemplate":"https:\/\/regions-snetap-fsu.fr\/bfc\/?s={search_term_string}"},"query-input":{"@type":"PropertyValueSpecification","valueRequired":true,"valueName":"search_term_string"}}],"inLanguage":"fr-FR"},{"@type":"Organization","@id":"https:\/\/regions-snetap-fsu.fr\/bfc\/#organization","name":"SNETAP-FSU Bourgogne Franche Comt\u00e9","url":"https:\/\/regions-snetap-fsu.fr\/bfc\/","logo":{"@type":"ImageObject","inLanguage":"fr-FR","@id":"https:\/\/regions-snetap-fsu.fr\/bfc\/#\/schema\/logo\/image\/","url":"https:\/\/regions-snetap-fsu.fr\/bfc\/wp-content\/uploads\/sites\/8\/2020\/12\/SNETAP-Logo.jpg","contentUrl":"https:\/\/regions-snetap-fsu.fr\/bfc\/wp-content\/uploads\/sites\/8\/2020\/12\/SNETAP-Logo.jpg","width":464,"height":334,"caption":"SNETAP-FSU Bourgogne Franche Comt\u00e9"},"image":{"@id":"https:\/\/regions-snetap-fsu.fr\/bfc\/#\/schema\/logo\/image\/"}},{"@type":"Person","@id":"","url":"https:\/\/regions-snetap-fsu.fr\/bfc\/author\/"}]}},"_links":{"self":[{"href":"https:\/\/regions-snetap-fsu.fr\/bfc\/wp-json\/wp\/v2\/posts\/805","targetHints":{"allow":["GET"]}}],"collection":[{"href":"https:\/\/regions-snetap-fsu.fr\/bfc\/wp-json\/wp\/v2\/posts"}],"about":[{"href":"https:\/\/regions-snetap-fsu.fr\/bfc\/wp-json\/wp\/v2\/types\/post"}],"author":[{"embeddable":true,"href":"https:\/\/regions-snetap-fsu.fr\/bfc\/wp-json\/wp\/v2\/users\/109"}],"replies":[{"embeddable":true,"href":"https:\/\/regions-snetap-fsu.fr\/bfc\/wp-json\/wp\/v2\/comments?post=805"}],"version-history":[{"count":1,"href":"https:\/\/regions-snetap-fsu.fr\/bfc\/wp-json\/wp\/v2\/posts\/805\/revisions"}],"predecessor-version":[{"id":808,"href":"https:\/\/regions-snetap-fsu.fr\/bfc\/wp-json\/wp\/v2\/posts\/805\/revisions\/808"}],"wp:attachment":[{"href":"https:\/\/regions-snetap-fsu.fr\/bfc\/wp-json\/wp\/v2\/media?parent=805"}],"wp:term":[{"taxonomy":"category","embeddable":true,"href":"https:\/\/regions-snetap-fsu.fr\/bfc\/wp-json\/wp\/v2\/categories?post=805"},{"taxonomy":"post_tag","embeddable":true,"href":"https:\/\/regions-snetap-fsu.fr\/bfc\/wp-json\/wp\/v2\/tags?post=805"},{"taxonomy":"post_folder","embeddable":true,"href":"https:\/\/regions-snetap-fsu.fr\/bfc\/wp-json\/wp\/v2\/post_folder?post=805"}],"curies":[{"name":"wp","href":"https:\/\/api.w.org\/{rel}","templated":true}]}}