{"id":800,"date":"2022-09-20T17:20:31","date_gmt":"2022-09-20T15:20:31","guid":{"rendered":"https:\/\/regions-snetap-fsu.fr\/bfc\/?p=800"},"modified":"2022-09-20T17:31:57","modified_gmt":"2022-09-20T15:31:57","slug":"suite-au-conseil-syndical-du-19-septembre","status":"publish","type":"post","link":"https:\/\/regions-snetap-fsu.fr\/bfc\/2022\/09\/20\/suite-au-conseil-syndical-du-19-septembre\/","title":{"rendered":"Suite au Conseil R\u00e9gional Syndical du 19 septembre &#8230;"},"content":{"rendered":"<p align=\"center\"><a name=\"_GoBack\"><\/a> <span style=\"font-size: large\"><u><b>Compte rendu CSR 19 septembre<\/b><\/u><\/span><\/p>\n<ul>\n<li><span style=\"font-size: large\"><u><b>PV\u00a0: \u00e9lection bureau<\/b><\/u><\/span><span style=\"font-size: large\"><u>\u00a0:<\/u><\/span><\/li>\n<\/ul>\n<p>&nbsp;<\/p>\n<p><span style=\"font-size: large\"><u>Co secr\u00e9taires R\u00e9gionales\u00a0: <\/u><\/span><span style=\"font-size: large\">LIEGEON Marie-Agn\u00e8s, DUPAQUIER V\u00e9ronique<\/span><\/p>\n<p><span style=\"font-size: large\"><u>Co secr\u00e9taires r\u00e9gionaux adjoints<\/u><\/span><span style=\"font-size: large\">\u00a0:MARTELET Thierry GONCALVES Kevin<\/span><\/p>\n<p><span style=\"font-size: large\"><u>Secr\u00e9taires adjointes en charge des affaires individuelles <\/u><\/span><span style=\"font-size: large\">HADER Sarah<\/span><\/p>\n<p><span style=\"font-size: large\"><u>Tr\u00e9sori\u00e8re <\/u><\/span><span style=\"font-size: large\">CAVET DUPAS Danielle <\/span><span style=\"font-size: large\"><u>Tr\u00e9sorier adjoint<\/u><\/span><span style=\"font-size: large\">\u00a0: VELASCO Arnaud<\/span><\/p>\n<p>&nbsp;<\/p>\n<p><span style=\"font-size: large\">Pr\u00e9sents\u00a0: 11 Votants\u00a0:11 Pour\u00a0:11 Contre\u00a0: 0 abstention\u00a0:0<\/span><\/p>\n<ul>\n<li><span style=\"font-size: large\"><u><b>Aide \u00e0 la prise de cotisation\u00a0:<\/b><\/u><\/span><\/li>\n<\/ul>\n<p><span style=\"font-size: large\">Les AE b\u00e9n\u00e9ficiaient jusqu\u2019 \u00e0 pr\u00e9sent d\u2019une cotisation \u00e0 un tarif sp\u00e9cifique de 25\u20ac, ce n\u2019est plus le cas \u00e0 cette rentr\u00e9e.<\/span><\/p>\n<p><span style=\"font-size: large\">Suite \u00e0 une proposition de la section locale de Quetigny, nous proposons une aide pour ramener la cotisation \u00e0 25\u20ac pour les personnels dont l\u2019 indice est inf\u00e9rieur \u00e0 352<\/span><\/p>\n<p><span style=\"font-size: large\">Pr\u00e9sents\u00a0: 11 Votants\u00a0:11 Pour\u00a0:11 Contre\u00a0: 0 abstention\u00a0:0<\/span><\/p>\n<ul>\n<li><span style=\"font-size: large\"><u><b>Bilan des retours des \u00e9tablissements en vue du dialogue social avec Mme Arbelot<\/b><\/u><\/span><span style=\"font-size: large\"><u>\u00a0:<\/u><\/span><\/li>\n<\/ul>\n<p><span style=\"font-size: large\"><b>La rentr\u00e9e 2022\u00a0:<\/b><\/span><\/p>\n<p><span style=\"font-size: large\">-Probl\u00e8me DGH\u00a0:<\/span><\/p>\n<p><span style=\"font-size: large\">Les besoins ne sont pas couverts \u00e0 La Barotte, manque d\u2019\u00e9quit\u00e9 pour le calcul de la DGH pour les options. Pourrait-on avoir une d\u00e9rogation\u00a0?<\/span><\/p>\n<p><span style=\"font-size: large\">Les d\u00e9doublements ne sont pas pris en compte dans certains \u00e9tablissements ( Mancy, Mamirolle) suite \u00e0 des d\u00e9passement de seuil, <\/span><\/p>\n<p><span style=\"font-size: large\">Dans certains \u00e9tablissements, les directeurs adjoints sont tent\u00e9s d\u2019annualiser le temps de travail des coll\u00e8gues, nous allons rappeler qu\u2019une heure de cours = 1h sur la FS.<\/span><\/p>\n<p><span style=\"font-size: large\">Lors du dernier CTREA, nous avions soulign\u00e9 le manque d\u2019attractivit\u00e9 de nos secondes GT face \u00e0 celle de l\u2019 EN. Mais face \u00e0 une DGH contrainte comment faire pour proposer plusieurs doublettes en Term G\u00a0? plusieurs options\u00a0?<\/span><\/p>\n<p><span style=\"font-size: large\">Nous demandons que des moyens soient accord\u00e9s pour pouvoir permettre aux lyc\u00e9es de l\u2019enseignement agricole public d\u2019offrir aux \u00e9l\u00e8ves des choix plus larges.<\/span><\/p>\n<p><span style=\"font-size: large\"><i>A cette occasion nous allons faire un \u00e9tat des lieux des diff\u00e9rentes doublettes propos\u00e9es par EAP et des options.<\/i><\/span><\/p>\n<p>&nbsp;<\/p>\n<p><span style=\"font-size: large\">-Probl\u00e8me de gestion\u00a0:<\/span><\/p>\n<p><span style=\"font-size: large\">Mauvaise anticipation de la rentr\u00e9e \u00e0 la Barotte, les enseignants ont d\u00e9couvert des FS diff\u00e9rentes de celles transmises en juin avec beaucoup d\u2019Heure sup.<\/span><\/p>\n<p><span style=\"font-size: large\">(pble pour les contractuels et temps partiel)<\/span><\/p>\n<p><span style=\"font-size: large\">Les heures sup explosent dans beaucoup d\u2019\u00e9tablissements<\/span><\/p>\n<p><span style=\"font-size: large\">Il serait bien de rappeler la NS 2010 qui pr\u00e9cise que les enseignants ne sont pas tenus d\u2019effectuer plus d\u2019 une heure sup, s\u2019 ils ne le souhaitent pas<\/span><\/p>\n<p><span style=\"font-size: large\">-Probl\u00e8me de recrutement\u00a0:<\/span><\/p>\n<p><span style=\"font-size: large\">Les lyc\u00e9es rencontrent d\u2019\u00e9normes probl\u00e8mes pour recruter des contractuels quelques soient les mati\u00e8res\u00a0: pas de prof TIM au LEGTA Mancy, compta \u00e0 Montmorot, &#8230;<\/span><\/p>\n<p><span style=\"font-size: large\">N\u2019ayant pas eu d\u2019\u00e9crit concernant la dotation d\u2019AE suppl\u00e9mentaire pour la rentr\u00e9e 2022, certains \u00e9tablissements n\u2019ont pas embauch\u00e9 sur leur budget, p\u00e9nalisant ainsi le service vie scolaire.<\/span><\/p>\n<p><span style=\"font-size: large\">-Probl\u00e8me des AESH<\/span><\/p>\n<p><span style=\"font-size: large\">Les notifications MDPH arrivant au compte-goutte et tardivement, beaucoup d\u2019 AESH connaissent leur temps de travail quelques semaines apr\u00e8s la rentr\u00e9e il en est de m\u00eame pour leur EDT.<\/span><\/p>\n<p><span style=\"font-size: large\">Gestion administrative\u00a0:<\/span><\/p>\n<p><span style=\"font-size: large\">Le minist\u00e8re a impos\u00e9 le logiciel FREGATTA \u00e0 l\u2019ensemble des \u00e9tablissements pour la gestion des \u00e9l\u00e8ves et c\u2019est une catastrophe, les retours des personnels administratifs sont tr\u00e8s n\u00e9gatifs et ce nouveau syst\u00e8me cr\u00e9e de l\u2019anxi\u00e9t\u00e9 dans l\u2019ensemble des services administratifs. <\/span><\/p>\n<p><span style=\"font-size: large\"><i>Il faudrait que les coll\u00e8gues pensent \u00e0 le signaler dans le <\/i><\/span><span style=\"font-size: large\">DU <\/span><\/p>\n<p><span style=\"font-size: large\">Les trop nombreux logiciels\u00a0:Rhenoir, FREGATTA,mes d\u00e9marches simplifi\u00e9es, \u2026sont impos\u00e9s sans concertation et peu de formation pour les agents. ET leur utilisation est souvent assez compliqu\u00e9e<\/span><\/p>\n<p><span style=\"font-size: large\"><u><b>Protocole CFA\/ CFPPA<\/b><\/u><\/span><\/p>\n<p><span style=\"font-size: large\">Malgr\u00e9 les directives nationales, certains proviseurs tentent de passer en force et d\u2019imposer \u00e0 leur \u00e9quipe de travailler sur ce nouveau protocole (d\u00e9j\u00e0 \u00e9voqu\u00e9 avec CSRFD au t\u00e9l\u00e9phone).<\/span><\/p>\n<p>&nbsp;<\/p>\n<p><span style=\"font-size: large\"><u><b>D\u00e9sinvestissement de la r\u00e9gion<\/b><\/u><\/span><\/p>\n<p><span style=\"font-size: large\">Le Conseil R\u00e9gional cherche \u00e0 diminuer \u00e0 tout prix les subventions de fonctionnement, il a commenc\u00e9 l\u2019ann\u00e9e derni\u00e8re en les conditionnant \u00e0 des fonds de roulement. Cette ann\u00e9e il a pour projet de diminuer encore le nombre plafond de 60 jours de fond de roulement pour pouvoir encore moins subventionner les lyc\u00e9es agricoles publics \u2026<\/span><\/p>\n<p><span style=\"font-size: large\">Il faut \u00eatre vigilent sur quel FDR le Conseil r\u00e9gional se basera\u00a0:FDR lyc\u00e9e ou EPL\u00a0? mais pas EPLEFPPA.<\/span><\/p>\n<p><span style=\"font-size: large\"><i>Une rencontre va \u00eatre programm\u00e9e avec le secr\u00e9tariat r\u00e9gional et les repr\u00e9sentants du conseil r\u00e9gional <\/i><\/span><\/p>\n<p><span style=\"font-size: large\"><u><b>Probl\u00e8mes non r\u00e9solus et r\u00e9currents\u00a0:<\/b><\/u><\/span><\/p>\n<p><span style=\"font-size: large\">M\u00e9decine de pr\u00e9vention\u00a0: un \u00e9tat des lieux est pr\u00e9vu en CHSCTREA mais que va faire les services du SRFD pour pallier le manque dans certains d\u00e9partements ( fr\u00e9quence augmente )\u2026<\/span><\/p>\n<p><span style=\"font-size: large\">Semestrialisation\u00a0: Forcing de certaines \u00e9quipes de direction ( Quetigny) alors que ceci doit se faire en collaboration et avec l\u2019 accord de la communaut\u00e9 \u00e9ducative.<\/span><\/p>\n<p><span style=\"font-size: large\">Mirex\u00a0: penser \u00e0 pr\u00e9ciser l\u2019avance de frais sur les convocations et surtout donner les moyens au MIREX de les g\u00e9rer.<\/span><\/p>\n<p><span style=\"font-size: large\">Heures de d\u00e9charges pour les personnes travaillant sur 2 sites d\u2019un m\u00eame EPLEFPA ou sur 2 \u00e9tablissements. Les r\u00e8gles donn\u00e9es en CTREA ne sont pas satisfaisantes, peu claires mais surtout ne prennent pas en compte la situation probl\u00e9matique des enseignants. R\u00e8gles.,FDD <\/span><\/p>\n<p><span style=\"font-size: large\">CVA\u00a0: Beaucoup d\u2019\u00e9coutes ont eu lieu sur un \u00e9tablissement et nous n\u2019avons pas pu organiser de r\u00e9union de retour, comment mieux g\u00e9rer la CVA.<\/span><\/p>\n<p><span style=\"font-size: large\">Beaucoup de nouveaux proviseurs adjoints viennent d\u2019\u00eatre nomm\u00e9s, ils n\u2019 ont re\u00e7u aucune formation \u00e0 ce jour. Ne pourrait-on pas en attendant leur formation mettre en place un tuilage\u00a0?<\/span><\/p>\n<p>&nbsp;<\/p>\n<p><u> <span style=\"font-size: large\"><b>Mal-\u00eatre des personnels\u00a0:<\/b><\/span><\/u><\/p>\n<p><span style=\"font-size: large\">Sentiment d\u2019abandon, pas de directive de la part de la DGER, un d\u00e9sinvestissement de la r\u00e9gion\u2026<\/span><\/p>\n<ul>\n<li><span style=\"font-size: large\"><u>Elections professionnelles :<\/u><\/span><\/li>\n<\/ul>\n<p><span style=\"font-size: large\">Les \u00e9lections professionnelles approchent. Les listes seront d\u00e9pos\u00e9es entre le 3 et le 20 octobre. Pour respecter la r\u00e9partition hommes femmes au sein de l\u2019EAP en BFC, il y aura 60% de femmes.<\/span><\/p>\n<p><span style=\"font-size: large\">Le CTREA sera remplac\u00e9 par le CSA RE et le CHSCTREA par la Formation Sp\u00e9cialis\u00e9e.<\/span><\/p>\n<p><span style=\"font-size: large\">Les membres titulaires de la Formation Sp\u00e9cialis\u00e9e seront choisis parmi les membres du CSA (titulaires ou supppl\u00e9ants) et les suppl\u00e9ants seront choisis parmi l\u2019ensemble des syndiqu\u00e9s.<\/span><\/p>\n<p><span style=\"font-size: large\">Afin que tous ceux qui veulent s\u2019investir puissent le faire, nous proposerons aux personnes non \u00e9lues au CSA de faire partie du CREA. <\/span><\/p>\n<p><span style=\"font-size: large\">Nous proposons cette ann\u00e9e encore une liste avec la CGT.<\/span><\/p>\n<ul>\n<li><span style=\"font-size: large\"><u>Protocole CFA\u00a0: HMI\u00a0:<\/u><\/span><\/li>\n<\/ul>\n<p><span style=\"font-size: large\">Vous avez d\u00e9j\u00e0 re\u00e7u un mail \u00e0 ce sujet mais une intervention de T Noucchy , (r\u00e9f\u00e9rent Snetap\/fsu national pour CF\/ CFPPA ) se fera \u00e0 destination des formateurs courant octobre par visio.<\/span><\/p>\n<p><span style=\"font-size: large\">Les secr\u00e9taires de section d\u00e9poseront une HMI pour permettre aux coll\u00e8gues de participer.<\/span><\/p>\n<p><span style=\"font-size: large\">Il est important que les coll\u00e8gues participent pour pouvoir d\u00e9fendre leurs droits, \u00eatre bien inform\u00e9s et pr\u00e9par\u00e9s pour l\u2019 \u00e9criture des futurs protocoles<\/span><\/p>\n<ul>\n<li><span style=\"font-size: large\"><u>Questions diverses\u00a0:<\/u><\/span><\/li>\n<\/ul>\n<p>&nbsp;<\/p>\n<p><span style=\"font-size: large\">JPO temps de r\u00e9union.<\/span><\/p>\n<p><span style=\"font-size: large\">Situations individuelles<\/span><\/p>\n<p><span style=\"color: #ff0000\"><span style=\"font-size: large\"><u><b>Dates \u00e0 retenir\u00a0:<\/b><\/u><\/span><\/span><\/p>\n<p><span style=\"color: #ff0000\"><span style=\"font-size: large\">Dialogue social avec CSRFD le 22 septembre<\/span><\/span><\/p>\n<p><span style=\"color: #ff0000\"><span style=\"font-size: large\"><b>Mercredi 28 septembre r\u00e9union pour les nouveaux ACEN<\/b><\/span><\/span><span style=\"color: #ff0000\"><span style=\"font-size: large\"> en visio anim\u00e9e par K\u00e9vin . (heure et lien transmis ult\u00e9rieurement) <\/span><\/span><\/p>\n<p><span style=\"color: #ff0000\"><span style=\"font-size: large\">CTREA le 30 septembre <\/span><\/span><\/p>\n","protected":false},"excerpt":{"rendered":"<p>Compte rendu CSR 19 septembre PV\u00a0: \u00e9lection bureau\u00a0: &nbsp; Co secr\u00e9taires R\u00e9gionales\u00a0: LIEGEON Marie-Agn\u00e8s, DUPAQUIER V\u00e9ronique Co secr\u00e9taires r\u00e9gionaux adjoints\u00a0:MARTELET Thierry GONCALVES Kevin Secr\u00e9taires adjointes en charge des affaires individuelles HADER Sarah Tr\u00e9sori\u00e8re CAVET DUPAS Danielle Tr\u00e9sorier adjoint\u00a0: VELASCO Arnaud &nbsp; Pr\u00e9sents\u00a0: 11 Votants\u00a0:11 Pour\u00a0:11 Contre\u00a0: 0 abstention\u00a0:0 Aide \u00e0 la prise de cotisation\u00a0: Les [&hellip;]<\/p>\n","protected":false},"author":126,"featured_media":623,"comment_status":"closed","ping_status":"closed","sticky":false,"template":"","format":"standard","meta":{"ocean_post_layout":"","ocean_both_sidebars_style":"","ocean_both_sidebars_content_width":0,"ocean_both_sidebars_sidebars_width":0,"ocean_sidebar":"0","ocean_second_sidebar":"0","ocean_disable_margins":"enable","ocean_add_body_class":"","ocean_shortcode_before_top_bar":"","ocean_shortcode_after_top_bar":"","ocean_shortcode_before_header":"","ocean_shortcode_after_header":"","ocean_has_shortcode":"","ocean_shortcode_after_title":"","ocean_shortcode_before_footer_widgets":"","ocean_shortcode_after_footer_widgets":"","ocean_shortcode_before_footer_bottom":"","ocean_shortcode_after_footer_bottom":"","ocean_display_top_bar":"default","ocean_display_header":"default","ocean_header_style":"","ocean_center_header_left_menu":"0","ocean_custom_header_template":"0","ocean_custom_logo":0,"ocean_custom_retina_logo":0,"ocean_custom_logo_max_width":0,"ocean_custom_logo_tablet_max_width":0,"ocean_custom_logo_mobile_max_width":0,"ocean_custom_logo_max_height":0,"ocean_custom_logo_tablet_max_height":0,"ocean_custom_logo_mobile_max_height":0,"ocean_header_custom_menu":"0","ocean_menu_typo_font_family":"0","ocean_menu_typo_font_subset":"","ocean_menu_typo_font_size":0,"ocean_menu_typo_font_size_tablet":0,"ocean_menu_typo_font_size_mobile":0,"ocean_menu_typo_font_size_unit":"px","ocean_menu_typo_font_weight":"","ocean_menu_typo_font_weight_tablet":"","ocean_menu_typo_font_weight_mobile":"","ocean_menu_typo_transform":"","ocean_menu_typo_transform_tablet":"","ocean_menu_typo_transform_mobile":"","ocean_menu_typo_line_height":0,"ocean_menu_typo_line_height_tablet":0,"ocean_menu_typo_line_height_mobile":0,"ocean_menu_typo_line_height_unit":"","ocean_menu_typo_spacing":0,"ocean_menu_typo_spacing_tablet":0,"ocean_menu_typo_spacing_mobile":0,"ocean_menu_typo_spacing_unit":"","ocean_menu_link_color":"","ocean_menu_link_color_hover":"","ocean_menu_link_color_active":"","ocean_menu_link_background":"","ocean_menu_link_hover_background":"","ocean_menu_link_active_background":"","ocean_menu_social_links_bg":"","ocean_menu_social_hover_links_bg":"","ocean_menu_social_links_color":"","ocean_menu_social_hover_links_color":"","ocean_disable_title":"default","ocean_disable_heading":"default","ocean_post_title":"","ocean_post_subheading":"","ocean_post_title_style":"","ocean_post_title_background_color":"","ocean_post_title_background":0,"ocean_post_title_bg_image_position":"","ocean_post_title_bg_image_attachment":"","ocean_post_title_bg_image_repeat":"","ocean_post_title_bg_image_size":"","ocean_post_title_height":0,"ocean_post_title_bg_overlay":0.5,"ocean_post_title_bg_overlay_color":"","ocean_disable_breadcrumbs":"default","ocean_breadcrumbs_color":"","ocean_breadcrumbs_separator_color":"","ocean_breadcrumbs_links_color":"","ocean_breadcrumbs_links_hover_color":"","ocean_display_footer_widgets":"default","ocean_display_footer_bottom":"default","ocean_custom_footer_template":"0","ocean_post_oembed":"","ocean_post_self_hosted_media":"","ocean_post_video_embed":"","ocean_link_format":"","ocean_link_format_target":"self","ocean_quote_format":"","ocean_quote_format_link":"post","ocean_gallery_link_images":"off","ocean_gallery_id":[623],"footnotes":""},"categories":[20],"tags":[],"post_folder":[],"class_list":["post-800","post","type-post","status-publish","format-standard","has-post-thumbnail","hentry","category-conseil-regional-syndical","entry","has-media"],"yoast_head":"<!-- This site is optimized with the Yoast SEO plugin v27.4 - https:\/\/yoast.com\/product\/yoast-seo-wordpress\/ -->\n<title>Suite au Conseil R\u00e9gional Syndical du 19 septembre ... - BOURGOGNE FRANCHE-COMTE<\/title>\n<meta name=\"robots\" content=\"index, follow, max-snippet:-1, max-image-preview:large, max-video-preview:-1\" \/>\n<link rel=\"canonical\" href=\"https:\/\/regions-snetap-fsu.fr\/bfc\/2022\/09\/20\/suite-au-conseil-syndical-du-19-septembre\/\" \/>\n<meta property=\"og:locale\" content=\"fr_FR\" \/>\n<meta property=\"og:type\" content=\"article\" \/>\n<meta property=\"og:title\" content=\"Suite au Conseil R\u00e9gional Syndical du 19 septembre ... - BOURGOGNE FRANCHE-COMTE\" \/>\n<meta property=\"og:description\" content=\"Compte rendu CSR 19 septembre PV\u00a0: \u00e9lection bureau\u00a0: &nbsp; Co secr\u00e9taires R\u00e9gionales\u00a0: LIEGEON Marie-Agn\u00e8s, DUPAQUIER V\u00e9ronique Co secr\u00e9taires r\u00e9gionaux adjoints\u00a0:MARTELET Thierry GONCALVES Kevin Secr\u00e9taires adjointes en charge des affaires individuelles HADER Sarah Tr\u00e9sori\u00e8re CAVET DUPAS Danielle Tr\u00e9sorier adjoint\u00a0: VELASCO Arnaud &nbsp; Pr\u00e9sents\u00a0: 11 Votants\u00a0:11 Pour\u00a0:11 Contre\u00a0: 0 abstention\u00a0:0 Aide \u00e0 la prise de cotisation\u00a0: Les [&hellip;]\" \/>\n<meta property=\"og:url\" content=\"https:\/\/regions-snetap-fsu.fr\/bfc\/2022\/09\/20\/suite-au-conseil-syndical-du-19-septembre\/\" \/>\n<meta property=\"og:site_name\" content=\"BOURGOGNE FRANCHE-COMTE\" \/>\n<meta property=\"article:published_time\" content=\"2022-09-20T15:20:31+00:00\" \/>\n<meta property=\"article:modified_time\" content=\"2022-09-20T15:31:57+00:00\" \/>\n<meta name=\"twitter:card\" content=\"summary_large_image\" \/>\n<meta name=\"twitter:label1\" content=\"\u00c9crit par\" \/>\n\t<meta name=\"twitter:data1\" content=\"\" \/>\n\t<meta name=\"twitter:label2\" content=\"Dur\u00e9e de lecture estim\u00e9e\" \/>\n\t<meta name=\"twitter:data2\" content=\"6 minutes\" \/>\n<script type=\"application\/ld+json\" class=\"yoast-schema-graph\">{\"@context\":\"https:\\\/\\\/schema.org\",\"@graph\":[{\"@type\":\"Article\",\"@id\":\"https:\\\/\\\/regions-snetap-fsu.fr\\\/bfc\\\/2022\\\/09\\\/20\\\/suite-au-conseil-syndical-du-19-septembre\\\/#article\",\"isPartOf\":{\"@id\":\"https:\\\/\\\/regions-snetap-fsu.fr\\\/bfc\\\/2022\\\/09\\\/20\\\/suite-au-conseil-syndical-du-19-septembre\\\/\"},\"author\":{\"name\":\"\",\"@id\":\"\"},\"headline\":\"Suite au Conseil R\u00e9gional Syndical du 19 septembre &#8230;\",\"datePublished\":\"2022-09-20T15:20:31+00:00\",\"dateModified\":\"2022-09-20T15:31:57+00:00\",\"mainEntityOfPage\":{\"@id\":\"https:\\\/\\\/regions-snetap-fsu.fr\\\/bfc\\\/2022\\\/09\\\/20\\\/suite-au-conseil-syndical-du-19-septembre\\\/\"},\"wordCount\":1175,\"publisher\":{\"@id\":\"https:\\\/\\\/regions-snetap-fsu.fr\\\/bfc\\\/#organization\"},\"image\":{\"@id\":\"https:\\\/\\\/regions-snetap-fsu.fr\\\/bfc\\\/2022\\\/09\\\/20\\\/suite-au-conseil-syndical-du-19-septembre\\\/#primaryimage\"},\"thumbnailUrl\":\"https:\\\/\\\/regions-snetap-fsu.fr\\\/bfc\\\/wp-content\\\/uploads\\\/sites\\\/8\\\/2021\\\/03\\\/info-pratique-visuel.jpg\",\"articleSection\":[\"Conseil R\u00e9gional Syndical\"],\"inLanguage\":\"fr-FR\"},{\"@type\":\"WebPage\",\"@id\":\"https:\\\/\\\/regions-snetap-fsu.fr\\\/bfc\\\/2022\\\/09\\\/20\\\/suite-au-conseil-syndical-du-19-septembre\\\/\",\"url\":\"https:\\\/\\\/regions-snetap-fsu.fr\\\/bfc\\\/2022\\\/09\\\/20\\\/suite-au-conseil-syndical-du-19-septembre\\\/\",\"name\":\"Suite au Conseil R\u00e9gional Syndical du 19 septembre ... - BOURGOGNE FRANCHE-COMTE\",\"isPartOf\":{\"@id\":\"https:\\\/\\\/regions-snetap-fsu.fr\\\/bfc\\\/#website\"},\"primaryImageOfPage\":{\"@id\":\"https:\\\/\\\/regions-snetap-fsu.fr\\\/bfc\\\/2022\\\/09\\\/20\\\/suite-au-conseil-syndical-du-19-septembre\\\/#primaryimage\"},\"image\":{\"@id\":\"https:\\\/\\\/regions-snetap-fsu.fr\\\/bfc\\\/2022\\\/09\\\/20\\\/suite-au-conseil-syndical-du-19-septembre\\\/#primaryimage\"},\"thumbnailUrl\":\"https:\\\/\\\/regions-snetap-fsu.fr\\\/bfc\\\/wp-content\\\/uploads\\\/sites\\\/8\\\/2021\\\/03\\\/info-pratique-visuel.jpg\",\"datePublished\":\"2022-09-20T15:20:31+00:00\",\"dateModified\":\"2022-09-20T15:31:57+00:00\",\"breadcrumb\":{\"@id\":\"https:\\\/\\\/regions-snetap-fsu.fr\\\/bfc\\\/2022\\\/09\\\/20\\\/suite-au-conseil-syndical-du-19-septembre\\\/#breadcrumb\"},\"inLanguage\":\"fr-FR\",\"potentialAction\":[{\"@type\":\"ReadAction\",\"target\":[\"https:\\\/\\\/regions-snetap-fsu.fr\\\/bfc\\\/2022\\\/09\\\/20\\\/suite-au-conseil-syndical-du-19-septembre\\\/\"]}]},{\"@type\":\"ImageObject\",\"inLanguage\":\"fr-FR\",\"@id\":\"https:\\\/\\\/regions-snetap-fsu.fr\\\/bfc\\\/2022\\\/09\\\/20\\\/suite-au-conseil-syndical-du-19-septembre\\\/#primaryimage\",\"url\":\"https:\\\/\\\/regions-snetap-fsu.fr\\\/bfc\\\/wp-content\\\/uploads\\\/sites\\\/8\\\/2021\\\/03\\\/info-pratique-visuel.jpg\",\"contentUrl\":\"https:\\\/\\\/regions-snetap-fsu.fr\\\/bfc\\\/wp-content\\\/uploads\\\/sites\\\/8\\\/2021\\\/03\\\/info-pratique-visuel.jpg\",\"width\":236,\"height\":236,\"caption\":\"compte rendu CSR du 19 septembre 22\"},{\"@type\":\"BreadcrumbList\",\"@id\":\"https:\\\/\\\/regions-snetap-fsu.fr\\\/bfc\\\/2022\\\/09\\\/20\\\/suite-au-conseil-syndical-du-19-septembre\\\/#breadcrumb\",\"itemListElement\":[{\"@type\":\"ListItem\",\"position\":1,\"name\":\"Accueil\",\"item\":\"https:\\\/\\\/regions-snetap-fsu.fr\\\/bfc\\\/\"},{\"@type\":\"ListItem\",\"position\":2,\"name\":\"Suite au Conseil Syndical du 19 septembre &#8230;\"}]},{\"@type\":\"WebSite\",\"@id\":\"https:\\\/\\\/regions-snetap-fsu.fr\\\/bfc\\\/#website\",\"url\":\"https:\\\/\\\/regions-snetap-fsu.fr\\\/bfc\\\/\",\"name\":\"SNETAP-FSU BOURGOGNE FRANCHE-COMTE\",\"description\":\"Le blog de la Section R\u00e9gionale\",\"publisher\":{\"@id\":\"https:\\\/\\\/regions-snetap-fsu.fr\\\/bfc\\\/#organization\"},\"potentialAction\":[{\"@type\":\"SearchAction\",\"target\":{\"@type\":\"EntryPoint\",\"urlTemplate\":\"https:\\\/\\\/regions-snetap-fsu.fr\\\/bfc\\\/?s={search_term_string}\"},\"query-input\":{\"@type\":\"PropertyValueSpecification\",\"valueRequired\":true,\"valueName\":\"search_term_string\"}}],\"inLanguage\":\"fr-FR\"},{\"@type\":\"Organization\",\"@id\":\"https:\\\/\\\/regions-snetap-fsu.fr\\\/bfc\\\/#organization\",\"name\":\"SNETAP-FSU Bourgogne Franche Comt\u00e9\",\"url\":\"https:\\\/\\\/regions-snetap-fsu.fr\\\/bfc\\\/\",\"logo\":{\"@type\":\"ImageObject\",\"inLanguage\":\"fr-FR\",\"@id\":\"https:\\\/\\\/regions-snetap-fsu.fr\\\/bfc\\\/#\\\/schema\\\/logo\\\/image\\\/\",\"url\":\"https:\\\/\\\/regions-snetap-fsu.fr\\\/bfc\\\/wp-content\\\/uploads\\\/sites\\\/8\\\/2020\\\/12\\\/SNETAP-Logo.jpg\",\"contentUrl\":\"https:\\\/\\\/regions-snetap-fsu.fr\\\/bfc\\\/wp-content\\\/uploads\\\/sites\\\/8\\\/2020\\\/12\\\/SNETAP-Logo.jpg\",\"width\":464,\"height\":334,\"caption\":\"SNETAP-FSU Bourgogne Franche Comt\u00e9\"},\"image\":{\"@id\":\"https:\\\/\\\/regions-snetap-fsu.fr\\\/bfc\\\/#\\\/schema\\\/logo\\\/image\\\/\"}},{\"@type\":\"Person\",\"@id\":\"\",\"url\":\"https:\\\/\\\/regions-snetap-fsu.fr\\\/bfc\\\/author\\\/\"}]}<\/script>\n<!-- \/ Yoast SEO plugin. -->","yoast_head_json":{"title":"Suite au Conseil R\u00e9gional Syndical du 19 septembre ... - BOURGOGNE FRANCHE-COMTE","robots":{"index":"index","follow":"follow","max-snippet":"max-snippet:-1","max-image-preview":"max-image-preview:large","max-video-preview":"max-video-preview:-1"},"canonical":"https:\/\/regions-snetap-fsu.fr\/bfc\/2022\/09\/20\/suite-au-conseil-syndical-du-19-septembre\/","og_locale":"fr_FR","og_type":"article","og_title":"Suite au Conseil R\u00e9gional Syndical du 19 septembre ... - BOURGOGNE FRANCHE-COMTE","og_description":"Compte rendu CSR 19 septembre PV\u00a0: \u00e9lection bureau\u00a0: &nbsp; Co secr\u00e9taires R\u00e9gionales\u00a0: LIEGEON Marie-Agn\u00e8s, DUPAQUIER V\u00e9ronique Co secr\u00e9taires r\u00e9gionaux adjoints\u00a0:MARTELET Thierry GONCALVES Kevin Secr\u00e9taires adjointes en charge des affaires individuelles HADER Sarah Tr\u00e9sori\u00e8re CAVET DUPAS Danielle Tr\u00e9sorier adjoint\u00a0: VELASCO Arnaud &nbsp; Pr\u00e9sents\u00a0: 11 Votants\u00a0:11 Pour\u00a0:11 Contre\u00a0: 0 abstention\u00a0:0 Aide \u00e0 la prise de cotisation\u00a0: Les [&hellip;]","og_url":"https:\/\/regions-snetap-fsu.fr\/bfc\/2022\/09\/20\/suite-au-conseil-syndical-du-19-septembre\/","og_site_name":"BOURGOGNE FRANCHE-COMTE","article_published_time":"2022-09-20T15:20:31+00:00","article_modified_time":"2022-09-20T15:31:57+00:00","twitter_card":"summary_large_image","twitter_misc":{"\u00c9crit par":"","Dur\u00e9e de lecture estim\u00e9e":"6 minutes"},"schema":{"@context":"https:\/\/schema.org","@graph":[{"@type":"Article","@id":"https:\/\/regions-snetap-fsu.fr\/bfc\/2022\/09\/20\/suite-au-conseil-syndical-du-19-septembre\/#article","isPartOf":{"@id":"https:\/\/regions-snetap-fsu.fr\/bfc\/2022\/09\/20\/suite-au-conseil-syndical-du-19-septembre\/"},"author":{"name":"","@id":""},"headline":"Suite au Conseil R\u00e9gional Syndical du 19 septembre &#8230;","datePublished":"2022-09-20T15:20:31+00:00","dateModified":"2022-09-20T15:31:57+00:00","mainEntityOfPage":{"@id":"https:\/\/regions-snetap-fsu.fr\/bfc\/2022\/09\/20\/suite-au-conseil-syndical-du-19-septembre\/"},"wordCount":1175,"publisher":{"@id":"https:\/\/regions-snetap-fsu.fr\/bfc\/#organization"},"image":{"@id":"https:\/\/regions-snetap-fsu.fr\/bfc\/2022\/09\/20\/suite-au-conseil-syndical-du-19-septembre\/#primaryimage"},"thumbnailUrl":"https:\/\/regions-snetap-fsu.fr\/bfc\/wp-content\/uploads\/sites\/8\/2021\/03\/info-pratique-visuel.jpg","articleSection":["Conseil R\u00e9gional Syndical"],"inLanguage":"fr-FR"},{"@type":"WebPage","@id":"https:\/\/regions-snetap-fsu.fr\/bfc\/2022\/09\/20\/suite-au-conseil-syndical-du-19-septembre\/","url":"https:\/\/regions-snetap-fsu.fr\/bfc\/2022\/09\/20\/suite-au-conseil-syndical-du-19-septembre\/","name":"Suite au Conseil R\u00e9gional Syndical du 19 septembre ... - BOURGOGNE FRANCHE-COMTE","isPartOf":{"@id":"https:\/\/regions-snetap-fsu.fr\/bfc\/#website"},"primaryImageOfPage":{"@id":"https:\/\/regions-snetap-fsu.fr\/bfc\/2022\/09\/20\/suite-au-conseil-syndical-du-19-septembre\/#primaryimage"},"image":{"@id":"https:\/\/regions-snetap-fsu.fr\/bfc\/2022\/09\/20\/suite-au-conseil-syndical-du-19-septembre\/#primaryimage"},"thumbnailUrl":"https:\/\/regions-snetap-fsu.fr\/bfc\/wp-content\/uploads\/sites\/8\/2021\/03\/info-pratique-visuel.jpg","datePublished":"2022-09-20T15:20:31+00:00","dateModified":"2022-09-20T15:31:57+00:00","breadcrumb":{"@id":"https:\/\/regions-snetap-fsu.fr\/bfc\/2022\/09\/20\/suite-au-conseil-syndical-du-19-septembre\/#breadcrumb"},"inLanguage":"fr-FR","potentialAction":[{"@type":"ReadAction","target":["https:\/\/regions-snetap-fsu.fr\/bfc\/2022\/09\/20\/suite-au-conseil-syndical-du-19-septembre\/"]}]},{"@type":"ImageObject","inLanguage":"fr-FR","@id":"https:\/\/regions-snetap-fsu.fr\/bfc\/2022\/09\/20\/suite-au-conseil-syndical-du-19-septembre\/#primaryimage","url":"https:\/\/regions-snetap-fsu.fr\/bfc\/wp-content\/uploads\/sites\/8\/2021\/03\/info-pratique-visuel.jpg","contentUrl":"https:\/\/regions-snetap-fsu.fr\/bfc\/wp-content\/uploads\/sites\/8\/2021\/03\/info-pratique-visuel.jpg","width":236,"height":236,"caption":"compte rendu CSR du 19 septembre 22"},{"@type":"BreadcrumbList","@id":"https:\/\/regions-snetap-fsu.fr\/bfc\/2022\/09\/20\/suite-au-conseil-syndical-du-19-septembre\/#breadcrumb","itemListElement":[{"@type":"ListItem","position":1,"name":"Accueil","item":"https:\/\/regions-snetap-fsu.fr\/bfc\/"},{"@type":"ListItem","position":2,"name":"Suite au Conseil Syndical du 19 septembre &#8230;"}]},{"@type":"WebSite","@id":"https:\/\/regions-snetap-fsu.fr\/bfc\/#website","url":"https:\/\/regions-snetap-fsu.fr\/bfc\/","name":"SNETAP-FSU BOURGOGNE FRANCHE-COMTE","description":"Le blog de la Section R\u00e9gionale","publisher":{"@id":"https:\/\/regions-snetap-fsu.fr\/bfc\/#organization"},"potentialAction":[{"@type":"SearchAction","target":{"@type":"EntryPoint","urlTemplate":"https:\/\/regions-snetap-fsu.fr\/bfc\/?s={search_term_string}"},"query-input":{"@type":"PropertyValueSpecification","valueRequired":true,"valueName":"search_term_string"}}],"inLanguage":"fr-FR"},{"@type":"Organization","@id":"https:\/\/regions-snetap-fsu.fr\/bfc\/#organization","name":"SNETAP-FSU Bourgogne Franche Comt\u00e9","url":"https:\/\/regions-snetap-fsu.fr\/bfc\/","logo":{"@type":"ImageObject","inLanguage":"fr-FR","@id":"https:\/\/regions-snetap-fsu.fr\/bfc\/#\/schema\/logo\/image\/","url":"https:\/\/regions-snetap-fsu.fr\/bfc\/wp-content\/uploads\/sites\/8\/2020\/12\/SNETAP-Logo.jpg","contentUrl":"https:\/\/regions-snetap-fsu.fr\/bfc\/wp-content\/uploads\/sites\/8\/2020\/12\/SNETAP-Logo.jpg","width":464,"height":334,"caption":"SNETAP-FSU Bourgogne Franche Comt\u00e9"},"image":{"@id":"https:\/\/regions-snetap-fsu.fr\/bfc\/#\/schema\/logo\/image\/"}},{"@type":"Person","@id":"","url":"https:\/\/regions-snetap-fsu.fr\/bfc\/author\/"}]}},"_links":{"self":[{"href":"https:\/\/regions-snetap-fsu.fr\/bfc\/wp-json\/wp\/v2\/posts\/800","targetHints":{"allow":["GET"]}}],"collection":[{"href":"https:\/\/regions-snetap-fsu.fr\/bfc\/wp-json\/wp\/v2\/posts"}],"about":[{"href":"https:\/\/regions-snetap-fsu.fr\/bfc\/wp-json\/wp\/v2\/types\/post"}],"author":[{"embeddable":true,"href":"https:\/\/regions-snetap-fsu.fr\/bfc\/wp-json\/wp\/v2\/users\/126"}],"replies":[{"embeddable":true,"href":"https:\/\/regions-snetap-fsu.fr\/bfc\/wp-json\/wp\/v2\/comments?post=800"}],"version-history":[{"count":2,"href":"https:\/\/regions-snetap-fsu.fr\/bfc\/wp-json\/wp\/v2\/posts\/800\/revisions"}],"predecessor-version":[{"id":803,"href":"https:\/\/regions-snetap-fsu.fr\/bfc\/wp-json\/wp\/v2\/posts\/800\/revisions\/803"}],"wp:featuredmedia":[{"embeddable":true,"href":"https:\/\/regions-snetap-fsu.fr\/bfc\/wp-json\/wp\/v2\/media\/623"}],"wp:attachment":[{"href":"https:\/\/regions-snetap-fsu.fr\/bfc\/wp-json\/wp\/v2\/media?parent=800"}],"wp:term":[{"taxonomy":"category","embeddable":true,"href":"https:\/\/regions-snetap-fsu.fr\/bfc\/wp-json\/wp\/v2\/categories?post=800"},{"taxonomy":"post_tag","embeddable":true,"href":"https:\/\/regions-snetap-fsu.fr\/bfc\/wp-json\/wp\/v2\/tags?post=800"},{"taxonomy":"post_folder","embeddable":true,"href":"https:\/\/regions-snetap-fsu.fr\/bfc\/wp-json\/wp\/v2\/post_folder?post=800"}],"curies":[{"name":"wp","href":"https:\/\/api.w.org\/{rel}","templated":true}]}}