{"id":791,"date":"2022-09-13T09:02:43","date_gmt":"2022-09-13T07:02:43","guid":{"rendered":"https:\/\/regions-snetap-fsu.fr\/bfc\/?p=791"},"modified":"2022-09-13T09:02:43","modified_gmt":"2022-09-13T07:02:43","slug":"reunion-du-conseil-regional-syndical-19-septembre-vesoul","status":"publish","type":"post","link":"https:\/\/regions-snetap-fsu.fr\/bfc\/2022\/09\/13\/reunion-du-conseil-regional-syndical-19-septembre-vesoul\/","title":{"rendered":"R\u00e9union du Conseil R\u00e9gional Syndical &#8211; 19 septembre &#8211; Vesoul"},"content":{"rendered":"<p>Le mardi 19 septembre \u00e0 13H30 au LEGTA de VESOUL<br \/>\nNous ferons ensemble un \u00e9tat des lieux des difficult\u00e9s rencontr\u00e9es dans nos \u00e9tablissements, nous \u00e9voquerons \u00e9galement les \u00e9lections professionnelles de cet automne<br \/>\nPour le bureau r\u00e9gional BFC<br \/>\nEvelyne Goulian &#8211; Marie-Agn\u00e8s Liegeon &#8211; V\u00e9ronique Dupaquier<\/p>\n","protected":false},"excerpt":{"rendered":"<p>Le mardi 19 septembre \u00e0 13H30 au LEGTA de VESOUL Nous ferons ensemble un \u00e9tat des lieux des difficult\u00e9s rencontr\u00e9es dans nos \u00e9tablissements, nous \u00e9voquerons \u00e9galement les \u00e9lections professionnelles de cet automne Pour le bureau r\u00e9gional BFC Evelyne Goulian &#8211; Marie-Agn\u00e8s Liegeon &#8211; V\u00e9ronique Dupaquier<\/p>\n","protected":false},"author":126,"featured_media":0,"comment_status":"closed","ping_status":"closed","sticky":false,"template":"","format":"standard","meta":{"ocean_post_layout":"","ocean_both_sidebars_style":"","ocean_both_sidebars_content_width":0,"ocean_both_sidebars_sidebars_width":0,"ocean_sidebar":"0","ocean_second_sidebar":"0","ocean_disable_margins":"enable","ocean_add_body_class":"","ocean_shortcode_before_top_bar":"","ocean_shortcode_after_top_bar":"","ocean_shortcode_before_header":"","ocean_shortcode_after_header":"","ocean_has_shortcode":"","ocean_shortcode_after_title":"","ocean_shortcode_before_footer_widgets":"","ocean_shortcode_after_footer_widgets":"","ocean_shortcode_before_footer_bottom":"","ocean_shortcode_after_footer_bottom":"","ocean_display_top_bar":"default","ocean_display_header":"default","ocean_header_style":"","ocean_center_header_left_menu":"0","ocean_custom_header_template":"0","ocean_custom_logo":0,"ocean_custom_retina_logo":0,"ocean_custom_logo_max_width":0,"ocean_custom_logo_tablet_max_width":0,"ocean_custom_logo_mobile_max_width":0,"ocean_custom_logo_max_height":0,"ocean_custom_logo_tablet_max_height":0,"ocean_custom_logo_mobile_max_height":0,"ocean_header_custom_menu":"0","ocean_menu_typo_font_family":"0","ocean_menu_typo_font_subset":"","ocean_menu_typo_font_size":0,"ocean_menu_typo_font_size_tablet":0,"ocean_menu_typo_font_size_mobile":0,"ocean_menu_typo_font_size_unit":"px","ocean_menu_typo_font_weight":"","ocean_menu_typo_font_weight_tablet":"","ocean_menu_typo_font_weight_mobile":"","ocean_menu_typo_transform":"","ocean_menu_typo_transform_tablet":"","ocean_menu_typo_transform_mobile":"","ocean_menu_typo_line_height":0,"ocean_menu_typo_line_height_tablet":0,"ocean_menu_typo_line_height_mobile":0,"ocean_menu_typo_line_height_unit":"","ocean_menu_typo_spacing":0,"ocean_menu_typo_spacing_tablet":0,"ocean_menu_typo_spacing_mobile":0,"ocean_menu_typo_spacing_unit":"","ocean_menu_link_color":"","ocean_menu_link_color_hover":"","ocean_menu_link_color_active":"","ocean_menu_link_background":"","ocean_menu_link_hover_background":"","ocean_menu_link_active_background":"","ocean_menu_social_links_bg":"","ocean_menu_social_hover_links_bg":"","ocean_menu_social_links_color":"","ocean_menu_social_hover_links_color":"","ocean_disable_title":"default","ocean_disable_heading":"default","ocean_post_title":"","ocean_post_subheading":"","ocean_post_title_style":"","ocean_post_title_background_color":"","ocean_post_title_background":0,"ocean_post_title_bg_image_position":"","ocean_post_title_bg_image_attachment":"","ocean_post_title_bg_image_repeat":"","ocean_post_title_bg_image_size":"","ocean_post_title_height":0,"ocean_post_title_bg_overlay":0.5,"ocean_post_title_bg_overlay_color":"","ocean_disable_breadcrumbs":"default","ocean_breadcrumbs_color":"","ocean_breadcrumbs_separator_color":"","ocean_breadcrumbs_links_color":"","ocean_breadcrumbs_links_hover_color":"","ocean_display_footer_widgets":"default","ocean_display_footer_bottom":"default","ocean_custom_footer_template":"0","ocean_post_oembed":"","ocean_post_self_hosted_media":"","ocean_post_video_embed":"","ocean_link_format":"","ocean_link_format_target":"self","ocean_quote_format":"","ocean_quote_format_link":"post","ocean_gallery_link_images":"off","ocean_gallery_id":[],"footnotes":""},"categories":[20],"tags":[],"post_folder":[],"class_list":["post-791","post","type-post","status-publish","format-standard","hentry","category-conseil-regional-syndical","entry"],"yoast_head":"<!-- This site is optimized with the Yoast SEO plugin v27.4 - https:\/\/yoast.com\/product\/yoast-seo-wordpress\/ -->\n<title>R\u00e9union du Conseil R\u00e9gional Syndical - 19 septembre - Vesoul - BOURGOGNE FRANCHE-COMTE<\/title>\n<meta name=\"robots\" content=\"index, follow, max-snippet:-1, max-image-preview:large, max-video-preview:-1\" \/>\n<link rel=\"canonical\" href=\"https:\/\/regions-snetap-fsu.fr\/bfc\/2022\/09\/13\/reunion-du-conseil-regional-syndical-19-septembre-vesoul\/\" \/>\n<meta property=\"og:locale\" content=\"fr_FR\" \/>\n<meta property=\"og:type\" content=\"article\" \/>\n<meta property=\"og:title\" content=\"R\u00e9union du Conseil R\u00e9gional Syndical - 19 septembre - Vesoul - BOURGOGNE FRANCHE-COMTE\" \/>\n<meta property=\"og:description\" content=\"Le mardi 19 septembre \u00e0 13H30 au LEGTA de VESOUL Nous ferons ensemble un \u00e9tat des lieux des difficult\u00e9s rencontr\u00e9es dans nos \u00e9tablissements, nous \u00e9voquerons \u00e9galement les \u00e9lections professionnelles de cet automne Pour le bureau r\u00e9gional BFC Evelyne Goulian &#8211; Marie-Agn\u00e8s Liegeon &#8211; V\u00e9ronique Dupaquier\" \/>\n<meta property=\"og:url\" content=\"https:\/\/regions-snetap-fsu.fr\/bfc\/2022\/09\/13\/reunion-du-conseil-regional-syndical-19-septembre-vesoul\/\" \/>\n<meta property=\"og:site_name\" content=\"BOURGOGNE FRANCHE-COMTE\" \/>\n<meta property=\"article:published_time\" content=\"2022-09-13T07:02:43+00:00\" \/>\n<meta name=\"twitter:card\" content=\"summary_large_image\" \/>\n<meta name=\"twitter:label1\" content=\"\u00c9crit par\" \/>\n\t<meta name=\"twitter:data1\" content=\"\" \/>\n<script type=\"application\/ld+json\" class=\"yoast-schema-graph\">{\"@context\":\"https:\\\/\\\/schema.org\",\"@graph\":[{\"@type\":\"Article\",\"@id\":\"https:\\\/\\\/regions-snetap-fsu.fr\\\/bfc\\\/2022\\\/09\\\/13\\\/reunion-du-conseil-regional-syndical-19-septembre-vesoul\\\/#article\",\"isPartOf\":{\"@id\":\"https:\\\/\\\/regions-snetap-fsu.fr\\\/bfc\\\/2022\\\/09\\\/13\\\/reunion-du-conseil-regional-syndical-19-septembre-vesoul\\\/\"},\"author\":{\"name\":\"\",\"@id\":\"\"},\"headline\":\"R\u00e9union du Conseil R\u00e9gional Syndical &#8211; 19 septembre &#8211; Vesoul\",\"datePublished\":\"2022-09-13T07:02:43+00:00\",\"mainEntityOfPage\":{\"@id\":\"https:\\\/\\\/regions-snetap-fsu.fr\\\/bfc\\\/2022\\\/09\\\/13\\\/reunion-du-conseil-regional-syndical-19-septembre-vesoul\\\/\"},\"wordCount\":59,\"publisher\":{\"@id\":\"https:\\\/\\\/regions-snetap-fsu.fr\\\/bfc\\\/#organization\"},\"articleSection\":[\"Conseil R\u00e9gional Syndical\"],\"inLanguage\":\"fr-FR\"},{\"@type\":\"WebPage\",\"@id\":\"https:\\\/\\\/regions-snetap-fsu.fr\\\/bfc\\\/2022\\\/09\\\/13\\\/reunion-du-conseil-regional-syndical-19-septembre-vesoul\\\/\",\"url\":\"https:\\\/\\\/regions-snetap-fsu.fr\\\/bfc\\\/2022\\\/09\\\/13\\\/reunion-du-conseil-regional-syndical-19-septembre-vesoul\\\/\",\"name\":\"R\u00e9union du Conseil R\u00e9gional Syndical - 19 septembre - Vesoul - BOURGOGNE FRANCHE-COMTE\",\"isPartOf\":{\"@id\":\"https:\\\/\\\/regions-snetap-fsu.fr\\\/bfc\\\/#website\"},\"datePublished\":\"2022-09-13T07:02:43+00:00\",\"breadcrumb\":{\"@id\":\"https:\\\/\\\/regions-snetap-fsu.fr\\\/bfc\\\/2022\\\/09\\\/13\\\/reunion-du-conseil-regional-syndical-19-septembre-vesoul\\\/#breadcrumb\"},\"inLanguage\":\"fr-FR\",\"potentialAction\":[{\"@type\":\"ReadAction\",\"target\":[\"https:\\\/\\\/regions-snetap-fsu.fr\\\/bfc\\\/2022\\\/09\\\/13\\\/reunion-du-conseil-regional-syndical-19-septembre-vesoul\\\/\"]}]},{\"@type\":\"BreadcrumbList\",\"@id\":\"https:\\\/\\\/regions-snetap-fsu.fr\\\/bfc\\\/2022\\\/09\\\/13\\\/reunion-du-conseil-regional-syndical-19-septembre-vesoul\\\/#breadcrumb\",\"itemListElement\":[{\"@type\":\"ListItem\",\"position\":1,\"name\":\"Accueil\",\"item\":\"https:\\\/\\\/regions-snetap-fsu.fr\\\/bfc\\\/\"},{\"@type\":\"ListItem\",\"position\":2,\"name\":\"R\u00e9union du Conseil R\u00e9gional Syndical &#8211; 19 septembre &#8211; Vesoul\"}]},{\"@type\":\"WebSite\",\"@id\":\"https:\\\/\\\/regions-snetap-fsu.fr\\\/bfc\\\/#website\",\"url\":\"https:\\\/\\\/regions-snetap-fsu.fr\\\/bfc\\\/\",\"name\":\"SNETAP-FSU BOURGOGNE FRANCHE-COMTE\",\"description\":\"Le blog de la Section R\u00e9gionale\",\"publisher\":{\"@id\":\"https:\\\/\\\/regions-snetap-fsu.fr\\\/bfc\\\/#organization\"},\"potentialAction\":[{\"@type\":\"SearchAction\",\"target\":{\"@type\":\"EntryPoint\",\"urlTemplate\":\"https:\\\/\\\/regions-snetap-fsu.fr\\\/bfc\\\/?s={search_term_string}\"},\"query-input\":{\"@type\":\"PropertyValueSpecification\",\"valueRequired\":true,\"valueName\":\"search_term_string\"}}],\"inLanguage\":\"fr-FR\"},{\"@type\":\"Organization\",\"@id\":\"https:\\\/\\\/regions-snetap-fsu.fr\\\/bfc\\\/#organization\",\"name\":\"SNETAP-FSU Bourgogne Franche Comt\u00e9\",\"url\":\"https:\\\/\\\/regions-snetap-fsu.fr\\\/bfc\\\/\",\"logo\":{\"@type\":\"ImageObject\",\"inLanguage\":\"fr-FR\",\"@id\":\"https:\\\/\\\/regions-snetap-fsu.fr\\\/bfc\\\/#\\\/schema\\\/logo\\\/image\\\/\",\"url\":\"https:\\\/\\\/regions-snetap-fsu.fr\\\/bfc\\\/wp-content\\\/uploads\\\/sites\\\/8\\\/2020\\\/12\\\/SNETAP-Logo.jpg\",\"contentUrl\":\"https:\\\/\\\/regions-snetap-fsu.fr\\\/bfc\\\/wp-content\\\/uploads\\\/sites\\\/8\\\/2020\\\/12\\\/SNETAP-Logo.jpg\",\"width\":464,\"height\":334,\"caption\":\"SNETAP-FSU Bourgogne Franche Comt\u00e9\"},\"image\":{\"@id\":\"https:\\\/\\\/regions-snetap-fsu.fr\\\/bfc\\\/#\\\/schema\\\/logo\\\/image\\\/\"}},{\"@type\":\"Person\",\"@id\":\"\",\"url\":\"https:\\\/\\\/regions-snetap-fsu.fr\\\/bfc\\\/author\\\/\"}]}<\/script>\n<!-- \/ Yoast SEO plugin. -->","yoast_head_json":{"title":"R\u00e9union du Conseil R\u00e9gional Syndical - 19 septembre - Vesoul - BOURGOGNE FRANCHE-COMTE","robots":{"index":"index","follow":"follow","max-snippet":"max-snippet:-1","max-image-preview":"max-image-preview:large","max-video-preview":"max-video-preview:-1"},"canonical":"https:\/\/regions-snetap-fsu.fr\/bfc\/2022\/09\/13\/reunion-du-conseil-regional-syndical-19-septembre-vesoul\/","og_locale":"fr_FR","og_type":"article","og_title":"R\u00e9union du Conseil R\u00e9gional Syndical - 19 septembre - Vesoul - BOURGOGNE FRANCHE-COMTE","og_description":"Le mardi 19 septembre \u00e0 13H30 au LEGTA de VESOUL Nous ferons ensemble un \u00e9tat des lieux des difficult\u00e9s rencontr\u00e9es dans nos \u00e9tablissements, nous \u00e9voquerons \u00e9galement les \u00e9lections professionnelles de cet automne Pour le bureau r\u00e9gional BFC Evelyne Goulian &#8211; Marie-Agn\u00e8s Liegeon &#8211; V\u00e9ronique Dupaquier","og_url":"https:\/\/regions-snetap-fsu.fr\/bfc\/2022\/09\/13\/reunion-du-conseil-regional-syndical-19-septembre-vesoul\/","og_site_name":"BOURGOGNE FRANCHE-COMTE","article_published_time":"2022-09-13T07:02:43+00:00","twitter_card":"summary_large_image","twitter_misc":{"\u00c9crit par":""},"schema":{"@context":"https:\/\/schema.org","@graph":[{"@type":"Article","@id":"https:\/\/regions-snetap-fsu.fr\/bfc\/2022\/09\/13\/reunion-du-conseil-regional-syndical-19-septembre-vesoul\/#article","isPartOf":{"@id":"https:\/\/regions-snetap-fsu.fr\/bfc\/2022\/09\/13\/reunion-du-conseil-regional-syndical-19-septembre-vesoul\/"},"author":{"name":"","@id":""},"headline":"R\u00e9union du Conseil R\u00e9gional Syndical &#8211; 19 septembre &#8211; Vesoul","datePublished":"2022-09-13T07:02:43+00:00","mainEntityOfPage":{"@id":"https:\/\/regions-snetap-fsu.fr\/bfc\/2022\/09\/13\/reunion-du-conseil-regional-syndical-19-septembre-vesoul\/"},"wordCount":59,"publisher":{"@id":"https:\/\/regions-snetap-fsu.fr\/bfc\/#organization"},"articleSection":["Conseil R\u00e9gional Syndical"],"inLanguage":"fr-FR"},{"@type":"WebPage","@id":"https:\/\/regions-snetap-fsu.fr\/bfc\/2022\/09\/13\/reunion-du-conseil-regional-syndical-19-septembre-vesoul\/","url":"https:\/\/regions-snetap-fsu.fr\/bfc\/2022\/09\/13\/reunion-du-conseil-regional-syndical-19-septembre-vesoul\/","name":"R\u00e9union du Conseil R\u00e9gional Syndical - 19 septembre - Vesoul - BOURGOGNE FRANCHE-COMTE","isPartOf":{"@id":"https:\/\/regions-snetap-fsu.fr\/bfc\/#website"},"datePublished":"2022-09-13T07:02:43+00:00","breadcrumb":{"@id":"https:\/\/regions-snetap-fsu.fr\/bfc\/2022\/09\/13\/reunion-du-conseil-regional-syndical-19-septembre-vesoul\/#breadcrumb"},"inLanguage":"fr-FR","potentialAction":[{"@type":"ReadAction","target":["https:\/\/regions-snetap-fsu.fr\/bfc\/2022\/09\/13\/reunion-du-conseil-regional-syndical-19-septembre-vesoul\/"]}]},{"@type":"BreadcrumbList","@id":"https:\/\/regions-snetap-fsu.fr\/bfc\/2022\/09\/13\/reunion-du-conseil-regional-syndical-19-septembre-vesoul\/#breadcrumb","itemListElement":[{"@type":"ListItem","position":1,"name":"Accueil","item":"https:\/\/regions-snetap-fsu.fr\/bfc\/"},{"@type":"ListItem","position":2,"name":"R\u00e9union du Conseil R\u00e9gional Syndical &#8211; 19 septembre &#8211; Vesoul"}]},{"@type":"WebSite","@id":"https:\/\/regions-snetap-fsu.fr\/bfc\/#website","url":"https:\/\/regions-snetap-fsu.fr\/bfc\/","name":"SNETAP-FSU BOURGOGNE FRANCHE-COMTE","description":"Le blog de la Section R\u00e9gionale","publisher":{"@id":"https:\/\/regions-snetap-fsu.fr\/bfc\/#organization"},"potentialAction":[{"@type":"SearchAction","target":{"@type":"EntryPoint","urlTemplate":"https:\/\/regions-snetap-fsu.fr\/bfc\/?s={search_term_string}"},"query-input":{"@type":"PropertyValueSpecification","valueRequired":true,"valueName":"search_term_string"}}],"inLanguage":"fr-FR"},{"@type":"Organization","@id":"https:\/\/regions-snetap-fsu.fr\/bfc\/#organization","name":"SNETAP-FSU Bourgogne Franche Comt\u00e9","url":"https:\/\/regions-snetap-fsu.fr\/bfc\/","logo":{"@type":"ImageObject","inLanguage":"fr-FR","@id":"https:\/\/regions-snetap-fsu.fr\/bfc\/#\/schema\/logo\/image\/","url":"https:\/\/regions-snetap-fsu.fr\/bfc\/wp-content\/uploads\/sites\/8\/2020\/12\/SNETAP-Logo.jpg","contentUrl":"https:\/\/regions-snetap-fsu.fr\/bfc\/wp-content\/uploads\/sites\/8\/2020\/12\/SNETAP-Logo.jpg","width":464,"height":334,"caption":"SNETAP-FSU Bourgogne Franche Comt\u00e9"},"image":{"@id":"https:\/\/regions-snetap-fsu.fr\/bfc\/#\/schema\/logo\/image\/"}},{"@type":"Person","@id":"","url":"https:\/\/regions-snetap-fsu.fr\/bfc\/author\/"}]}},"_links":{"self":[{"href":"https:\/\/regions-snetap-fsu.fr\/bfc\/wp-json\/wp\/v2\/posts\/791","targetHints":{"allow":["GET"]}}],"collection":[{"href":"https:\/\/regions-snetap-fsu.fr\/bfc\/wp-json\/wp\/v2\/posts"}],"about":[{"href":"https:\/\/regions-snetap-fsu.fr\/bfc\/wp-json\/wp\/v2\/types\/post"}],"author":[{"embeddable":true,"href":"https:\/\/regions-snetap-fsu.fr\/bfc\/wp-json\/wp\/v2\/users\/126"}],"replies":[{"embeddable":true,"href":"https:\/\/regions-snetap-fsu.fr\/bfc\/wp-json\/wp\/v2\/comments?post=791"}],"version-history":[{"count":1,"href":"https:\/\/regions-snetap-fsu.fr\/bfc\/wp-json\/wp\/v2\/posts\/791\/revisions"}],"predecessor-version":[{"id":792,"href":"https:\/\/regions-snetap-fsu.fr\/bfc\/wp-json\/wp\/v2\/posts\/791\/revisions\/792"}],"wp:attachment":[{"href":"https:\/\/regions-snetap-fsu.fr\/bfc\/wp-json\/wp\/v2\/media?parent=791"}],"wp:term":[{"taxonomy":"category","embeddable":true,"href":"https:\/\/regions-snetap-fsu.fr\/bfc\/wp-json\/wp\/v2\/categories?post=791"},{"taxonomy":"post_tag","embeddable":true,"href":"https:\/\/regions-snetap-fsu.fr\/bfc\/wp-json\/wp\/v2\/tags?post=791"},{"taxonomy":"post_folder","embeddable":true,"href":"https:\/\/regions-snetap-fsu.fr\/bfc\/wp-json\/wp\/v2\/post_folder?post=791"}],"curies":[{"name":"wp","href":"https:\/\/api.w.org\/{rel}","templated":true}]}}