{"id":760,"date":"2022-06-30T10:10:11","date_gmt":"2022-06-30T08:10:11","guid":{"rendered":"https:\/\/regions-snetap-fsu.fr\/bfc\/?p=760"},"modified":"2022-06-30T10:10:11","modified_gmt":"2022-06-30T08:10:11","slug":"conseil-syndical-regional-du-28-juin","status":"publish","type":"post","link":"https:\/\/regions-snetap-fsu.fr\/bfc\/2022\/06\/30\/conseil-syndical-regional-du-28-juin\/","title":{"rendered":"Conseil Syndical R\u00e9gional  du 28 juin"},"content":{"rendered":"<p style=\"text-align: center\"><strong><span style=\"font-family: 'comic sans ms', sans-serif\">Conseil Syndical R\u00e9gional du 28 juin 2022 \u00a0\u00e0 Quetigny<\/span><\/strong><\/p>\n<p><strong>Points sur les diff\u00e9rents \u00e9tablissements de la r\u00e9gion BFC\u00a0:<\/strong><\/p>\n<p>Inqui\u00e9tudes \u00e0 propos de la \u00a0baisse de la DGH qui impacte certaines options\u00a0 (Montmorot, Macon),<\/p>\n<p>Inqui\u00e9tudes \u00e0 propos du recrutement affelnet notamment en seconde \u00a0(Dannemarie,Macon)<\/p>\n<p>Inqui\u00e9tudes sur des postes enseignants \u00a0non pourvus \u00a0(Dannemarie, Quetigny),<\/p>\n<p>Inqui\u00e9tudes \u00a0sur la diminution des\u00a0 \u00a0postes AE \u00a0,<\/p>\n<p>Inqui\u00e9tudes sur les RPS \u00a0qui se multiplient : des enseignants \u00e0 bout qui souhaitent se reconvertir ou d\u00e9missionner (Nevers),<\/p>\n<p>Inqui\u00e9tudes sur une \u00e9ventuelle d\u00e9localisation annonc\u00e9e de Velet,<\/p>\n<p>Inqui\u00e9tudes sur les r\u00e9novations ou encore la semestrialisation qui se multiplient \u00e0 mettre en place au plus vite<\/p>\n<p>&nbsp;<\/p>\n<p><strong>Grandes th\u00e9matiques \u00e0 aborder en CTREA et CHSCTREA<\/strong>\u00a0:<\/p>\n<p>M\u00e9decine de pr\u00e9vention manquante en BFC<\/p>\n<p>D\u00e9charge horaire quand un enseignant \u00a0est sur deux sites : il semblerait que lorsque les deux sites sont \u00e0 moins de 30 km il n\u2019y aurait pas de d\u00e9charge , de plus ce serait la DRAF qui aurait le loisir de d\u00e9cider comme bon lui semble \u00a0clairement cela fait \u00e9conomiser \u00e0 la DRAF 144h de DGH !!! (r\u00e9ponse obtenue lors du CTRA du 29 juin)<\/p>\n<p>Organisation des examens chaotique : convocations tardives, nombreux d\u00e9placements (et toujours les m\u00eames), conditions de travail, conditions de remboursement (rappeler la proc\u00e9dure pour avance de frais\u00a0 \u00e0 demander \u00e0 la MIREX )<\/p>\n<p>&nbsp;<\/p>\n<p><strong>Elections professionnelles de d\u00e9cembre 2022<\/strong>\u00a0: les actions de communication \u00a0\u00e0 mettre en place<\/p>\n","protected":false},"excerpt":{"rendered":"<p>Conseil Syndical R\u00e9gional du 28 juin 2022 \u00a0\u00e0 Quetigny Points sur les diff\u00e9rents \u00e9tablissements de la r\u00e9gion BFC\u00a0: Inqui\u00e9tudes \u00e0 propos de la \u00a0baisse de la DGH qui impacte certaines options\u00a0 (Montmorot, Macon), Inqui\u00e9tudes \u00e0 propos du recrutement affelnet notamment en seconde \u00a0(Dannemarie,Macon) Inqui\u00e9tudes sur des postes enseignants \u00a0non pourvus \u00a0(Dannemarie, Quetigny), Inqui\u00e9tudes \u00a0sur la [&hellip;]<\/p>\n","protected":false},"author":109,"featured_media":576,"comment_status":"closed","ping_status":"closed","sticky":false,"template":"","format":"standard","meta":{"ocean_post_layout":"","ocean_both_sidebars_style":"","ocean_both_sidebars_content_width":0,"ocean_both_sidebars_sidebars_width":0,"ocean_sidebar":"0","ocean_second_sidebar":"0","ocean_disable_margins":"enable","ocean_add_body_class":"","ocean_shortcode_before_top_bar":"","ocean_shortcode_after_top_bar":"","ocean_shortcode_before_header":"","ocean_shortcode_after_header":"","ocean_has_shortcode":"","ocean_shortcode_after_title":"","ocean_shortcode_before_footer_widgets":"","ocean_shortcode_after_footer_widgets":"","ocean_shortcode_before_footer_bottom":"","ocean_shortcode_after_footer_bottom":"","ocean_display_top_bar":"default","ocean_display_header":"default","ocean_header_style":"","ocean_center_header_left_menu":"0","ocean_custom_header_template":"0","ocean_custom_logo":0,"ocean_custom_retina_logo":0,"ocean_custom_logo_max_width":0,"ocean_custom_logo_tablet_max_width":0,"ocean_custom_logo_mobile_max_width":0,"ocean_custom_logo_max_height":0,"ocean_custom_logo_tablet_max_height":0,"ocean_custom_logo_mobile_max_height":0,"ocean_header_custom_menu":"0","ocean_menu_typo_font_family":"0","ocean_menu_typo_font_subset":"","ocean_menu_typo_font_size":0,"ocean_menu_typo_font_size_tablet":0,"ocean_menu_typo_font_size_mobile":0,"ocean_menu_typo_font_size_unit":"px","ocean_menu_typo_font_weight":"","ocean_menu_typo_font_weight_tablet":"","ocean_menu_typo_font_weight_mobile":"","ocean_menu_typo_transform":"","ocean_menu_typo_transform_tablet":"","ocean_menu_typo_transform_mobile":"","ocean_menu_typo_line_height":0,"ocean_menu_typo_line_height_tablet":0,"ocean_menu_typo_line_height_mobile":0,"ocean_menu_typo_line_height_unit":"","ocean_menu_typo_spacing":0,"ocean_menu_typo_spacing_tablet":0,"ocean_menu_typo_spacing_mobile":0,"ocean_menu_typo_spacing_unit":"","ocean_menu_link_color":"","ocean_menu_link_color_hover":"","ocean_menu_link_color_active":"","ocean_menu_link_background":"","ocean_menu_link_hover_background":"","ocean_menu_link_active_background":"","ocean_menu_social_links_bg":"","ocean_menu_social_hover_links_bg":"","ocean_menu_social_links_color":"","ocean_menu_social_hover_links_color":"","ocean_disable_title":"default","ocean_disable_heading":"default","ocean_post_title":"","ocean_post_subheading":"","ocean_post_title_style":"","ocean_post_title_background_color":"","ocean_post_title_background":0,"ocean_post_title_bg_image_position":"","ocean_post_title_bg_image_attachment":"","ocean_post_title_bg_image_repeat":"","ocean_post_title_bg_image_size":"","ocean_post_title_height":0,"ocean_post_title_bg_overlay":0.5,"ocean_post_title_bg_overlay_color":"","ocean_disable_breadcrumbs":"default","ocean_breadcrumbs_color":"","ocean_breadcrumbs_separator_color":"","ocean_breadcrumbs_links_color":"","ocean_breadcrumbs_links_hover_color":"","ocean_display_footer_widgets":"default","ocean_display_footer_bottom":"default","ocean_custom_footer_template":"0","ocean_post_oembed":"","ocean_post_self_hosted_media":"","ocean_post_video_embed":"","ocean_link_format":"","ocean_link_format_target":"self","ocean_quote_format":"","ocean_quote_format_link":"post","ocean_gallery_link_images":"off","ocean_gallery_id":[],"footnotes":""},"categories":[19],"tags":[],"post_folder":[],"class_list":["post-760","post","type-post","status-publish","format-standard","has-post-thumbnail","hentry","category-region","entry","has-media"],"yoast_head":"<!-- This site is optimized with the Yoast SEO plugin v27.4 - https:\/\/yoast.com\/product\/yoast-seo-wordpress\/ -->\n<title>Conseil Syndical R\u00e9gional du 28 juin - BOURGOGNE FRANCHE-COMTE<\/title>\n<meta name=\"robots\" content=\"index, follow, max-snippet:-1, max-image-preview:large, max-video-preview:-1\" \/>\n<link rel=\"canonical\" href=\"https:\/\/regions-snetap-fsu.fr\/bfc\/2022\/06\/30\/conseil-syndical-regional-du-28-juin\/\" \/>\n<meta property=\"og:locale\" content=\"fr_FR\" \/>\n<meta property=\"og:type\" content=\"article\" \/>\n<meta property=\"og:title\" content=\"Conseil Syndical R\u00e9gional du 28 juin - BOURGOGNE FRANCHE-COMTE\" \/>\n<meta property=\"og:description\" content=\"Conseil Syndical R\u00e9gional du 28 juin 2022 \u00a0\u00e0 Quetigny Points sur les diff\u00e9rents \u00e9tablissements de la r\u00e9gion BFC\u00a0: Inqui\u00e9tudes \u00e0 propos de la \u00a0baisse de la DGH qui impacte certaines options\u00a0 (Montmorot, Macon), Inqui\u00e9tudes \u00e0 propos du recrutement affelnet notamment en seconde \u00a0(Dannemarie,Macon) Inqui\u00e9tudes sur des postes enseignants \u00a0non pourvus \u00a0(Dannemarie, Quetigny), Inqui\u00e9tudes \u00a0sur la [&hellip;]\" \/>\n<meta property=\"og:url\" content=\"https:\/\/regions-snetap-fsu.fr\/bfc\/2022\/06\/30\/conseil-syndical-regional-du-28-juin\/\" \/>\n<meta property=\"og:site_name\" content=\"BOURGOGNE FRANCHE-COMTE\" \/>\n<meta property=\"article:published_time\" content=\"2022-06-30T08:10:11+00:00\" \/>\n<meta property=\"og:image\" content=\"https:\/\/regions-snetap-fsu.fr\/bfc\/wp-content\/uploads\/sites\/8\/2021\/01\/reunion.jpg\" \/>\n\t<meta property=\"og:image:width\" content=\"612\" \/>\n\t<meta property=\"og:image:height\" content=\"459\" \/>\n\t<meta property=\"og:image:type\" content=\"image\/jpeg\" \/>\n<meta name=\"twitter:card\" content=\"summary_large_image\" \/>\n<meta name=\"twitter:label1\" content=\"\u00c9crit par\" \/>\n\t<meta name=\"twitter:data1\" content=\"\" \/>\n\t<meta name=\"twitter:label2\" content=\"Dur\u00e9e de lecture estim\u00e9e\" \/>\n\t<meta name=\"twitter:data2\" content=\"1 minute\" \/>\n<script type=\"application\/ld+json\" class=\"yoast-schema-graph\">{\"@context\":\"https:\\\/\\\/schema.org\",\"@graph\":[{\"@type\":\"Article\",\"@id\":\"https:\\\/\\\/regions-snetap-fsu.fr\\\/bfc\\\/2022\\\/06\\\/30\\\/conseil-syndical-regional-du-28-juin\\\/#article\",\"isPartOf\":{\"@id\":\"https:\\\/\\\/regions-snetap-fsu.fr\\\/bfc\\\/2022\\\/06\\\/30\\\/conseil-syndical-regional-du-28-juin\\\/\"},\"author\":{\"name\":\"\",\"@id\":\"\"},\"headline\":\"Conseil Syndical R\u00e9gional du 28 juin\",\"datePublished\":\"2022-06-30T08:10:11+00:00\",\"mainEntityOfPage\":{\"@id\":\"https:\\\/\\\/regions-snetap-fsu.fr\\\/bfc\\\/2022\\\/06\\\/30\\\/conseil-syndical-regional-du-28-juin\\\/\"},\"wordCount\":241,\"publisher\":{\"@id\":\"https:\\\/\\\/regions-snetap-fsu.fr\\\/bfc\\\/#organization\"},\"image\":{\"@id\":\"https:\\\/\\\/regions-snetap-fsu.fr\\\/bfc\\\/2022\\\/06\\\/30\\\/conseil-syndical-regional-du-28-juin\\\/#primaryimage\"},\"thumbnailUrl\":\"https:\\\/\\\/regions-snetap-fsu.fr\\\/bfc\\\/wp-content\\\/uploads\\\/sites\\\/8\\\/2021\\\/01\\\/reunion.jpg\",\"articleSection\":[\"region\"],\"inLanguage\":\"fr-FR\"},{\"@type\":\"WebPage\",\"@id\":\"https:\\\/\\\/regions-snetap-fsu.fr\\\/bfc\\\/2022\\\/06\\\/30\\\/conseil-syndical-regional-du-28-juin\\\/\",\"url\":\"https:\\\/\\\/regions-snetap-fsu.fr\\\/bfc\\\/2022\\\/06\\\/30\\\/conseil-syndical-regional-du-28-juin\\\/\",\"name\":\"Conseil Syndical R\u00e9gional du 28 juin - BOURGOGNE FRANCHE-COMTE\",\"isPartOf\":{\"@id\":\"https:\\\/\\\/regions-snetap-fsu.fr\\\/bfc\\\/#website\"},\"primaryImageOfPage\":{\"@id\":\"https:\\\/\\\/regions-snetap-fsu.fr\\\/bfc\\\/2022\\\/06\\\/30\\\/conseil-syndical-regional-du-28-juin\\\/#primaryimage\"},\"image\":{\"@id\":\"https:\\\/\\\/regions-snetap-fsu.fr\\\/bfc\\\/2022\\\/06\\\/30\\\/conseil-syndical-regional-du-28-juin\\\/#primaryimage\"},\"thumbnailUrl\":\"https:\\\/\\\/regions-snetap-fsu.fr\\\/bfc\\\/wp-content\\\/uploads\\\/sites\\\/8\\\/2021\\\/01\\\/reunion.jpg\",\"datePublished\":\"2022-06-30T08:10:11+00:00\",\"breadcrumb\":{\"@id\":\"https:\\\/\\\/regions-snetap-fsu.fr\\\/bfc\\\/2022\\\/06\\\/30\\\/conseil-syndical-regional-du-28-juin\\\/#breadcrumb\"},\"inLanguage\":\"fr-FR\",\"potentialAction\":[{\"@type\":\"ReadAction\",\"target\":[\"https:\\\/\\\/regions-snetap-fsu.fr\\\/bfc\\\/2022\\\/06\\\/30\\\/conseil-syndical-regional-du-28-juin\\\/\"]}]},{\"@type\":\"ImageObject\",\"inLanguage\":\"fr-FR\",\"@id\":\"https:\\\/\\\/regions-snetap-fsu.fr\\\/bfc\\\/2022\\\/06\\\/30\\\/conseil-syndical-regional-du-28-juin\\\/#primaryimage\",\"url\":\"https:\\\/\\\/regions-snetap-fsu.fr\\\/bfc\\\/wp-content\\\/uploads\\\/sites\\\/8\\\/2021\\\/01\\\/reunion.jpg\",\"contentUrl\":\"https:\\\/\\\/regions-snetap-fsu.fr\\\/bfc\\\/wp-content\\\/uploads\\\/sites\\\/8\\\/2021\\\/01\\\/reunion.jpg\",\"width\":612,\"height\":459},{\"@type\":\"BreadcrumbList\",\"@id\":\"https:\\\/\\\/regions-snetap-fsu.fr\\\/bfc\\\/2022\\\/06\\\/30\\\/conseil-syndical-regional-du-28-juin\\\/#breadcrumb\",\"itemListElement\":[{\"@type\":\"ListItem\",\"position\":1,\"name\":\"Accueil\",\"item\":\"https:\\\/\\\/regions-snetap-fsu.fr\\\/bfc\\\/\"},{\"@type\":\"ListItem\",\"position\":2,\"name\":\"Conseil Syndical R\u00e9gional du 28 juin\"}]},{\"@type\":\"WebSite\",\"@id\":\"https:\\\/\\\/regions-snetap-fsu.fr\\\/bfc\\\/#website\",\"url\":\"https:\\\/\\\/regions-snetap-fsu.fr\\\/bfc\\\/\",\"name\":\"SNETAP-FSU BOURGOGNE FRANCHE-COMTE\",\"description\":\"Le blog de la Section R\u00e9gionale\",\"publisher\":{\"@id\":\"https:\\\/\\\/regions-snetap-fsu.fr\\\/bfc\\\/#organization\"},\"potentialAction\":[{\"@type\":\"SearchAction\",\"target\":{\"@type\":\"EntryPoint\",\"urlTemplate\":\"https:\\\/\\\/regions-snetap-fsu.fr\\\/bfc\\\/?s={search_term_string}\"},\"query-input\":{\"@type\":\"PropertyValueSpecification\",\"valueRequired\":true,\"valueName\":\"search_term_string\"}}],\"inLanguage\":\"fr-FR\"},{\"@type\":\"Organization\",\"@id\":\"https:\\\/\\\/regions-snetap-fsu.fr\\\/bfc\\\/#organization\",\"name\":\"SNETAP-FSU Bourgogne Franche Comt\u00e9\",\"url\":\"https:\\\/\\\/regions-snetap-fsu.fr\\\/bfc\\\/\",\"logo\":{\"@type\":\"ImageObject\",\"inLanguage\":\"fr-FR\",\"@id\":\"https:\\\/\\\/regions-snetap-fsu.fr\\\/bfc\\\/#\\\/schema\\\/logo\\\/image\\\/\",\"url\":\"https:\\\/\\\/regions-snetap-fsu.fr\\\/bfc\\\/wp-content\\\/uploads\\\/sites\\\/8\\\/2020\\\/12\\\/SNETAP-Logo.jpg\",\"contentUrl\":\"https:\\\/\\\/regions-snetap-fsu.fr\\\/bfc\\\/wp-content\\\/uploads\\\/sites\\\/8\\\/2020\\\/12\\\/SNETAP-Logo.jpg\",\"width\":464,\"height\":334,\"caption\":\"SNETAP-FSU Bourgogne Franche Comt\u00e9\"},\"image\":{\"@id\":\"https:\\\/\\\/regions-snetap-fsu.fr\\\/bfc\\\/#\\\/schema\\\/logo\\\/image\\\/\"}},{\"@type\":\"Person\",\"@id\":\"\",\"url\":\"https:\\\/\\\/regions-snetap-fsu.fr\\\/bfc\\\/author\\\/\"}]}<\/script>\n<!-- \/ Yoast SEO plugin. -->","yoast_head_json":{"title":"Conseil Syndical R\u00e9gional du 28 juin - BOURGOGNE FRANCHE-COMTE","robots":{"index":"index","follow":"follow","max-snippet":"max-snippet:-1","max-image-preview":"max-image-preview:large","max-video-preview":"max-video-preview:-1"},"canonical":"https:\/\/regions-snetap-fsu.fr\/bfc\/2022\/06\/30\/conseil-syndical-regional-du-28-juin\/","og_locale":"fr_FR","og_type":"article","og_title":"Conseil Syndical R\u00e9gional du 28 juin - BOURGOGNE FRANCHE-COMTE","og_description":"Conseil Syndical R\u00e9gional du 28 juin 2022 \u00a0\u00e0 Quetigny Points sur les diff\u00e9rents \u00e9tablissements de la r\u00e9gion BFC\u00a0: Inqui\u00e9tudes \u00e0 propos de la \u00a0baisse de la DGH qui impacte certaines options\u00a0 (Montmorot, Macon), Inqui\u00e9tudes \u00e0 propos du recrutement affelnet notamment en seconde \u00a0(Dannemarie,Macon) Inqui\u00e9tudes sur des postes enseignants \u00a0non pourvus \u00a0(Dannemarie, Quetigny), Inqui\u00e9tudes \u00a0sur la [&hellip;]","og_url":"https:\/\/regions-snetap-fsu.fr\/bfc\/2022\/06\/30\/conseil-syndical-regional-du-28-juin\/","og_site_name":"BOURGOGNE FRANCHE-COMTE","article_published_time":"2022-06-30T08:10:11+00:00","og_image":[{"width":612,"height":459,"url":"https:\/\/regions-snetap-fsu.fr\/bfc\/wp-content\/uploads\/sites\/8\/2021\/01\/reunion.jpg","type":"image\/jpeg"}],"twitter_card":"summary_large_image","twitter_misc":{"\u00c9crit par":"","Dur\u00e9e de lecture estim\u00e9e":"1 minute"},"schema":{"@context":"https:\/\/schema.org","@graph":[{"@type":"Article","@id":"https:\/\/regions-snetap-fsu.fr\/bfc\/2022\/06\/30\/conseil-syndical-regional-du-28-juin\/#article","isPartOf":{"@id":"https:\/\/regions-snetap-fsu.fr\/bfc\/2022\/06\/30\/conseil-syndical-regional-du-28-juin\/"},"author":{"name":"","@id":""},"headline":"Conseil Syndical R\u00e9gional du 28 juin","datePublished":"2022-06-30T08:10:11+00:00","mainEntityOfPage":{"@id":"https:\/\/regions-snetap-fsu.fr\/bfc\/2022\/06\/30\/conseil-syndical-regional-du-28-juin\/"},"wordCount":241,"publisher":{"@id":"https:\/\/regions-snetap-fsu.fr\/bfc\/#organization"},"image":{"@id":"https:\/\/regions-snetap-fsu.fr\/bfc\/2022\/06\/30\/conseil-syndical-regional-du-28-juin\/#primaryimage"},"thumbnailUrl":"https:\/\/regions-snetap-fsu.fr\/bfc\/wp-content\/uploads\/sites\/8\/2021\/01\/reunion.jpg","articleSection":["region"],"inLanguage":"fr-FR"},{"@type":"WebPage","@id":"https:\/\/regions-snetap-fsu.fr\/bfc\/2022\/06\/30\/conseil-syndical-regional-du-28-juin\/","url":"https:\/\/regions-snetap-fsu.fr\/bfc\/2022\/06\/30\/conseil-syndical-regional-du-28-juin\/","name":"Conseil Syndical R\u00e9gional du 28 juin - BOURGOGNE FRANCHE-COMTE","isPartOf":{"@id":"https:\/\/regions-snetap-fsu.fr\/bfc\/#website"},"primaryImageOfPage":{"@id":"https:\/\/regions-snetap-fsu.fr\/bfc\/2022\/06\/30\/conseil-syndical-regional-du-28-juin\/#primaryimage"},"image":{"@id":"https:\/\/regions-snetap-fsu.fr\/bfc\/2022\/06\/30\/conseil-syndical-regional-du-28-juin\/#primaryimage"},"thumbnailUrl":"https:\/\/regions-snetap-fsu.fr\/bfc\/wp-content\/uploads\/sites\/8\/2021\/01\/reunion.jpg","datePublished":"2022-06-30T08:10:11+00:00","breadcrumb":{"@id":"https:\/\/regions-snetap-fsu.fr\/bfc\/2022\/06\/30\/conseil-syndical-regional-du-28-juin\/#breadcrumb"},"inLanguage":"fr-FR","potentialAction":[{"@type":"ReadAction","target":["https:\/\/regions-snetap-fsu.fr\/bfc\/2022\/06\/30\/conseil-syndical-regional-du-28-juin\/"]}]},{"@type":"ImageObject","inLanguage":"fr-FR","@id":"https:\/\/regions-snetap-fsu.fr\/bfc\/2022\/06\/30\/conseil-syndical-regional-du-28-juin\/#primaryimage","url":"https:\/\/regions-snetap-fsu.fr\/bfc\/wp-content\/uploads\/sites\/8\/2021\/01\/reunion.jpg","contentUrl":"https:\/\/regions-snetap-fsu.fr\/bfc\/wp-content\/uploads\/sites\/8\/2021\/01\/reunion.jpg","width":612,"height":459},{"@type":"BreadcrumbList","@id":"https:\/\/regions-snetap-fsu.fr\/bfc\/2022\/06\/30\/conseil-syndical-regional-du-28-juin\/#breadcrumb","itemListElement":[{"@type":"ListItem","position":1,"name":"Accueil","item":"https:\/\/regions-snetap-fsu.fr\/bfc\/"},{"@type":"ListItem","position":2,"name":"Conseil Syndical R\u00e9gional du 28 juin"}]},{"@type":"WebSite","@id":"https:\/\/regions-snetap-fsu.fr\/bfc\/#website","url":"https:\/\/regions-snetap-fsu.fr\/bfc\/","name":"SNETAP-FSU BOURGOGNE FRANCHE-COMTE","description":"Le blog de la Section R\u00e9gionale","publisher":{"@id":"https:\/\/regions-snetap-fsu.fr\/bfc\/#organization"},"potentialAction":[{"@type":"SearchAction","target":{"@type":"EntryPoint","urlTemplate":"https:\/\/regions-snetap-fsu.fr\/bfc\/?s={search_term_string}"},"query-input":{"@type":"PropertyValueSpecification","valueRequired":true,"valueName":"search_term_string"}}],"inLanguage":"fr-FR"},{"@type":"Organization","@id":"https:\/\/regions-snetap-fsu.fr\/bfc\/#organization","name":"SNETAP-FSU Bourgogne Franche Comt\u00e9","url":"https:\/\/regions-snetap-fsu.fr\/bfc\/","logo":{"@type":"ImageObject","inLanguage":"fr-FR","@id":"https:\/\/regions-snetap-fsu.fr\/bfc\/#\/schema\/logo\/image\/","url":"https:\/\/regions-snetap-fsu.fr\/bfc\/wp-content\/uploads\/sites\/8\/2020\/12\/SNETAP-Logo.jpg","contentUrl":"https:\/\/regions-snetap-fsu.fr\/bfc\/wp-content\/uploads\/sites\/8\/2020\/12\/SNETAP-Logo.jpg","width":464,"height":334,"caption":"SNETAP-FSU Bourgogne Franche Comt\u00e9"},"image":{"@id":"https:\/\/regions-snetap-fsu.fr\/bfc\/#\/schema\/logo\/image\/"}},{"@type":"Person","@id":"","url":"https:\/\/regions-snetap-fsu.fr\/bfc\/author\/"}]}},"_links":{"self":[{"href":"https:\/\/regions-snetap-fsu.fr\/bfc\/wp-json\/wp\/v2\/posts\/760","targetHints":{"allow":["GET"]}}],"collection":[{"href":"https:\/\/regions-snetap-fsu.fr\/bfc\/wp-json\/wp\/v2\/posts"}],"about":[{"href":"https:\/\/regions-snetap-fsu.fr\/bfc\/wp-json\/wp\/v2\/types\/post"}],"author":[{"embeddable":true,"href":"https:\/\/regions-snetap-fsu.fr\/bfc\/wp-json\/wp\/v2\/users\/109"}],"replies":[{"embeddable":true,"href":"https:\/\/regions-snetap-fsu.fr\/bfc\/wp-json\/wp\/v2\/comments?post=760"}],"version-history":[{"count":1,"href":"https:\/\/regions-snetap-fsu.fr\/bfc\/wp-json\/wp\/v2\/posts\/760\/revisions"}],"predecessor-version":[{"id":761,"href":"https:\/\/regions-snetap-fsu.fr\/bfc\/wp-json\/wp\/v2\/posts\/760\/revisions\/761"}],"wp:featuredmedia":[{"embeddable":true,"href":"https:\/\/regions-snetap-fsu.fr\/bfc\/wp-json\/wp\/v2\/media\/576"}],"wp:attachment":[{"href":"https:\/\/regions-snetap-fsu.fr\/bfc\/wp-json\/wp\/v2\/media?parent=760"}],"wp:term":[{"taxonomy":"category","embeddable":true,"href":"https:\/\/regions-snetap-fsu.fr\/bfc\/wp-json\/wp\/v2\/categories?post=760"},{"taxonomy":"post_tag","embeddable":true,"href":"https:\/\/regions-snetap-fsu.fr\/bfc\/wp-json\/wp\/v2\/tags?post=760"},{"taxonomy":"post_folder","embeddable":true,"href":"https:\/\/regions-snetap-fsu.fr\/bfc\/wp-json\/wp\/v2\/post_folder?post=760"}],"curies":[{"name":"wp","href":"https:\/\/api.w.org\/{rel}","templated":true}]}}