{"id":751,"date":"2022-03-13T15:51:51","date_gmt":"2022-03-13T14:51:51","guid":{"rendered":"https:\/\/regions-snetap-fsu.fr\/bfc\/?p=751"},"modified":"2022-03-13T15:53:14","modified_gmt":"2022-03-13T14:53:14","slug":"en-region-ca-bouge","status":"publish","type":"post","link":"https:\/\/regions-snetap-fsu.fr\/bfc\/2022\/03\/13\/en-region-ca-bouge\/","title":{"rendered":"En r\u00e9gion \u00e7a bouge!"},"content":{"rendered":"<p><strong>Quelques nouvelles de la section locale SNETAP lyc\u00e9e agricole de Fontaines<\/strong><\/p>\n<p>&nbsp;<\/p>\n<p>Depuis deux\u00a0 ans la section n\u2019a pas pu organiser de grands rassemblements dans l\u2019\u00e9tablissement pour aborder des\u00a0 questions collectives mais s\u2019est orient\u00e9e sur des accompagnements plus personnalis\u00e9s.<\/p>\n<p>Nous allons reprendre les r\u00e9unions li\u00e9es \u00e0 la syndicalisation et ses enjeux d\u00e8s le mois d\u2019avril notamment aupr\u00e8s des Assistants d\u2019\u00e9ducation, AESH pour une rentr\u00e9e avertie en septembre 2022.<\/p>\n<p>De nombreuses questions seront \u00e0 aborder apr\u00e8s les \u00e9lections pr\u00e9sidentielles.<\/p>\n<p>&nbsp;<\/p>\n<p>Nous avons ainsi re\u00e7u des coll\u00e8gues pour des questions li\u00e9es aux retraites (conditions de d\u00e9part li\u00e9es \u00e0 des situations sp\u00e9cifiques)\u00a0 aux rendez-vous de carri\u00e8re, \u00e0 des conflits d\u2019\u00e9quipe li\u00e9s \u00e0 l\u2019organisation de travail et r\u00e9partitions horaires, aux relations lyc\u00e9e \/ CFA, \u00e0 des probl\u00e8mes associ\u00e9s \u00e0 un d\u00e9tachement demand\u00e9 par une coll\u00e8gue d\u2019\u00e9conomie pour passer de l\u2019Education Nationale au Minist\u00e8re de l\u2019agriculture, \u00e0 la titularisation d\u2019une coll\u00e8gue stagiaire \u2026<\/p>\n<p>Toutes ces questions ont \u00e9t\u00e9 parfois trait\u00e9es en concertation avec la section d\u00e9partementale et Sarah Hader qui a bien souvent apport\u00e9 son expertise pour faire avancer les dossiers. Tous ne sont pas r\u00e9solus mais en cours de l\u2019\u00eatre.<\/p>\n<p>Florence Dell\u2019Accio \/ Laure Chambellant<\/p>\n","protected":false},"excerpt":{"rendered":"<p>Quelques nouvelles de la section locale SNETAP lyc\u00e9e agricole de Fontaines &nbsp; Depuis deux\u00a0 ans la section n\u2019a pas pu organiser de grands rassemblements dans l\u2019\u00e9tablissement pour aborder des\u00a0 questions collectives mais s\u2019est orient\u00e9e sur des accompagnements plus personnalis\u00e9s. Nous allons reprendre les r\u00e9unions li\u00e9es \u00e0 la syndicalisation et ses enjeux d\u00e8s le mois d\u2019avril [&hellip;]<\/p>\n","protected":false},"author":109,"featured_media":0,"comment_status":"closed","ping_status":"closed","sticky":false,"template":"","format":"standard","meta":{"ocean_post_layout":"","ocean_both_sidebars_style":"","ocean_both_sidebars_content_width":0,"ocean_both_sidebars_sidebars_width":0,"ocean_sidebar":"0","ocean_second_sidebar":"0","ocean_disable_margins":"enable","ocean_add_body_class":"","ocean_shortcode_before_top_bar":"","ocean_shortcode_after_top_bar":"","ocean_shortcode_before_header":"","ocean_shortcode_after_header":"","ocean_has_shortcode":"","ocean_shortcode_after_title":"","ocean_shortcode_before_footer_widgets":"","ocean_shortcode_after_footer_widgets":"","ocean_shortcode_before_footer_bottom":"","ocean_shortcode_after_footer_bottom":"","ocean_display_top_bar":"default","ocean_display_header":"default","ocean_header_style":"","ocean_center_header_left_menu":"0","ocean_custom_header_template":"0","ocean_custom_logo":0,"ocean_custom_retina_logo":0,"ocean_custom_logo_max_width":0,"ocean_custom_logo_tablet_max_width":0,"ocean_custom_logo_mobile_max_width":0,"ocean_custom_logo_max_height":0,"ocean_custom_logo_tablet_max_height":0,"ocean_custom_logo_mobile_max_height":0,"ocean_header_custom_menu":"0","ocean_menu_typo_font_family":"0","ocean_menu_typo_font_subset":"","ocean_menu_typo_font_size":0,"ocean_menu_typo_font_size_tablet":0,"ocean_menu_typo_font_size_mobile":0,"ocean_menu_typo_font_size_unit":"px","ocean_menu_typo_font_weight":"","ocean_menu_typo_font_weight_tablet":"","ocean_menu_typo_font_weight_mobile":"","ocean_menu_typo_transform":"","ocean_menu_typo_transform_tablet":"","ocean_menu_typo_transform_mobile":"","ocean_menu_typo_line_height":0,"ocean_menu_typo_line_height_tablet":0,"ocean_menu_typo_line_height_mobile":0,"ocean_menu_typo_line_height_unit":"","ocean_menu_typo_spacing":0,"ocean_menu_typo_spacing_tablet":0,"ocean_menu_typo_spacing_mobile":0,"ocean_menu_typo_spacing_unit":"","ocean_menu_link_color":"","ocean_menu_link_color_hover":"","ocean_menu_link_color_active":"","ocean_menu_link_background":"","ocean_menu_link_hover_background":"","ocean_menu_link_active_background":"","ocean_menu_social_links_bg":"","ocean_menu_social_hover_links_bg":"","ocean_menu_social_links_color":"","ocean_menu_social_hover_links_color":"","ocean_disable_title":"default","ocean_disable_heading":"default","ocean_post_title":"","ocean_post_subheading":"","ocean_post_title_style":"","ocean_post_title_background_color":"","ocean_post_title_background":0,"ocean_post_title_bg_image_position":"","ocean_post_title_bg_image_attachment":"","ocean_post_title_bg_image_repeat":"","ocean_post_title_bg_image_size":"","ocean_post_title_height":0,"ocean_post_title_bg_overlay":0.5,"ocean_post_title_bg_overlay_color":"","ocean_disable_breadcrumbs":"default","ocean_breadcrumbs_color":"","ocean_breadcrumbs_separator_color":"","ocean_breadcrumbs_links_color":"","ocean_breadcrumbs_links_hover_color":"","ocean_display_footer_widgets":"default","ocean_display_footer_bottom":"default","ocean_custom_footer_template":"0","ocean_post_oembed":"","ocean_post_self_hosted_media":"","ocean_post_video_embed":"","ocean_link_format":"","ocean_link_format_target":"self","ocean_quote_format":"","ocean_quote_format_link":"post","ocean_gallery_link_images":"off","ocean_gallery_id":[],"footnotes":""},"categories":[19],"tags":[],"post_folder":[],"class_list":["post-751","post","type-post","status-publish","format-standard","hentry","category-region","entry"],"yoast_head":"<!-- This site is optimized with the Yoast SEO plugin v27.4 - https:\/\/yoast.com\/product\/yoast-seo-wordpress\/ -->\n<title>En r\u00e9gion \u00e7a bouge! - BOURGOGNE FRANCHE-COMTE<\/title>\n<meta name=\"robots\" content=\"index, follow, max-snippet:-1, max-image-preview:large, max-video-preview:-1\" \/>\n<link rel=\"canonical\" href=\"https:\/\/regions-snetap-fsu.fr\/bfc\/2022\/03\/13\/en-region-ca-bouge\/\" \/>\n<meta property=\"og:locale\" content=\"fr_FR\" \/>\n<meta property=\"og:type\" content=\"article\" \/>\n<meta property=\"og:title\" content=\"En r\u00e9gion \u00e7a bouge! - BOURGOGNE FRANCHE-COMTE\" \/>\n<meta property=\"og:description\" content=\"Quelques nouvelles de la section locale SNETAP lyc\u00e9e agricole de Fontaines &nbsp; Depuis deux\u00a0 ans la section n\u2019a pas pu organiser de grands rassemblements dans l\u2019\u00e9tablissement pour aborder des\u00a0 questions collectives mais s\u2019est orient\u00e9e sur des accompagnements plus personnalis\u00e9s. Nous allons reprendre les r\u00e9unions li\u00e9es \u00e0 la syndicalisation et ses enjeux d\u00e8s le mois d\u2019avril [&hellip;]\" \/>\n<meta property=\"og:url\" content=\"https:\/\/regions-snetap-fsu.fr\/bfc\/2022\/03\/13\/en-region-ca-bouge\/\" \/>\n<meta property=\"og:site_name\" content=\"BOURGOGNE FRANCHE-COMTE\" \/>\n<meta property=\"article:published_time\" content=\"2022-03-13T14:51:51+00:00\" \/>\n<meta property=\"article:modified_time\" content=\"2022-03-13T14:53:14+00:00\" \/>\n<meta property=\"og:image\" content=\"https:\/\/regions-snetap-fsu.fr\/bfc\/wp-content\/uploads\/sites\/8\/2022\/03\/fontaines-e1647183066383.jpg\" \/>\n\t<meta property=\"og:image:width\" content=\"85\" \/>\n\t<meta property=\"og:image:height\" content=\"36\" \/>\n\t<meta property=\"og:image:type\" content=\"image\/jpeg\" \/>\n<meta name=\"twitter:card\" content=\"summary_large_image\" \/>\n<meta name=\"twitter:label1\" content=\"\u00c9crit par\" \/>\n\t<meta name=\"twitter:data1\" content=\"\" \/>\n\t<meta name=\"twitter:label2\" content=\"Dur\u00e9e de lecture estim\u00e9e\" \/>\n\t<meta name=\"twitter:data2\" content=\"1 minute\" \/>\n<script type=\"application\/ld+json\" class=\"yoast-schema-graph\">{\"@context\":\"https:\\\/\\\/schema.org\",\"@graph\":[{\"@type\":\"Article\",\"@id\":\"https:\\\/\\\/regions-snetap-fsu.fr\\\/bfc\\\/2022\\\/03\\\/13\\\/en-region-ca-bouge\\\/#article\",\"isPartOf\":{\"@id\":\"https:\\\/\\\/regions-snetap-fsu.fr\\\/bfc\\\/2022\\\/03\\\/13\\\/en-region-ca-bouge\\\/\"},\"author\":{\"name\":\"\",\"@id\":\"\"},\"headline\":\"En r\u00e9gion \u00e7a bouge!\",\"datePublished\":\"2022-03-13T14:51:51+00:00\",\"dateModified\":\"2022-03-13T14:53:14+00:00\",\"mainEntityOfPage\":{\"@id\":\"https:\\\/\\\/regions-snetap-fsu.fr\\\/bfc\\\/2022\\\/03\\\/13\\\/en-region-ca-bouge\\\/\"},\"wordCount\":226,\"publisher\":{\"@id\":\"https:\\\/\\\/regions-snetap-fsu.fr\\\/bfc\\\/#organization\"},\"articleSection\":[\"region\"],\"inLanguage\":\"fr-FR\"},{\"@type\":\"WebPage\",\"@id\":\"https:\\\/\\\/regions-snetap-fsu.fr\\\/bfc\\\/2022\\\/03\\\/13\\\/en-region-ca-bouge\\\/\",\"url\":\"https:\\\/\\\/regions-snetap-fsu.fr\\\/bfc\\\/2022\\\/03\\\/13\\\/en-region-ca-bouge\\\/\",\"name\":\"En r\u00e9gion \u00e7a bouge! - BOURGOGNE FRANCHE-COMTE\",\"isPartOf\":{\"@id\":\"https:\\\/\\\/regions-snetap-fsu.fr\\\/bfc\\\/#website\"},\"datePublished\":\"2022-03-13T14:51:51+00:00\",\"dateModified\":\"2022-03-13T14:53:14+00:00\",\"breadcrumb\":{\"@id\":\"https:\\\/\\\/regions-snetap-fsu.fr\\\/bfc\\\/2022\\\/03\\\/13\\\/en-region-ca-bouge\\\/#breadcrumb\"},\"inLanguage\":\"fr-FR\",\"potentialAction\":[{\"@type\":\"ReadAction\",\"target\":[\"https:\\\/\\\/regions-snetap-fsu.fr\\\/bfc\\\/2022\\\/03\\\/13\\\/en-region-ca-bouge\\\/\"]}]},{\"@type\":\"BreadcrumbList\",\"@id\":\"https:\\\/\\\/regions-snetap-fsu.fr\\\/bfc\\\/2022\\\/03\\\/13\\\/en-region-ca-bouge\\\/#breadcrumb\",\"itemListElement\":[{\"@type\":\"ListItem\",\"position\":1,\"name\":\"Accueil\",\"item\":\"https:\\\/\\\/regions-snetap-fsu.fr\\\/bfc\\\/\"},{\"@type\":\"ListItem\",\"position\":2,\"name\":\"En r\u00e9gion \u00e7a bouge!\"}]},{\"@type\":\"WebSite\",\"@id\":\"https:\\\/\\\/regions-snetap-fsu.fr\\\/bfc\\\/#website\",\"url\":\"https:\\\/\\\/regions-snetap-fsu.fr\\\/bfc\\\/\",\"name\":\"SNETAP-FSU BOURGOGNE FRANCHE-COMTE\",\"description\":\"Le blog de la Section R\u00e9gionale\",\"publisher\":{\"@id\":\"https:\\\/\\\/regions-snetap-fsu.fr\\\/bfc\\\/#organization\"},\"potentialAction\":[{\"@type\":\"SearchAction\",\"target\":{\"@type\":\"EntryPoint\",\"urlTemplate\":\"https:\\\/\\\/regions-snetap-fsu.fr\\\/bfc\\\/?s={search_term_string}\"},\"query-input\":{\"@type\":\"PropertyValueSpecification\",\"valueRequired\":true,\"valueName\":\"search_term_string\"}}],\"inLanguage\":\"fr-FR\"},{\"@type\":\"Organization\",\"@id\":\"https:\\\/\\\/regions-snetap-fsu.fr\\\/bfc\\\/#organization\",\"name\":\"SNETAP-FSU Bourgogne Franche Comt\u00e9\",\"url\":\"https:\\\/\\\/regions-snetap-fsu.fr\\\/bfc\\\/\",\"logo\":{\"@type\":\"ImageObject\",\"inLanguage\":\"fr-FR\",\"@id\":\"https:\\\/\\\/regions-snetap-fsu.fr\\\/bfc\\\/#\\\/schema\\\/logo\\\/image\\\/\",\"url\":\"https:\\\/\\\/regions-snetap-fsu.fr\\\/bfc\\\/wp-content\\\/uploads\\\/sites\\\/8\\\/2020\\\/12\\\/SNETAP-Logo.jpg\",\"contentUrl\":\"https:\\\/\\\/regions-snetap-fsu.fr\\\/bfc\\\/wp-content\\\/uploads\\\/sites\\\/8\\\/2020\\\/12\\\/SNETAP-Logo.jpg\",\"width\":464,\"height\":334,\"caption\":\"SNETAP-FSU Bourgogne Franche Comt\u00e9\"},\"image\":{\"@id\":\"https:\\\/\\\/regions-snetap-fsu.fr\\\/bfc\\\/#\\\/schema\\\/logo\\\/image\\\/\"}},{\"@type\":\"Person\",\"@id\":\"\",\"url\":\"https:\\\/\\\/regions-snetap-fsu.fr\\\/bfc\\\/author\\\/\"}]}<\/script>\n<!-- \/ Yoast SEO plugin. -->","yoast_head_json":{"title":"En r\u00e9gion \u00e7a bouge! - BOURGOGNE FRANCHE-COMTE","robots":{"index":"index","follow":"follow","max-snippet":"max-snippet:-1","max-image-preview":"max-image-preview:large","max-video-preview":"max-video-preview:-1"},"canonical":"https:\/\/regions-snetap-fsu.fr\/bfc\/2022\/03\/13\/en-region-ca-bouge\/","og_locale":"fr_FR","og_type":"article","og_title":"En r\u00e9gion \u00e7a bouge! - BOURGOGNE FRANCHE-COMTE","og_description":"Quelques nouvelles de la section locale SNETAP lyc\u00e9e agricole de Fontaines &nbsp; Depuis deux\u00a0 ans la section n\u2019a pas pu organiser de grands rassemblements dans l\u2019\u00e9tablissement pour aborder des\u00a0 questions collectives mais s\u2019est orient\u00e9e sur des accompagnements plus personnalis\u00e9s. Nous allons reprendre les r\u00e9unions li\u00e9es \u00e0 la syndicalisation et ses enjeux d\u00e8s le mois d\u2019avril [&hellip;]","og_url":"https:\/\/regions-snetap-fsu.fr\/bfc\/2022\/03\/13\/en-region-ca-bouge\/","og_site_name":"BOURGOGNE FRANCHE-COMTE","article_published_time":"2022-03-13T14:51:51+00:00","article_modified_time":"2022-03-13T14:53:14+00:00","og_image":[{"width":85,"height":36,"url":"https:\/\/regions-snetap-fsu.fr\/bfc\/wp-content\/uploads\/sites\/8\/2022\/03\/fontaines-e1647183066383.jpg","type":"image\/jpeg"}],"twitter_card":"summary_large_image","twitter_misc":{"\u00c9crit par":"","Dur\u00e9e de lecture estim\u00e9e":"1 minute"},"schema":{"@context":"https:\/\/schema.org","@graph":[{"@type":"Article","@id":"https:\/\/regions-snetap-fsu.fr\/bfc\/2022\/03\/13\/en-region-ca-bouge\/#article","isPartOf":{"@id":"https:\/\/regions-snetap-fsu.fr\/bfc\/2022\/03\/13\/en-region-ca-bouge\/"},"author":{"name":"","@id":""},"headline":"En r\u00e9gion \u00e7a bouge!","datePublished":"2022-03-13T14:51:51+00:00","dateModified":"2022-03-13T14:53:14+00:00","mainEntityOfPage":{"@id":"https:\/\/regions-snetap-fsu.fr\/bfc\/2022\/03\/13\/en-region-ca-bouge\/"},"wordCount":226,"publisher":{"@id":"https:\/\/regions-snetap-fsu.fr\/bfc\/#organization"},"articleSection":["region"],"inLanguage":"fr-FR"},{"@type":"WebPage","@id":"https:\/\/regions-snetap-fsu.fr\/bfc\/2022\/03\/13\/en-region-ca-bouge\/","url":"https:\/\/regions-snetap-fsu.fr\/bfc\/2022\/03\/13\/en-region-ca-bouge\/","name":"En r\u00e9gion \u00e7a bouge! - BOURGOGNE FRANCHE-COMTE","isPartOf":{"@id":"https:\/\/regions-snetap-fsu.fr\/bfc\/#website"},"datePublished":"2022-03-13T14:51:51+00:00","dateModified":"2022-03-13T14:53:14+00:00","breadcrumb":{"@id":"https:\/\/regions-snetap-fsu.fr\/bfc\/2022\/03\/13\/en-region-ca-bouge\/#breadcrumb"},"inLanguage":"fr-FR","potentialAction":[{"@type":"ReadAction","target":["https:\/\/regions-snetap-fsu.fr\/bfc\/2022\/03\/13\/en-region-ca-bouge\/"]}]},{"@type":"BreadcrumbList","@id":"https:\/\/regions-snetap-fsu.fr\/bfc\/2022\/03\/13\/en-region-ca-bouge\/#breadcrumb","itemListElement":[{"@type":"ListItem","position":1,"name":"Accueil","item":"https:\/\/regions-snetap-fsu.fr\/bfc\/"},{"@type":"ListItem","position":2,"name":"En r\u00e9gion \u00e7a bouge!"}]},{"@type":"WebSite","@id":"https:\/\/regions-snetap-fsu.fr\/bfc\/#website","url":"https:\/\/regions-snetap-fsu.fr\/bfc\/","name":"SNETAP-FSU BOURGOGNE FRANCHE-COMTE","description":"Le blog de la Section R\u00e9gionale","publisher":{"@id":"https:\/\/regions-snetap-fsu.fr\/bfc\/#organization"},"potentialAction":[{"@type":"SearchAction","target":{"@type":"EntryPoint","urlTemplate":"https:\/\/regions-snetap-fsu.fr\/bfc\/?s={search_term_string}"},"query-input":{"@type":"PropertyValueSpecification","valueRequired":true,"valueName":"search_term_string"}}],"inLanguage":"fr-FR"},{"@type":"Organization","@id":"https:\/\/regions-snetap-fsu.fr\/bfc\/#organization","name":"SNETAP-FSU Bourgogne Franche Comt\u00e9","url":"https:\/\/regions-snetap-fsu.fr\/bfc\/","logo":{"@type":"ImageObject","inLanguage":"fr-FR","@id":"https:\/\/regions-snetap-fsu.fr\/bfc\/#\/schema\/logo\/image\/","url":"https:\/\/regions-snetap-fsu.fr\/bfc\/wp-content\/uploads\/sites\/8\/2020\/12\/SNETAP-Logo.jpg","contentUrl":"https:\/\/regions-snetap-fsu.fr\/bfc\/wp-content\/uploads\/sites\/8\/2020\/12\/SNETAP-Logo.jpg","width":464,"height":334,"caption":"SNETAP-FSU Bourgogne Franche Comt\u00e9"},"image":{"@id":"https:\/\/regions-snetap-fsu.fr\/bfc\/#\/schema\/logo\/image\/"}},{"@type":"Person","@id":"","url":"https:\/\/regions-snetap-fsu.fr\/bfc\/author\/"}]}},"_links":{"self":[{"href":"https:\/\/regions-snetap-fsu.fr\/bfc\/wp-json\/wp\/v2\/posts\/751","targetHints":{"allow":["GET"]}}],"collection":[{"href":"https:\/\/regions-snetap-fsu.fr\/bfc\/wp-json\/wp\/v2\/posts"}],"about":[{"href":"https:\/\/regions-snetap-fsu.fr\/bfc\/wp-json\/wp\/v2\/types\/post"}],"author":[{"embeddable":true,"href":"https:\/\/regions-snetap-fsu.fr\/bfc\/wp-json\/wp\/v2\/users\/109"}],"replies":[{"embeddable":true,"href":"https:\/\/regions-snetap-fsu.fr\/bfc\/wp-json\/wp\/v2\/comments?post=751"}],"version-history":[{"count":1,"href":"https:\/\/regions-snetap-fsu.fr\/bfc\/wp-json\/wp\/v2\/posts\/751\/revisions"}],"predecessor-version":[{"id":753,"href":"https:\/\/regions-snetap-fsu.fr\/bfc\/wp-json\/wp\/v2\/posts\/751\/revisions\/753"}],"wp:attachment":[{"href":"https:\/\/regions-snetap-fsu.fr\/bfc\/wp-json\/wp\/v2\/media?parent=751"}],"wp:term":[{"taxonomy":"category","embeddable":true,"href":"https:\/\/regions-snetap-fsu.fr\/bfc\/wp-json\/wp\/v2\/categories?post=751"},{"taxonomy":"post_tag","embeddable":true,"href":"https:\/\/regions-snetap-fsu.fr\/bfc\/wp-json\/wp\/v2\/tags?post=751"},{"taxonomy":"post_folder","embeddable":true,"href":"https:\/\/regions-snetap-fsu.fr\/bfc\/wp-json\/wp\/v2\/post_folder?post=751"}],"curies":[{"name":"wp","href":"https:\/\/api.w.org\/{rel}","templated":true}]}}