{"id":578,"date":"2021-01-22T14:16:32","date_gmt":"2021-01-22T13:16:32","guid":{"rendered":"https:\/\/regions-snetap-fsu.fr\/bfc\/?p=578"},"modified":"2021-01-22T14:16:32","modified_gmt":"2021-01-22T13:16:32","slug":"epreuves-de-specialites-annulees-en-stav","status":"publish","type":"post","link":"https:\/\/regions-snetap-fsu.fr\/bfc\/2021\/01\/22\/epreuves-de-specialites-annulees-en-stav\/","title":{"rendered":"Epreuves de sp\u00e9cialit\u00e9s annul\u00e9es  en STAV"},"content":{"rendered":"<p style=\"font-weight: 400\">Le Ministre charg\u00e9 de l&rsquo;\u00e9ducation nationale a annonc\u00e9 ses d\u00e9cisions quant aux dispositions \u00e0 adopter concernant des \u00e9preuves du baccalaur\u00e9at. Elles concernent donc \u00e9galement le baccalaur\u00e9at g\u00e9n\u00e9ral mis en \u0153uvre dans l&rsquo;enseignement agricole et le bac technologique Sciences et technologies de l&rsquo;agronomie et du vivant (STAV) d\u00e9livr\u00e9 par le Minist\u00e8re de l&rsquo;agriculture et de l&rsquo;alimentation (7000 candidats de 1\u00e8re et de Terminale).<\/p>\n<p style=\"font-weight: 400\">Dans le contexte sanitaire exceptionnel auquel nous sommes confront\u00e9s, de nouvelles\u00a0adaptations de la session 2021 de ces dipl\u00f4mes doivent \u00eatre ainsi appliqu\u00e9es.<br \/>\nC&rsquo;est dans ce cadre que\u00a0<strong>les \u00e9preuves des enseignements de sp\u00e9cialit\u00e9 du baccalaur\u00e9at g\u00e9n\u00e9ral (Math\u00e9matiques, Physique-Chimie et Biologie-Ecologie) et du baccalaur\u00e9at technologique STAV (\u00ab\u00a0Gestion des ressources et de l&rsquo;alimentation\u00a0\u00bb et \u00ab\u00a0Territoires et technologies\u00a0\u00bb) initialement pr\u00e9vues en mars, sont annul\u00e9es. La note des \u00e9preuves ponctuelles terminales des enseignements de sp\u00e9cialit\u00e9 sera constitu\u00e9e par la prise en compte des notes de contr\u00f4le continu, dites notes de bulletin.<br \/>\n<\/strong><\/p>\n<p style=\"font-weight: 400\">Une instruction prochaine viendra cadrer la constitution de ces notes pour garantir l&rsquo;\u00e9galit\u00e9 d&rsquo;\u00e9valuation des \u00e9l\u00e8ves.<\/p>\n<p><span style=\"font-weight: 400\">Dans le prolongement de cette d\u00e9cision, la proc\u00e9dure Parcoursup prendra en compte les moyennes qui sont port\u00e9es dans les bulletins des deux premiers trimestres ainsi que les appr\u00e9ciations des professeurs. Le calendrier initialement pr\u00e9vu pour la proc\u00e9dure d&rsquo;orientation sera respect\u00e9.\u00a0<\/span><br style=\"font-weight: 400\" \/><br style=\"font-weight: 400\" \/><strong>Le calendrier des \u00e9preuves du baccalaur\u00e9at g\u00e9n\u00e9ral, pr\u00e9vues en juin de cette session 2021, est maintenu par l&rsquo;Education nationale:<\/strong><\/p>\n<p style=\"font-weight: 400\">\u2014\u00a0\u00a0\u00a0\u00a0\u00a0pour la classe terminale, l&rsquo;\u00e9preuve de philosophie se tiendra le 17 juin\u00a0; les \u00e9preuves orales du Grand oral se d\u00e9rouleront du 21 juin au 2 juillet\u00a0;<\/p>\n<p style=\"font-weight: 400\">\u2014\u00a0\u00a0\u00a0\u00a0\u00a0pour la classe de premi\u00e8re, les \u00e9preuves anticip\u00e9es de fran\u00e7ais\u00a0\u00e9crites se tiendront le 17 juin\u00a0; les \u00e9preuves orales s&rsquo;\u00e9tendront du 21 juin au 2 juillet.<\/p>\n<p style=\"font-weight: 400\">Ces \u00e9preuves de philosophie et de fran\u00e7ais seront, elles aussi, am\u00e9nag\u00e9es pour que soient prises en compte les conditions particuli\u00e8res d&rsquo;apprentissage des \u00e9l\u00e8ves depuis mars 2020.<\/p>\n<p><strong>Le calendrier des \u00e9preuves du baccalaur\u00e9at technologique STAV, pr\u00e9vues en juin de cette session 2021, est maintenu par le Ministre de l&rsquo;agriculture et de l&rsquo;alimentation<\/strong><span style=\"font-weight: 400\">, tel que d\u00e9j\u00e0 fix\u00e9.\u00a0<\/span><\/p>\n<p style=\"font-weight: 400\">Ces \u00e9preuves seront am\u00e9nag\u00e9es pour que soient prises en compte les conditions particuli\u00e8res d&rsquo;apprentissage des \u00e9l\u00e8ves depuis mars 2020.<\/p>\n<p><strong>Pour nos dipl\u00f4mes professionnels<\/strong><span style=\"font-weight: 400\">, les \u00e9preuves ponctuelles terminales se tiendront comme pr\u00e9vu initialement. Pour les CCF qui ne pourraient pas \u00eatre r\u00e9alis\u00e9s en raison de la crise sanitaire, des notes de contr\u00f4le continu se substitueront \u00e0 la note de CCF.\u00a0<\/span><span style=\"font-weight: 400\">Une instruction prochaine viendra cadrer la constitution des ces notes pour garantir l&rsquo;\u00e9galit\u00e9 d&rsquo;\u00e9valuation des \u00e9l\u00e8ves.<\/p>\n<p><\/span><\/p>\n","protected":false},"excerpt":{"rendered":"<p>Le Ministre charg\u00e9 de l&rsquo;\u00e9ducation nationale a annonc\u00e9 ses d\u00e9cisions quant aux dispositions \u00e0 adopter concernant des \u00e9preuves du baccalaur\u00e9at. Elles concernent donc \u00e9galement le baccalaur\u00e9at g\u00e9n\u00e9ral mis en \u0153uvre dans l&rsquo;enseignement agricole et le bac technologique Sciences et technologies de l&rsquo;agronomie et du vivant (STAV) d\u00e9livr\u00e9 par le Minist\u00e8re de l&rsquo;agriculture et de l&rsquo;alimentation [&hellip;]<\/p>\n","protected":false},"author":109,"featured_media":579,"comment_status":"closed","ping_status":"closed","sticky":false,"template":"","format":"standard","meta":{"ocean_post_layout":"","ocean_both_sidebars_style":"","ocean_both_sidebars_content_width":0,"ocean_both_sidebars_sidebars_width":0,"ocean_sidebar":"0","ocean_second_sidebar":"0","ocean_disable_margins":"enable","ocean_add_body_class":"","ocean_shortcode_before_top_bar":"","ocean_shortcode_after_top_bar":"","ocean_shortcode_before_header":"","ocean_shortcode_after_header":"","ocean_has_shortcode":"","ocean_shortcode_after_title":"","ocean_shortcode_before_footer_widgets":"","ocean_shortcode_after_footer_widgets":"","ocean_shortcode_before_footer_bottom":"","ocean_shortcode_after_footer_bottom":"","ocean_display_top_bar":"default","ocean_display_header":"default","ocean_header_style":"","ocean_center_header_left_menu":"0","ocean_custom_header_template":"0","ocean_custom_logo":0,"ocean_custom_retina_logo":0,"ocean_custom_logo_max_width":0,"ocean_custom_logo_tablet_max_width":0,"ocean_custom_logo_mobile_max_width":0,"ocean_custom_logo_max_height":0,"ocean_custom_logo_tablet_max_height":0,"ocean_custom_logo_mobile_max_height":0,"ocean_header_custom_menu":"0","ocean_menu_typo_font_family":"0","ocean_menu_typo_font_subset":"","ocean_menu_typo_font_size":0,"ocean_menu_typo_font_size_tablet":0,"ocean_menu_typo_font_size_mobile":0,"ocean_menu_typo_font_size_unit":"px","ocean_menu_typo_font_weight":"","ocean_menu_typo_font_weight_tablet":"","ocean_menu_typo_font_weight_mobile":"","ocean_menu_typo_transform":"","ocean_menu_typo_transform_tablet":"","ocean_menu_typo_transform_mobile":"","ocean_menu_typo_line_height":0,"ocean_menu_typo_line_height_tablet":0,"ocean_menu_typo_line_height_mobile":0,"ocean_menu_typo_line_height_unit":"","ocean_menu_typo_spacing":0,"ocean_menu_typo_spacing_tablet":0,"ocean_menu_typo_spacing_mobile":0,"ocean_menu_typo_spacing_unit":"","ocean_menu_link_color":"","ocean_menu_link_color_hover":"","ocean_menu_link_color_active":"","ocean_menu_link_background":"","ocean_menu_link_hover_background":"","ocean_menu_link_active_background":"","ocean_menu_social_links_bg":"","ocean_menu_social_hover_links_bg":"","ocean_menu_social_links_color":"","ocean_menu_social_hover_links_color":"","ocean_disable_title":"default","ocean_disable_heading":"default","ocean_post_title":"","ocean_post_subheading":"","ocean_post_title_style":"","ocean_post_title_background_color":"","ocean_post_title_background":0,"ocean_post_title_bg_image_position":"","ocean_post_title_bg_image_attachment":"","ocean_post_title_bg_image_repeat":"","ocean_post_title_bg_image_size":"","ocean_post_title_height":0,"ocean_post_title_bg_overlay":0.5,"ocean_post_title_bg_overlay_color":"","ocean_disable_breadcrumbs":"default","ocean_breadcrumbs_color":"","ocean_breadcrumbs_separator_color":"","ocean_breadcrumbs_links_color":"","ocean_breadcrumbs_links_hover_color":"","ocean_display_footer_widgets":"default","ocean_display_footer_bottom":"default","ocean_custom_footer_template":"0","ocean_post_oembed":"","ocean_post_self_hosted_media":"","ocean_post_video_embed":"","ocean_link_format":"","ocean_link_format_target":"self","ocean_quote_format":"","ocean_quote_format_link":"post","ocean_gallery_link_images":"off","ocean_gallery_id":[],"footnotes":""},"categories":[15],"tags":[],"post_folder":[],"class_list":["post-578","post","type-post","status-publish","format-standard","has-post-thumbnail","hentry","category-informations-pratiques","entry","has-media"],"yoast_head":"<!-- This site is optimized with the Yoast SEO plugin v27.4 - https:\/\/yoast.com\/product\/yoast-seo-wordpress\/ -->\n<title>Epreuves de sp\u00e9cialit\u00e9s annul\u00e9es en STAV - BOURGOGNE FRANCHE-COMTE<\/title>\n<meta name=\"robots\" content=\"index, follow, max-snippet:-1, max-image-preview:large, max-video-preview:-1\" \/>\n<link rel=\"canonical\" href=\"https:\/\/regions-snetap-fsu.fr\/bfc\/2021\/01\/22\/epreuves-de-specialites-annulees-en-stav\/\" \/>\n<meta property=\"og:locale\" content=\"fr_FR\" \/>\n<meta property=\"og:type\" content=\"article\" \/>\n<meta property=\"og:title\" content=\"Epreuves de sp\u00e9cialit\u00e9s annul\u00e9es en STAV - BOURGOGNE FRANCHE-COMTE\" \/>\n<meta property=\"og:description\" content=\"Le Ministre charg\u00e9 de l&rsquo;\u00e9ducation nationale a annonc\u00e9 ses d\u00e9cisions quant aux dispositions \u00e0 adopter concernant des \u00e9preuves du baccalaur\u00e9at. Elles concernent donc \u00e9galement le baccalaur\u00e9at g\u00e9n\u00e9ral mis en \u0153uvre dans l&rsquo;enseignement agricole et le bac technologique Sciences et technologies de l&rsquo;agronomie et du vivant (STAV) d\u00e9livr\u00e9 par le Minist\u00e8re de l&rsquo;agriculture et de l&rsquo;alimentation [&hellip;]\" \/>\n<meta property=\"og:url\" content=\"https:\/\/regions-snetap-fsu.fr\/bfc\/2021\/01\/22\/epreuves-de-specialites-annulees-en-stav\/\" \/>\n<meta property=\"og:site_name\" content=\"BOURGOGNE FRANCHE-COMTE\" \/>\n<meta property=\"article:published_time\" content=\"2021-01-22T13:16:32+00:00\" \/>\n<meta property=\"og:image\" content=\"https:\/\/regions-snetap-fsu.fr\/bfc\/wp-content\/uploads\/sites\/8\/2021\/01\/baccalaureat.jpg\" \/>\n\t<meta property=\"og:image:width\" content=\"630\" \/>\n\t<meta property=\"og:image:height\" content=\"300\" \/>\n\t<meta property=\"og:image:type\" content=\"image\/jpeg\" \/>\n<meta name=\"twitter:card\" content=\"summary_large_image\" \/>\n<meta name=\"twitter:label1\" content=\"\u00c9crit par\" \/>\n\t<meta name=\"twitter:data1\" content=\"\" \/>\n\t<meta name=\"twitter:label2\" content=\"Dur\u00e9e de lecture estim\u00e9e\" \/>\n\t<meta name=\"twitter:data2\" content=\"2 minutes\" \/>\n<script type=\"application\/ld+json\" class=\"yoast-schema-graph\">{\"@context\":\"https:\\\/\\\/schema.org\",\"@graph\":[{\"@type\":\"Article\",\"@id\":\"https:\\\/\\\/regions-snetap-fsu.fr\\\/bfc\\\/2021\\\/01\\\/22\\\/epreuves-de-specialites-annulees-en-stav\\\/#article\",\"isPartOf\":{\"@id\":\"https:\\\/\\\/regions-snetap-fsu.fr\\\/bfc\\\/2021\\\/01\\\/22\\\/epreuves-de-specialites-annulees-en-stav\\\/\"},\"author\":{\"name\":\"\",\"@id\":\"\"},\"headline\":\"Epreuves de sp\u00e9cialit\u00e9s annul\u00e9es en STAV\",\"datePublished\":\"2021-01-22T13:16:32+00:00\",\"mainEntityOfPage\":{\"@id\":\"https:\\\/\\\/regions-snetap-fsu.fr\\\/bfc\\\/2021\\\/01\\\/22\\\/epreuves-de-specialites-annulees-en-stav\\\/\"},\"wordCount\":475,\"publisher\":{\"@id\":\"https:\\\/\\\/regions-snetap-fsu.fr\\\/bfc\\\/#organization\"},\"image\":{\"@id\":\"https:\\\/\\\/regions-snetap-fsu.fr\\\/bfc\\\/2021\\\/01\\\/22\\\/epreuves-de-specialites-annulees-en-stav\\\/#primaryimage\"},\"thumbnailUrl\":\"https:\\\/\\\/regions-snetap-fsu.fr\\\/bfc\\\/wp-content\\\/uploads\\\/sites\\\/8\\\/2021\\\/01\\\/baccalaureat.jpg\",\"articleSection\":[\"informations pratiques\"],\"inLanguage\":\"fr-FR\"},{\"@type\":\"WebPage\",\"@id\":\"https:\\\/\\\/regions-snetap-fsu.fr\\\/bfc\\\/2021\\\/01\\\/22\\\/epreuves-de-specialites-annulees-en-stav\\\/\",\"url\":\"https:\\\/\\\/regions-snetap-fsu.fr\\\/bfc\\\/2021\\\/01\\\/22\\\/epreuves-de-specialites-annulees-en-stav\\\/\",\"name\":\"Epreuves de sp\u00e9cialit\u00e9s annul\u00e9es en STAV - BOURGOGNE FRANCHE-COMTE\",\"isPartOf\":{\"@id\":\"https:\\\/\\\/regions-snetap-fsu.fr\\\/bfc\\\/#website\"},\"primaryImageOfPage\":{\"@id\":\"https:\\\/\\\/regions-snetap-fsu.fr\\\/bfc\\\/2021\\\/01\\\/22\\\/epreuves-de-specialites-annulees-en-stav\\\/#primaryimage\"},\"image\":{\"@id\":\"https:\\\/\\\/regions-snetap-fsu.fr\\\/bfc\\\/2021\\\/01\\\/22\\\/epreuves-de-specialites-annulees-en-stav\\\/#primaryimage\"},\"thumbnailUrl\":\"https:\\\/\\\/regions-snetap-fsu.fr\\\/bfc\\\/wp-content\\\/uploads\\\/sites\\\/8\\\/2021\\\/01\\\/baccalaureat.jpg\",\"datePublished\":\"2021-01-22T13:16:32+00:00\",\"breadcrumb\":{\"@id\":\"https:\\\/\\\/regions-snetap-fsu.fr\\\/bfc\\\/2021\\\/01\\\/22\\\/epreuves-de-specialites-annulees-en-stav\\\/#breadcrumb\"},\"inLanguage\":\"fr-FR\",\"potentialAction\":[{\"@type\":\"ReadAction\",\"target\":[\"https:\\\/\\\/regions-snetap-fsu.fr\\\/bfc\\\/2021\\\/01\\\/22\\\/epreuves-de-specialites-annulees-en-stav\\\/\"]}]},{\"@type\":\"ImageObject\",\"inLanguage\":\"fr-FR\",\"@id\":\"https:\\\/\\\/regions-snetap-fsu.fr\\\/bfc\\\/2021\\\/01\\\/22\\\/epreuves-de-specialites-annulees-en-stav\\\/#primaryimage\",\"url\":\"https:\\\/\\\/regions-snetap-fsu.fr\\\/bfc\\\/wp-content\\\/uploads\\\/sites\\\/8\\\/2021\\\/01\\\/baccalaureat.jpg\",\"contentUrl\":\"https:\\\/\\\/regions-snetap-fsu.fr\\\/bfc\\\/wp-content\\\/uploads\\\/sites\\\/8\\\/2021\\\/01\\\/baccalaureat.jpg\",\"width\":630,\"height\":300},{\"@type\":\"BreadcrumbList\",\"@id\":\"https:\\\/\\\/regions-snetap-fsu.fr\\\/bfc\\\/2021\\\/01\\\/22\\\/epreuves-de-specialites-annulees-en-stav\\\/#breadcrumb\",\"itemListElement\":[{\"@type\":\"ListItem\",\"position\":1,\"name\":\"Accueil\",\"item\":\"https:\\\/\\\/regions-snetap-fsu.fr\\\/bfc\\\/\"},{\"@type\":\"ListItem\",\"position\":2,\"name\":\"Epreuves de sp\u00e9cialit\u00e9s annul\u00e9es en STAV\"}]},{\"@type\":\"WebSite\",\"@id\":\"https:\\\/\\\/regions-snetap-fsu.fr\\\/bfc\\\/#website\",\"url\":\"https:\\\/\\\/regions-snetap-fsu.fr\\\/bfc\\\/\",\"name\":\"SNETAP-FSU BOURGOGNE FRANCHE-COMTE\",\"description\":\"Le blog de la Section R\u00e9gionale\",\"publisher\":{\"@id\":\"https:\\\/\\\/regions-snetap-fsu.fr\\\/bfc\\\/#organization\"},\"potentialAction\":[{\"@type\":\"SearchAction\",\"target\":{\"@type\":\"EntryPoint\",\"urlTemplate\":\"https:\\\/\\\/regions-snetap-fsu.fr\\\/bfc\\\/?s={search_term_string}\"},\"query-input\":{\"@type\":\"PropertyValueSpecification\",\"valueRequired\":true,\"valueName\":\"search_term_string\"}}],\"inLanguage\":\"fr-FR\"},{\"@type\":\"Organization\",\"@id\":\"https:\\\/\\\/regions-snetap-fsu.fr\\\/bfc\\\/#organization\",\"name\":\"SNETAP-FSU Bourgogne Franche Comt\u00e9\",\"url\":\"https:\\\/\\\/regions-snetap-fsu.fr\\\/bfc\\\/\",\"logo\":{\"@type\":\"ImageObject\",\"inLanguage\":\"fr-FR\",\"@id\":\"https:\\\/\\\/regions-snetap-fsu.fr\\\/bfc\\\/#\\\/schema\\\/logo\\\/image\\\/\",\"url\":\"https:\\\/\\\/regions-snetap-fsu.fr\\\/bfc\\\/wp-content\\\/uploads\\\/sites\\\/8\\\/2020\\\/12\\\/SNETAP-Logo.jpg\",\"contentUrl\":\"https:\\\/\\\/regions-snetap-fsu.fr\\\/bfc\\\/wp-content\\\/uploads\\\/sites\\\/8\\\/2020\\\/12\\\/SNETAP-Logo.jpg\",\"width\":464,\"height\":334,\"caption\":\"SNETAP-FSU Bourgogne Franche Comt\u00e9\"},\"image\":{\"@id\":\"https:\\\/\\\/regions-snetap-fsu.fr\\\/bfc\\\/#\\\/schema\\\/logo\\\/image\\\/\"}},{\"@type\":\"Person\",\"@id\":\"\",\"url\":\"https:\\\/\\\/regions-snetap-fsu.fr\\\/bfc\\\/author\\\/\"}]}<\/script>\n<!-- \/ Yoast SEO plugin. -->","yoast_head_json":{"title":"Epreuves de sp\u00e9cialit\u00e9s annul\u00e9es en STAV - BOURGOGNE FRANCHE-COMTE","robots":{"index":"index","follow":"follow","max-snippet":"max-snippet:-1","max-image-preview":"max-image-preview:large","max-video-preview":"max-video-preview:-1"},"canonical":"https:\/\/regions-snetap-fsu.fr\/bfc\/2021\/01\/22\/epreuves-de-specialites-annulees-en-stav\/","og_locale":"fr_FR","og_type":"article","og_title":"Epreuves de sp\u00e9cialit\u00e9s annul\u00e9es en STAV - BOURGOGNE FRANCHE-COMTE","og_description":"Le Ministre charg\u00e9 de l&rsquo;\u00e9ducation nationale a annonc\u00e9 ses d\u00e9cisions quant aux dispositions \u00e0 adopter concernant des \u00e9preuves du baccalaur\u00e9at. Elles concernent donc \u00e9galement le baccalaur\u00e9at g\u00e9n\u00e9ral mis en \u0153uvre dans l&rsquo;enseignement agricole et le bac technologique Sciences et technologies de l&rsquo;agronomie et du vivant (STAV) d\u00e9livr\u00e9 par le Minist\u00e8re de l&rsquo;agriculture et de l&rsquo;alimentation [&hellip;]","og_url":"https:\/\/regions-snetap-fsu.fr\/bfc\/2021\/01\/22\/epreuves-de-specialites-annulees-en-stav\/","og_site_name":"BOURGOGNE FRANCHE-COMTE","article_published_time":"2021-01-22T13:16:32+00:00","og_image":[{"width":630,"height":300,"url":"https:\/\/regions-snetap-fsu.fr\/bfc\/wp-content\/uploads\/sites\/8\/2021\/01\/baccalaureat.jpg","type":"image\/jpeg"}],"twitter_card":"summary_large_image","twitter_misc":{"\u00c9crit par":"","Dur\u00e9e de lecture estim\u00e9e":"2 minutes"},"schema":{"@context":"https:\/\/schema.org","@graph":[{"@type":"Article","@id":"https:\/\/regions-snetap-fsu.fr\/bfc\/2021\/01\/22\/epreuves-de-specialites-annulees-en-stav\/#article","isPartOf":{"@id":"https:\/\/regions-snetap-fsu.fr\/bfc\/2021\/01\/22\/epreuves-de-specialites-annulees-en-stav\/"},"author":{"name":"","@id":""},"headline":"Epreuves de sp\u00e9cialit\u00e9s annul\u00e9es en STAV","datePublished":"2021-01-22T13:16:32+00:00","mainEntityOfPage":{"@id":"https:\/\/regions-snetap-fsu.fr\/bfc\/2021\/01\/22\/epreuves-de-specialites-annulees-en-stav\/"},"wordCount":475,"publisher":{"@id":"https:\/\/regions-snetap-fsu.fr\/bfc\/#organization"},"image":{"@id":"https:\/\/regions-snetap-fsu.fr\/bfc\/2021\/01\/22\/epreuves-de-specialites-annulees-en-stav\/#primaryimage"},"thumbnailUrl":"https:\/\/regions-snetap-fsu.fr\/bfc\/wp-content\/uploads\/sites\/8\/2021\/01\/baccalaureat.jpg","articleSection":["informations pratiques"],"inLanguage":"fr-FR"},{"@type":"WebPage","@id":"https:\/\/regions-snetap-fsu.fr\/bfc\/2021\/01\/22\/epreuves-de-specialites-annulees-en-stav\/","url":"https:\/\/regions-snetap-fsu.fr\/bfc\/2021\/01\/22\/epreuves-de-specialites-annulees-en-stav\/","name":"Epreuves de sp\u00e9cialit\u00e9s annul\u00e9es en STAV - BOURGOGNE FRANCHE-COMTE","isPartOf":{"@id":"https:\/\/regions-snetap-fsu.fr\/bfc\/#website"},"primaryImageOfPage":{"@id":"https:\/\/regions-snetap-fsu.fr\/bfc\/2021\/01\/22\/epreuves-de-specialites-annulees-en-stav\/#primaryimage"},"image":{"@id":"https:\/\/regions-snetap-fsu.fr\/bfc\/2021\/01\/22\/epreuves-de-specialites-annulees-en-stav\/#primaryimage"},"thumbnailUrl":"https:\/\/regions-snetap-fsu.fr\/bfc\/wp-content\/uploads\/sites\/8\/2021\/01\/baccalaureat.jpg","datePublished":"2021-01-22T13:16:32+00:00","breadcrumb":{"@id":"https:\/\/regions-snetap-fsu.fr\/bfc\/2021\/01\/22\/epreuves-de-specialites-annulees-en-stav\/#breadcrumb"},"inLanguage":"fr-FR","potentialAction":[{"@type":"ReadAction","target":["https:\/\/regions-snetap-fsu.fr\/bfc\/2021\/01\/22\/epreuves-de-specialites-annulees-en-stav\/"]}]},{"@type":"ImageObject","inLanguage":"fr-FR","@id":"https:\/\/regions-snetap-fsu.fr\/bfc\/2021\/01\/22\/epreuves-de-specialites-annulees-en-stav\/#primaryimage","url":"https:\/\/regions-snetap-fsu.fr\/bfc\/wp-content\/uploads\/sites\/8\/2021\/01\/baccalaureat.jpg","contentUrl":"https:\/\/regions-snetap-fsu.fr\/bfc\/wp-content\/uploads\/sites\/8\/2021\/01\/baccalaureat.jpg","width":630,"height":300},{"@type":"BreadcrumbList","@id":"https:\/\/regions-snetap-fsu.fr\/bfc\/2021\/01\/22\/epreuves-de-specialites-annulees-en-stav\/#breadcrumb","itemListElement":[{"@type":"ListItem","position":1,"name":"Accueil","item":"https:\/\/regions-snetap-fsu.fr\/bfc\/"},{"@type":"ListItem","position":2,"name":"Epreuves de sp\u00e9cialit\u00e9s annul\u00e9es en STAV"}]},{"@type":"WebSite","@id":"https:\/\/regions-snetap-fsu.fr\/bfc\/#website","url":"https:\/\/regions-snetap-fsu.fr\/bfc\/","name":"SNETAP-FSU BOURGOGNE FRANCHE-COMTE","description":"Le blog de la Section R\u00e9gionale","publisher":{"@id":"https:\/\/regions-snetap-fsu.fr\/bfc\/#organization"},"potentialAction":[{"@type":"SearchAction","target":{"@type":"EntryPoint","urlTemplate":"https:\/\/regions-snetap-fsu.fr\/bfc\/?s={search_term_string}"},"query-input":{"@type":"PropertyValueSpecification","valueRequired":true,"valueName":"search_term_string"}}],"inLanguage":"fr-FR"},{"@type":"Organization","@id":"https:\/\/regions-snetap-fsu.fr\/bfc\/#organization","name":"SNETAP-FSU Bourgogne Franche Comt\u00e9","url":"https:\/\/regions-snetap-fsu.fr\/bfc\/","logo":{"@type":"ImageObject","inLanguage":"fr-FR","@id":"https:\/\/regions-snetap-fsu.fr\/bfc\/#\/schema\/logo\/image\/","url":"https:\/\/regions-snetap-fsu.fr\/bfc\/wp-content\/uploads\/sites\/8\/2020\/12\/SNETAP-Logo.jpg","contentUrl":"https:\/\/regions-snetap-fsu.fr\/bfc\/wp-content\/uploads\/sites\/8\/2020\/12\/SNETAP-Logo.jpg","width":464,"height":334,"caption":"SNETAP-FSU Bourgogne Franche Comt\u00e9"},"image":{"@id":"https:\/\/regions-snetap-fsu.fr\/bfc\/#\/schema\/logo\/image\/"}},{"@type":"Person","@id":"","url":"https:\/\/regions-snetap-fsu.fr\/bfc\/author\/"}]}},"_links":{"self":[{"href":"https:\/\/regions-snetap-fsu.fr\/bfc\/wp-json\/wp\/v2\/posts\/578","targetHints":{"allow":["GET"]}}],"collection":[{"href":"https:\/\/regions-snetap-fsu.fr\/bfc\/wp-json\/wp\/v2\/posts"}],"about":[{"href":"https:\/\/regions-snetap-fsu.fr\/bfc\/wp-json\/wp\/v2\/types\/post"}],"author":[{"embeddable":true,"href":"https:\/\/regions-snetap-fsu.fr\/bfc\/wp-json\/wp\/v2\/users\/109"}],"replies":[{"embeddable":true,"href":"https:\/\/regions-snetap-fsu.fr\/bfc\/wp-json\/wp\/v2\/comments?post=578"}],"version-history":[{"count":1,"href":"https:\/\/regions-snetap-fsu.fr\/bfc\/wp-json\/wp\/v2\/posts\/578\/revisions"}],"predecessor-version":[{"id":580,"href":"https:\/\/regions-snetap-fsu.fr\/bfc\/wp-json\/wp\/v2\/posts\/578\/revisions\/580"}],"wp:featuredmedia":[{"embeddable":true,"href":"https:\/\/regions-snetap-fsu.fr\/bfc\/wp-json\/wp\/v2\/media\/579"}],"wp:attachment":[{"href":"https:\/\/regions-snetap-fsu.fr\/bfc\/wp-json\/wp\/v2\/media?parent=578"}],"wp:term":[{"taxonomy":"category","embeddable":true,"href":"https:\/\/regions-snetap-fsu.fr\/bfc\/wp-json\/wp\/v2\/categories?post=578"},{"taxonomy":"post_tag","embeddable":true,"href":"https:\/\/regions-snetap-fsu.fr\/bfc\/wp-json\/wp\/v2\/tags?post=578"},{"taxonomy":"post_folder","embeddable":true,"href":"https:\/\/regions-snetap-fsu.fr\/bfc\/wp-json\/wp\/v2\/post_folder?post=578"}],"curies":[{"name":"wp","href":"https:\/\/api.w.org\/{rel}","templated":true}]}}