{"id":481,"date":"2020-12-04T16:53:48","date_gmt":"2020-12-04T15:53:48","guid":{"rendered":"https:\/\/regions-snetap-fsu.fr\/bfc\/?p=481"},"modified":"2020-12-04T16:53:48","modified_gmt":"2020-12-04T15:53:48","slug":"formation-secretaires-de-section-en-janvier","status":"publish","type":"post","link":"https:\/\/regions-snetap-fsu.fr\/bfc\/2020\/12\/04\/formation-secretaires-de-section-en-janvier\/","title":{"rendered":"Formation secr\u00e9taires de section en janvier"},"content":{"rendered":"<p align=\"left\">Les nouveaux.elles secr\u00e9taires national.ale du secteur \u00ab Syndicalisme et Formation syndicale \u00bb vous proposent de participer \u00e0 un \u00ab stage \u00bb de formation qui s\u2019adresse particuli\u00e8rement aux nouvelles et nouveaux camarades ayant pris une responsabilit\u00e9 de co-secr\u00e9taire de section dans leur \u00e9tablissement il y a peu (2-3 ans) ou d\u2019adjoint.e.<\/p>\n<p align=\"left\">Ce stage syndical se fera en visioconf\u00e9rence sur une demi-journ\u00e9e et les codes d&rsquo;acc\u00e8s seront communiqu\u00e9s aux participant-es la veille de chaque r\u00e9union.<\/p>\n<p align=\"left\">L\u2019objectif de la demi journ\u00e9e\u00a0:<\/p>\n<p align=\"left\">&#8211; faire connaissance durant cette ann\u00e9e sans congr\u00e8s\u00a0;<\/p>\n<p align=\"left\">&#8211; pr\u00e9senter le fonctionnement du SNETAP. Qui fait quoi? au niveau national avec la pr\u00e9sence de l\u2019un.e des membres du Secr\u00e9tariat G\u00e9n\u00e9ral, selon disponibilit\u00e9s ;<\/p>\n<p align=\"left\">&#8211; un point sur la situation, les relations SNETAP-Minist\u00e8re ;<\/p>\n<p align=\"left\">&#8211; des \u00e9l\u00e9ments d\u2019organisation : Heure Mensuelle d\u2019Information\/ participation \u00e0 des r\u00e9unions syndicales\/ local syndical\/ panneau d\u2019affichage\u2026 ;<\/p>\n<p align=\"left\">&#8211; les relations possibles avec le niveau f\u00e9d\u00e9ral de la FSU\u00a0: la SD de votre d\u00e9partement<\/p>\n<p align=\"left\">Nous vous proposons les dates suivantes au choix dans une limite de 35 participant.es :<\/p>\n<p align=\"left\">le jeudi\u00a0<strong>7<\/strong>\u00a0janvier 2021 matin 9h-12h<\/p>\n<div class=\"nGJqzd OLw7vb\"><\/div>\n<div id=\"xDetDlgDesc\" class=\"NI2kfb S4zwaf\"><a href=\"https:\/\/doodle.com\/poll\/mfrq9ukgpesrv7uh?utm_source=poll&amp;utm_medium=link\" target=\"_blank\" rel=\"noopener noreferrer\">INSCRIPTION SSy -07-01-2021<\/a><\/div>\n<p align=\"left\"><a href=\"https:\/\/drive.google.com\/file\/d\/1uGpbHax2ihBrjxwZpS0xth9G7KM3G8J9\/view?usp=sharing\" target=\"_blank\" rel=\"noopener noreferrer\">CONVOCATION SSy-07-01-2021<\/a><\/p>\n<p align=\"left\">le jeudi\u00a0<strong>14<\/strong>\u00a0janvier 2021 matin 9h-12h<\/p>\n<div class=\"nGJqzd OLw7vb\"><\/div>\n<div id=\"xDetDlgDesc\" class=\"NI2kfb S4zwaf\"><a href=\"https:\/\/doodle.com\/poll\/ze2yc9k44y59xzz6?utm_source=poll&amp;utm_medium=link\" target=\"_blank\" rel=\"noopener noreferrer\">INSCRIPTION SSy-14-01-2021<\/a><\/div>\n<div class=\"NI2kfb S4zwaf\"><a href=\"https:\/\/drive.google.com\/file\/d\/1q-WnnxXvjuYZGwgmEUOuS3Dr3EVJ4BKW\/view?usp=sharing\" target=\"_blank\" rel=\"noopener noreferrer\">CONVOCATION SSy-14-01-2021<\/a><\/div>\n<div class=\"NI2kfb S4zwaf\"><\/div>\n<p align=\"left\">Nous pourrons programmer de nouvelles s\u00e9ances si n\u00e9cessaires.<\/p>\n<p align=\"left\">Inscrivez-vous !<\/p>\n<p align=\"left\">En ce qui concerne la convocation que vous pouvez t\u00e9l\u00e9charger en suivant les liens ci-dessus, celle-ci est ouverte afin que vous puissiez la rendre nominative si n\u00e9cessaire.<\/p>\n<p align=\"left\">S&rsquo;agissant d&rsquo;une formation homologu\u00e9e par la FSU, vous disposez de jours par an afin d&rsquo;assister \u00e0 ces stages sans perte de salaire et sans rattrapper ses heures et aussi bien pour les titulaires que les contractuels.<\/p>\n<p align=\"left\">Cependant la contrainte pour y pr\u00e9tendre est de fournir \u00e0 sa hierarchie une \u00ab\u00a0demande d&rsquo;autorisation d&rsquo;absence pour formation syndicale\u00a0\u00bb\u00a0<strong>1 mois avant la dite formation, avant le 7 d\u00e9cembre 2020 pour le stage du 7 janvier 2021 et avant le 14 d\u00e9cembre 2020 pour celui du 14 janvier 2021.<\/strong><\/p>\n<p align=\"left\">Document (n&rsquo;oubliez pas d&rsquo;en garder une photocopie):<\/p>\n<p align=\"left\"><a href=\"https:\/\/drive.google.com\/file\/d\/1IlxoDnLbQFoGlH99iIdBEWddavcsnn51\/view?usp=sharing\" target=\"_blank\" rel=\"noopener noreferrer\">ABSENCE FORMATION SYNDICALE<\/a><\/p>\n<p align=\"left\">Si la date butoir \u00e9tait d\u00e9pass\u00e9e pour cette forme d&rsquo;absence, il vous faudra utiliser les demi-feuillets d&rsquo;Autorisation d&rsquo;Absence \u00ab\u00a02021\u00a0\u00bb et non \u00ab\u00a02020\u00a0\u00bb que certain-es ont d\u00e9j\u00e0 en leur possession. Il faudra vous rapprocher de la permanence nationale en ce d\u00e9but d&rsquo;ann\u00e9e si nous les recevons en temps et en heure mais une solution sera trouv\u00e9e.<\/p>\n<p align=\"left\">Enfin, le Secr\u00e9tariat Vie Syndicale reste \u00e0 votre disposition pour toute information compl\u00e9mentaire et tout probl\u00e8me rencontr\u00e9.<\/p>\n<p align=\"left\"><a href=\"mailto:snetap@snetap-fsu.fr\" rel=\"noreferrer\">snetap@snetap-fsu.fr<\/a><\/p>\n<p align=\"left\">Nous sommes preneurs de vos questions qui nous parviendraient \u00e0 l\u2019adresse suivante\u00a0:\u00a0<a href=\"mailto:formation@snetap-fsu.fr\" rel=\"noreferrer\">formation@snetap-fsu.fr<\/a><\/p>\n<p align=\"left\">A tr\u00e8s bient\u00f4t<\/p>\n<p align=\"left\">Secteur Formation SNETAP-FSU<\/p>\n<p align=\"left\">Chantal Bahurlet, Laurent Thoraval<\/p>\n","protected":false},"excerpt":{"rendered":"<p>Les nouveaux.elles secr\u00e9taires national.ale du secteur \u00ab Syndicalisme et Formation syndicale \u00bb vous proposent de participer \u00e0 un \u00ab stage \u00bb de formation qui s\u2019adresse particuli\u00e8rement aux nouvelles et nouveaux camarades ayant pris une responsabilit\u00e9 de co-secr\u00e9taire de section dans leur \u00e9tablissement il y a peu (2-3 ans) ou d\u2019adjoint.e. Ce stage syndical se fera [&hellip;]<\/p>\n","protected":false},"author":109,"featured_media":0,"comment_status":"closed","ping_status":"closed","sticky":false,"template":"","format":"standard","meta":{"ocean_post_layout":"","ocean_both_sidebars_style":"","ocean_both_sidebars_content_width":0,"ocean_both_sidebars_sidebars_width":0,"ocean_sidebar":"0","ocean_second_sidebar":"0","ocean_disable_margins":"enable","ocean_add_body_class":"","ocean_shortcode_before_top_bar":"","ocean_shortcode_after_top_bar":"","ocean_shortcode_before_header":"","ocean_shortcode_after_header":"","ocean_has_shortcode":"","ocean_shortcode_after_title":"","ocean_shortcode_before_footer_widgets":"","ocean_shortcode_after_footer_widgets":"","ocean_shortcode_before_footer_bottom":"","ocean_shortcode_after_footer_bottom":"","ocean_display_top_bar":"default","ocean_display_header":"default","ocean_header_style":"","ocean_center_header_left_menu":"0","ocean_custom_header_template":"0","ocean_custom_logo":0,"ocean_custom_retina_logo":0,"ocean_custom_logo_max_width":0,"ocean_custom_logo_tablet_max_width":0,"ocean_custom_logo_mobile_max_width":0,"ocean_custom_logo_max_height":0,"ocean_custom_logo_tablet_max_height":0,"ocean_custom_logo_mobile_max_height":0,"ocean_header_custom_menu":"0","ocean_menu_typo_font_family":"0","ocean_menu_typo_font_subset":"","ocean_menu_typo_font_size":0,"ocean_menu_typo_font_size_tablet":0,"ocean_menu_typo_font_size_mobile":0,"ocean_menu_typo_font_size_unit":"px","ocean_menu_typo_font_weight":"","ocean_menu_typo_font_weight_tablet":"","ocean_menu_typo_font_weight_mobile":"","ocean_menu_typo_transform":"","ocean_menu_typo_transform_tablet":"","ocean_menu_typo_transform_mobile":"","ocean_menu_typo_line_height":0,"ocean_menu_typo_line_height_tablet":0,"ocean_menu_typo_line_height_mobile":0,"ocean_menu_typo_line_height_unit":"","ocean_menu_typo_spacing":0,"ocean_menu_typo_spacing_tablet":0,"ocean_menu_typo_spacing_mobile":0,"ocean_menu_typo_spacing_unit":"","ocean_menu_link_color":"","ocean_menu_link_color_hover":"","ocean_menu_link_color_active":"","ocean_menu_link_background":"","ocean_menu_link_hover_background":"","ocean_menu_link_active_background":"","ocean_menu_social_links_bg":"","ocean_menu_social_hover_links_bg":"","ocean_menu_social_links_color":"","ocean_menu_social_hover_links_color":"","ocean_disable_title":"default","ocean_disable_heading":"default","ocean_post_title":"","ocean_post_subheading":"","ocean_post_title_style":"","ocean_post_title_background_color":"","ocean_post_title_background":0,"ocean_post_title_bg_image_position":"","ocean_post_title_bg_image_attachment":"","ocean_post_title_bg_image_repeat":"","ocean_post_title_bg_image_size":"","ocean_post_title_height":0,"ocean_post_title_bg_overlay":0.5,"ocean_post_title_bg_overlay_color":"","ocean_disable_breadcrumbs":"default","ocean_breadcrumbs_color":"","ocean_breadcrumbs_separator_color":"","ocean_breadcrumbs_links_color":"","ocean_breadcrumbs_links_hover_color":"","ocean_display_footer_widgets":"default","ocean_display_footer_bottom":"default","ocean_custom_footer_template":"0","ocean_post_oembed":"","ocean_post_self_hosted_media":"","ocean_post_video_embed":"","ocean_link_format":"","ocean_link_format_target":"self","ocean_quote_format":"","ocean_quote_format_link":"post","ocean_gallery_link_images":"off","ocean_gallery_id":[],"footnotes":""},"categories":[6],"tags":[],"post_folder":[],"class_list":["post-481","post","type-post","status-publish","format-standard","hentry","category-actions","entry"],"yoast_head":"<!-- This site is optimized with the Yoast SEO plugin v27.4 - https:\/\/yoast.com\/product\/yoast-seo-wordpress\/ -->\n<title>Formation secr\u00e9taires de section en janvier - BOURGOGNE FRANCHE-COMTE<\/title>\n<meta name=\"robots\" content=\"index, follow, max-snippet:-1, max-image-preview:large, max-video-preview:-1\" \/>\n<link rel=\"canonical\" href=\"https:\/\/regions-snetap-fsu.fr\/bfc\/2020\/12\/04\/formation-secretaires-de-section-en-janvier\/\" \/>\n<meta property=\"og:locale\" content=\"fr_FR\" \/>\n<meta property=\"og:type\" content=\"article\" \/>\n<meta property=\"og:title\" content=\"Formation secr\u00e9taires de section en janvier - BOURGOGNE FRANCHE-COMTE\" \/>\n<meta property=\"og:description\" content=\"Les nouveaux.elles secr\u00e9taires national.ale du secteur \u00ab Syndicalisme et Formation syndicale \u00bb vous proposent de participer \u00e0 un \u00ab stage \u00bb de formation qui s\u2019adresse particuli\u00e8rement aux nouvelles et nouveaux camarades ayant pris une responsabilit\u00e9 de co-secr\u00e9taire de section dans leur \u00e9tablissement il y a peu (2-3 ans) ou d\u2019adjoint.e. Ce stage syndical se fera [&hellip;]\" \/>\n<meta property=\"og:url\" content=\"https:\/\/regions-snetap-fsu.fr\/bfc\/2020\/12\/04\/formation-secretaires-de-section-en-janvier\/\" \/>\n<meta property=\"og:site_name\" content=\"BOURGOGNE FRANCHE-COMTE\" \/>\n<meta property=\"article:published_time\" content=\"2020-12-04T15:53:48+00:00\" \/>\n<meta name=\"twitter:card\" content=\"summary_large_image\" \/>\n<meta name=\"twitter:label1\" content=\"\u00c9crit par\" \/>\n\t<meta name=\"twitter:data1\" content=\"\" \/>\n\t<meta name=\"twitter:label2\" content=\"Dur\u00e9e de lecture estim\u00e9e\" \/>\n\t<meta name=\"twitter:data2\" content=\"2 minutes\" \/>\n<script type=\"application\/ld+json\" class=\"yoast-schema-graph\">{\"@context\":\"https:\\\/\\\/schema.org\",\"@graph\":[{\"@type\":\"Article\",\"@id\":\"https:\\\/\\\/regions-snetap-fsu.fr\\\/bfc\\\/2020\\\/12\\\/04\\\/formation-secretaires-de-section-en-janvier\\\/#article\",\"isPartOf\":{\"@id\":\"https:\\\/\\\/regions-snetap-fsu.fr\\\/bfc\\\/2020\\\/12\\\/04\\\/formation-secretaires-de-section-en-janvier\\\/\"},\"author\":{\"name\":\"\",\"@id\":\"\"},\"headline\":\"Formation secr\u00e9taires de section en janvier\",\"datePublished\":\"2020-12-04T15:53:48+00:00\",\"mainEntityOfPage\":{\"@id\":\"https:\\\/\\\/regions-snetap-fsu.fr\\\/bfc\\\/2020\\\/12\\\/04\\\/formation-secretaires-de-section-en-janvier\\\/\"},\"wordCount\":478,\"publisher\":{\"@id\":\"https:\\\/\\\/regions-snetap-fsu.fr\\\/bfc\\\/#organization\"},\"articleSection\":[\"Actions\"],\"inLanguage\":\"fr-FR\"},{\"@type\":\"WebPage\",\"@id\":\"https:\\\/\\\/regions-snetap-fsu.fr\\\/bfc\\\/2020\\\/12\\\/04\\\/formation-secretaires-de-section-en-janvier\\\/\",\"url\":\"https:\\\/\\\/regions-snetap-fsu.fr\\\/bfc\\\/2020\\\/12\\\/04\\\/formation-secretaires-de-section-en-janvier\\\/\",\"name\":\"Formation secr\u00e9taires de section en janvier - BOURGOGNE FRANCHE-COMTE\",\"isPartOf\":{\"@id\":\"https:\\\/\\\/regions-snetap-fsu.fr\\\/bfc\\\/#website\"},\"datePublished\":\"2020-12-04T15:53:48+00:00\",\"breadcrumb\":{\"@id\":\"https:\\\/\\\/regions-snetap-fsu.fr\\\/bfc\\\/2020\\\/12\\\/04\\\/formation-secretaires-de-section-en-janvier\\\/#breadcrumb\"},\"inLanguage\":\"fr-FR\",\"potentialAction\":[{\"@type\":\"ReadAction\",\"target\":[\"https:\\\/\\\/regions-snetap-fsu.fr\\\/bfc\\\/2020\\\/12\\\/04\\\/formation-secretaires-de-section-en-janvier\\\/\"]}]},{\"@type\":\"BreadcrumbList\",\"@id\":\"https:\\\/\\\/regions-snetap-fsu.fr\\\/bfc\\\/2020\\\/12\\\/04\\\/formation-secretaires-de-section-en-janvier\\\/#breadcrumb\",\"itemListElement\":[{\"@type\":\"ListItem\",\"position\":1,\"name\":\"Accueil\",\"item\":\"https:\\\/\\\/regions-snetap-fsu.fr\\\/bfc\\\/\"},{\"@type\":\"ListItem\",\"position\":2,\"name\":\"Formation secr\u00e9taires de section en janvier\"}]},{\"@type\":\"WebSite\",\"@id\":\"https:\\\/\\\/regions-snetap-fsu.fr\\\/bfc\\\/#website\",\"url\":\"https:\\\/\\\/regions-snetap-fsu.fr\\\/bfc\\\/\",\"name\":\"SNETAP-FSU BOURGOGNE FRANCHE-COMTE\",\"description\":\"Le blog de la Section R\u00e9gionale\",\"publisher\":{\"@id\":\"https:\\\/\\\/regions-snetap-fsu.fr\\\/bfc\\\/#organization\"},\"potentialAction\":[{\"@type\":\"SearchAction\",\"target\":{\"@type\":\"EntryPoint\",\"urlTemplate\":\"https:\\\/\\\/regions-snetap-fsu.fr\\\/bfc\\\/?s={search_term_string}\"},\"query-input\":{\"@type\":\"PropertyValueSpecification\",\"valueRequired\":true,\"valueName\":\"search_term_string\"}}],\"inLanguage\":\"fr-FR\"},{\"@type\":\"Organization\",\"@id\":\"https:\\\/\\\/regions-snetap-fsu.fr\\\/bfc\\\/#organization\",\"name\":\"SNETAP-FSU Bourgogne Franche Comt\u00e9\",\"url\":\"https:\\\/\\\/regions-snetap-fsu.fr\\\/bfc\\\/\",\"logo\":{\"@type\":\"ImageObject\",\"inLanguage\":\"fr-FR\",\"@id\":\"https:\\\/\\\/regions-snetap-fsu.fr\\\/bfc\\\/#\\\/schema\\\/logo\\\/image\\\/\",\"url\":\"https:\\\/\\\/regions-snetap-fsu.fr\\\/bfc\\\/wp-content\\\/uploads\\\/sites\\\/8\\\/2020\\\/12\\\/SNETAP-Logo.jpg\",\"contentUrl\":\"https:\\\/\\\/regions-snetap-fsu.fr\\\/bfc\\\/wp-content\\\/uploads\\\/sites\\\/8\\\/2020\\\/12\\\/SNETAP-Logo.jpg\",\"width\":464,\"height\":334,\"caption\":\"SNETAP-FSU Bourgogne Franche Comt\u00e9\"},\"image\":{\"@id\":\"https:\\\/\\\/regions-snetap-fsu.fr\\\/bfc\\\/#\\\/schema\\\/logo\\\/image\\\/\"}},{\"@type\":\"Person\",\"@id\":\"\",\"url\":\"https:\\\/\\\/regions-snetap-fsu.fr\\\/bfc\\\/author\\\/\"}]}<\/script>\n<!-- \/ Yoast SEO plugin. -->","yoast_head_json":{"title":"Formation secr\u00e9taires de section en janvier - BOURGOGNE FRANCHE-COMTE","robots":{"index":"index","follow":"follow","max-snippet":"max-snippet:-1","max-image-preview":"max-image-preview:large","max-video-preview":"max-video-preview:-1"},"canonical":"https:\/\/regions-snetap-fsu.fr\/bfc\/2020\/12\/04\/formation-secretaires-de-section-en-janvier\/","og_locale":"fr_FR","og_type":"article","og_title":"Formation secr\u00e9taires de section en janvier - BOURGOGNE FRANCHE-COMTE","og_description":"Les nouveaux.elles secr\u00e9taires national.ale du secteur \u00ab Syndicalisme et Formation syndicale \u00bb vous proposent de participer \u00e0 un \u00ab stage \u00bb de formation qui s\u2019adresse particuli\u00e8rement aux nouvelles et nouveaux camarades ayant pris une responsabilit\u00e9 de co-secr\u00e9taire de section dans leur \u00e9tablissement il y a peu (2-3 ans) ou d\u2019adjoint.e. Ce stage syndical se fera [&hellip;]","og_url":"https:\/\/regions-snetap-fsu.fr\/bfc\/2020\/12\/04\/formation-secretaires-de-section-en-janvier\/","og_site_name":"BOURGOGNE FRANCHE-COMTE","article_published_time":"2020-12-04T15:53:48+00:00","twitter_card":"summary_large_image","twitter_misc":{"\u00c9crit par":"","Dur\u00e9e de lecture estim\u00e9e":"2 minutes"},"schema":{"@context":"https:\/\/schema.org","@graph":[{"@type":"Article","@id":"https:\/\/regions-snetap-fsu.fr\/bfc\/2020\/12\/04\/formation-secretaires-de-section-en-janvier\/#article","isPartOf":{"@id":"https:\/\/regions-snetap-fsu.fr\/bfc\/2020\/12\/04\/formation-secretaires-de-section-en-janvier\/"},"author":{"name":"","@id":""},"headline":"Formation secr\u00e9taires de section en janvier","datePublished":"2020-12-04T15:53:48+00:00","mainEntityOfPage":{"@id":"https:\/\/regions-snetap-fsu.fr\/bfc\/2020\/12\/04\/formation-secretaires-de-section-en-janvier\/"},"wordCount":478,"publisher":{"@id":"https:\/\/regions-snetap-fsu.fr\/bfc\/#organization"},"articleSection":["Actions"],"inLanguage":"fr-FR"},{"@type":"WebPage","@id":"https:\/\/regions-snetap-fsu.fr\/bfc\/2020\/12\/04\/formation-secretaires-de-section-en-janvier\/","url":"https:\/\/regions-snetap-fsu.fr\/bfc\/2020\/12\/04\/formation-secretaires-de-section-en-janvier\/","name":"Formation secr\u00e9taires de section en janvier - BOURGOGNE FRANCHE-COMTE","isPartOf":{"@id":"https:\/\/regions-snetap-fsu.fr\/bfc\/#website"},"datePublished":"2020-12-04T15:53:48+00:00","breadcrumb":{"@id":"https:\/\/regions-snetap-fsu.fr\/bfc\/2020\/12\/04\/formation-secretaires-de-section-en-janvier\/#breadcrumb"},"inLanguage":"fr-FR","potentialAction":[{"@type":"ReadAction","target":["https:\/\/regions-snetap-fsu.fr\/bfc\/2020\/12\/04\/formation-secretaires-de-section-en-janvier\/"]}]},{"@type":"BreadcrumbList","@id":"https:\/\/regions-snetap-fsu.fr\/bfc\/2020\/12\/04\/formation-secretaires-de-section-en-janvier\/#breadcrumb","itemListElement":[{"@type":"ListItem","position":1,"name":"Accueil","item":"https:\/\/regions-snetap-fsu.fr\/bfc\/"},{"@type":"ListItem","position":2,"name":"Formation secr\u00e9taires de section en janvier"}]},{"@type":"WebSite","@id":"https:\/\/regions-snetap-fsu.fr\/bfc\/#website","url":"https:\/\/regions-snetap-fsu.fr\/bfc\/","name":"SNETAP-FSU BOURGOGNE FRANCHE-COMTE","description":"Le blog de la Section R\u00e9gionale","publisher":{"@id":"https:\/\/regions-snetap-fsu.fr\/bfc\/#organization"},"potentialAction":[{"@type":"SearchAction","target":{"@type":"EntryPoint","urlTemplate":"https:\/\/regions-snetap-fsu.fr\/bfc\/?s={search_term_string}"},"query-input":{"@type":"PropertyValueSpecification","valueRequired":true,"valueName":"search_term_string"}}],"inLanguage":"fr-FR"},{"@type":"Organization","@id":"https:\/\/regions-snetap-fsu.fr\/bfc\/#organization","name":"SNETAP-FSU Bourgogne Franche Comt\u00e9","url":"https:\/\/regions-snetap-fsu.fr\/bfc\/","logo":{"@type":"ImageObject","inLanguage":"fr-FR","@id":"https:\/\/regions-snetap-fsu.fr\/bfc\/#\/schema\/logo\/image\/","url":"https:\/\/regions-snetap-fsu.fr\/bfc\/wp-content\/uploads\/sites\/8\/2020\/12\/SNETAP-Logo.jpg","contentUrl":"https:\/\/regions-snetap-fsu.fr\/bfc\/wp-content\/uploads\/sites\/8\/2020\/12\/SNETAP-Logo.jpg","width":464,"height":334,"caption":"SNETAP-FSU Bourgogne Franche Comt\u00e9"},"image":{"@id":"https:\/\/regions-snetap-fsu.fr\/bfc\/#\/schema\/logo\/image\/"}},{"@type":"Person","@id":"","url":"https:\/\/regions-snetap-fsu.fr\/bfc\/author\/"}]}},"_links":{"self":[{"href":"https:\/\/regions-snetap-fsu.fr\/bfc\/wp-json\/wp\/v2\/posts\/481","targetHints":{"allow":["GET"]}}],"collection":[{"href":"https:\/\/regions-snetap-fsu.fr\/bfc\/wp-json\/wp\/v2\/posts"}],"about":[{"href":"https:\/\/regions-snetap-fsu.fr\/bfc\/wp-json\/wp\/v2\/types\/post"}],"author":[{"embeddable":true,"href":"https:\/\/regions-snetap-fsu.fr\/bfc\/wp-json\/wp\/v2\/users\/109"}],"replies":[{"embeddable":true,"href":"https:\/\/regions-snetap-fsu.fr\/bfc\/wp-json\/wp\/v2\/comments?post=481"}],"version-history":[{"count":1,"href":"https:\/\/regions-snetap-fsu.fr\/bfc\/wp-json\/wp\/v2\/posts\/481\/revisions"}],"predecessor-version":[{"id":482,"href":"https:\/\/regions-snetap-fsu.fr\/bfc\/wp-json\/wp\/v2\/posts\/481\/revisions\/482"}],"wp:attachment":[{"href":"https:\/\/regions-snetap-fsu.fr\/bfc\/wp-json\/wp\/v2\/media?parent=481"}],"wp:term":[{"taxonomy":"category","embeddable":true,"href":"https:\/\/regions-snetap-fsu.fr\/bfc\/wp-json\/wp\/v2\/categories?post=481"},{"taxonomy":"post_tag","embeddable":true,"href":"https:\/\/regions-snetap-fsu.fr\/bfc\/wp-json\/wp\/v2\/tags?post=481"},{"taxonomy":"post_folder","embeddable":true,"href":"https:\/\/regions-snetap-fsu.fr\/bfc\/wp-json\/wp\/v2\/post_folder?post=481"}],"curies":[{"name":"wp","href":"https:\/\/api.w.org\/{rel}","templated":true}]}}