{"id":43,"date":"2018-05-13T17:10:47","date_gmt":"2018-05-13T15:10:47","guid":{"rendered":"https:\/\/regions-snetap-fsu.fr\/bfc\/?p=43"},"modified":"2018-11-13T17:18:09","modified_gmt":"2018-11-13T16:18:09","slug":"poligny-et-quetigny-unis","status":"publish","type":"post","link":"https:\/\/regions-snetap-fsu.fr\/bfc\/2018\/05\/13\/poligny-et-quetigny-unis\/","title":{"rendered":"Poligny et Quetigny unis!"},"content":{"rendered":"<p>&nbsp;<\/p>\n<p>A l&rsquo;annonce de la suppression de classes sur les deux sites de Bourgogne Franche Comt\u00e9 , les deux \u00e9tablissements ont joint leurs efforts et leur agents pour se rendre \u00e0 la DRAF lors d&rsquo;une CHSCTREA .<\/p>\n<p>Bien que r\u00e9sistante dans un premier temps, l&rsquo;assembl\u00e9e a fini par leur laisser la parole\u00a0 afin que tous entendent et prennent conscience des\u00a0 cons\u00e9quences\u00a0 p\u00e9dagogiques et humaines de ces fermetures de classe.<\/p>\n<p><img fetchpriority=\"high\" decoding=\"async\" class=\"alignnone size-medium wp-image-44\" src=\"https:\/\/regions-snetap-fsu.fr\/bfc\/wp-content\/uploads\/sites\/8\/2018\/11\/draf-juin-2018-300x185.jpg\" alt=\"\" width=\"300\" height=\"185\" srcset=\"https:\/\/regions-snetap-fsu.fr\/bfc\/wp-content\/uploads\/sites\/8\/2018\/11\/draf-juin-2018-300x185.jpg 300w, https:\/\/regions-snetap-fsu.fr\/bfc\/wp-content\/uploads\/sites\/8\/2018\/11\/draf-juin-2018-100x62.jpg 100w, https:\/\/regions-snetap-fsu.fr\/bfc\/wp-content\/uploads\/sites\/8\/2018\/11\/draf-juin-2018-150x93.jpg 150w, https:\/\/regions-snetap-fsu.fr\/bfc\/wp-content\/uploads\/sites\/8\/2018\/11\/draf-juin-2018-200x123.jpg 200w, https:\/\/regions-snetap-fsu.fr\/bfc\/wp-content\/uploads\/sites\/8\/2018\/11\/draf-juin-2018-450x278.jpg 450w, https:\/\/regions-snetap-fsu.fr\/bfc\/wp-content\/uploads\/sites\/8\/2018\/11\/draf-juin-2018-600x370.jpg 600w, https:\/\/regions-snetap-fsu.fr\/bfc\/wp-content\/uploads\/sites\/8\/2018\/11\/draf-juin-2018.jpg 601w\" sizes=\"(max-width: 300px) 100vw, 300px\" \/><\/p>\n<p>&nbsp;<\/p>\n","protected":false},"excerpt":{"rendered":"<p>&nbsp; A l&rsquo;annonce de la suppression de classes sur les deux sites de Bourgogne Franche Comt\u00e9 , les deux \u00e9tablissements ont joint leurs efforts et leur agents pour se rendre \u00e0 la DRAF lors d&rsquo;une CHSCTREA . Bien que r\u00e9sistante dans un premier temps, l&rsquo;assembl\u00e9e a fini par leur laisser la parole\u00a0 afin que tous [&hellip;]<\/p>\n","protected":false},"author":109,"featured_media":0,"comment_status":"closed","ping_status":"closed","sticky":false,"template":"","format":"standard","meta":{"ocean_post_layout":"","ocean_both_sidebars_style":"","ocean_both_sidebars_content_width":0,"ocean_both_sidebars_sidebars_width":0,"ocean_sidebar":"","ocean_second_sidebar":"","ocean_disable_margins":"enable","ocean_add_body_class":"","ocean_shortcode_before_top_bar":"","ocean_shortcode_after_top_bar":"","ocean_shortcode_before_header":"","ocean_shortcode_after_header":"","ocean_has_shortcode":"","ocean_shortcode_after_title":"","ocean_shortcode_before_footer_widgets":"","ocean_shortcode_after_footer_widgets":"","ocean_shortcode_before_footer_bottom":"","ocean_shortcode_after_footer_bottom":"","ocean_display_top_bar":"default","ocean_display_header":"default","ocean_header_style":"","ocean_center_header_left_menu":"","ocean_custom_header_template":"","ocean_custom_logo":0,"ocean_custom_retina_logo":0,"ocean_custom_logo_max_width":0,"ocean_custom_logo_tablet_max_width":0,"ocean_custom_logo_mobile_max_width":0,"ocean_custom_logo_max_height":0,"ocean_custom_logo_tablet_max_height":0,"ocean_custom_logo_mobile_max_height":0,"ocean_header_custom_menu":"","ocean_menu_typo_font_family":"","ocean_menu_typo_font_subset":"","ocean_menu_typo_font_size":0,"ocean_menu_typo_font_size_tablet":0,"ocean_menu_typo_font_size_mobile":0,"ocean_menu_typo_font_size_unit":"px","ocean_menu_typo_font_weight":"","ocean_menu_typo_font_weight_tablet":"","ocean_menu_typo_font_weight_mobile":"","ocean_menu_typo_transform":"","ocean_menu_typo_transform_tablet":"","ocean_menu_typo_transform_mobile":"","ocean_menu_typo_line_height":0,"ocean_menu_typo_line_height_tablet":0,"ocean_menu_typo_line_height_mobile":0,"ocean_menu_typo_line_height_unit":"","ocean_menu_typo_spacing":0,"ocean_menu_typo_spacing_tablet":0,"ocean_menu_typo_spacing_mobile":0,"ocean_menu_typo_spacing_unit":"","ocean_menu_link_color":"","ocean_menu_link_color_hover":"","ocean_menu_link_color_active":"","ocean_menu_link_background":"","ocean_menu_link_hover_background":"","ocean_menu_link_active_background":"","ocean_menu_social_links_bg":"","ocean_menu_social_hover_links_bg":"","ocean_menu_social_links_color":"","ocean_menu_social_hover_links_color":"","ocean_disable_title":"default","ocean_disable_heading":"default","ocean_post_title":"","ocean_post_subheading":"","ocean_post_title_style":"","ocean_post_title_background_color":"","ocean_post_title_background":0,"ocean_post_title_bg_image_position":"","ocean_post_title_bg_image_attachment":"","ocean_post_title_bg_image_repeat":"","ocean_post_title_bg_image_size":"","ocean_post_title_height":0,"ocean_post_title_bg_overlay":0.5,"ocean_post_title_bg_overlay_color":"","ocean_disable_breadcrumbs":"default","ocean_breadcrumbs_color":"","ocean_breadcrumbs_separator_color":"","ocean_breadcrumbs_links_color":"","ocean_breadcrumbs_links_hover_color":"","ocean_display_footer_widgets":"default","ocean_display_footer_bottom":"default","ocean_custom_footer_template":"","ocean_post_oembed":"","ocean_post_self_hosted_media":"","ocean_post_video_embed":"","ocean_link_format":"","ocean_link_format_target":"self","ocean_quote_format":"","ocean_quote_format_link":"post","ocean_gallery_link_images":"on","ocean_gallery_id":[],"footnotes":""},"categories":[6],"tags":[],"post_folder":[],"class_list":["post-43","post","type-post","status-publish","format-standard","hentry","category-actions","entry"],"yoast_head":"<!-- This site is optimized with the Yoast SEO plugin v27.4 - https:\/\/yoast.com\/product\/yoast-seo-wordpress\/ -->\n<title>Poligny et Quetigny unis! - BOURGOGNE FRANCHE-COMTE<\/title>\n<meta name=\"robots\" content=\"index, follow, max-snippet:-1, max-image-preview:large, max-video-preview:-1\" \/>\n<link rel=\"canonical\" href=\"https:\/\/regions-snetap-fsu.fr\/bfc\/2018\/05\/13\/poligny-et-quetigny-unis\/\" \/>\n<meta property=\"og:locale\" content=\"fr_FR\" \/>\n<meta property=\"og:type\" content=\"article\" \/>\n<meta property=\"og:title\" content=\"Poligny et Quetigny unis! - BOURGOGNE FRANCHE-COMTE\" \/>\n<meta property=\"og:description\" content=\"&nbsp; A l&rsquo;annonce de la suppression de classes sur les deux sites de Bourgogne Franche Comt\u00e9 , les deux \u00e9tablissements ont joint leurs efforts et leur agents pour se rendre \u00e0 la DRAF lors d&rsquo;une CHSCTREA . Bien que r\u00e9sistante dans un premier temps, l&rsquo;assembl\u00e9e a fini par leur laisser la parole\u00a0 afin que tous [&hellip;]\" \/>\n<meta property=\"og:url\" content=\"https:\/\/regions-snetap-fsu.fr\/bfc\/2018\/05\/13\/poligny-et-quetigny-unis\/\" \/>\n<meta property=\"og:site_name\" content=\"BOURGOGNE FRANCHE-COMTE\" \/>\n<meta property=\"article:published_time\" content=\"2018-05-13T15:10:47+00:00\" \/>\n<meta property=\"article:modified_time\" content=\"2018-11-13T16:18:09+00:00\" \/>\n<meta property=\"og:image\" content=\"https:\/\/regions-snetap-fsu.fr\/bfc\/wp-content\/uploads\/sites\/8\/2018\/11\/draf-juin-2018-300x185.jpg\" \/>\n<meta name=\"twitter:card\" content=\"summary_large_image\" \/>\n<meta name=\"twitter:label1\" content=\"\u00c9crit par\" \/>\n\t<meta name=\"twitter:data1\" content=\"\" \/>\n<script type=\"application\/ld+json\" class=\"yoast-schema-graph\">{\"@context\":\"https:\\\/\\\/schema.org\",\"@graph\":[{\"@type\":\"Article\",\"@id\":\"https:\\\/\\\/regions-snetap-fsu.fr\\\/bfc\\\/2018\\\/05\\\/13\\\/poligny-et-quetigny-unis\\\/#article\",\"isPartOf\":{\"@id\":\"https:\\\/\\\/regions-snetap-fsu.fr\\\/bfc\\\/2018\\\/05\\\/13\\\/poligny-et-quetigny-unis\\\/\"},\"author\":{\"name\":\"\",\"@id\":\"\"},\"headline\":\"Poligny et Quetigny unis!\",\"datePublished\":\"2018-05-13T15:10:47+00:00\",\"dateModified\":\"2018-11-13T16:18:09+00:00\",\"mainEntityOfPage\":{\"@id\":\"https:\\\/\\\/regions-snetap-fsu.fr\\\/bfc\\\/2018\\\/05\\\/13\\\/poligny-et-quetigny-unis\\\/\"},\"wordCount\":78,\"publisher\":{\"@id\":\"https:\\\/\\\/regions-snetap-fsu.fr\\\/bfc\\\/#organization\"},\"image\":{\"@id\":\"https:\\\/\\\/regions-snetap-fsu.fr\\\/bfc\\\/2018\\\/05\\\/13\\\/poligny-et-quetigny-unis\\\/#primaryimage\"},\"thumbnailUrl\":\"https:\\\/\\\/regions-snetap-fsu.fr\\\/bfc\\\/wp-content\\\/uploads\\\/sites\\\/8\\\/2018\\\/11\\\/draf-juin-2018-300x185.jpg\",\"articleSection\":[\"Actions\"],\"inLanguage\":\"fr-FR\"},{\"@type\":\"WebPage\",\"@id\":\"https:\\\/\\\/regions-snetap-fsu.fr\\\/bfc\\\/2018\\\/05\\\/13\\\/poligny-et-quetigny-unis\\\/\",\"url\":\"https:\\\/\\\/regions-snetap-fsu.fr\\\/bfc\\\/2018\\\/05\\\/13\\\/poligny-et-quetigny-unis\\\/\",\"name\":\"Poligny et Quetigny unis! - BOURGOGNE FRANCHE-COMTE\",\"isPartOf\":{\"@id\":\"https:\\\/\\\/regions-snetap-fsu.fr\\\/bfc\\\/#website\"},\"primaryImageOfPage\":{\"@id\":\"https:\\\/\\\/regions-snetap-fsu.fr\\\/bfc\\\/2018\\\/05\\\/13\\\/poligny-et-quetigny-unis\\\/#primaryimage\"},\"image\":{\"@id\":\"https:\\\/\\\/regions-snetap-fsu.fr\\\/bfc\\\/2018\\\/05\\\/13\\\/poligny-et-quetigny-unis\\\/#primaryimage\"},\"thumbnailUrl\":\"https:\\\/\\\/regions-snetap-fsu.fr\\\/bfc\\\/wp-content\\\/uploads\\\/sites\\\/8\\\/2018\\\/11\\\/draf-juin-2018-300x185.jpg\",\"datePublished\":\"2018-05-13T15:10:47+00:00\",\"dateModified\":\"2018-11-13T16:18:09+00:00\",\"breadcrumb\":{\"@id\":\"https:\\\/\\\/regions-snetap-fsu.fr\\\/bfc\\\/2018\\\/05\\\/13\\\/poligny-et-quetigny-unis\\\/#breadcrumb\"},\"inLanguage\":\"fr-FR\",\"potentialAction\":[{\"@type\":\"ReadAction\",\"target\":[\"https:\\\/\\\/regions-snetap-fsu.fr\\\/bfc\\\/2018\\\/05\\\/13\\\/poligny-et-quetigny-unis\\\/\"]}]},{\"@type\":\"ImageObject\",\"inLanguage\":\"fr-FR\",\"@id\":\"https:\\\/\\\/regions-snetap-fsu.fr\\\/bfc\\\/2018\\\/05\\\/13\\\/poligny-et-quetigny-unis\\\/#primaryimage\",\"url\":\"https:\\\/\\\/regions-snetap-fsu.fr\\\/bfc\\\/wp-content\\\/uploads\\\/sites\\\/8\\\/2018\\\/11\\\/draf-juin-2018.jpg\",\"contentUrl\":\"https:\\\/\\\/regions-snetap-fsu.fr\\\/bfc\\\/wp-content\\\/uploads\\\/sites\\\/8\\\/2018\\\/11\\\/draf-juin-2018.jpg\",\"width\":601,\"height\":371,\"caption\":\"quetigny et poligny \u00e0 la Draf en juin 2018\"},{\"@type\":\"BreadcrumbList\",\"@id\":\"https:\\\/\\\/regions-snetap-fsu.fr\\\/bfc\\\/2018\\\/05\\\/13\\\/poligny-et-quetigny-unis\\\/#breadcrumb\",\"itemListElement\":[{\"@type\":\"ListItem\",\"position\":1,\"name\":\"Accueil\",\"item\":\"https:\\\/\\\/regions-snetap-fsu.fr\\\/bfc\\\/\"},{\"@type\":\"ListItem\",\"position\":2,\"name\":\"Poligny et Quetigny unis!\"}]},{\"@type\":\"WebSite\",\"@id\":\"https:\\\/\\\/regions-snetap-fsu.fr\\\/bfc\\\/#website\",\"url\":\"https:\\\/\\\/regions-snetap-fsu.fr\\\/bfc\\\/\",\"name\":\"SNETAP-FSU BOURGOGNE FRANCHE-COMTE\",\"description\":\"Le blog de la Section R\u00e9gionale\",\"publisher\":{\"@id\":\"https:\\\/\\\/regions-snetap-fsu.fr\\\/bfc\\\/#organization\"},\"potentialAction\":[{\"@type\":\"SearchAction\",\"target\":{\"@type\":\"EntryPoint\",\"urlTemplate\":\"https:\\\/\\\/regions-snetap-fsu.fr\\\/bfc\\\/?s={search_term_string}\"},\"query-input\":{\"@type\":\"PropertyValueSpecification\",\"valueRequired\":true,\"valueName\":\"search_term_string\"}}],\"inLanguage\":\"fr-FR\"},{\"@type\":\"Organization\",\"@id\":\"https:\\\/\\\/regions-snetap-fsu.fr\\\/bfc\\\/#organization\",\"name\":\"SNETAP-FSU Bourgogne Franche Comt\u00e9\",\"url\":\"https:\\\/\\\/regions-snetap-fsu.fr\\\/bfc\\\/\",\"logo\":{\"@type\":\"ImageObject\",\"inLanguage\":\"fr-FR\",\"@id\":\"https:\\\/\\\/regions-snetap-fsu.fr\\\/bfc\\\/#\\\/schema\\\/logo\\\/image\\\/\",\"url\":\"https:\\\/\\\/regions-snetap-fsu.fr\\\/bfc\\\/wp-content\\\/uploads\\\/sites\\\/8\\\/2020\\\/12\\\/SNETAP-Logo.jpg\",\"contentUrl\":\"https:\\\/\\\/regions-snetap-fsu.fr\\\/bfc\\\/wp-content\\\/uploads\\\/sites\\\/8\\\/2020\\\/12\\\/SNETAP-Logo.jpg\",\"width\":464,\"height\":334,\"caption\":\"SNETAP-FSU Bourgogne Franche Comt\u00e9\"},\"image\":{\"@id\":\"https:\\\/\\\/regions-snetap-fsu.fr\\\/bfc\\\/#\\\/schema\\\/logo\\\/image\\\/\"}},{\"@type\":\"Person\",\"@id\":\"\",\"url\":\"https:\\\/\\\/regions-snetap-fsu.fr\\\/bfc\\\/author\\\/\"}]}<\/script>\n<!-- \/ Yoast SEO plugin. -->","yoast_head_json":{"title":"Poligny et Quetigny unis! - BOURGOGNE FRANCHE-COMTE","robots":{"index":"index","follow":"follow","max-snippet":"max-snippet:-1","max-image-preview":"max-image-preview:large","max-video-preview":"max-video-preview:-1"},"canonical":"https:\/\/regions-snetap-fsu.fr\/bfc\/2018\/05\/13\/poligny-et-quetigny-unis\/","og_locale":"fr_FR","og_type":"article","og_title":"Poligny et Quetigny unis! - BOURGOGNE FRANCHE-COMTE","og_description":"&nbsp; A l&rsquo;annonce de la suppression de classes sur les deux sites de Bourgogne Franche Comt\u00e9 , les deux \u00e9tablissements ont joint leurs efforts et leur agents pour se rendre \u00e0 la DRAF lors d&rsquo;une CHSCTREA . Bien que r\u00e9sistante dans un premier temps, l&rsquo;assembl\u00e9e a fini par leur laisser la parole\u00a0 afin que tous [&hellip;]","og_url":"https:\/\/regions-snetap-fsu.fr\/bfc\/2018\/05\/13\/poligny-et-quetigny-unis\/","og_site_name":"BOURGOGNE FRANCHE-COMTE","article_published_time":"2018-05-13T15:10:47+00:00","article_modified_time":"2018-11-13T16:18:09+00:00","og_image":[{"url":"https:\/\/regions-snetap-fsu.fr\/bfc\/wp-content\/uploads\/sites\/8\/2018\/11\/draf-juin-2018-300x185.jpg","type":"","width":"","height":""}],"twitter_card":"summary_large_image","twitter_misc":{"\u00c9crit par":""},"schema":{"@context":"https:\/\/schema.org","@graph":[{"@type":"Article","@id":"https:\/\/regions-snetap-fsu.fr\/bfc\/2018\/05\/13\/poligny-et-quetigny-unis\/#article","isPartOf":{"@id":"https:\/\/regions-snetap-fsu.fr\/bfc\/2018\/05\/13\/poligny-et-quetigny-unis\/"},"author":{"name":"","@id":""},"headline":"Poligny et Quetigny unis!","datePublished":"2018-05-13T15:10:47+00:00","dateModified":"2018-11-13T16:18:09+00:00","mainEntityOfPage":{"@id":"https:\/\/regions-snetap-fsu.fr\/bfc\/2018\/05\/13\/poligny-et-quetigny-unis\/"},"wordCount":78,"publisher":{"@id":"https:\/\/regions-snetap-fsu.fr\/bfc\/#organization"},"image":{"@id":"https:\/\/regions-snetap-fsu.fr\/bfc\/2018\/05\/13\/poligny-et-quetigny-unis\/#primaryimage"},"thumbnailUrl":"https:\/\/regions-snetap-fsu.fr\/bfc\/wp-content\/uploads\/sites\/8\/2018\/11\/draf-juin-2018-300x185.jpg","articleSection":["Actions"],"inLanguage":"fr-FR"},{"@type":"WebPage","@id":"https:\/\/regions-snetap-fsu.fr\/bfc\/2018\/05\/13\/poligny-et-quetigny-unis\/","url":"https:\/\/regions-snetap-fsu.fr\/bfc\/2018\/05\/13\/poligny-et-quetigny-unis\/","name":"Poligny et Quetigny unis! - BOURGOGNE FRANCHE-COMTE","isPartOf":{"@id":"https:\/\/regions-snetap-fsu.fr\/bfc\/#website"},"primaryImageOfPage":{"@id":"https:\/\/regions-snetap-fsu.fr\/bfc\/2018\/05\/13\/poligny-et-quetigny-unis\/#primaryimage"},"image":{"@id":"https:\/\/regions-snetap-fsu.fr\/bfc\/2018\/05\/13\/poligny-et-quetigny-unis\/#primaryimage"},"thumbnailUrl":"https:\/\/regions-snetap-fsu.fr\/bfc\/wp-content\/uploads\/sites\/8\/2018\/11\/draf-juin-2018-300x185.jpg","datePublished":"2018-05-13T15:10:47+00:00","dateModified":"2018-11-13T16:18:09+00:00","breadcrumb":{"@id":"https:\/\/regions-snetap-fsu.fr\/bfc\/2018\/05\/13\/poligny-et-quetigny-unis\/#breadcrumb"},"inLanguage":"fr-FR","potentialAction":[{"@type":"ReadAction","target":["https:\/\/regions-snetap-fsu.fr\/bfc\/2018\/05\/13\/poligny-et-quetigny-unis\/"]}]},{"@type":"ImageObject","inLanguage":"fr-FR","@id":"https:\/\/regions-snetap-fsu.fr\/bfc\/2018\/05\/13\/poligny-et-quetigny-unis\/#primaryimage","url":"https:\/\/regions-snetap-fsu.fr\/bfc\/wp-content\/uploads\/sites\/8\/2018\/11\/draf-juin-2018.jpg","contentUrl":"https:\/\/regions-snetap-fsu.fr\/bfc\/wp-content\/uploads\/sites\/8\/2018\/11\/draf-juin-2018.jpg","width":601,"height":371,"caption":"quetigny et poligny \u00e0 la Draf en juin 2018"},{"@type":"BreadcrumbList","@id":"https:\/\/regions-snetap-fsu.fr\/bfc\/2018\/05\/13\/poligny-et-quetigny-unis\/#breadcrumb","itemListElement":[{"@type":"ListItem","position":1,"name":"Accueil","item":"https:\/\/regions-snetap-fsu.fr\/bfc\/"},{"@type":"ListItem","position":2,"name":"Poligny et Quetigny unis!"}]},{"@type":"WebSite","@id":"https:\/\/regions-snetap-fsu.fr\/bfc\/#website","url":"https:\/\/regions-snetap-fsu.fr\/bfc\/","name":"SNETAP-FSU BOURGOGNE FRANCHE-COMTE","description":"Le blog de la Section R\u00e9gionale","publisher":{"@id":"https:\/\/regions-snetap-fsu.fr\/bfc\/#organization"},"potentialAction":[{"@type":"SearchAction","target":{"@type":"EntryPoint","urlTemplate":"https:\/\/regions-snetap-fsu.fr\/bfc\/?s={search_term_string}"},"query-input":{"@type":"PropertyValueSpecification","valueRequired":true,"valueName":"search_term_string"}}],"inLanguage":"fr-FR"},{"@type":"Organization","@id":"https:\/\/regions-snetap-fsu.fr\/bfc\/#organization","name":"SNETAP-FSU Bourgogne Franche Comt\u00e9","url":"https:\/\/regions-snetap-fsu.fr\/bfc\/","logo":{"@type":"ImageObject","inLanguage":"fr-FR","@id":"https:\/\/regions-snetap-fsu.fr\/bfc\/#\/schema\/logo\/image\/","url":"https:\/\/regions-snetap-fsu.fr\/bfc\/wp-content\/uploads\/sites\/8\/2020\/12\/SNETAP-Logo.jpg","contentUrl":"https:\/\/regions-snetap-fsu.fr\/bfc\/wp-content\/uploads\/sites\/8\/2020\/12\/SNETAP-Logo.jpg","width":464,"height":334,"caption":"SNETAP-FSU Bourgogne Franche Comt\u00e9"},"image":{"@id":"https:\/\/regions-snetap-fsu.fr\/bfc\/#\/schema\/logo\/image\/"}},{"@type":"Person","@id":"","url":"https:\/\/regions-snetap-fsu.fr\/bfc\/author\/"}]}},"_links":{"self":[{"href":"https:\/\/regions-snetap-fsu.fr\/bfc\/wp-json\/wp\/v2\/posts\/43","targetHints":{"allow":["GET"]}}],"collection":[{"href":"https:\/\/regions-snetap-fsu.fr\/bfc\/wp-json\/wp\/v2\/posts"}],"about":[{"href":"https:\/\/regions-snetap-fsu.fr\/bfc\/wp-json\/wp\/v2\/types\/post"}],"author":[{"embeddable":true,"href":"https:\/\/regions-snetap-fsu.fr\/bfc\/wp-json\/wp\/v2\/users\/109"}],"replies":[{"embeddable":true,"href":"https:\/\/regions-snetap-fsu.fr\/bfc\/wp-json\/wp\/v2\/comments?post=43"}],"version-history":[{"count":1,"href":"https:\/\/regions-snetap-fsu.fr\/bfc\/wp-json\/wp\/v2\/posts\/43\/revisions"}],"predecessor-version":[{"id":45,"href":"https:\/\/regions-snetap-fsu.fr\/bfc\/wp-json\/wp\/v2\/posts\/43\/revisions\/45"}],"wp:attachment":[{"href":"https:\/\/regions-snetap-fsu.fr\/bfc\/wp-json\/wp\/v2\/media?parent=43"}],"wp:term":[{"taxonomy":"category","embeddable":true,"href":"https:\/\/regions-snetap-fsu.fr\/bfc\/wp-json\/wp\/v2\/categories?post=43"},{"taxonomy":"post_tag","embeddable":true,"href":"https:\/\/regions-snetap-fsu.fr\/bfc\/wp-json\/wp\/v2\/tags?post=43"},{"taxonomy":"post_folder","embeddable":true,"href":"https:\/\/regions-snetap-fsu.fr\/bfc\/wp-json\/wp\/v2\/post_folder?post=43"}],"curies":[{"name":"wp","href":"https:\/\/api.w.org\/{rel}","templated":true}]}}