{"id":402,"date":"2020-07-09T13:10:42","date_gmt":"2020-07-09T11:10:42","guid":{"rendered":"https:\/\/regions-snetap-fsu.fr\/bfc\/?p=402"},"modified":"2020-07-09T13:10:42","modified_gmt":"2020-07-09T11:10:42","slug":"une-petite-victoire","status":"publish","type":"post","link":"https:\/\/regions-snetap-fsu.fr\/bfc\/2020\/07\/09\/une-petite-victoire\/","title":{"rendered":"Une petite victoire"},"content":{"rendered":"<p><span style=\"font-family: arial, helvetica, sans-serif\">Ce mardi 7 juillet, le Secr\u00e9tariat G\u00e9n\u00e9ral du Snetap-FSU a rencontr\u00e9 I. Chmitelin, Directrice G\u00e9n\u00e9rale et I. de Francqueville, Sous-directrice EDC (des \u00e9tablissements, des dotations et des comp\u00e9tences).<\/span><\/p>\n<p><span style=\"font-family: arial, helvetica, sans-serif\">Apr\u00e8s un premier engagement d\u2019une r\u00e9mun\u00e9ration des corrections des rapports et dossiers de stage dans le cadre de la crise sanitaire, par le Conseiller du Ministre il y a un mois, le SNETAP-FSU a obtenu de la part de la Directrice G\u00e9n\u00e9rale, la\u00a0<strong class=\"caractencadre2-spip spip\">confirmation d\u2019une r\u00e9mun\u00e9ration des enseignant.es et formateurs.trices<\/strong>\u00a0qui ont particip\u00e9 \u00e0 la correction des rapports de stage pour cette ann\u00e9e 2020.<\/span><\/p>\n<p><span style=\"font-family: arial, helvetica, sans-serif\">La Sous directrice a pr\u00e9cis\u00e9 que ce dispositif serait effectif\u00a0<strong>fin juillet sur la base de HSE<\/strong>\u00a0(heures suppl\u00e9mentaires exceptionnelles) pour les personnels du public (titulaires, contractuels de droit public) et\u00a0<strong>en heures de vacation<\/strong>\u00a0pour ceux du priv\u00e9. Concernant plus sp\u00e9cifiquement les formateurs.rices des\u00a0<a class=\"cs_glossaire\" href=\"https:\/\/www.snetap-fsu.fr\/+-CFA-+.html\" name=\"mot38_4\"><span class=\"gl_mot\">CFA<\/span><\/a>&#8211;<a class=\"cs_glossaire\" href=\"https:\/\/www.snetap-fsu.fr\/+-CFPPA-+.html\" name=\"mot39_5\"><span class=\"gl_mot\">CFPPA<\/span><\/a>, elle a assur\u00e9 que ce versement d\u2019HSE \u00e9tait possible et pr\u00e9vu dans cette enveloppe budg\u00e9taire.<\/span><\/p>\n<p><span style=\"font-family: arial, helvetica, sans-serif\">Par ailleurs, lors de cet \u00e9change, la Directrice G\u00e9n\u00e9rale a \u00e9galement confirm\u00e9 que les heures d\u2019<strong class=\"caractencadre2-spip spip\">AP<\/strong>\u00a0(accompagnement personnalis\u00e9) de STAV seraient bien reconnues, comme il se doit, \u00e0 hauteur de\u00a0<strong class=\"caractencadre2-spip spip\">2 heures \u00e9l\u00e8ve \u00e9galent 2 heures enseignant.e<\/strong>. Des directives seront adress\u00e9es aux\u00a0<a class=\"cs_glossaire\" href=\"https:\/\/www.snetap-fsu.fr\/+-DRAAF-+.html\" name=\"mot66_6\"><span class=\"gl_mot\">DRAAF<\/span><\/a>\u00a0rapidement afin qu\u2019elles soient traduites sur les fiches de service.<\/span><br class=\"autobr\" \/><span style=\"font-family: arial, helvetica, sans-serif\">Si cette annonce est une premi\u00e8re victoire car elle est la r\u00e9ponse \u00e0 la mobilisation des personnels depuis le 30 juin, pour autant elle n\u2019est pas totalement satisfaisante car\u00a0<strong>financ\u00e9e\u00a0<i>a priori<\/i>\u00a0par des HSE<\/strong>, ce qui pose de fait la\u00a0<strong class=\"caractencadre2-spip spip\">question de la p\u00e9rennit\u00e9 du dispositif<\/strong>. Le SNETAP FSU et l\u2019intersyndicale resteront vigilants et appellent les agent.es \u00e0 l\u2019\u00eatre tout autant d\u00e8s la pr\u00e9-rentr\u00e9e.<\/span><\/p>\n<p><span style=\"font-family: arial, helvetica, sans-serif\">Au-del\u00e0, de ce seul sujet de l\u2019AP, le SNETAP-FSU a demand\u00e9, en sa qualit\u00e9 de premi\u00e8re organisation syndicale de l\u2019<a class=\"cs_glossaire\" href=\"https:\/\/www.snetap-fsu.fr\/+-EAP-+.html\" name=\"mot69_7\"><span class=\"gl_mot\">EAP<\/span><\/a>, \u00e0\u00a0<strong>\u00eatre re\u00e7u par le nouveau Ministre de l\u2019Agriculture<\/strong>\u00a0et cela avant la rentr\u00e9e de septembre. Cette rencontre devra nous permettre de faire entendre les exigences des personnels et en particulier la n\u00e9cessit\u00e9 que cessent les suppressions d\u2019emplois, qui d\u2019une part impactent de plus en plus fortement tant les conditions d\u2019accueil et d\u2019apprentissage de nos usager.es que nos conditions de travail et qui nous installent d\u2019autre part dans une situation d\u2019emp\u00eachement manifeste de r\u00e9pondre aux d\u00e9fis de la transition agro-\u00e9cologique et soci\u00e9tale auxquels il nous revient collectivement de r\u00e9pondre.<\/span><\/p>\n","protected":false},"excerpt":{"rendered":"<p>Ce mardi 7 juillet, le Secr\u00e9tariat G\u00e9n\u00e9ral du Snetap-FSU a rencontr\u00e9 I. Chmitelin, Directrice G\u00e9n\u00e9rale et I. de Francqueville, Sous-directrice EDC (des \u00e9tablissements, des dotations et des comp\u00e9tences). Apr\u00e8s un premier engagement d\u2019une r\u00e9mun\u00e9ration des corrections des rapports et dossiers de stage dans le cadre de la crise sanitaire, par le Conseiller du Ministre il [&hellip;]<\/p>\n","protected":false},"author":109,"featured_media":0,"comment_status":"closed","ping_status":"closed","sticky":false,"template":"","format":"standard","meta":{"ocean_post_layout":"","ocean_both_sidebars_style":"","ocean_both_sidebars_content_width":0,"ocean_both_sidebars_sidebars_width":0,"ocean_sidebar":"","ocean_second_sidebar":"","ocean_disable_margins":"enable","ocean_add_body_class":"","ocean_shortcode_before_top_bar":"","ocean_shortcode_after_top_bar":"","ocean_shortcode_before_header":"","ocean_shortcode_after_header":"","ocean_has_shortcode":"","ocean_shortcode_after_title":"","ocean_shortcode_before_footer_widgets":"","ocean_shortcode_after_footer_widgets":"","ocean_shortcode_before_footer_bottom":"","ocean_shortcode_after_footer_bottom":"","ocean_display_top_bar":"default","ocean_display_header":"default","ocean_header_style":"","ocean_center_header_left_menu":"","ocean_custom_header_template":"","ocean_custom_logo":0,"ocean_custom_retina_logo":0,"ocean_custom_logo_max_width":0,"ocean_custom_logo_tablet_max_width":0,"ocean_custom_logo_mobile_max_width":0,"ocean_custom_logo_max_height":0,"ocean_custom_logo_tablet_max_height":0,"ocean_custom_logo_mobile_max_height":0,"ocean_header_custom_menu":"","ocean_menu_typo_font_family":"","ocean_menu_typo_font_subset":"","ocean_menu_typo_font_size":0,"ocean_menu_typo_font_size_tablet":0,"ocean_menu_typo_font_size_mobile":0,"ocean_menu_typo_font_size_unit":"px","ocean_menu_typo_font_weight":"","ocean_menu_typo_font_weight_tablet":"","ocean_menu_typo_font_weight_mobile":"","ocean_menu_typo_transform":"","ocean_menu_typo_transform_tablet":"","ocean_menu_typo_transform_mobile":"","ocean_menu_typo_line_height":0,"ocean_menu_typo_line_height_tablet":0,"ocean_menu_typo_line_height_mobile":0,"ocean_menu_typo_line_height_unit":"","ocean_menu_typo_spacing":0,"ocean_menu_typo_spacing_tablet":0,"ocean_menu_typo_spacing_mobile":0,"ocean_menu_typo_spacing_unit":"","ocean_menu_link_color":"","ocean_menu_link_color_hover":"","ocean_menu_link_color_active":"","ocean_menu_link_background":"","ocean_menu_link_hover_background":"","ocean_menu_link_active_background":"","ocean_menu_social_links_bg":"","ocean_menu_social_hover_links_bg":"","ocean_menu_social_links_color":"","ocean_menu_social_hover_links_color":"","ocean_disable_title":"default","ocean_disable_heading":"default","ocean_post_title":"","ocean_post_subheading":"","ocean_post_title_style":"","ocean_post_title_background_color":"","ocean_post_title_background":0,"ocean_post_title_bg_image_position":"","ocean_post_title_bg_image_attachment":"","ocean_post_title_bg_image_repeat":"","ocean_post_title_bg_image_size":"","ocean_post_title_height":0,"ocean_post_title_bg_overlay":0.5,"ocean_post_title_bg_overlay_color":"","ocean_disable_breadcrumbs":"default","ocean_breadcrumbs_color":"","ocean_breadcrumbs_separator_color":"","ocean_breadcrumbs_links_color":"","ocean_breadcrumbs_links_hover_color":"","ocean_display_footer_widgets":"default","ocean_display_footer_bottom":"default","ocean_custom_footer_template":"","ocean_post_oembed":"","ocean_post_self_hosted_media":"","ocean_post_video_embed":"","ocean_link_format":"","ocean_link_format_target":"self","ocean_quote_format":"","ocean_quote_format_link":"post","ocean_gallery_link_images":"on","ocean_gallery_id":[],"footnotes":""},"categories":[6],"tags":[],"post_folder":[],"class_list":["post-402","post","type-post","status-publish","format-standard","hentry","category-actions","entry"],"yoast_head":"<!-- This site is optimized with the Yoast SEO plugin v27.4 - https:\/\/yoast.com\/product\/yoast-seo-wordpress\/ -->\n<title>Une petite victoire - BOURGOGNE FRANCHE-COMTE<\/title>\n<meta name=\"robots\" content=\"index, follow, max-snippet:-1, max-image-preview:large, max-video-preview:-1\" \/>\n<link rel=\"canonical\" href=\"https:\/\/regions-snetap-fsu.fr\/bfc\/2020\/07\/09\/une-petite-victoire\/\" \/>\n<meta property=\"og:locale\" content=\"fr_FR\" \/>\n<meta property=\"og:type\" content=\"article\" \/>\n<meta property=\"og:title\" content=\"Une petite victoire - BOURGOGNE FRANCHE-COMTE\" \/>\n<meta property=\"og:description\" content=\"Ce mardi 7 juillet, le Secr\u00e9tariat G\u00e9n\u00e9ral du Snetap-FSU a rencontr\u00e9 I. Chmitelin, Directrice G\u00e9n\u00e9rale et I. de Francqueville, Sous-directrice EDC (des \u00e9tablissements, des dotations et des comp\u00e9tences). Apr\u00e8s un premier engagement d\u2019une r\u00e9mun\u00e9ration des corrections des rapports et dossiers de stage dans le cadre de la crise sanitaire, par le Conseiller du Ministre il [&hellip;]\" \/>\n<meta property=\"og:url\" content=\"https:\/\/regions-snetap-fsu.fr\/bfc\/2020\/07\/09\/une-petite-victoire\/\" \/>\n<meta property=\"og:site_name\" content=\"BOURGOGNE FRANCHE-COMTE\" \/>\n<meta property=\"article:published_time\" content=\"2020-07-09T11:10:42+00:00\" \/>\n<meta name=\"twitter:card\" content=\"summary_large_image\" \/>\n<meta name=\"twitter:label1\" content=\"\u00c9crit par\" \/>\n\t<meta name=\"twitter:data1\" content=\"\" \/>\n\t<meta name=\"twitter:label2\" content=\"Dur\u00e9e de lecture estim\u00e9e\" \/>\n\t<meta name=\"twitter:data2\" content=\"2 minutes\" \/>\n<script type=\"application\/ld+json\" class=\"yoast-schema-graph\">{\"@context\":\"https:\\\/\\\/schema.org\",\"@graph\":[{\"@type\":\"Article\",\"@id\":\"https:\\\/\\\/regions-snetap-fsu.fr\\\/bfc\\\/2020\\\/07\\\/09\\\/une-petite-victoire\\\/#article\",\"isPartOf\":{\"@id\":\"https:\\\/\\\/regions-snetap-fsu.fr\\\/bfc\\\/2020\\\/07\\\/09\\\/une-petite-victoire\\\/\"},\"author\":{\"name\":\"\",\"@id\":\"\"},\"headline\":\"Une petite victoire\",\"datePublished\":\"2020-07-09T11:10:42+00:00\",\"mainEntityOfPage\":{\"@id\":\"https:\\\/\\\/regions-snetap-fsu.fr\\\/bfc\\\/2020\\\/07\\\/09\\\/une-petite-victoire\\\/\"},\"wordCount\":438,\"publisher\":{\"@id\":\"https:\\\/\\\/regions-snetap-fsu.fr\\\/bfc\\\/#organization\"},\"articleSection\":[\"Actions\"],\"inLanguage\":\"fr-FR\"},{\"@type\":\"WebPage\",\"@id\":\"https:\\\/\\\/regions-snetap-fsu.fr\\\/bfc\\\/2020\\\/07\\\/09\\\/une-petite-victoire\\\/\",\"url\":\"https:\\\/\\\/regions-snetap-fsu.fr\\\/bfc\\\/2020\\\/07\\\/09\\\/une-petite-victoire\\\/\",\"name\":\"Une petite victoire - BOURGOGNE FRANCHE-COMTE\",\"isPartOf\":{\"@id\":\"https:\\\/\\\/regions-snetap-fsu.fr\\\/bfc\\\/#website\"},\"datePublished\":\"2020-07-09T11:10:42+00:00\",\"breadcrumb\":{\"@id\":\"https:\\\/\\\/regions-snetap-fsu.fr\\\/bfc\\\/2020\\\/07\\\/09\\\/une-petite-victoire\\\/#breadcrumb\"},\"inLanguage\":\"fr-FR\",\"potentialAction\":[{\"@type\":\"ReadAction\",\"target\":[\"https:\\\/\\\/regions-snetap-fsu.fr\\\/bfc\\\/2020\\\/07\\\/09\\\/une-petite-victoire\\\/\"]}]},{\"@type\":\"BreadcrumbList\",\"@id\":\"https:\\\/\\\/regions-snetap-fsu.fr\\\/bfc\\\/2020\\\/07\\\/09\\\/une-petite-victoire\\\/#breadcrumb\",\"itemListElement\":[{\"@type\":\"ListItem\",\"position\":1,\"name\":\"Accueil\",\"item\":\"https:\\\/\\\/regions-snetap-fsu.fr\\\/bfc\\\/\"},{\"@type\":\"ListItem\",\"position\":2,\"name\":\"Une petite victoire\"}]},{\"@type\":\"WebSite\",\"@id\":\"https:\\\/\\\/regions-snetap-fsu.fr\\\/bfc\\\/#website\",\"url\":\"https:\\\/\\\/regions-snetap-fsu.fr\\\/bfc\\\/\",\"name\":\"SNETAP-FSU BOURGOGNE FRANCHE-COMTE\",\"description\":\"Le blog de la Section R\u00e9gionale\",\"publisher\":{\"@id\":\"https:\\\/\\\/regions-snetap-fsu.fr\\\/bfc\\\/#organization\"},\"potentialAction\":[{\"@type\":\"SearchAction\",\"target\":{\"@type\":\"EntryPoint\",\"urlTemplate\":\"https:\\\/\\\/regions-snetap-fsu.fr\\\/bfc\\\/?s={search_term_string}\"},\"query-input\":{\"@type\":\"PropertyValueSpecification\",\"valueRequired\":true,\"valueName\":\"search_term_string\"}}],\"inLanguage\":\"fr-FR\"},{\"@type\":\"Organization\",\"@id\":\"https:\\\/\\\/regions-snetap-fsu.fr\\\/bfc\\\/#organization\",\"name\":\"SNETAP-FSU Bourgogne Franche Comt\u00e9\",\"url\":\"https:\\\/\\\/regions-snetap-fsu.fr\\\/bfc\\\/\",\"logo\":{\"@type\":\"ImageObject\",\"inLanguage\":\"fr-FR\",\"@id\":\"https:\\\/\\\/regions-snetap-fsu.fr\\\/bfc\\\/#\\\/schema\\\/logo\\\/image\\\/\",\"url\":\"https:\\\/\\\/regions-snetap-fsu.fr\\\/bfc\\\/wp-content\\\/uploads\\\/sites\\\/8\\\/2020\\\/12\\\/SNETAP-Logo.jpg\",\"contentUrl\":\"https:\\\/\\\/regions-snetap-fsu.fr\\\/bfc\\\/wp-content\\\/uploads\\\/sites\\\/8\\\/2020\\\/12\\\/SNETAP-Logo.jpg\",\"width\":464,\"height\":334,\"caption\":\"SNETAP-FSU Bourgogne Franche Comt\u00e9\"},\"image\":{\"@id\":\"https:\\\/\\\/regions-snetap-fsu.fr\\\/bfc\\\/#\\\/schema\\\/logo\\\/image\\\/\"}},{\"@type\":\"Person\",\"@id\":\"\",\"url\":\"https:\\\/\\\/regions-snetap-fsu.fr\\\/bfc\\\/author\\\/\"}]}<\/script>\n<!-- \/ Yoast SEO plugin. -->","yoast_head_json":{"title":"Une petite victoire - BOURGOGNE FRANCHE-COMTE","robots":{"index":"index","follow":"follow","max-snippet":"max-snippet:-1","max-image-preview":"max-image-preview:large","max-video-preview":"max-video-preview:-1"},"canonical":"https:\/\/regions-snetap-fsu.fr\/bfc\/2020\/07\/09\/une-petite-victoire\/","og_locale":"fr_FR","og_type":"article","og_title":"Une petite victoire - BOURGOGNE FRANCHE-COMTE","og_description":"Ce mardi 7 juillet, le Secr\u00e9tariat G\u00e9n\u00e9ral du Snetap-FSU a rencontr\u00e9 I. Chmitelin, Directrice G\u00e9n\u00e9rale et I. de Francqueville, Sous-directrice EDC (des \u00e9tablissements, des dotations et des comp\u00e9tences). Apr\u00e8s un premier engagement d\u2019une r\u00e9mun\u00e9ration des corrections des rapports et dossiers de stage dans le cadre de la crise sanitaire, par le Conseiller du Ministre il [&hellip;]","og_url":"https:\/\/regions-snetap-fsu.fr\/bfc\/2020\/07\/09\/une-petite-victoire\/","og_site_name":"BOURGOGNE FRANCHE-COMTE","article_published_time":"2020-07-09T11:10:42+00:00","twitter_card":"summary_large_image","twitter_misc":{"\u00c9crit par":"","Dur\u00e9e de lecture estim\u00e9e":"2 minutes"},"schema":{"@context":"https:\/\/schema.org","@graph":[{"@type":"Article","@id":"https:\/\/regions-snetap-fsu.fr\/bfc\/2020\/07\/09\/une-petite-victoire\/#article","isPartOf":{"@id":"https:\/\/regions-snetap-fsu.fr\/bfc\/2020\/07\/09\/une-petite-victoire\/"},"author":{"name":"","@id":""},"headline":"Une petite victoire","datePublished":"2020-07-09T11:10:42+00:00","mainEntityOfPage":{"@id":"https:\/\/regions-snetap-fsu.fr\/bfc\/2020\/07\/09\/une-petite-victoire\/"},"wordCount":438,"publisher":{"@id":"https:\/\/regions-snetap-fsu.fr\/bfc\/#organization"},"articleSection":["Actions"],"inLanguage":"fr-FR"},{"@type":"WebPage","@id":"https:\/\/regions-snetap-fsu.fr\/bfc\/2020\/07\/09\/une-petite-victoire\/","url":"https:\/\/regions-snetap-fsu.fr\/bfc\/2020\/07\/09\/une-petite-victoire\/","name":"Une petite victoire - BOURGOGNE FRANCHE-COMTE","isPartOf":{"@id":"https:\/\/regions-snetap-fsu.fr\/bfc\/#website"},"datePublished":"2020-07-09T11:10:42+00:00","breadcrumb":{"@id":"https:\/\/regions-snetap-fsu.fr\/bfc\/2020\/07\/09\/une-petite-victoire\/#breadcrumb"},"inLanguage":"fr-FR","potentialAction":[{"@type":"ReadAction","target":["https:\/\/regions-snetap-fsu.fr\/bfc\/2020\/07\/09\/une-petite-victoire\/"]}]},{"@type":"BreadcrumbList","@id":"https:\/\/regions-snetap-fsu.fr\/bfc\/2020\/07\/09\/une-petite-victoire\/#breadcrumb","itemListElement":[{"@type":"ListItem","position":1,"name":"Accueil","item":"https:\/\/regions-snetap-fsu.fr\/bfc\/"},{"@type":"ListItem","position":2,"name":"Une petite victoire"}]},{"@type":"WebSite","@id":"https:\/\/regions-snetap-fsu.fr\/bfc\/#website","url":"https:\/\/regions-snetap-fsu.fr\/bfc\/","name":"SNETAP-FSU BOURGOGNE FRANCHE-COMTE","description":"Le blog de la Section R\u00e9gionale","publisher":{"@id":"https:\/\/regions-snetap-fsu.fr\/bfc\/#organization"},"potentialAction":[{"@type":"SearchAction","target":{"@type":"EntryPoint","urlTemplate":"https:\/\/regions-snetap-fsu.fr\/bfc\/?s={search_term_string}"},"query-input":{"@type":"PropertyValueSpecification","valueRequired":true,"valueName":"search_term_string"}}],"inLanguage":"fr-FR"},{"@type":"Organization","@id":"https:\/\/regions-snetap-fsu.fr\/bfc\/#organization","name":"SNETAP-FSU Bourgogne Franche Comt\u00e9","url":"https:\/\/regions-snetap-fsu.fr\/bfc\/","logo":{"@type":"ImageObject","inLanguage":"fr-FR","@id":"https:\/\/regions-snetap-fsu.fr\/bfc\/#\/schema\/logo\/image\/","url":"https:\/\/regions-snetap-fsu.fr\/bfc\/wp-content\/uploads\/sites\/8\/2020\/12\/SNETAP-Logo.jpg","contentUrl":"https:\/\/regions-snetap-fsu.fr\/bfc\/wp-content\/uploads\/sites\/8\/2020\/12\/SNETAP-Logo.jpg","width":464,"height":334,"caption":"SNETAP-FSU Bourgogne Franche Comt\u00e9"},"image":{"@id":"https:\/\/regions-snetap-fsu.fr\/bfc\/#\/schema\/logo\/image\/"}},{"@type":"Person","@id":"","url":"https:\/\/regions-snetap-fsu.fr\/bfc\/author\/"}]}},"_links":{"self":[{"href":"https:\/\/regions-snetap-fsu.fr\/bfc\/wp-json\/wp\/v2\/posts\/402","targetHints":{"allow":["GET"]}}],"collection":[{"href":"https:\/\/regions-snetap-fsu.fr\/bfc\/wp-json\/wp\/v2\/posts"}],"about":[{"href":"https:\/\/regions-snetap-fsu.fr\/bfc\/wp-json\/wp\/v2\/types\/post"}],"author":[{"embeddable":true,"href":"https:\/\/regions-snetap-fsu.fr\/bfc\/wp-json\/wp\/v2\/users\/109"}],"replies":[{"embeddable":true,"href":"https:\/\/regions-snetap-fsu.fr\/bfc\/wp-json\/wp\/v2\/comments?post=402"}],"version-history":[{"count":1,"href":"https:\/\/regions-snetap-fsu.fr\/bfc\/wp-json\/wp\/v2\/posts\/402\/revisions"}],"predecessor-version":[{"id":403,"href":"https:\/\/regions-snetap-fsu.fr\/bfc\/wp-json\/wp\/v2\/posts\/402\/revisions\/403"}],"wp:attachment":[{"href":"https:\/\/regions-snetap-fsu.fr\/bfc\/wp-json\/wp\/v2\/media?parent=402"}],"wp:term":[{"taxonomy":"category","embeddable":true,"href":"https:\/\/regions-snetap-fsu.fr\/bfc\/wp-json\/wp\/v2\/categories?post=402"},{"taxonomy":"post_tag","embeddable":true,"href":"https:\/\/regions-snetap-fsu.fr\/bfc\/wp-json\/wp\/v2\/tags?post=402"},{"taxonomy":"post_folder","embeddable":true,"href":"https:\/\/regions-snetap-fsu.fr\/bfc\/wp-json\/wp\/v2\/post_folder?post=402"}],"curies":[{"name":"wp","href":"https:\/\/api.w.org\/{rel}","templated":true}]}}