{"id":391,"date":"2020-07-01T14:55:27","date_gmt":"2020-07-01T12:55:27","guid":{"rendered":"https:\/\/regions-snetap-fsu.fr\/bfc\/?p=391"},"modified":"2020-07-02T17:05:02","modified_gmt":"2020-07-02T15:05:02","slug":"la-pepite-est-en-colere","status":"publish","type":"post","link":"https:\/\/regions-snetap-fsu.fr\/bfc\/2020\/07\/01\/la-pepite-est-en-colere\/","title":{"rendered":"La p\u00e9pite est en col\u00e8re !"},"content":{"rendered":"<p>&nbsp;<\/p>\n<p><img fetchpriority=\"high\" decoding=\"async\" class=\"alignnone size-full wp-image-386\" src=\"https:\/\/regions-snetap-fsu.fr\/bfc\/wp-content\/uploads\/sites\/8\/2020\/07\/draf-30-juin-bis-scaled.jpg\" alt=\"illustration action du 30 juin\" width=\"2560\" height=\"1920\" srcset=\"https:\/\/regions-snetap-fsu.fr\/bfc\/wp-content\/uploads\/sites\/8\/2020\/07\/draf-30-juin-bis-scaled.jpg 2560w, https:\/\/regions-snetap-fsu.fr\/bfc\/wp-content\/uploads\/sites\/8\/2020\/07\/draf-30-juin-bis-300x225.jpg 300w, https:\/\/regions-snetap-fsu.fr\/bfc\/wp-content\/uploads\/sites\/8\/2020\/07\/draf-30-juin-bis-1024x768.jpg 1024w\" sizes=\"(max-width: 2560px) 100vw, 2560px\" \/><\/p>\n<p><span style=\"font-family: arial, helvetica, sans-serif\">Mardi 30 juin les r\u00e9gionaux de la BFC et du Grand Est ont pu rencontrer le chez du SRFD ainsi que le DRAF \u00e0 Dijon .<\/span><\/p>\n<p><span style=\"font-family: arial, helvetica, sans-serif\">Le m\u00e9contentement est vaste\u00a0: des heures d\u2019AP en STAV r\u00e9mun\u00e9r\u00e9es \u00e0 50%, une DGH qui ne couvrira pas l\u2019ensemble des besoins , et une gestion des postes contractuels et titulaires tr\u00e8s al\u00e9atoire .<\/span><\/p>\n<p><span style=\"font-family: arial, helvetica, sans-serif\">A suivre quelques t\u00e9moignages des lyc\u00e9es de BFC&#8230;.<\/span><\/p>\n<p><span style=\"font-family: arial, helvetica, sans-serif\">A Quetigny, du fait des 4 classes de STAV , perte de 180 h\u00a0 en AP\u00a0: comment se fera la pr\u00e9paration au grand oral\u00a0? comment se r\u00e9aliseront les diff\u00e9rents projets mis en place par l\u2019\u00e9quipe p\u00e9dagogique\u00a0? comment se fera le suivi des \u00e9l\u00e8ves suite au covid\u00a0? \u2026..des questions sans r\u00e9ponse<\/span><\/p>\n<p><span style=\"font-family: arial, helvetica, sans-serif\">S\u2019ajoute une heure de d\u00e9doublement en moins\u00a0 et la langue allemand non financ\u00e9e\u00a0 ce qui implique de prendre sur les heures de d\u00e9doublement en anglais<\/span><\/p>\n<p><span style=\"font-family: arial, helvetica, sans-serif\">Enfin un AC 50% bio supprim\u00e9 qui a pour cons\u00e9quence des coll\u00e8gues en heures sup<\/span><\/p>\n<p><span style=\"font-family: arial, helvetica, sans-serif\">A Montmorot , m\u00eames probl\u00e9matiques\u00a0: il manque 180 heures pour faire fonctionner les langues en STAV .<\/span><\/p>\n<p><span style=\"font-family: arial, helvetica, sans-serif\">L\u2019AP r\u00e9duit contribuerait \u00e0 g\u00e9n\u00e9rer des inqui\u00e9tudes quant au grand oral mais aussi \u00e0 l\u2018orientation des \u00e9l\u00e8ves\u00a0 dans Parcours sup\u00a0: l\u2019AP \u00e9tant le moment privil\u00e9gi\u00e9 pour aider les \u00e9l\u00e8ves \u00e0 faire le bon choix dans leurs \u00e9tudes sup\u00e9rieures\u00a0 d\u2019autant qu\u2019a l&rsquo;EA il n\u2019y a plus de CIO c\u2019est donc \u00e0 l\u2019\u00e9quipe enseignante de satisfaire\u00a0 cette mission .<\/span><\/p>\n<p><span style=\"font-family: arial, helvetica, sans-serif\">De plus , certains coll\u00e8gues contractuels se sont trouv\u00e9s en difficult\u00e9s suite au mouvement qui s\u2019est fait sans respecter les r\u00e8gles \u00e9tablies\u00a0 ce qui a g\u00e9n\u00e9r\u00e9 de nombreuses inqui\u00e9tudes en cette fin d\u2019ann\u00e9e .<\/span><\/p>\n<p><span style=\"font-family: arial, helvetica, sans-serif\">A La Barotte, des classes regroup\u00e9es\u00a0 et une DGH insuffisante\u00a0 doubl\u00e9s d\u2019une m\u00e9connaissance des futurs d\u00e9parts ou arriv\u00e9es de coll\u00e8gues stagiaires, titulaires ou contractuels difficile donc pr\u00e9parer les divers projets p\u00e9dagogiques .<\/span><\/p>\n<p><span style=\"font-family: arial, helvetica, sans-serif\">A Fontaines , l\u2019AP en STAV permet de pr\u00e9parer au grand oral or il n\u2019y a pas eu possibilit\u00e9 de d\u00e9buter cet entra\u00eenement puisque confinement il y a eu\u00a0 et maintenant on nous annonce une\u00a0 d\u00e9valorisation de cet AP . Il permet aussi de pr\u00e9parer \u00e0 l\u2019orientation\u00a0 et d\u2019apporter un soutien disciplinaire\u00a0: ce m\u00e9pris d\u00fb \u00e0 cette pond\u00e9ration en STAV ne fera que d\u00e9t\u00e9riorer nos conditions de travail<\/span><\/p>\n<p><span style=\"font-family: arial, helvetica, sans-serif\">A Dannemarie , des questionnements similaires\u00a0: quid de la pr\u00e9paration du grand oral dans ces conditions pr\u00e9caires\u00a0?<\/span><\/p>\n<p><span style=\"font-family: arial, helvetica, sans-serif\">A Macon , certes des probl\u00e9matiques analogues auxquels viennent se greffer\u00a0\u00a0 d\u2019autres\u00a0 dysfonctionnements\u00a0 dus notamment \u00e0 une DGH ne comblant pas la totalit\u00e9 des besoins : en\u00a0 allemand notamment plus une seule enveloppe pour combler les besoins en MIL, MAP et EIL\u00a0 ce qui va g\u00e9n\u00e9rer des renoncements\u00a0 de projets p\u00e9dagogiques\u00a0 qui entraient pleinement dans la sp\u00e9cificit\u00e9 du m\u00e9tier du vin notamment : il manque 200h pour permettre \u00e0 l\u2019\u00e9quipe de continuer les projets engag\u00e9s<\/span><\/p>\n<p><span style=\"font-family: arial, helvetica, sans-serif\">A Auxerre, cette pond\u00e9ration en STAV ne fera qu\u2019augmenter les sous services<\/span><\/p>\n<p>&nbsp;<\/p>\n<p><span style=\"font-family: arial, helvetica, sans-serif\">Comme on\u00a0 peut le constater , tous ces t\u00e9moignages laissent pr\u00e9sager une rentr\u00e9e scolaire d\u00e9grad\u00e9e pour tous (\u00e9l\u00e8ves, \u00e9tudiants et enseignants )<\/span><\/p>\n<p><span style=\"font-family: arial, helvetica, sans-serif\">Nous attendons donc une vraie \u00e9coute de la part de la DGER\u00a0 et une reconnaissance de notre\u00a0 m\u00e9tier\u00a0 puisque \u00ab\u00a0l\u2019EA est une p\u00e9pite\u00a0\u00bb\u00a0: il faut la choyer\u00a0 et la faire briller\u00a0 et c\u2019est en nous \u00e9coutant\u00a0 et en nous fournissant les moyens n\u00e9cessaires pour travailler au mieux et surtout pour satisfaire les exigences\u00a0 des r\u00e9f\u00e9rentiels<\/span><\/p>\n","protected":false},"excerpt":{"rendered":"<p>&nbsp; Mardi 30 juin les r\u00e9gionaux de la BFC et du Grand Est ont pu rencontrer le chez du SRFD ainsi que le DRAF \u00e0 Dijon . Le m\u00e9contentement est vaste\u00a0: des heures d\u2019AP en STAV r\u00e9mun\u00e9r\u00e9es \u00e0 50%, une DGH qui ne couvrira pas l\u2019ensemble des besoins , et une gestion des postes contractuels [&hellip;]<\/p>\n","protected":false},"author":109,"featured_media":0,"comment_status":"closed","ping_status":"closed","sticky":false,"template":"","format":"standard","meta":{"ocean_post_layout":"","ocean_both_sidebars_style":"","ocean_both_sidebars_content_width":0,"ocean_both_sidebars_sidebars_width":0,"ocean_sidebar":"","ocean_second_sidebar":"","ocean_disable_margins":"enable","ocean_add_body_class":"","ocean_shortcode_before_top_bar":"","ocean_shortcode_after_top_bar":"","ocean_shortcode_before_header":"","ocean_shortcode_after_header":"","ocean_has_shortcode":"","ocean_shortcode_after_title":"","ocean_shortcode_before_footer_widgets":"","ocean_shortcode_after_footer_widgets":"","ocean_shortcode_before_footer_bottom":"","ocean_shortcode_after_footer_bottom":"","ocean_display_top_bar":"default","ocean_display_header":"default","ocean_header_style":"","ocean_center_header_left_menu":"","ocean_custom_header_template":"","ocean_custom_logo":0,"ocean_custom_retina_logo":0,"ocean_custom_logo_max_width":0,"ocean_custom_logo_tablet_max_width":0,"ocean_custom_logo_mobile_max_width":0,"ocean_custom_logo_max_height":0,"ocean_custom_logo_tablet_max_height":0,"ocean_custom_logo_mobile_max_height":0,"ocean_header_custom_menu":"","ocean_menu_typo_font_family":"","ocean_menu_typo_font_subset":"","ocean_menu_typo_font_size":0,"ocean_menu_typo_font_size_tablet":0,"ocean_menu_typo_font_size_mobile":0,"ocean_menu_typo_font_size_unit":"px","ocean_menu_typo_font_weight":"","ocean_menu_typo_font_weight_tablet":"","ocean_menu_typo_font_weight_mobile":"","ocean_menu_typo_transform":"","ocean_menu_typo_transform_tablet":"","ocean_menu_typo_transform_mobile":"","ocean_menu_typo_line_height":0,"ocean_menu_typo_line_height_tablet":0,"ocean_menu_typo_line_height_mobile":0,"ocean_menu_typo_line_height_unit":"","ocean_menu_typo_spacing":0,"ocean_menu_typo_spacing_tablet":0,"ocean_menu_typo_spacing_mobile":0,"ocean_menu_typo_spacing_unit":"","ocean_menu_link_color":"","ocean_menu_link_color_hover":"","ocean_menu_link_color_active":"","ocean_menu_link_background":"","ocean_menu_link_hover_background":"","ocean_menu_link_active_background":"","ocean_menu_social_links_bg":"","ocean_menu_social_hover_links_bg":"","ocean_menu_social_links_color":"","ocean_menu_social_hover_links_color":"","ocean_disable_title":"default","ocean_disable_heading":"default","ocean_post_title":"","ocean_post_subheading":"","ocean_post_title_style":"","ocean_post_title_background_color":"","ocean_post_title_background":0,"ocean_post_title_bg_image_position":"","ocean_post_title_bg_image_attachment":"","ocean_post_title_bg_image_repeat":"","ocean_post_title_bg_image_size":"","ocean_post_title_height":0,"ocean_post_title_bg_overlay":0.5,"ocean_post_title_bg_overlay_color":"","ocean_disable_breadcrumbs":"default","ocean_breadcrumbs_color":"","ocean_breadcrumbs_separator_color":"","ocean_breadcrumbs_links_color":"","ocean_breadcrumbs_links_hover_color":"","ocean_display_footer_widgets":"default","ocean_display_footer_bottom":"default","ocean_custom_footer_template":"","ocean_post_oembed":"","ocean_post_self_hosted_media":"","ocean_post_video_embed":"","ocean_link_format":"","ocean_link_format_target":"self","ocean_quote_format":"","ocean_quote_format_link":"post","ocean_gallery_link_images":"on","ocean_gallery_id":[],"footnotes":""},"categories":[6],"tags":[],"post_folder":[],"class_list":["post-391","post","type-post","status-publish","format-standard","hentry","category-actions","entry"],"yoast_head":"<!-- This site is optimized with the Yoast SEO plugin v27.4 - https:\/\/yoast.com\/product\/yoast-seo-wordpress\/ -->\n<title>La p\u00e9pite est en col\u00e8re ! - BOURGOGNE FRANCHE-COMTE<\/title>\n<meta name=\"robots\" content=\"index, follow, max-snippet:-1, max-image-preview:large, max-video-preview:-1\" \/>\n<link rel=\"canonical\" href=\"https:\/\/regions-snetap-fsu.fr\/bfc\/2020\/07\/01\/la-pepite-est-en-colere\/\" \/>\n<meta property=\"og:locale\" content=\"fr_FR\" \/>\n<meta property=\"og:type\" content=\"article\" \/>\n<meta property=\"og:title\" content=\"La p\u00e9pite est en col\u00e8re ! - BOURGOGNE FRANCHE-COMTE\" \/>\n<meta property=\"og:description\" content=\"&nbsp; Mardi 30 juin les r\u00e9gionaux de la BFC et du Grand Est ont pu rencontrer le chez du SRFD ainsi que le DRAF \u00e0 Dijon . Le m\u00e9contentement est vaste\u00a0: des heures d\u2019AP en STAV r\u00e9mun\u00e9r\u00e9es \u00e0 50%, une DGH qui ne couvrira pas l\u2019ensemble des besoins , et une gestion des postes contractuels [&hellip;]\" \/>\n<meta property=\"og:url\" content=\"https:\/\/regions-snetap-fsu.fr\/bfc\/2020\/07\/01\/la-pepite-est-en-colere\/\" \/>\n<meta property=\"og:site_name\" content=\"BOURGOGNE FRANCHE-COMTE\" \/>\n<meta property=\"article:published_time\" content=\"2020-07-01T12:55:27+00:00\" \/>\n<meta property=\"article:modified_time\" content=\"2020-07-02T15:05:02+00:00\" \/>\n<meta property=\"og:image\" content=\"https:\/\/regions-snetap-fsu.fr\/bfc\/wp-content\/uploads\/sites\/8\/2020\/07\/draf-30-juin-bis-scaled.jpg\" \/>\n<meta name=\"twitter:card\" content=\"summary_large_image\" \/>\n<meta name=\"twitter:label1\" content=\"\u00c9crit par\" \/>\n\t<meta name=\"twitter:data1\" content=\"\" \/>\n\t<meta name=\"twitter:label2\" content=\"Dur\u00e9e de lecture estim\u00e9e\" \/>\n\t<meta name=\"twitter:data2\" content=\"3 minutes\" \/>\n<script type=\"application\/ld+json\" class=\"yoast-schema-graph\">{\"@context\":\"https:\\\/\\\/schema.org\",\"@graph\":[{\"@type\":\"Article\",\"@id\":\"https:\\\/\\\/regions-snetap-fsu.fr\\\/bfc\\\/2020\\\/07\\\/01\\\/la-pepite-est-en-colere\\\/#article\",\"isPartOf\":{\"@id\":\"https:\\\/\\\/regions-snetap-fsu.fr\\\/bfc\\\/2020\\\/07\\\/01\\\/la-pepite-est-en-colere\\\/\"},\"author\":{\"name\":\"\",\"@id\":\"\"},\"headline\":\"La p\u00e9pite est en col\u00e8re !\",\"datePublished\":\"2020-07-01T12:55:27+00:00\",\"dateModified\":\"2020-07-02T15:05:02+00:00\",\"mainEntityOfPage\":{\"@id\":\"https:\\\/\\\/regions-snetap-fsu.fr\\\/bfc\\\/2020\\\/07\\\/01\\\/la-pepite-est-en-colere\\\/\"},\"wordCount\":622,\"publisher\":{\"@id\":\"https:\\\/\\\/regions-snetap-fsu.fr\\\/bfc\\\/#organization\"},\"image\":{\"@id\":\"https:\\\/\\\/regions-snetap-fsu.fr\\\/bfc\\\/2020\\\/07\\\/01\\\/la-pepite-est-en-colere\\\/#primaryimage\"},\"thumbnailUrl\":\"https:\\\/\\\/regions-snetap-fsu.fr\\\/bfc\\\/wp-content\\\/uploads\\\/sites\\\/8\\\/2020\\\/07\\\/draf-30-juin-bis-scaled.jpg\",\"articleSection\":[\"Actions\"],\"inLanguage\":\"fr-FR\"},{\"@type\":\"WebPage\",\"@id\":\"https:\\\/\\\/regions-snetap-fsu.fr\\\/bfc\\\/2020\\\/07\\\/01\\\/la-pepite-est-en-colere\\\/\",\"url\":\"https:\\\/\\\/regions-snetap-fsu.fr\\\/bfc\\\/2020\\\/07\\\/01\\\/la-pepite-est-en-colere\\\/\",\"name\":\"La p\u00e9pite est en col\u00e8re ! - BOURGOGNE FRANCHE-COMTE\",\"isPartOf\":{\"@id\":\"https:\\\/\\\/regions-snetap-fsu.fr\\\/bfc\\\/#website\"},\"primaryImageOfPage\":{\"@id\":\"https:\\\/\\\/regions-snetap-fsu.fr\\\/bfc\\\/2020\\\/07\\\/01\\\/la-pepite-est-en-colere\\\/#primaryimage\"},\"image\":{\"@id\":\"https:\\\/\\\/regions-snetap-fsu.fr\\\/bfc\\\/2020\\\/07\\\/01\\\/la-pepite-est-en-colere\\\/#primaryimage\"},\"thumbnailUrl\":\"https:\\\/\\\/regions-snetap-fsu.fr\\\/bfc\\\/wp-content\\\/uploads\\\/sites\\\/8\\\/2020\\\/07\\\/draf-30-juin-bis-scaled.jpg\",\"datePublished\":\"2020-07-01T12:55:27+00:00\",\"dateModified\":\"2020-07-02T15:05:02+00:00\",\"breadcrumb\":{\"@id\":\"https:\\\/\\\/regions-snetap-fsu.fr\\\/bfc\\\/2020\\\/07\\\/01\\\/la-pepite-est-en-colere\\\/#breadcrumb\"},\"inLanguage\":\"fr-FR\",\"potentialAction\":[{\"@type\":\"ReadAction\",\"target\":[\"https:\\\/\\\/regions-snetap-fsu.fr\\\/bfc\\\/2020\\\/07\\\/01\\\/la-pepite-est-en-colere\\\/\"]}]},{\"@type\":\"ImageObject\",\"inLanguage\":\"fr-FR\",\"@id\":\"https:\\\/\\\/regions-snetap-fsu.fr\\\/bfc\\\/2020\\\/07\\\/01\\\/la-pepite-est-en-colere\\\/#primaryimage\",\"url\":\"https:\\\/\\\/regions-snetap-fsu.fr\\\/bfc\\\/wp-content\\\/uploads\\\/sites\\\/8\\\/2020\\\/07\\\/draf-30-juin-bis-scaled.jpg\",\"contentUrl\":\"https:\\\/\\\/regions-snetap-fsu.fr\\\/bfc\\\/wp-content\\\/uploads\\\/sites\\\/8\\\/2020\\\/07\\\/draf-30-juin-bis-scaled.jpg\",\"width\":2560,\"height\":1920,\"caption\":\"illustration action du 30 juin\"},{\"@type\":\"BreadcrumbList\",\"@id\":\"https:\\\/\\\/regions-snetap-fsu.fr\\\/bfc\\\/2020\\\/07\\\/01\\\/la-pepite-est-en-colere\\\/#breadcrumb\",\"itemListElement\":[{\"@type\":\"ListItem\",\"position\":1,\"name\":\"Accueil\",\"item\":\"https:\\\/\\\/regions-snetap-fsu.fr\\\/bfc\\\/\"},{\"@type\":\"ListItem\",\"position\":2,\"name\":\"La p\u00e9pite est en col\u00e8re !\"}]},{\"@type\":\"WebSite\",\"@id\":\"https:\\\/\\\/regions-snetap-fsu.fr\\\/bfc\\\/#website\",\"url\":\"https:\\\/\\\/regions-snetap-fsu.fr\\\/bfc\\\/\",\"name\":\"SNETAP-FSU BOURGOGNE FRANCHE-COMTE\",\"description\":\"Le blog de la Section R\u00e9gionale\",\"publisher\":{\"@id\":\"https:\\\/\\\/regions-snetap-fsu.fr\\\/bfc\\\/#organization\"},\"potentialAction\":[{\"@type\":\"SearchAction\",\"target\":{\"@type\":\"EntryPoint\",\"urlTemplate\":\"https:\\\/\\\/regions-snetap-fsu.fr\\\/bfc\\\/?s={search_term_string}\"},\"query-input\":{\"@type\":\"PropertyValueSpecification\",\"valueRequired\":true,\"valueName\":\"search_term_string\"}}],\"inLanguage\":\"fr-FR\"},{\"@type\":\"Organization\",\"@id\":\"https:\\\/\\\/regions-snetap-fsu.fr\\\/bfc\\\/#organization\",\"name\":\"SNETAP-FSU Bourgogne Franche Comt\u00e9\",\"url\":\"https:\\\/\\\/regions-snetap-fsu.fr\\\/bfc\\\/\",\"logo\":{\"@type\":\"ImageObject\",\"inLanguage\":\"fr-FR\",\"@id\":\"https:\\\/\\\/regions-snetap-fsu.fr\\\/bfc\\\/#\\\/schema\\\/logo\\\/image\\\/\",\"url\":\"https:\\\/\\\/regions-snetap-fsu.fr\\\/bfc\\\/wp-content\\\/uploads\\\/sites\\\/8\\\/2020\\\/12\\\/SNETAP-Logo.jpg\",\"contentUrl\":\"https:\\\/\\\/regions-snetap-fsu.fr\\\/bfc\\\/wp-content\\\/uploads\\\/sites\\\/8\\\/2020\\\/12\\\/SNETAP-Logo.jpg\",\"width\":464,\"height\":334,\"caption\":\"SNETAP-FSU Bourgogne Franche Comt\u00e9\"},\"image\":{\"@id\":\"https:\\\/\\\/regions-snetap-fsu.fr\\\/bfc\\\/#\\\/schema\\\/logo\\\/image\\\/\"}},{\"@type\":\"Person\",\"@id\":\"\",\"url\":\"https:\\\/\\\/regions-snetap-fsu.fr\\\/bfc\\\/author\\\/\"}]}<\/script>\n<!-- \/ Yoast SEO plugin. -->","yoast_head_json":{"title":"La p\u00e9pite est en col\u00e8re ! - BOURGOGNE FRANCHE-COMTE","robots":{"index":"index","follow":"follow","max-snippet":"max-snippet:-1","max-image-preview":"max-image-preview:large","max-video-preview":"max-video-preview:-1"},"canonical":"https:\/\/regions-snetap-fsu.fr\/bfc\/2020\/07\/01\/la-pepite-est-en-colere\/","og_locale":"fr_FR","og_type":"article","og_title":"La p\u00e9pite est en col\u00e8re ! - BOURGOGNE FRANCHE-COMTE","og_description":"&nbsp; Mardi 30 juin les r\u00e9gionaux de la BFC et du Grand Est ont pu rencontrer le chez du SRFD ainsi que le DRAF \u00e0 Dijon . Le m\u00e9contentement est vaste\u00a0: des heures d\u2019AP en STAV r\u00e9mun\u00e9r\u00e9es \u00e0 50%, une DGH qui ne couvrira pas l\u2019ensemble des besoins , et une gestion des postes contractuels [&hellip;]","og_url":"https:\/\/regions-snetap-fsu.fr\/bfc\/2020\/07\/01\/la-pepite-est-en-colere\/","og_site_name":"BOURGOGNE FRANCHE-COMTE","article_published_time":"2020-07-01T12:55:27+00:00","article_modified_time":"2020-07-02T15:05:02+00:00","og_image":[{"url":"https:\/\/regions-snetap-fsu.fr\/bfc\/wp-content\/uploads\/sites\/8\/2020\/07\/draf-30-juin-bis-scaled.jpg","type":"","width":"","height":""}],"twitter_card":"summary_large_image","twitter_misc":{"\u00c9crit par":"","Dur\u00e9e de lecture estim\u00e9e":"3 minutes"},"schema":{"@context":"https:\/\/schema.org","@graph":[{"@type":"Article","@id":"https:\/\/regions-snetap-fsu.fr\/bfc\/2020\/07\/01\/la-pepite-est-en-colere\/#article","isPartOf":{"@id":"https:\/\/regions-snetap-fsu.fr\/bfc\/2020\/07\/01\/la-pepite-est-en-colere\/"},"author":{"name":"","@id":""},"headline":"La p\u00e9pite est en col\u00e8re !","datePublished":"2020-07-01T12:55:27+00:00","dateModified":"2020-07-02T15:05:02+00:00","mainEntityOfPage":{"@id":"https:\/\/regions-snetap-fsu.fr\/bfc\/2020\/07\/01\/la-pepite-est-en-colere\/"},"wordCount":622,"publisher":{"@id":"https:\/\/regions-snetap-fsu.fr\/bfc\/#organization"},"image":{"@id":"https:\/\/regions-snetap-fsu.fr\/bfc\/2020\/07\/01\/la-pepite-est-en-colere\/#primaryimage"},"thumbnailUrl":"https:\/\/regions-snetap-fsu.fr\/bfc\/wp-content\/uploads\/sites\/8\/2020\/07\/draf-30-juin-bis-scaled.jpg","articleSection":["Actions"],"inLanguage":"fr-FR"},{"@type":"WebPage","@id":"https:\/\/regions-snetap-fsu.fr\/bfc\/2020\/07\/01\/la-pepite-est-en-colere\/","url":"https:\/\/regions-snetap-fsu.fr\/bfc\/2020\/07\/01\/la-pepite-est-en-colere\/","name":"La p\u00e9pite est en col\u00e8re ! - BOURGOGNE FRANCHE-COMTE","isPartOf":{"@id":"https:\/\/regions-snetap-fsu.fr\/bfc\/#website"},"primaryImageOfPage":{"@id":"https:\/\/regions-snetap-fsu.fr\/bfc\/2020\/07\/01\/la-pepite-est-en-colere\/#primaryimage"},"image":{"@id":"https:\/\/regions-snetap-fsu.fr\/bfc\/2020\/07\/01\/la-pepite-est-en-colere\/#primaryimage"},"thumbnailUrl":"https:\/\/regions-snetap-fsu.fr\/bfc\/wp-content\/uploads\/sites\/8\/2020\/07\/draf-30-juin-bis-scaled.jpg","datePublished":"2020-07-01T12:55:27+00:00","dateModified":"2020-07-02T15:05:02+00:00","breadcrumb":{"@id":"https:\/\/regions-snetap-fsu.fr\/bfc\/2020\/07\/01\/la-pepite-est-en-colere\/#breadcrumb"},"inLanguage":"fr-FR","potentialAction":[{"@type":"ReadAction","target":["https:\/\/regions-snetap-fsu.fr\/bfc\/2020\/07\/01\/la-pepite-est-en-colere\/"]}]},{"@type":"ImageObject","inLanguage":"fr-FR","@id":"https:\/\/regions-snetap-fsu.fr\/bfc\/2020\/07\/01\/la-pepite-est-en-colere\/#primaryimage","url":"https:\/\/regions-snetap-fsu.fr\/bfc\/wp-content\/uploads\/sites\/8\/2020\/07\/draf-30-juin-bis-scaled.jpg","contentUrl":"https:\/\/regions-snetap-fsu.fr\/bfc\/wp-content\/uploads\/sites\/8\/2020\/07\/draf-30-juin-bis-scaled.jpg","width":2560,"height":1920,"caption":"illustration action du 30 juin"},{"@type":"BreadcrumbList","@id":"https:\/\/regions-snetap-fsu.fr\/bfc\/2020\/07\/01\/la-pepite-est-en-colere\/#breadcrumb","itemListElement":[{"@type":"ListItem","position":1,"name":"Accueil","item":"https:\/\/regions-snetap-fsu.fr\/bfc\/"},{"@type":"ListItem","position":2,"name":"La p\u00e9pite est en col\u00e8re !"}]},{"@type":"WebSite","@id":"https:\/\/regions-snetap-fsu.fr\/bfc\/#website","url":"https:\/\/regions-snetap-fsu.fr\/bfc\/","name":"SNETAP-FSU BOURGOGNE FRANCHE-COMTE","description":"Le blog de la Section R\u00e9gionale","publisher":{"@id":"https:\/\/regions-snetap-fsu.fr\/bfc\/#organization"},"potentialAction":[{"@type":"SearchAction","target":{"@type":"EntryPoint","urlTemplate":"https:\/\/regions-snetap-fsu.fr\/bfc\/?s={search_term_string}"},"query-input":{"@type":"PropertyValueSpecification","valueRequired":true,"valueName":"search_term_string"}}],"inLanguage":"fr-FR"},{"@type":"Organization","@id":"https:\/\/regions-snetap-fsu.fr\/bfc\/#organization","name":"SNETAP-FSU Bourgogne Franche Comt\u00e9","url":"https:\/\/regions-snetap-fsu.fr\/bfc\/","logo":{"@type":"ImageObject","inLanguage":"fr-FR","@id":"https:\/\/regions-snetap-fsu.fr\/bfc\/#\/schema\/logo\/image\/","url":"https:\/\/regions-snetap-fsu.fr\/bfc\/wp-content\/uploads\/sites\/8\/2020\/12\/SNETAP-Logo.jpg","contentUrl":"https:\/\/regions-snetap-fsu.fr\/bfc\/wp-content\/uploads\/sites\/8\/2020\/12\/SNETAP-Logo.jpg","width":464,"height":334,"caption":"SNETAP-FSU Bourgogne Franche Comt\u00e9"},"image":{"@id":"https:\/\/regions-snetap-fsu.fr\/bfc\/#\/schema\/logo\/image\/"}},{"@type":"Person","@id":"","url":"https:\/\/regions-snetap-fsu.fr\/bfc\/author\/"}]}},"_links":{"self":[{"href":"https:\/\/regions-snetap-fsu.fr\/bfc\/wp-json\/wp\/v2\/posts\/391","targetHints":{"allow":["GET"]}}],"collection":[{"href":"https:\/\/regions-snetap-fsu.fr\/bfc\/wp-json\/wp\/v2\/posts"}],"about":[{"href":"https:\/\/regions-snetap-fsu.fr\/bfc\/wp-json\/wp\/v2\/types\/post"}],"author":[{"embeddable":true,"href":"https:\/\/regions-snetap-fsu.fr\/bfc\/wp-json\/wp\/v2\/users\/109"}],"replies":[{"embeddable":true,"href":"https:\/\/regions-snetap-fsu.fr\/bfc\/wp-json\/wp\/v2\/comments?post=391"}],"version-history":[{"count":3,"href":"https:\/\/regions-snetap-fsu.fr\/bfc\/wp-json\/wp\/v2\/posts\/391\/revisions"}],"predecessor-version":[{"id":400,"href":"https:\/\/regions-snetap-fsu.fr\/bfc\/wp-json\/wp\/v2\/posts\/391\/revisions\/400"}],"wp:attachment":[{"href":"https:\/\/regions-snetap-fsu.fr\/bfc\/wp-json\/wp\/v2\/media?parent=391"}],"wp:term":[{"taxonomy":"category","embeddable":true,"href":"https:\/\/regions-snetap-fsu.fr\/bfc\/wp-json\/wp\/v2\/categories?post=391"},{"taxonomy":"post_tag","embeddable":true,"href":"https:\/\/regions-snetap-fsu.fr\/bfc\/wp-json\/wp\/v2\/tags?post=391"},{"taxonomy":"post_folder","embeddable":true,"href":"https:\/\/regions-snetap-fsu.fr\/bfc\/wp-json\/wp\/v2\/post_folder?post=391"}],"curies":[{"name":"wp","href":"https:\/\/api.w.org\/{rel}","templated":true}]}}