{"id":268,"date":"2019-10-20T15:37:39","date_gmt":"2019-10-20T13:37:39","guid":{"rendered":"https:\/\/regions-snetap-fsu.fr\/bfc\/?p=268"},"modified":"2019-10-20T15:37:39","modified_gmt":"2019-10-20T13:37:39","slug":"stage-syndical-du-12-novembre-reforme-des-retraites","status":"publish","type":"post","link":"https:\/\/regions-snetap-fsu.fr\/bfc\/2019\/10\/20\/stage-syndical-du-12-novembre-reforme-des-retraites\/","title":{"rendered":"Stage syndical du 12 novembre  : r\u00e9forme des retraites"},"content":{"rendered":"<p><img fetchpriority=\"high\" decoding=\"async\" class=\"alignnone size-medium wp-image-269\" style=\"background-color: transparent;color: #333333;font-family: arial,helvetica,sans-serif;font-size: 16px;font-style: normal;font-variant: normal;font-weight: 400;height: 212px;letter-spacing: normal;max-width: 826px;text-align: left;text-decoration: none;text-indent: 0px;text-transform: none\" src=\"https:\/\/regions-snetap-fsu.fr\/bfc\/wp-content\/uploads\/sites\/8\/2019\/10\/retraite-300x212.jpg\" alt=\"\" width=\"300\" height=\"212\" srcset=\"https:\/\/regions-snetap-fsu.fr\/bfc\/wp-content\/uploads\/sites\/8\/2019\/10\/retraite-300x212.jpg 300w, https:\/\/regions-snetap-fsu.fr\/bfc\/wp-content\/uploads\/sites\/8\/2019\/10\/retraite-768x543.jpg 768w, https:\/\/regions-snetap-fsu.fr\/bfc\/wp-content\/uploads\/sites\/8\/2019\/10\/retraite.jpg 1024w, https:\/\/regions-snetap-fsu.fr\/bfc\/wp-content\/uploads\/sites\/8\/2019\/10\/retraite-100x71.jpg 100w, https:\/\/regions-snetap-fsu.fr\/bfc\/wp-content\/uploads\/sites\/8\/2019\/10\/retraite-150x106.jpg 150w, https:\/\/regions-snetap-fsu.fr\/bfc\/wp-content\/uploads\/sites\/8\/2019\/10\/retraite-200x141.jpg 200w, https:\/\/regions-snetap-fsu.fr\/bfc\/wp-content\/uploads\/sites\/8\/2019\/10\/retraite-450x318.jpg 450w, https:\/\/regions-snetap-fsu.fr\/bfc\/wp-content\/uploads\/sites\/8\/2019\/10\/retraite-600x424.jpg 600w, https:\/\/regions-snetap-fsu.fr\/bfc\/wp-content\/uploads\/sites\/8\/2019\/10\/retraite-900x636.jpg 900w\" sizes=\"(max-width: 300px) 100vw, 300px\" \/><b><\/b><i><\/i><u><\/u><span style=\"text-decoration: line-through\"><\/span><\/p>\n<p><span style=\"font-family: comic sans ms,sans-serif\"><strong><span style=\"text-align: left;color: #333333;text-transform: none;text-indent: 0px;letter-spacing: normal;font-size: 16px;font-style: normal;font-variant: normal;text-decoration: none;float: none;background-color: transparent\">PARLONS RETRAITE!\u00a0<\/span><\/strong><\/span><br \/>\n<span style=\"font-family: arial,helvetica,sans-serif\">Dans le syst\u00e8me actuel, les fonctionnaires vraiment plus avantag\u00e9s que les salari\u00e9s du priv\u00e9 ? <\/span><br \/>\n<span style=\"font-family: arial,helvetica,sans-serif\">Et les agents contractuels ? Et les agents sur budget ?<\/span><br \/>\n<span style=\"font-family: arial,helvetica,sans-serif\">Le syst\u00e8me voulu par le gouvernement <span style=\"float: none;background-color: transparent;color: #333333;font-family: arial,helvetica,sans-serif;font-size: 16px;font-style: normal;font-variant: normal;font-weight: 400;letter-spacing: normal;text-align: left;text-decoration: none;text-indent: 0px;text-transform: none\">plus juste ?<span style=\"font-family: arial,helvetica,sans-serif\">Plus lisible ? Plus solidaire ?<\/span><\/span><\/span><br \/>\n<span style=\"font-family: arial,helvetica,sans-serif\">Que veut dire \u00ab un syst\u00e8me \u00e9quilibr\u00e9 et soutenable \u00bb ?<\/span><br \/>\n<span style=\"font-family: arial,helvetica,sans-serif\">\u00c2ge de d\u00e9part \u00e0 la retraite, \u00e2ge pivot, qu\u2019est-ce que c\u2019est ?<\/span><\/p>\n<p><span style=\"font-family: arial,helvetica,sans-serif\">Pour comprendre la r\u00e9gression <span style=\"font-family: arial,helvetica,sans-serif\">organis\u00e9e par le gouvernement, <\/span><br style=\"background-color: transparent;color: #333333;quot;quot;quot;quot;,times,serif;font-size: 16px;font-style: normal;font-variant: normal;font-weight: 400;letter-spacing: normal;line-height: 24px;max-width: none;min-height: 0px;overflow: visible;text-align: left;text-decoration: none;text-indent: 0px;text-transform: none;padding: 0px;margin: 0px\" \/><span style=\"font-family: arial,helvetica,sans-serif\">informons-nous !<\/span><\/span><b><\/b><i><\/i><u><\/u><span style=\"text-decoration: line-through\"><\/span><\/p>\n<p>Rendez-vous<br \/>\nle mardi 12 novembre<br \/>\n\u00e0 Qu\u00e9tigny de 9h \u00e0 12h<br \/>\n\u00e0 Montmorot de 14h \u00e0 17h<\/p>\n","protected":false},"excerpt":{"rendered":"<p>PARLONS RETRAITE!\u00a0 Dans le syst\u00e8me actuel, les fonctionnaires vraiment plus avantag\u00e9s que les salari\u00e9s du priv\u00e9 ? Et les agents contractuels ? Et les agents sur budget ? Le syst\u00e8me voulu par le gouvernement plus juste ?Plus lisible ? Plus solidaire ? Que veut dire \u00ab un syst\u00e8me \u00e9quilibr\u00e9 et soutenable \u00bb ? \u00c2ge de [&hellip;]<\/p>\n","protected":false},"author":109,"featured_media":0,"comment_status":"closed","ping_status":"closed","sticky":false,"template":"","format":"standard","meta":{"ocean_post_layout":"","ocean_both_sidebars_style":"","ocean_both_sidebars_content_width":0,"ocean_both_sidebars_sidebars_width":0,"ocean_sidebar":"","ocean_second_sidebar":"","ocean_disable_margins":"enable","ocean_add_body_class":"","ocean_shortcode_before_top_bar":"","ocean_shortcode_after_top_bar":"","ocean_shortcode_before_header":"","ocean_shortcode_after_header":"","ocean_has_shortcode":"","ocean_shortcode_after_title":"","ocean_shortcode_before_footer_widgets":"","ocean_shortcode_after_footer_widgets":"","ocean_shortcode_before_footer_bottom":"","ocean_shortcode_after_footer_bottom":"","ocean_display_top_bar":"default","ocean_display_header":"default","ocean_header_style":"","ocean_center_header_left_menu":"","ocean_custom_header_template":"","ocean_custom_logo":0,"ocean_custom_retina_logo":0,"ocean_custom_logo_max_width":0,"ocean_custom_logo_tablet_max_width":0,"ocean_custom_logo_mobile_max_width":0,"ocean_custom_logo_max_height":0,"ocean_custom_logo_tablet_max_height":0,"ocean_custom_logo_mobile_max_height":0,"ocean_header_custom_menu":"","ocean_menu_typo_font_family":"","ocean_menu_typo_font_subset":"","ocean_menu_typo_font_size":0,"ocean_menu_typo_font_size_tablet":0,"ocean_menu_typo_font_size_mobile":0,"ocean_menu_typo_font_size_unit":"px","ocean_menu_typo_font_weight":"","ocean_menu_typo_font_weight_tablet":"","ocean_menu_typo_font_weight_mobile":"","ocean_menu_typo_transform":"","ocean_menu_typo_transform_tablet":"","ocean_menu_typo_transform_mobile":"","ocean_menu_typo_line_height":0,"ocean_menu_typo_line_height_tablet":0,"ocean_menu_typo_line_height_mobile":0,"ocean_menu_typo_line_height_unit":"","ocean_menu_typo_spacing":0,"ocean_menu_typo_spacing_tablet":0,"ocean_menu_typo_spacing_mobile":0,"ocean_menu_typo_spacing_unit":"","ocean_menu_link_color":"","ocean_menu_link_color_hover":"","ocean_menu_link_color_active":"","ocean_menu_link_background":"","ocean_menu_link_hover_background":"","ocean_menu_link_active_background":"","ocean_menu_social_links_bg":"","ocean_menu_social_hover_links_bg":"","ocean_menu_social_links_color":"","ocean_menu_social_hover_links_color":"","ocean_disable_title":"default","ocean_disable_heading":"default","ocean_post_title":"","ocean_post_subheading":"","ocean_post_title_style":"","ocean_post_title_background_color":"","ocean_post_title_background":0,"ocean_post_title_bg_image_position":"","ocean_post_title_bg_image_attachment":"","ocean_post_title_bg_image_repeat":"","ocean_post_title_bg_image_size":"","ocean_post_title_height":0,"ocean_post_title_bg_overlay":0.5,"ocean_post_title_bg_overlay_color":"","ocean_disable_breadcrumbs":"default","ocean_breadcrumbs_color":"","ocean_breadcrumbs_separator_color":"","ocean_breadcrumbs_links_color":"","ocean_breadcrumbs_links_hover_color":"","ocean_display_footer_widgets":"default","ocean_display_footer_bottom":"default","ocean_custom_footer_template":"","ocean_post_oembed":"","ocean_post_self_hosted_media":"","ocean_post_video_embed":"","ocean_link_format":"","ocean_link_format_target":"self","ocean_quote_format":"","ocean_quote_format_link":"post","ocean_gallery_link_images":"on","ocean_gallery_id":[],"footnotes":""},"categories":[15],"tags":[],"post_folder":[],"class_list":["post-268","post","type-post","status-publish","format-standard","hentry","category-informations-pratiques","entry"],"yoast_head":"<!-- This site is optimized with the Yoast SEO plugin v27.4 - https:\/\/yoast.com\/product\/yoast-seo-wordpress\/ -->\n<title>Stage syndical du 12 novembre : r\u00e9forme des retraites - BOURGOGNE FRANCHE-COMTE<\/title>\n<meta name=\"robots\" content=\"index, follow, max-snippet:-1, max-image-preview:large, max-video-preview:-1\" \/>\n<link rel=\"canonical\" href=\"https:\/\/regions-snetap-fsu.fr\/bfc\/2019\/10\/20\/stage-syndical-du-12-novembre-reforme-des-retraites\/\" \/>\n<meta property=\"og:locale\" content=\"fr_FR\" \/>\n<meta property=\"og:type\" content=\"article\" \/>\n<meta property=\"og:title\" content=\"Stage syndical du 12 novembre : r\u00e9forme des retraites - BOURGOGNE FRANCHE-COMTE\" \/>\n<meta property=\"og:description\" content=\"PARLONS RETRAITE!\u00a0 Dans le syst\u00e8me actuel, les fonctionnaires vraiment plus avantag\u00e9s que les salari\u00e9s du priv\u00e9 ? Et les agents contractuels ? Et les agents sur budget ? Le syst\u00e8me voulu par le gouvernement plus juste ?Plus lisible ? Plus solidaire ? Que veut dire \u00ab un syst\u00e8me \u00e9quilibr\u00e9 et soutenable \u00bb ? \u00c2ge de [&hellip;]\" \/>\n<meta property=\"og:url\" content=\"https:\/\/regions-snetap-fsu.fr\/bfc\/2019\/10\/20\/stage-syndical-du-12-novembre-reforme-des-retraites\/\" \/>\n<meta property=\"og:site_name\" content=\"BOURGOGNE FRANCHE-COMTE\" \/>\n<meta property=\"article:published_time\" content=\"2019-10-20T13:37:39+00:00\" \/>\n<meta property=\"og:image\" content=\"https:\/\/regions-snetap-fsu.fr\/bfc\/wp-content\/uploads\/sites\/8\/2019\/10\/retraite-300x212.jpg\" \/>\n<meta name=\"twitter:card\" content=\"summary_large_image\" \/>\n<meta name=\"twitter:label1\" content=\"\u00c9crit par\" \/>\n\t<meta name=\"twitter:data1\" content=\"\" \/>\n<script type=\"application\/ld+json\" class=\"yoast-schema-graph\">{\"@context\":\"https:\\\/\\\/schema.org\",\"@graph\":[{\"@type\":\"Article\",\"@id\":\"https:\\\/\\\/regions-snetap-fsu.fr\\\/bfc\\\/2019\\\/10\\\/20\\\/stage-syndical-du-12-novembre-reforme-des-retraites\\\/#article\",\"isPartOf\":{\"@id\":\"https:\\\/\\\/regions-snetap-fsu.fr\\\/bfc\\\/2019\\\/10\\\/20\\\/stage-syndical-du-12-novembre-reforme-des-retraites\\\/\"},\"author\":{\"name\":\"\",\"@id\":\"\"},\"headline\":\"Stage syndical du 12 novembre : r\u00e9forme des retraites\",\"datePublished\":\"2019-10-20T13:37:39+00:00\",\"mainEntityOfPage\":{\"@id\":\"https:\\\/\\\/regions-snetap-fsu.fr\\\/bfc\\\/2019\\\/10\\\/20\\\/stage-syndical-du-12-novembre-reforme-des-retraites\\\/\"},\"wordCount\":95,\"publisher\":{\"@id\":\"https:\\\/\\\/regions-snetap-fsu.fr\\\/bfc\\\/#organization\"},\"image\":{\"@id\":\"https:\\\/\\\/regions-snetap-fsu.fr\\\/bfc\\\/2019\\\/10\\\/20\\\/stage-syndical-du-12-novembre-reforme-des-retraites\\\/#primaryimage\"},\"thumbnailUrl\":\"https:\\\/\\\/regions-snetap-fsu.fr\\\/bfc\\\/wp-content\\\/uploads\\\/sites\\\/8\\\/2019\\\/10\\\/retraite-300x212.jpg\",\"articleSection\":[\"informations pratiques\"],\"inLanguage\":\"fr-FR\"},{\"@type\":\"WebPage\",\"@id\":\"https:\\\/\\\/regions-snetap-fsu.fr\\\/bfc\\\/2019\\\/10\\\/20\\\/stage-syndical-du-12-novembre-reforme-des-retraites\\\/\",\"url\":\"https:\\\/\\\/regions-snetap-fsu.fr\\\/bfc\\\/2019\\\/10\\\/20\\\/stage-syndical-du-12-novembre-reforme-des-retraites\\\/\",\"name\":\"Stage syndical du 12 novembre : r\u00e9forme des retraites - BOURGOGNE FRANCHE-COMTE\",\"isPartOf\":{\"@id\":\"https:\\\/\\\/regions-snetap-fsu.fr\\\/bfc\\\/#website\"},\"primaryImageOfPage\":{\"@id\":\"https:\\\/\\\/regions-snetap-fsu.fr\\\/bfc\\\/2019\\\/10\\\/20\\\/stage-syndical-du-12-novembre-reforme-des-retraites\\\/#primaryimage\"},\"image\":{\"@id\":\"https:\\\/\\\/regions-snetap-fsu.fr\\\/bfc\\\/2019\\\/10\\\/20\\\/stage-syndical-du-12-novembre-reforme-des-retraites\\\/#primaryimage\"},\"thumbnailUrl\":\"https:\\\/\\\/regions-snetap-fsu.fr\\\/bfc\\\/wp-content\\\/uploads\\\/sites\\\/8\\\/2019\\\/10\\\/retraite-300x212.jpg\",\"datePublished\":\"2019-10-20T13:37:39+00:00\",\"breadcrumb\":{\"@id\":\"https:\\\/\\\/regions-snetap-fsu.fr\\\/bfc\\\/2019\\\/10\\\/20\\\/stage-syndical-du-12-novembre-reforme-des-retraites\\\/#breadcrumb\"},\"inLanguage\":\"fr-FR\",\"potentialAction\":[{\"@type\":\"ReadAction\",\"target\":[\"https:\\\/\\\/regions-snetap-fsu.fr\\\/bfc\\\/2019\\\/10\\\/20\\\/stage-syndical-du-12-novembre-reforme-des-retraites\\\/\"]}]},{\"@type\":\"ImageObject\",\"inLanguage\":\"fr-FR\",\"@id\":\"https:\\\/\\\/regions-snetap-fsu.fr\\\/bfc\\\/2019\\\/10\\\/20\\\/stage-syndical-du-12-novembre-reforme-des-retraites\\\/#primaryimage\",\"url\":\"https:\\\/\\\/regions-snetap-fsu.fr\\\/bfc\\\/wp-content\\\/uploads\\\/sites\\\/8\\\/2019\\\/10\\\/retraite.jpg\",\"contentUrl\":\"https:\\\/\\\/regions-snetap-fsu.fr\\\/bfc\\\/wp-content\\\/uploads\\\/sites\\\/8\\\/2019\\\/10\\\/retraite.jpg\",\"width\":1024,\"height\":724,\"caption\":\"retraite\"},{\"@type\":\"BreadcrumbList\",\"@id\":\"https:\\\/\\\/regions-snetap-fsu.fr\\\/bfc\\\/2019\\\/10\\\/20\\\/stage-syndical-du-12-novembre-reforme-des-retraites\\\/#breadcrumb\",\"itemListElement\":[{\"@type\":\"ListItem\",\"position\":1,\"name\":\"Accueil\",\"item\":\"https:\\\/\\\/regions-snetap-fsu.fr\\\/bfc\\\/\"},{\"@type\":\"ListItem\",\"position\":2,\"name\":\"Stage syndical du 12 novembre : r\u00e9forme des retraites\"}]},{\"@type\":\"WebSite\",\"@id\":\"https:\\\/\\\/regions-snetap-fsu.fr\\\/bfc\\\/#website\",\"url\":\"https:\\\/\\\/regions-snetap-fsu.fr\\\/bfc\\\/\",\"name\":\"SNETAP-FSU BOURGOGNE FRANCHE-COMTE\",\"description\":\"Le blog de la Section R\u00e9gionale\",\"publisher\":{\"@id\":\"https:\\\/\\\/regions-snetap-fsu.fr\\\/bfc\\\/#organization\"},\"potentialAction\":[{\"@type\":\"SearchAction\",\"target\":{\"@type\":\"EntryPoint\",\"urlTemplate\":\"https:\\\/\\\/regions-snetap-fsu.fr\\\/bfc\\\/?s={search_term_string}\"},\"query-input\":{\"@type\":\"PropertyValueSpecification\",\"valueRequired\":true,\"valueName\":\"search_term_string\"}}],\"inLanguage\":\"fr-FR\"},{\"@type\":\"Organization\",\"@id\":\"https:\\\/\\\/regions-snetap-fsu.fr\\\/bfc\\\/#organization\",\"name\":\"SNETAP-FSU Bourgogne Franche Comt\u00e9\",\"url\":\"https:\\\/\\\/regions-snetap-fsu.fr\\\/bfc\\\/\",\"logo\":{\"@type\":\"ImageObject\",\"inLanguage\":\"fr-FR\",\"@id\":\"https:\\\/\\\/regions-snetap-fsu.fr\\\/bfc\\\/#\\\/schema\\\/logo\\\/image\\\/\",\"url\":\"https:\\\/\\\/regions-snetap-fsu.fr\\\/bfc\\\/wp-content\\\/uploads\\\/sites\\\/8\\\/2020\\\/12\\\/SNETAP-Logo.jpg\",\"contentUrl\":\"https:\\\/\\\/regions-snetap-fsu.fr\\\/bfc\\\/wp-content\\\/uploads\\\/sites\\\/8\\\/2020\\\/12\\\/SNETAP-Logo.jpg\",\"width\":464,\"height\":334,\"caption\":\"SNETAP-FSU Bourgogne Franche Comt\u00e9\"},\"image\":{\"@id\":\"https:\\\/\\\/regions-snetap-fsu.fr\\\/bfc\\\/#\\\/schema\\\/logo\\\/image\\\/\"}},{\"@type\":\"Person\",\"@id\":\"\",\"url\":\"https:\\\/\\\/regions-snetap-fsu.fr\\\/bfc\\\/author\\\/\"}]}<\/script>\n<!-- \/ Yoast SEO plugin. -->","yoast_head_json":{"title":"Stage syndical du 12 novembre : r\u00e9forme des retraites - BOURGOGNE FRANCHE-COMTE","robots":{"index":"index","follow":"follow","max-snippet":"max-snippet:-1","max-image-preview":"max-image-preview:large","max-video-preview":"max-video-preview:-1"},"canonical":"https:\/\/regions-snetap-fsu.fr\/bfc\/2019\/10\/20\/stage-syndical-du-12-novembre-reforme-des-retraites\/","og_locale":"fr_FR","og_type":"article","og_title":"Stage syndical du 12 novembre : r\u00e9forme des retraites - BOURGOGNE FRANCHE-COMTE","og_description":"PARLONS RETRAITE!\u00a0 Dans le syst\u00e8me actuel, les fonctionnaires vraiment plus avantag\u00e9s que les salari\u00e9s du priv\u00e9 ? Et les agents contractuels ? Et les agents sur budget ? Le syst\u00e8me voulu par le gouvernement plus juste ?Plus lisible ? Plus solidaire ? Que veut dire \u00ab un syst\u00e8me \u00e9quilibr\u00e9 et soutenable \u00bb ? \u00c2ge de [&hellip;]","og_url":"https:\/\/regions-snetap-fsu.fr\/bfc\/2019\/10\/20\/stage-syndical-du-12-novembre-reforme-des-retraites\/","og_site_name":"BOURGOGNE FRANCHE-COMTE","article_published_time":"2019-10-20T13:37:39+00:00","og_image":[{"url":"https:\/\/regions-snetap-fsu.fr\/bfc\/wp-content\/uploads\/sites\/8\/2019\/10\/retraite-300x212.jpg","type":"","width":"","height":""}],"twitter_card":"summary_large_image","twitter_misc":{"\u00c9crit par":""},"schema":{"@context":"https:\/\/schema.org","@graph":[{"@type":"Article","@id":"https:\/\/regions-snetap-fsu.fr\/bfc\/2019\/10\/20\/stage-syndical-du-12-novembre-reforme-des-retraites\/#article","isPartOf":{"@id":"https:\/\/regions-snetap-fsu.fr\/bfc\/2019\/10\/20\/stage-syndical-du-12-novembre-reforme-des-retraites\/"},"author":{"name":"","@id":""},"headline":"Stage syndical du 12 novembre : r\u00e9forme des retraites","datePublished":"2019-10-20T13:37:39+00:00","mainEntityOfPage":{"@id":"https:\/\/regions-snetap-fsu.fr\/bfc\/2019\/10\/20\/stage-syndical-du-12-novembre-reforme-des-retraites\/"},"wordCount":95,"publisher":{"@id":"https:\/\/regions-snetap-fsu.fr\/bfc\/#organization"},"image":{"@id":"https:\/\/regions-snetap-fsu.fr\/bfc\/2019\/10\/20\/stage-syndical-du-12-novembre-reforme-des-retraites\/#primaryimage"},"thumbnailUrl":"https:\/\/regions-snetap-fsu.fr\/bfc\/wp-content\/uploads\/sites\/8\/2019\/10\/retraite-300x212.jpg","articleSection":["informations pratiques"],"inLanguage":"fr-FR"},{"@type":"WebPage","@id":"https:\/\/regions-snetap-fsu.fr\/bfc\/2019\/10\/20\/stage-syndical-du-12-novembre-reforme-des-retraites\/","url":"https:\/\/regions-snetap-fsu.fr\/bfc\/2019\/10\/20\/stage-syndical-du-12-novembre-reforme-des-retraites\/","name":"Stage syndical du 12 novembre : r\u00e9forme des retraites - BOURGOGNE FRANCHE-COMTE","isPartOf":{"@id":"https:\/\/regions-snetap-fsu.fr\/bfc\/#website"},"primaryImageOfPage":{"@id":"https:\/\/regions-snetap-fsu.fr\/bfc\/2019\/10\/20\/stage-syndical-du-12-novembre-reforme-des-retraites\/#primaryimage"},"image":{"@id":"https:\/\/regions-snetap-fsu.fr\/bfc\/2019\/10\/20\/stage-syndical-du-12-novembre-reforme-des-retraites\/#primaryimage"},"thumbnailUrl":"https:\/\/regions-snetap-fsu.fr\/bfc\/wp-content\/uploads\/sites\/8\/2019\/10\/retraite-300x212.jpg","datePublished":"2019-10-20T13:37:39+00:00","breadcrumb":{"@id":"https:\/\/regions-snetap-fsu.fr\/bfc\/2019\/10\/20\/stage-syndical-du-12-novembre-reforme-des-retraites\/#breadcrumb"},"inLanguage":"fr-FR","potentialAction":[{"@type":"ReadAction","target":["https:\/\/regions-snetap-fsu.fr\/bfc\/2019\/10\/20\/stage-syndical-du-12-novembre-reforme-des-retraites\/"]}]},{"@type":"ImageObject","inLanguage":"fr-FR","@id":"https:\/\/regions-snetap-fsu.fr\/bfc\/2019\/10\/20\/stage-syndical-du-12-novembre-reforme-des-retraites\/#primaryimage","url":"https:\/\/regions-snetap-fsu.fr\/bfc\/wp-content\/uploads\/sites\/8\/2019\/10\/retraite.jpg","contentUrl":"https:\/\/regions-snetap-fsu.fr\/bfc\/wp-content\/uploads\/sites\/8\/2019\/10\/retraite.jpg","width":1024,"height":724,"caption":"retraite"},{"@type":"BreadcrumbList","@id":"https:\/\/regions-snetap-fsu.fr\/bfc\/2019\/10\/20\/stage-syndical-du-12-novembre-reforme-des-retraites\/#breadcrumb","itemListElement":[{"@type":"ListItem","position":1,"name":"Accueil","item":"https:\/\/regions-snetap-fsu.fr\/bfc\/"},{"@type":"ListItem","position":2,"name":"Stage syndical du 12 novembre : r\u00e9forme des retraites"}]},{"@type":"WebSite","@id":"https:\/\/regions-snetap-fsu.fr\/bfc\/#website","url":"https:\/\/regions-snetap-fsu.fr\/bfc\/","name":"SNETAP-FSU BOURGOGNE FRANCHE-COMTE","description":"Le blog de la Section R\u00e9gionale","publisher":{"@id":"https:\/\/regions-snetap-fsu.fr\/bfc\/#organization"},"potentialAction":[{"@type":"SearchAction","target":{"@type":"EntryPoint","urlTemplate":"https:\/\/regions-snetap-fsu.fr\/bfc\/?s={search_term_string}"},"query-input":{"@type":"PropertyValueSpecification","valueRequired":true,"valueName":"search_term_string"}}],"inLanguage":"fr-FR"},{"@type":"Organization","@id":"https:\/\/regions-snetap-fsu.fr\/bfc\/#organization","name":"SNETAP-FSU Bourgogne Franche Comt\u00e9","url":"https:\/\/regions-snetap-fsu.fr\/bfc\/","logo":{"@type":"ImageObject","inLanguage":"fr-FR","@id":"https:\/\/regions-snetap-fsu.fr\/bfc\/#\/schema\/logo\/image\/","url":"https:\/\/regions-snetap-fsu.fr\/bfc\/wp-content\/uploads\/sites\/8\/2020\/12\/SNETAP-Logo.jpg","contentUrl":"https:\/\/regions-snetap-fsu.fr\/bfc\/wp-content\/uploads\/sites\/8\/2020\/12\/SNETAP-Logo.jpg","width":464,"height":334,"caption":"SNETAP-FSU Bourgogne Franche Comt\u00e9"},"image":{"@id":"https:\/\/regions-snetap-fsu.fr\/bfc\/#\/schema\/logo\/image\/"}},{"@type":"Person","@id":"","url":"https:\/\/regions-snetap-fsu.fr\/bfc\/author\/"}]}},"_links":{"self":[{"href":"https:\/\/regions-snetap-fsu.fr\/bfc\/wp-json\/wp\/v2\/posts\/268","targetHints":{"allow":["GET"]}}],"collection":[{"href":"https:\/\/regions-snetap-fsu.fr\/bfc\/wp-json\/wp\/v2\/posts"}],"about":[{"href":"https:\/\/regions-snetap-fsu.fr\/bfc\/wp-json\/wp\/v2\/types\/post"}],"author":[{"embeddable":true,"href":"https:\/\/regions-snetap-fsu.fr\/bfc\/wp-json\/wp\/v2\/users\/109"}],"replies":[{"embeddable":true,"href":"https:\/\/regions-snetap-fsu.fr\/bfc\/wp-json\/wp\/v2\/comments?post=268"}],"version-history":[{"count":1,"href":"https:\/\/regions-snetap-fsu.fr\/bfc\/wp-json\/wp\/v2\/posts\/268\/revisions"}],"predecessor-version":[{"id":270,"href":"https:\/\/regions-snetap-fsu.fr\/bfc\/wp-json\/wp\/v2\/posts\/268\/revisions\/270"}],"wp:attachment":[{"href":"https:\/\/regions-snetap-fsu.fr\/bfc\/wp-json\/wp\/v2\/media?parent=268"}],"wp:term":[{"taxonomy":"category","embeddable":true,"href":"https:\/\/regions-snetap-fsu.fr\/bfc\/wp-json\/wp\/v2\/categories?post=268"},{"taxonomy":"post_tag","embeddable":true,"href":"https:\/\/regions-snetap-fsu.fr\/bfc\/wp-json\/wp\/v2\/tags?post=268"},{"taxonomy":"post_folder","embeddable":true,"href":"https:\/\/regions-snetap-fsu.fr\/bfc\/wp-json\/wp\/v2\/post_folder?post=268"}],"curies":[{"name":"wp","href":"https:\/\/api.w.org\/{rel}","templated":true}]}}