{"id":259,"date":"2019-10-04T16:28:45","date_gmt":"2019-10-04T14:28:45","guid":{"rendered":"https:\/\/regions-snetap-fsu.fr\/bfc\/?p=259"},"modified":"2019-10-04T16:28:45","modified_gmt":"2019-10-04T14:28:45","slug":"reforme-du-bac-stav-le-mepris-continue","status":"publish","type":"post","link":"https:\/\/regions-snetap-fsu.fr\/bfc\/2019\/10\/04\/reforme-du-bac-stav-le-mepris-continue\/","title":{"rendered":"R\u00e9forme du bac  STAV&#8230;.le m\u00e9pris continue !!!!"},"content":{"rendered":"<div class=\"page\">\n<div class=\"main\">\n<div class=\"wrapper hfeed col-xs-12 col-sm-8\">\n<div id=\"content\" class=\"content hentry\">\n<div class=\"cartouche clearfix\">\n<div class=\"article_pdf\"><\/div>\n<\/div>\n<div class=\"crayon article-chapo-6111 chapo surlignable\">\n<p>La <a class=\"cs_glossaire\" href=\"https:\/\/www.snetap-fsu.fr\/+-DGER-+.html\" name=\"mot63_1\"><span class=\"gl_dl\">\u00a0<span class=\"gl_dd\">Direction G\u00e9n\u00e9rale de l\u2019Enseignement et de la Recherche<\/span> <\/span><\/a> d\u00e9cide de modifier l\u2019\u00e9valuation pour la classe de premi\u00e8re du nouveau Bac STAV.<\/p>\n<\/div>\n<div class=\"crayon article-texte-6111 texte surlignable clearfix\">\n<p><strong class=\"caractencadre-spip spip\">Un <a class=\"cs_glossaire\" href=\"https:\/\/www.snetap-fsu.fr\/+-CCF-+.html\" name=\"mot28_0\"><span class=\"gl_dl\"><span class=\"gl_dd\">Contr\u00f4le Certificatif en cours de Formation<\/span> <\/span><\/a> de plus en math\u00e9matiques et en histoire g\u00e9ographie&#8230;d\u00e8s la premi\u00e8re\u00a0!<\/strong><\/p>\n<p><strong class=\"caractencadre2-spip spip\">Premi\u00e8re modification\u00a0:<\/strong> concernant les \u00e9preuves du premier groupe, pour les candidats b\u00e9n\u00e9ficiant du CCF, une situation d\u2019\u00e9valuation a \u00e9t\u00e9 ajout\u00e9e en classe de premi\u00e8re pour les \u00e9preuves de \u00ab\u00a0Math\u00e9matiques et TIM\u00a0\u00bb et \u00ab\u00a0Histoire-g\u00e9ographie\u00a0\u00bb. Alors que cela n\u2019\u00e9tait pas pr\u00e9vu et donc dans l\u2019impr\u00e9paration totale, sans se pr\u00e9occuper de l\u2019organisation, du fonctionnement des \u00e9quipes p\u00e9dagogiques sur le terrain (ni des \u00e9l\u00e8ves \u00e0 qui ont d\u00e9j\u00e0 \u00e9t\u00e9 communiqu\u00e9 le pr\u00e9visionnel des CCF), il faut rajouter au plan d\u2019\u00e9valuation deux CCF\u00a0! Quel m\u00e9pris\u00a0!<\/p>\n<p><strong class=\"caractencadre2-spip spip\">Deuxi\u00e8me modification\u00a0:<\/strong> l\u2019\u00e9preuve \u00ab\u00a0Histoire-g\u00e9ographie-Education socioculturelle\u00a0\u00bb pour les candidats hors-CCF a \u00e9galement \u00e9t\u00e9 modifi\u00e9e et prendra la forme d\u2019une \u00e9preuve orale de 30 minutes. On pourra ici s\u2019\u00e9tonner de cette modification majeure (passer d\u2019un \u00e9crit de 2h, initialement pr\u00e9vu, \u00e0 un oral de 30 minutes), sans justification et qui introduit une distorsion importante entre les candidat.es. Il est \u00e9vident que les \u00e9valuations orales ont toute leur pertinence mais les comp\u00e9tences \u00e9valu\u00e9es ne sont pas les m\u00eames, par exemple.<\/p>\n<p><strong class=\"caractencadre-spip spip\">Des \u00e9quipes toujours dans l\u2019ignorance<\/strong><br class=\"autobr\" \/>Ce sentiment de m\u00e9pris augmente avec l\u2019ignorance dans laquelle sont laiss\u00e9es les \u00e9quipes. Que d\u2019incertitudes et manque d\u2019information concernant\u00a0: le calendrier des \u00e9preuves de sp\u00e9cialit\u00e9s, des CCF de terminale, la pr\u00e9paration du grand oral, l\u2019organisation et la prise en compte des 10\u00a0% du contr\u00f4le continu ou encore l\u2019\u00e9valuation des stages en entreprise.<\/p>\n<p>&nbsp;<\/p>\n<\/div>\n<\/div>\n<\/div>\n<\/div>\n<\/div>\n","protected":false},"excerpt":{"rendered":"<p>La \u00a0Direction G\u00e9n\u00e9rale de l\u2019Enseignement et de la Recherche d\u00e9cide de modifier l\u2019\u00e9valuation pour la classe de premi\u00e8re du nouveau Bac STAV. Un Contr\u00f4le Certificatif en cours de Formation de plus en math\u00e9matiques et en histoire g\u00e9ographie&#8230;d\u00e8s la premi\u00e8re\u00a0! Premi\u00e8re modification\u00a0: concernant les \u00e9preuves du premier groupe, pour les candidats b\u00e9n\u00e9ficiant du CCF, une situation [&hellip;]<\/p>\n","protected":false},"author":109,"featured_media":0,"comment_status":"closed","ping_status":"closed","sticky":false,"template":"","format":"standard","meta":{"ocean_post_layout":"","ocean_both_sidebars_style":"","ocean_both_sidebars_content_width":0,"ocean_both_sidebars_sidebars_width":0,"ocean_sidebar":"","ocean_second_sidebar":"","ocean_disable_margins":"enable","ocean_add_body_class":"","ocean_shortcode_before_top_bar":"","ocean_shortcode_after_top_bar":"","ocean_shortcode_before_header":"","ocean_shortcode_after_header":"","ocean_has_shortcode":"","ocean_shortcode_after_title":"","ocean_shortcode_before_footer_widgets":"","ocean_shortcode_after_footer_widgets":"","ocean_shortcode_before_footer_bottom":"","ocean_shortcode_after_footer_bottom":"","ocean_display_top_bar":"default","ocean_display_header":"default","ocean_header_style":"","ocean_center_header_left_menu":"","ocean_custom_header_template":"","ocean_custom_logo":0,"ocean_custom_retina_logo":0,"ocean_custom_logo_max_width":0,"ocean_custom_logo_tablet_max_width":0,"ocean_custom_logo_mobile_max_width":0,"ocean_custom_logo_max_height":0,"ocean_custom_logo_tablet_max_height":0,"ocean_custom_logo_mobile_max_height":0,"ocean_header_custom_menu":"","ocean_menu_typo_font_family":"","ocean_menu_typo_font_subset":"","ocean_menu_typo_font_size":0,"ocean_menu_typo_font_size_tablet":0,"ocean_menu_typo_font_size_mobile":0,"ocean_menu_typo_font_size_unit":"px","ocean_menu_typo_font_weight":"","ocean_menu_typo_font_weight_tablet":"","ocean_menu_typo_font_weight_mobile":"","ocean_menu_typo_transform":"","ocean_menu_typo_transform_tablet":"","ocean_menu_typo_transform_mobile":"","ocean_menu_typo_line_height":0,"ocean_menu_typo_line_height_tablet":0,"ocean_menu_typo_line_height_mobile":0,"ocean_menu_typo_line_height_unit":"","ocean_menu_typo_spacing":0,"ocean_menu_typo_spacing_tablet":0,"ocean_menu_typo_spacing_mobile":0,"ocean_menu_typo_spacing_unit":"","ocean_menu_link_color":"","ocean_menu_link_color_hover":"","ocean_menu_link_color_active":"","ocean_menu_link_background":"","ocean_menu_link_hover_background":"","ocean_menu_link_active_background":"","ocean_menu_social_links_bg":"","ocean_menu_social_hover_links_bg":"","ocean_menu_social_links_color":"","ocean_menu_social_hover_links_color":"","ocean_disable_title":"default","ocean_disable_heading":"default","ocean_post_title":"","ocean_post_subheading":"","ocean_post_title_style":"","ocean_post_title_background_color":"","ocean_post_title_background":0,"ocean_post_title_bg_image_position":"","ocean_post_title_bg_image_attachment":"","ocean_post_title_bg_image_repeat":"","ocean_post_title_bg_image_size":"","ocean_post_title_height":0,"ocean_post_title_bg_overlay":0.5,"ocean_post_title_bg_overlay_color":"","ocean_disable_breadcrumbs":"default","ocean_breadcrumbs_color":"","ocean_breadcrumbs_separator_color":"","ocean_breadcrumbs_links_color":"","ocean_breadcrumbs_links_hover_color":"","ocean_display_footer_widgets":"default","ocean_display_footer_bottom":"default","ocean_custom_footer_template":"","ocean_post_oembed":"","ocean_post_self_hosted_media":"","ocean_post_video_embed":"","ocean_link_format":"","ocean_link_format_target":"self","ocean_quote_format":"","ocean_quote_format_link":"post","ocean_gallery_link_images":"on","ocean_gallery_id":[],"footnotes":""},"categories":[15],"tags":[],"post_folder":[],"class_list":["post-259","post","type-post","status-publish","format-standard","hentry","category-informations-pratiques","entry"],"yoast_head":"<!-- This site is optimized with the Yoast SEO plugin v27.4 - https:\/\/yoast.com\/product\/yoast-seo-wordpress\/ -->\n<title>R\u00e9forme du bac STAV....le m\u00e9pris continue !!!! - BOURGOGNE FRANCHE-COMTE<\/title>\n<meta name=\"robots\" content=\"index, follow, max-snippet:-1, max-image-preview:large, max-video-preview:-1\" \/>\n<link rel=\"canonical\" href=\"https:\/\/regions-snetap-fsu.fr\/bfc\/2019\/10\/04\/reforme-du-bac-stav-le-mepris-continue\/\" \/>\n<meta property=\"og:locale\" content=\"fr_FR\" \/>\n<meta property=\"og:type\" content=\"article\" \/>\n<meta property=\"og:title\" content=\"R\u00e9forme du bac STAV....le m\u00e9pris continue !!!! - BOURGOGNE FRANCHE-COMTE\" \/>\n<meta property=\"og:description\" content=\"La \u00a0Direction G\u00e9n\u00e9rale de l\u2019Enseignement et de la Recherche d\u00e9cide de modifier l\u2019\u00e9valuation pour la classe de premi\u00e8re du nouveau Bac STAV. Un Contr\u00f4le Certificatif en cours de Formation de plus en math\u00e9matiques et en histoire g\u00e9ographie&#8230;d\u00e8s la premi\u00e8re\u00a0! Premi\u00e8re modification\u00a0: concernant les \u00e9preuves du premier groupe, pour les candidats b\u00e9n\u00e9ficiant du CCF, une situation [&hellip;]\" \/>\n<meta property=\"og:url\" content=\"https:\/\/regions-snetap-fsu.fr\/bfc\/2019\/10\/04\/reforme-du-bac-stav-le-mepris-continue\/\" \/>\n<meta property=\"og:site_name\" content=\"BOURGOGNE FRANCHE-COMTE\" \/>\n<meta property=\"article:published_time\" content=\"2019-10-04T14:28:45+00:00\" \/>\n<meta name=\"twitter:card\" content=\"summary_large_image\" \/>\n<meta name=\"twitter:label1\" content=\"\u00c9crit par\" \/>\n\t<meta name=\"twitter:data1\" content=\"\" \/>\n\t<meta name=\"twitter:label2\" content=\"Dur\u00e9e de lecture estim\u00e9e\" \/>\n\t<meta name=\"twitter:data2\" content=\"2 minutes\" \/>\n<script type=\"application\/ld+json\" class=\"yoast-schema-graph\">{\"@context\":\"https:\\\/\\\/schema.org\",\"@graph\":[{\"@type\":\"Article\",\"@id\":\"https:\\\/\\\/regions-snetap-fsu.fr\\\/bfc\\\/2019\\\/10\\\/04\\\/reforme-du-bac-stav-le-mepris-continue\\\/#article\",\"isPartOf\":{\"@id\":\"https:\\\/\\\/regions-snetap-fsu.fr\\\/bfc\\\/2019\\\/10\\\/04\\\/reforme-du-bac-stav-le-mepris-continue\\\/\"},\"author\":{\"name\":\"\",\"@id\":\"\"},\"headline\":\"R\u00e9forme du bac STAV&#8230;.le m\u00e9pris continue !!!!\",\"datePublished\":\"2019-10-04T14:28:45+00:00\",\"mainEntityOfPage\":{\"@id\":\"https:\\\/\\\/regions-snetap-fsu.fr\\\/bfc\\\/2019\\\/10\\\/04\\\/reforme-du-bac-stav-le-mepris-continue\\\/\"},\"wordCount\":314,\"publisher\":{\"@id\":\"https:\\\/\\\/regions-snetap-fsu.fr\\\/bfc\\\/#organization\"},\"articleSection\":[\"informations pratiques\"],\"inLanguage\":\"fr-FR\"},{\"@type\":\"WebPage\",\"@id\":\"https:\\\/\\\/regions-snetap-fsu.fr\\\/bfc\\\/2019\\\/10\\\/04\\\/reforme-du-bac-stav-le-mepris-continue\\\/\",\"url\":\"https:\\\/\\\/regions-snetap-fsu.fr\\\/bfc\\\/2019\\\/10\\\/04\\\/reforme-du-bac-stav-le-mepris-continue\\\/\",\"name\":\"R\u00e9forme du bac STAV....le m\u00e9pris continue !!!! - BOURGOGNE FRANCHE-COMTE\",\"isPartOf\":{\"@id\":\"https:\\\/\\\/regions-snetap-fsu.fr\\\/bfc\\\/#website\"},\"datePublished\":\"2019-10-04T14:28:45+00:00\",\"breadcrumb\":{\"@id\":\"https:\\\/\\\/regions-snetap-fsu.fr\\\/bfc\\\/2019\\\/10\\\/04\\\/reforme-du-bac-stav-le-mepris-continue\\\/#breadcrumb\"},\"inLanguage\":\"fr-FR\",\"potentialAction\":[{\"@type\":\"ReadAction\",\"target\":[\"https:\\\/\\\/regions-snetap-fsu.fr\\\/bfc\\\/2019\\\/10\\\/04\\\/reforme-du-bac-stav-le-mepris-continue\\\/\"]}]},{\"@type\":\"BreadcrumbList\",\"@id\":\"https:\\\/\\\/regions-snetap-fsu.fr\\\/bfc\\\/2019\\\/10\\\/04\\\/reforme-du-bac-stav-le-mepris-continue\\\/#breadcrumb\",\"itemListElement\":[{\"@type\":\"ListItem\",\"position\":1,\"name\":\"Accueil\",\"item\":\"https:\\\/\\\/regions-snetap-fsu.fr\\\/bfc\\\/\"},{\"@type\":\"ListItem\",\"position\":2,\"name\":\"R\u00e9forme du bac STAV&#8230;.le m\u00e9pris continue !!!!\"}]},{\"@type\":\"WebSite\",\"@id\":\"https:\\\/\\\/regions-snetap-fsu.fr\\\/bfc\\\/#website\",\"url\":\"https:\\\/\\\/regions-snetap-fsu.fr\\\/bfc\\\/\",\"name\":\"SNETAP-FSU BOURGOGNE FRANCHE-COMTE\",\"description\":\"Le blog de la Section R\u00e9gionale\",\"publisher\":{\"@id\":\"https:\\\/\\\/regions-snetap-fsu.fr\\\/bfc\\\/#organization\"},\"potentialAction\":[{\"@type\":\"SearchAction\",\"target\":{\"@type\":\"EntryPoint\",\"urlTemplate\":\"https:\\\/\\\/regions-snetap-fsu.fr\\\/bfc\\\/?s={search_term_string}\"},\"query-input\":{\"@type\":\"PropertyValueSpecification\",\"valueRequired\":true,\"valueName\":\"search_term_string\"}}],\"inLanguage\":\"fr-FR\"},{\"@type\":\"Organization\",\"@id\":\"https:\\\/\\\/regions-snetap-fsu.fr\\\/bfc\\\/#organization\",\"name\":\"SNETAP-FSU Bourgogne Franche Comt\u00e9\",\"url\":\"https:\\\/\\\/regions-snetap-fsu.fr\\\/bfc\\\/\",\"logo\":{\"@type\":\"ImageObject\",\"inLanguage\":\"fr-FR\",\"@id\":\"https:\\\/\\\/regions-snetap-fsu.fr\\\/bfc\\\/#\\\/schema\\\/logo\\\/image\\\/\",\"url\":\"https:\\\/\\\/regions-snetap-fsu.fr\\\/bfc\\\/wp-content\\\/uploads\\\/sites\\\/8\\\/2020\\\/12\\\/SNETAP-Logo.jpg\",\"contentUrl\":\"https:\\\/\\\/regions-snetap-fsu.fr\\\/bfc\\\/wp-content\\\/uploads\\\/sites\\\/8\\\/2020\\\/12\\\/SNETAP-Logo.jpg\",\"width\":464,\"height\":334,\"caption\":\"SNETAP-FSU Bourgogne Franche Comt\u00e9\"},\"image\":{\"@id\":\"https:\\\/\\\/regions-snetap-fsu.fr\\\/bfc\\\/#\\\/schema\\\/logo\\\/image\\\/\"}},{\"@type\":\"Person\",\"@id\":\"\",\"url\":\"https:\\\/\\\/regions-snetap-fsu.fr\\\/bfc\\\/author\\\/\"}]}<\/script>\n<!-- \/ Yoast SEO plugin. -->","yoast_head_json":{"title":"R\u00e9forme du bac STAV....le m\u00e9pris continue !!!! - BOURGOGNE FRANCHE-COMTE","robots":{"index":"index","follow":"follow","max-snippet":"max-snippet:-1","max-image-preview":"max-image-preview:large","max-video-preview":"max-video-preview:-1"},"canonical":"https:\/\/regions-snetap-fsu.fr\/bfc\/2019\/10\/04\/reforme-du-bac-stav-le-mepris-continue\/","og_locale":"fr_FR","og_type":"article","og_title":"R\u00e9forme du bac STAV....le m\u00e9pris continue !!!! - BOURGOGNE FRANCHE-COMTE","og_description":"La \u00a0Direction G\u00e9n\u00e9rale de l\u2019Enseignement et de la Recherche d\u00e9cide de modifier l\u2019\u00e9valuation pour la classe de premi\u00e8re du nouveau Bac STAV. Un Contr\u00f4le Certificatif en cours de Formation de plus en math\u00e9matiques et en histoire g\u00e9ographie&#8230;d\u00e8s la premi\u00e8re\u00a0! Premi\u00e8re modification\u00a0: concernant les \u00e9preuves du premier groupe, pour les candidats b\u00e9n\u00e9ficiant du CCF, une situation [&hellip;]","og_url":"https:\/\/regions-snetap-fsu.fr\/bfc\/2019\/10\/04\/reforme-du-bac-stav-le-mepris-continue\/","og_site_name":"BOURGOGNE FRANCHE-COMTE","article_published_time":"2019-10-04T14:28:45+00:00","twitter_card":"summary_large_image","twitter_misc":{"\u00c9crit par":"","Dur\u00e9e de lecture estim\u00e9e":"2 minutes"},"schema":{"@context":"https:\/\/schema.org","@graph":[{"@type":"Article","@id":"https:\/\/regions-snetap-fsu.fr\/bfc\/2019\/10\/04\/reforme-du-bac-stav-le-mepris-continue\/#article","isPartOf":{"@id":"https:\/\/regions-snetap-fsu.fr\/bfc\/2019\/10\/04\/reforme-du-bac-stav-le-mepris-continue\/"},"author":{"name":"","@id":""},"headline":"R\u00e9forme du bac STAV&#8230;.le m\u00e9pris continue !!!!","datePublished":"2019-10-04T14:28:45+00:00","mainEntityOfPage":{"@id":"https:\/\/regions-snetap-fsu.fr\/bfc\/2019\/10\/04\/reforme-du-bac-stav-le-mepris-continue\/"},"wordCount":314,"publisher":{"@id":"https:\/\/regions-snetap-fsu.fr\/bfc\/#organization"},"articleSection":["informations pratiques"],"inLanguage":"fr-FR"},{"@type":"WebPage","@id":"https:\/\/regions-snetap-fsu.fr\/bfc\/2019\/10\/04\/reforme-du-bac-stav-le-mepris-continue\/","url":"https:\/\/regions-snetap-fsu.fr\/bfc\/2019\/10\/04\/reforme-du-bac-stav-le-mepris-continue\/","name":"R\u00e9forme du bac STAV....le m\u00e9pris continue !!!! - BOURGOGNE FRANCHE-COMTE","isPartOf":{"@id":"https:\/\/regions-snetap-fsu.fr\/bfc\/#website"},"datePublished":"2019-10-04T14:28:45+00:00","breadcrumb":{"@id":"https:\/\/regions-snetap-fsu.fr\/bfc\/2019\/10\/04\/reforme-du-bac-stav-le-mepris-continue\/#breadcrumb"},"inLanguage":"fr-FR","potentialAction":[{"@type":"ReadAction","target":["https:\/\/regions-snetap-fsu.fr\/bfc\/2019\/10\/04\/reforme-du-bac-stav-le-mepris-continue\/"]}]},{"@type":"BreadcrumbList","@id":"https:\/\/regions-snetap-fsu.fr\/bfc\/2019\/10\/04\/reforme-du-bac-stav-le-mepris-continue\/#breadcrumb","itemListElement":[{"@type":"ListItem","position":1,"name":"Accueil","item":"https:\/\/regions-snetap-fsu.fr\/bfc\/"},{"@type":"ListItem","position":2,"name":"R\u00e9forme du bac STAV&#8230;.le m\u00e9pris continue !!!!"}]},{"@type":"WebSite","@id":"https:\/\/regions-snetap-fsu.fr\/bfc\/#website","url":"https:\/\/regions-snetap-fsu.fr\/bfc\/","name":"SNETAP-FSU BOURGOGNE FRANCHE-COMTE","description":"Le blog de la Section R\u00e9gionale","publisher":{"@id":"https:\/\/regions-snetap-fsu.fr\/bfc\/#organization"},"potentialAction":[{"@type":"SearchAction","target":{"@type":"EntryPoint","urlTemplate":"https:\/\/regions-snetap-fsu.fr\/bfc\/?s={search_term_string}"},"query-input":{"@type":"PropertyValueSpecification","valueRequired":true,"valueName":"search_term_string"}}],"inLanguage":"fr-FR"},{"@type":"Organization","@id":"https:\/\/regions-snetap-fsu.fr\/bfc\/#organization","name":"SNETAP-FSU Bourgogne Franche Comt\u00e9","url":"https:\/\/regions-snetap-fsu.fr\/bfc\/","logo":{"@type":"ImageObject","inLanguage":"fr-FR","@id":"https:\/\/regions-snetap-fsu.fr\/bfc\/#\/schema\/logo\/image\/","url":"https:\/\/regions-snetap-fsu.fr\/bfc\/wp-content\/uploads\/sites\/8\/2020\/12\/SNETAP-Logo.jpg","contentUrl":"https:\/\/regions-snetap-fsu.fr\/bfc\/wp-content\/uploads\/sites\/8\/2020\/12\/SNETAP-Logo.jpg","width":464,"height":334,"caption":"SNETAP-FSU Bourgogne Franche Comt\u00e9"},"image":{"@id":"https:\/\/regions-snetap-fsu.fr\/bfc\/#\/schema\/logo\/image\/"}},{"@type":"Person","@id":"","url":"https:\/\/regions-snetap-fsu.fr\/bfc\/author\/"}]}},"_links":{"self":[{"href":"https:\/\/regions-snetap-fsu.fr\/bfc\/wp-json\/wp\/v2\/posts\/259","targetHints":{"allow":["GET"]}}],"collection":[{"href":"https:\/\/regions-snetap-fsu.fr\/bfc\/wp-json\/wp\/v2\/posts"}],"about":[{"href":"https:\/\/regions-snetap-fsu.fr\/bfc\/wp-json\/wp\/v2\/types\/post"}],"author":[{"embeddable":true,"href":"https:\/\/regions-snetap-fsu.fr\/bfc\/wp-json\/wp\/v2\/users\/109"}],"replies":[{"embeddable":true,"href":"https:\/\/regions-snetap-fsu.fr\/bfc\/wp-json\/wp\/v2\/comments?post=259"}],"version-history":[{"count":1,"href":"https:\/\/regions-snetap-fsu.fr\/bfc\/wp-json\/wp\/v2\/posts\/259\/revisions"}],"predecessor-version":[{"id":260,"href":"https:\/\/regions-snetap-fsu.fr\/bfc\/wp-json\/wp\/v2\/posts\/259\/revisions\/260"}],"wp:attachment":[{"href":"https:\/\/regions-snetap-fsu.fr\/bfc\/wp-json\/wp\/v2\/media?parent=259"}],"wp:term":[{"taxonomy":"category","embeddable":true,"href":"https:\/\/regions-snetap-fsu.fr\/bfc\/wp-json\/wp\/v2\/categories?post=259"},{"taxonomy":"post_tag","embeddable":true,"href":"https:\/\/regions-snetap-fsu.fr\/bfc\/wp-json\/wp\/v2\/tags?post=259"},{"taxonomy":"post_folder","embeddable":true,"href":"https:\/\/regions-snetap-fsu.fr\/bfc\/wp-json\/wp\/v2\/post_folder?post=259"}],"curies":[{"name":"wp","href":"https:\/\/api.w.org\/{rel}","templated":true}]}}