{"id":1032,"date":"2024-06-14T16:36:55","date_gmt":"2024-06-14T14:36:55","guid":{"rendered":"https:\/\/regions-snetap-fsu.fr\/bfc\/?p=1032"},"modified":"2024-06-14T16:37:33","modified_gmt":"2024-06-14T14:37:33","slug":"1032","status":"publish","type":"post","link":"https:\/\/regions-snetap-fsu.fr\/bfc\/2024\/06\/14\/1032\/","title":{"rendered":"Sauvons Velet : les personnels r\u00e9pondent \u00e0 la Vice Pr\u00e9sidente de R\u00e9gion"},"content":{"rendered":"<p><strong>Les personnels du LPA de Velet (71) et un \u00e9lu r\u00e9pondent aux arguments \u00e9nonc\u00e9s par la Vice-Pr\u00e9sidente du Conseil R\u00e9gional de Bourgogne Franche-Comt\u00e9 pour justifier sa future fermeture.<\/p>\n<p>Ils et elles, soutenu\u2022es par l&rsquo;intersyndicale vous donne rendez-vous pour une grande journ\u00e9e de mobilisation le 27 juin \u00e0 Dijon pour dire NON \u00c0 CETTE FERMETURE<\/strong><\/p>\n<p><iframe title=\"YouTube video player\" src=\"https:\/\/www.youtube.com\/embed\/RsSqJXIGB0k?si=iZi4dKgJn2uLWgzy\" width=\"\" height=\"560\" frameborder=\"0\" allowfullscreen=\"allowfullscreen\"><\/iframe><\/p>\n<p><iframe title=\"YouTube video player\" src=\"https:\/\/www.youtube.com\/embed\/8klk7EiFVFA?si=azWiZqpWPN92AOQ1\" width=\"\" height=\"560\" frameborder=\"0\" allowfullscreen=\"allowfullscreen\"><\/iframe><\/p>\n<p><iframe title=\"YouTube video player\" src=\"https:\/\/www.youtube.com\/embed\/IGx_jMOulHk?si=yZAOJzl7KgnJyM1P\" width=\"\" height=\"560\" frameborder=\"0\" allowfullscreen=\"allowfullscreen\"><\/iframe><\/p>\n<p><iframe title=\"YouTube video player\" src=\"https:\/\/www.youtube.com\/embed\/ZRP_9UM0F_U?si=vR1QsE43tUh9EPeL\" width=\"\" height=\"560\" frameborder=\"0\" allowfullscreen=\"allowfullscreen\"><\/iframe><\/p>\n<p><strong>Un \u00e9lu r\u00e9pond <\/strong><\/p>\n<p><iframe width=\"\"315\" height=\"560\" src=\"https:\/\/www.youtube.com\/embed\/Mxrtk6LM7k0?si=uYvd54KqRBgiL7We\" title=\"YouTube video player\" frameborder=\"0\" allow=\"accelerometer; autoplay; clipboard-write; encrypted-media; gyroscope; picture-in-picture; web-share\" referrerpolicy=\"strict-origin-when-cross-origin\" allowfullscreen><\/iframe><\/p>\n","protected":false},"excerpt":{"rendered":"<p>Les personnels du LPA de Velet (71) et un \u00e9lu r\u00e9pondent aux arguments \u00e9nonc\u00e9s par la Vice-Pr\u00e9sidente du Conseil R\u00e9gional de Bourgogne Franche-Comt\u00e9 pour justifier sa future fermeture. Ils et elles, soutenu\u2022es par l&rsquo;intersyndicale vous donne rendez-vous pour une grande journ\u00e9e de mobilisation le 27 juin \u00e0 Dijon pour dire NON \u00c0 CETTE FERMETURE Un [&hellip;]<\/p>\n","protected":false},"author":136,"featured_media":1026,"comment_status":"closed","ping_status":"closed","sticky":false,"template":"","format":"standard","meta":{"ocean_post_layout":"","ocean_both_sidebars_style":"","ocean_both_sidebars_content_width":0,"ocean_both_sidebars_sidebars_width":0,"ocean_sidebar":"0","ocean_second_sidebar":"0","ocean_disable_margins":"enable","ocean_add_body_class":"","ocean_shortcode_before_top_bar":"","ocean_shortcode_after_top_bar":"","ocean_shortcode_before_header":"","ocean_shortcode_after_header":"","ocean_has_shortcode":"","ocean_shortcode_after_title":"","ocean_shortcode_before_footer_widgets":"","ocean_shortcode_after_footer_widgets":"","ocean_shortcode_before_footer_bottom":"","ocean_shortcode_after_footer_bottom":"","ocean_display_top_bar":"default","ocean_display_header":"default","ocean_header_style":"","ocean_center_header_left_menu":"0","ocean_custom_header_template":"0","ocean_custom_logo":0,"ocean_custom_retina_logo":0,"ocean_custom_logo_max_width":0,"ocean_custom_logo_tablet_max_width":0,"ocean_custom_logo_mobile_max_width":0,"ocean_custom_logo_max_height":0,"ocean_custom_logo_tablet_max_height":0,"ocean_custom_logo_mobile_max_height":0,"ocean_header_custom_menu":"0","ocean_menu_typo_font_family":"0","ocean_menu_typo_font_subset":"","ocean_menu_typo_font_size":0,"ocean_menu_typo_font_size_tablet":0,"ocean_menu_typo_font_size_mobile":0,"ocean_menu_typo_font_size_unit":"px","ocean_menu_typo_font_weight":"","ocean_menu_typo_font_weight_tablet":"","ocean_menu_typo_font_weight_mobile":"","ocean_menu_typo_transform":"","ocean_menu_typo_transform_tablet":"","ocean_menu_typo_transform_mobile":"","ocean_menu_typo_line_height":0,"ocean_menu_typo_line_height_tablet":0,"ocean_menu_typo_line_height_mobile":0,"ocean_menu_typo_line_height_unit":"","ocean_menu_typo_spacing":0,"ocean_menu_typo_spacing_tablet":0,"ocean_menu_typo_spacing_mobile":0,"ocean_menu_typo_spacing_unit":"","ocean_menu_link_color":"","ocean_menu_link_color_hover":"","ocean_menu_link_color_active":"","ocean_menu_link_background":"","ocean_menu_link_hover_background":"","ocean_menu_link_active_background":"","ocean_menu_social_links_bg":"","ocean_menu_social_hover_links_bg":"","ocean_menu_social_links_color":"","ocean_menu_social_hover_links_color":"","ocean_disable_title":"default","ocean_disable_heading":"default","ocean_post_title":"","ocean_post_subheading":"","ocean_post_title_style":"","ocean_post_title_background_color":"","ocean_post_title_background":0,"ocean_post_title_bg_image_position":"","ocean_post_title_bg_image_attachment":"","ocean_post_title_bg_image_repeat":"","ocean_post_title_bg_image_size":"","ocean_post_title_height":0,"ocean_post_title_bg_overlay":0.5,"ocean_post_title_bg_overlay_color":"","ocean_disable_breadcrumbs":"default","ocean_breadcrumbs_color":"","ocean_breadcrumbs_separator_color":"","ocean_breadcrumbs_links_color":"","ocean_breadcrumbs_links_hover_color":"","ocean_display_footer_widgets":"default","ocean_display_footer_bottom":"default","ocean_custom_footer_template":"0","ocean_post_oembed":"","ocean_post_self_hosted_media":"","ocean_post_video_embed":"","ocean_link_format":"","ocean_link_format_target":"self","ocean_quote_format":"","ocean_quote_format_link":"post","ocean_gallery_link_images":"on","ocean_gallery_id":[],"footnotes":""},"categories":[1],"tags":[],"post_folder":[],"class_list":["post-1032","post","type-post","status-publish","format-standard","has-post-thumbnail","hentry","category-non-classe","entry","has-media"],"yoast_head":"<!-- This site is optimized with the Yoast SEO plugin v27.4 - https:\/\/yoast.com\/product\/yoast-seo-wordpress\/ -->\n<title>Sauvons Velet : les personnels r\u00e9pondent \u00e0 la Vice Pr\u00e9sidente de R\u00e9gion - BOURGOGNE FRANCHE-COMTE<\/title>\n<meta name=\"robots\" content=\"index, follow, max-snippet:-1, max-image-preview:large, max-video-preview:-1\" \/>\n<link rel=\"canonical\" href=\"https:\/\/regions-snetap-fsu.fr\/bfc\/2024\/06\/14\/1032\/\" \/>\n<meta property=\"og:locale\" content=\"fr_FR\" \/>\n<meta property=\"og:type\" content=\"article\" \/>\n<meta property=\"og:title\" content=\"Sauvons Velet : les personnels r\u00e9pondent \u00e0 la Vice Pr\u00e9sidente de R\u00e9gion - BOURGOGNE FRANCHE-COMTE\" \/>\n<meta property=\"og:description\" content=\"Les personnels du LPA de Velet (71) et un \u00e9lu r\u00e9pondent aux arguments \u00e9nonc\u00e9s par la Vice-Pr\u00e9sidente du Conseil R\u00e9gional de Bourgogne Franche-Comt\u00e9 pour justifier sa future fermeture. Ils et elles, soutenu\u2022es par l&rsquo;intersyndicale vous donne rendez-vous pour une grande journ\u00e9e de mobilisation le 27 juin \u00e0 Dijon pour dire NON \u00c0 CETTE FERMETURE Un [&hellip;]\" \/>\n<meta property=\"og:url\" content=\"https:\/\/regions-snetap-fsu.fr\/bfc\/2024\/06\/14\/1032\/\" \/>\n<meta property=\"og:site_name\" content=\"BOURGOGNE FRANCHE-COMTE\" \/>\n<meta property=\"article:published_time\" content=\"2024-06-14T14:36:55+00:00\" \/>\n<meta property=\"article:modified_time\" content=\"2024-06-14T14:37:33+00:00\" \/>\n<meta property=\"og:image\" content=\"https:\/\/regions-snetap-fsu.fr\/bfc\/wp-content\/uploads\/sites\/8\/2024\/06\/2024-06-04_1920_1080_velet_ok_1.jpg\" \/>\n\t<meta property=\"og:image:width\" content=\"1920\" \/>\n\t<meta property=\"og:image:height\" content=\"1080\" \/>\n\t<meta property=\"og:image:type\" content=\"image\/jpeg\" \/>\n<meta name=\"author\" content=\"tarenzana\" \/>\n<meta name=\"twitter:card\" content=\"summary_large_image\" \/>\n<meta name=\"twitter:label1\" content=\"\u00c9crit par\" \/>\n\t<meta name=\"twitter:data1\" content=\"tarenzana\" \/>\n<script type=\"application\/ld+json\" class=\"yoast-schema-graph\">{\"@context\":\"https:\\\/\\\/schema.org\",\"@graph\":[{\"@type\":\"Article\",\"@id\":\"https:\\\/\\\/regions-snetap-fsu.fr\\\/bfc\\\/2024\\\/06\\\/14\\\/1032\\\/#article\",\"isPartOf\":{\"@id\":\"https:\\\/\\\/regions-snetap-fsu.fr\\\/bfc\\\/2024\\\/06\\\/14\\\/1032\\\/\"},\"author\":{\"name\":\"tarenzana\",\"@id\":\"https:\\\/\\\/regions-snetap-fsu.fr\\\/bfc\\\/#\\\/schema\\\/person\\\/f777861e13bbca1bf5faadb50a04d578\"},\"headline\":\"Sauvons Velet : les personnels r\u00e9pondent \u00e0 la Vice Pr\u00e9sidente de R\u00e9gion\",\"datePublished\":\"2024-06-14T14:36:55+00:00\",\"dateModified\":\"2024-06-14T14:37:33+00:00\",\"mainEntityOfPage\":{\"@id\":\"https:\\\/\\\/regions-snetap-fsu.fr\\\/bfc\\\/2024\\\/06\\\/14\\\/1032\\\/\"},\"wordCount\":74,\"publisher\":{\"@id\":\"https:\\\/\\\/regions-snetap-fsu.fr\\\/bfc\\\/#organization\"},\"image\":{\"@id\":\"https:\\\/\\\/regions-snetap-fsu.fr\\\/bfc\\\/2024\\\/06\\\/14\\\/1032\\\/#primaryimage\"},\"thumbnailUrl\":\"https:\\\/\\\/regions-snetap-fsu.fr\\\/bfc\\\/wp-content\\\/uploads\\\/sites\\\/8\\\/2024\\\/06\\\/2024-06-04_1920_1080_velet_ok_1.jpg\",\"inLanguage\":\"fr-FR\"},{\"@type\":\"WebPage\",\"@id\":\"https:\\\/\\\/regions-snetap-fsu.fr\\\/bfc\\\/2024\\\/06\\\/14\\\/1032\\\/\",\"url\":\"https:\\\/\\\/regions-snetap-fsu.fr\\\/bfc\\\/2024\\\/06\\\/14\\\/1032\\\/\",\"name\":\"Sauvons Velet : les personnels r\u00e9pondent \u00e0 la Vice Pr\u00e9sidente de R\u00e9gion - BOURGOGNE FRANCHE-COMTE\",\"isPartOf\":{\"@id\":\"https:\\\/\\\/regions-snetap-fsu.fr\\\/bfc\\\/#website\"},\"primaryImageOfPage\":{\"@id\":\"https:\\\/\\\/regions-snetap-fsu.fr\\\/bfc\\\/2024\\\/06\\\/14\\\/1032\\\/#primaryimage\"},\"image\":{\"@id\":\"https:\\\/\\\/regions-snetap-fsu.fr\\\/bfc\\\/2024\\\/06\\\/14\\\/1032\\\/#primaryimage\"},\"thumbnailUrl\":\"https:\\\/\\\/regions-snetap-fsu.fr\\\/bfc\\\/wp-content\\\/uploads\\\/sites\\\/8\\\/2024\\\/06\\\/2024-06-04_1920_1080_velet_ok_1.jpg\",\"datePublished\":\"2024-06-14T14:36:55+00:00\",\"dateModified\":\"2024-06-14T14:37:33+00:00\",\"breadcrumb\":{\"@id\":\"https:\\\/\\\/regions-snetap-fsu.fr\\\/bfc\\\/2024\\\/06\\\/14\\\/1032\\\/#breadcrumb\"},\"inLanguage\":\"fr-FR\",\"potentialAction\":[{\"@type\":\"ReadAction\",\"target\":[\"https:\\\/\\\/regions-snetap-fsu.fr\\\/bfc\\\/2024\\\/06\\\/14\\\/1032\\\/\"]}]},{\"@type\":\"ImageObject\",\"inLanguage\":\"fr-FR\",\"@id\":\"https:\\\/\\\/regions-snetap-fsu.fr\\\/bfc\\\/2024\\\/06\\\/14\\\/1032\\\/#primaryimage\",\"url\":\"https:\\\/\\\/regions-snetap-fsu.fr\\\/bfc\\\/wp-content\\\/uploads\\\/sites\\\/8\\\/2024\\\/06\\\/2024-06-04_1920_1080_velet_ok_1.jpg\",\"contentUrl\":\"https:\\\/\\\/regions-snetap-fsu.fr\\\/bfc\\\/wp-content\\\/uploads\\\/sites\\\/8\\\/2024\\\/06\\\/2024-06-04_1920_1080_velet_ok_1.jpg\",\"width\":1920,\"height\":1080},{\"@type\":\"BreadcrumbList\",\"@id\":\"https:\\\/\\\/regions-snetap-fsu.fr\\\/bfc\\\/2024\\\/06\\\/14\\\/1032\\\/#breadcrumb\",\"itemListElement\":[{\"@type\":\"ListItem\",\"position\":1,\"name\":\"Accueil\",\"item\":\"https:\\\/\\\/regions-snetap-fsu.fr\\\/bfc\\\/\"},{\"@type\":\"ListItem\",\"position\":2,\"name\":\"Sauvons Velet : les personnels r\u00e9pondent \u00e0 la Vice Pr\u00e9sidente de R\u00e9gion\"}]},{\"@type\":\"WebSite\",\"@id\":\"https:\\\/\\\/regions-snetap-fsu.fr\\\/bfc\\\/#website\",\"url\":\"https:\\\/\\\/regions-snetap-fsu.fr\\\/bfc\\\/\",\"name\":\"SNETAP-FSU BOURGOGNE FRANCHE-COMTE\",\"description\":\"Le blog de la Section R\u00e9gionale\",\"publisher\":{\"@id\":\"https:\\\/\\\/regions-snetap-fsu.fr\\\/bfc\\\/#organization\"},\"potentialAction\":[{\"@type\":\"SearchAction\",\"target\":{\"@type\":\"EntryPoint\",\"urlTemplate\":\"https:\\\/\\\/regions-snetap-fsu.fr\\\/bfc\\\/?s={search_term_string}\"},\"query-input\":{\"@type\":\"PropertyValueSpecification\",\"valueRequired\":true,\"valueName\":\"search_term_string\"}}],\"inLanguage\":\"fr-FR\"},{\"@type\":\"Organization\",\"@id\":\"https:\\\/\\\/regions-snetap-fsu.fr\\\/bfc\\\/#organization\",\"name\":\"SNETAP-FSU Bourgogne Franche Comt\u00e9\",\"url\":\"https:\\\/\\\/regions-snetap-fsu.fr\\\/bfc\\\/\",\"logo\":{\"@type\":\"ImageObject\",\"inLanguage\":\"fr-FR\",\"@id\":\"https:\\\/\\\/regions-snetap-fsu.fr\\\/bfc\\\/#\\\/schema\\\/logo\\\/image\\\/\",\"url\":\"https:\\\/\\\/regions-snetap-fsu.fr\\\/bfc\\\/wp-content\\\/uploads\\\/sites\\\/8\\\/2020\\\/12\\\/SNETAP-Logo.jpg\",\"contentUrl\":\"https:\\\/\\\/regions-snetap-fsu.fr\\\/bfc\\\/wp-content\\\/uploads\\\/sites\\\/8\\\/2020\\\/12\\\/SNETAP-Logo.jpg\",\"width\":464,\"height\":334,\"caption\":\"SNETAP-FSU Bourgogne Franche Comt\u00e9\"},\"image\":{\"@id\":\"https:\\\/\\\/regions-snetap-fsu.fr\\\/bfc\\\/#\\\/schema\\\/logo\\\/image\\\/\"}},{\"@type\":\"Person\",\"@id\":\"https:\\\/\\\/regions-snetap-fsu.fr\\\/bfc\\\/#\\\/schema\\\/person\\\/f777861e13bbca1bf5faadb50a04d578\",\"name\":\"tarenzana\",\"image\":{\"@type\":\"ImageObject\",\"inLanguage\":\"fr-FR\",\"@id\":\"https:\\\/\\\/secure.gravatar.com\\\/avatar\\\/13b39e583be0a51b4e9d4664e9244ffc7e4d4d9a6fca17dac81cd30aa40d355f?s=96&d=mm&r=g\",\"url\":\"https:\\\/\\\/secure.gravatar.com\\\/avatar\\\/13b39e583be0a51b4e9d4664e9244ffc7e4d4d9a6fca17dac81cd30aa40d355f?s=96&d=mm&r=g\",\"contentUrl\":\"https:\\\/\\\/secure.gravatar.com\\\/avatar\\\/13b39e583be0a51b4e9d4664e9244ffc7e4d4d9a6fca17dac81cd30aa40d355f?s=96&d=mm&r=g\",\"caption\":\"tarenzana\"},\"url\":\"https:\\\/\\\/regions-snetap-fsu.fr\\\/bfc\\\/author\\\/tarenzana\\\/\"}]}<\/script>\n<!-- \/ Yoast SEO plugin. -->","yoast_head_json":{"title":"Sauvons Velet : les personnels r\u00e9pondent \u00e0 la Vice Pr\u00e9sidente de R\u00e9gion - BOURGOGNE FRANCHE-COMTE","robots":{"index":"index","follow":"follow","max-snippet":"max-snippet:-1","max-image-preview":"max-image-preview:large","max-video-preview":"max-video-preview:-1"},"canonical":"https:\/\/regions-snetap-fsu.fr\/bfc\/2024\/06\/14\/1032\/","og_locale":"fr_FR","og_type":"article","og_title":"Sauvons Velet : les personnels r\u00e9pondent \u00e0 la Vice Pr\u00e9sidente de R\u00e9gion - BOURGOGNE FRANCHE-COMTE","og_description":"Les personnels du LPA de Velet (71) et un \u00e9lu r\u00e9pondent aux arguments \u00e9nonc\u00e9s par la Vice-Pr\u00e9sidente du Conseil R\u00e9gional de Bourgogne Franche-Comt\u00e9 pour justifier sa future fermeture. Ils et elles, soutenu\u2022es par l&rsquo;intersyndicale vous donne rendez-vous pour une grande journ\u00e9e de mobilisation le 27 juin \u00e0 Dijon pour dire NON \u00c0 CETTE FERMETURE Un [&hellip;]","og_url":"https:\/\/regions-snetap-fsu.fr\/bfc\/2024\/06\/14\/1032\/","og_site_name":"BOURGOGNE FRANCHE-COMTE","article_published_time":"2024-06-14T14:36:55+00:00","article_modified_time":"2024-06-14T14:37:33+00:00","og_image":[{"width":1920,"height":1080,"url":"https:\/\/regions-snetap-fsu.fr\/bfc\/wp-content\/uploads\/sites\/8\/2024\/06\/2024-06-04_1920_1080_velet_ok_1.jpg","type":"image\/jpeg"}],"author":"tarenzana","twitter_card":"summary_large_image","twitter_misc":{"\u00c9crit par":"tarenzana"},"schema":{"@context":"https:\/\/schema.org","@graph":[{"@type":"Article","@id":"https:\/\/regions-snetap-fsu.fr\/bfc\/2024\/06\/14\/1032\/#article","isPartOf":{"@id":"https:\/\/regions-snetap-fsu.fr\/bfc\/2024\/06\/14\/1032\/"},"author":{"name":"tarenzana","@id":"https:\/\/regions-snetap-fsu.fr\/bfc\/#\/schema\/person\/f777861e13bbca1bf5faadb50a04d578"},"headline":"Sauvons Velet : les personnels r\u00e9pondent \u00e0 la Vice Pr\u00e9sidente de R\u00e9gion","datePublished":"2024-06-14T14:36:55+00:00","dateModified":"2024-06-14T14:37:33+00:00","mainEntityOfPage":{"@id":"https:\/\/regions-snetap-fsu.fr\/bfc\/2024\/06\/14\/1032\/"},"wordCount":74,"publisher":{"@id":"https:\/\/regions-snetap-fsu.fr\/bfc\/#organization"},"image":{"@id":"https:\/\/regions-snetap-fsu.fr\/bfc\/2024\/06\/14\/1032\/#primaryimage"},"thumbnailUrl":"https:\/\/regions-snetap-fsu.fr\/bfc\/wp-content\/uploads\/sites\/8\/2024\/06\/2024-06-04_1920_1080_velet_ok_1.jpg","inLanguage":"fr-FR"},{"@type":"WebPage","@id":"https:\/\/regions-snetap-fsu.fr\/bfc\/2024\/06\/14\/1032\/","url":"https:\/\/regions-snetap-fsu.fr\/bfc\/2024\/06\/14\/1032\/","name":"Sauvons Velet : les personnels r\u00e9pondent \u00e0 la Vice Pr\u00e9sidente de R\u00e9gion - BOURGOGNE FRANCHE-COMTE","isPartOf":{"@id":"https:\/\/regions-snetap-fsu.fr\/bfc\/#website"},"primaryImageOfPage":{"@id":"https:\/\/regions-snetap-fsu.fr\/bfc\/2024\/06\/14\/1032\/#primaryimage"},"image":{"@id":"https:\/\/regions-snetap-fsu.fr\/bfc\/2024\/06\/14\/1032\/#primaryimage"},"thumbnailUrl":"https:\/\/regions-snetap-fsu.fr\/bfc\/wp-content\/uploads\/sites\/8\/2024\/06\/2024-06-04_1920_1080_velet_ok_1.jpg","datePublished":"2024-06-14T14:36:55+00:00","dateModified":"2024-06-14T14:37:33+00:00","breadcrumb":{"@id":"https:\/\/regions-snetap-fsu.fr\/bfc\/2024\/06\/14\/1032\/#breadcrumb"},"inLanguage":"fr-FR","potentialAction":[{"@type":"ReadAction","target":["https:\/\/regions-snetap-fsu.fr\/bfc\/2024\/06\/14\/1032\/"]}]},{"@type":"ImageObject","inLanguage":"fr-FR","@id":"https:\/\/regions-snetap-fsu.fr\/bfc\/2024\/06\/14\/1032\/#primaryimage","url":"https:\/\/regions-snetap-fsu.fr\/bfc\/wp-content\/uploads\/sites\/8\/2024\/06\/2024-06-04_1920_1080_velet_ok_1.jpg","contentUrl":"https:\/\/regions-snetap-fsu.fr\/bfc\/wp-content\/uploads\/sites\/8\/2024\/06\/2024-06-04_1920_1080_velet_ok_1.jpg","width":1920,"height":1080},{"@type":"BreadcrumbList","@id":"https:\/\/regions-snetap-fsu.fr\/bfc\/2024\/06\/14\/1032\/#breadcrumb","itemListElement":[{"@type":"ListItem","position":1,"name":"Accueil","item":"https:\/\/regions-snetap-fsu.fr\/bfc\/"},{"@type":"ListItem","position":2,"name":"Sauvons Velet : les personnels r\u00e9pondent \u00e0 la Vice Pr\u00e9sidente de R\u00e9gion"}]},{"@type":"WebSite","@id":"https:\/\/regions-snetap-fsu.fr\/bfc\/#website","url":"https:\/\/regions-snetap-fsu.fr\/bfc\/","name":"SNETAP-FSU BOURGOGNE FRANCHE-COMTE","description":"Le blog de la Section R\u00e9gionale","publisher":{"@id":"https:\/\/regions-snetap-fsu.fr\/bfc\/#organization"},"potentialAction":[{"@type":"SearchAction","target":{"@type":"EntryPoint","urlTemplate":"https:\/\/regions-snetap-fsu.fr\/bfc\/?s={search_term_string}"},"query-input":{"@type":"PropertyValueSpecification","valueRequired":true,"valueName":"search_term_string"}}],"inLanguage":"fr-FR"},{"@type":"Organization","@id":"https:\/\/regions-snetap-fsu.fr\/bfc\/#organization","name":"SNETAP-FSU Bourgogne Franche Comt\u00e9","url":"https:\/\/regions-snetap-fsu.fr\/bfc\/","logo":{"@type":"ImageObject","inLanguage":"fr-FR","@id":"https:\/\/regions-snetap-fsu.fr\/bfc\/#\/schema\/logo\/image\/","url":"https:\/\/regions-snetap-fsu.fr\/bfc\/wp-content\/uploads\/sites\/8\/2020\/12\/SNETAP-Logo.jpg","contentUrl":"https:\/\/regions-snetap-fsu.fr\/bfc\/wp-content\/uploads\/sites\/8\/2020\/12\/SNETAP-Logo.jpg","width":464,"height":334,"caption":"SNETAP-FSU Bourgogne Franche Comt\u00e9"},"image":{"@id":"https:\/\/regions-snetap-fsu.fr\/bfc\/#\/schema\/logo\/image\/"}},{"@type":"Person","@id":"https:\/\/regions-snetap-fsu.fr\/bfc\/#\/schema\/person\/f777861e13bbca1bf5faadb50a04d578","name":"tarenzana","image":{"@type":"ImageObject","inLanguage":"fr-FR","@id":"https:\/\/secure.gravatar.com\/avatar\/13b39e583be0a51b4e9d4664e9244ffc7e4d4d9a6fca17dac81cd30aa40d355f?s=96&d=mm&r=g","url":"https:\/\/secure.gravatar.com\/avatar\/13b39e583be0a51b4e9d4664e9244ffc7e4d4d9a6fca17dac81cd30aa40d355f?s=96&d=mm&r=g","contentUrl":"https:\/\/secure.gravatar.com\/avatar\/13b39e583be0a51b4e9d4664e9244ffc7e4d4d9a6fca17dac81cd30aa40d355f?s=96&d=mm&r=g","caption":"tarenzana"},"url":"https:\/\/regions-snetap-fsu.fr\/bfc\/author\/tarenzana\/"}]}},"_links":{"self":[{"href":"https:\/\/regions-snetap-fsu.fr\/bfc\/wp-json\/wp\/v2\/posts\/1032","targetHints":{"allow":["GET"]}}],"collection":[{"href":"https:\/\/regions-snetap-fsu.fr\/bfc\/wp-json\/wp\/v2\/posts"}],"about":[{"href":"https:\/\/regions-snetap-fsu.fr\/bfc\/wp-json\/wp\/v2\/types\/post"}],"author":[{"embeddable":true,"href":"https:\/\/regions-snetap-fsu.fr\/bfc\/wp-json\/wp\/v2\/users\/136"}],"replies":[{"embeddable":true,"href":"https:\/\/regions-snetap-fsu.fr\/bfc\/wp-json\/wp\/v2\/comments?post=1032"}],"version-history":[{"count":3,"href":"https:\/\/regions-snetap-fsu.fr\/bfc\/wp-json\/wp\/v2\/posts\/1032\/revisions"}],"predecessor-version":[{"id":1035,"href":"https:\/\/regions-snetap-fsu.fr\/bfc\/wp-json\/wp\/v2\/posts\/1032\/revisions\/1035"}],"wp:featuredmedia":[{"embeddable":true,"href":"https:\/\/regions-snetap-fsu.fr\/bfc\/wp-json\/wp\/v2\/media\/1026"}],"wp:attachment":[{"href":"https:\/\/regions-snetap-fsu.fr\/bfc\/wp-json\/wp\/v2\/media?parent=1032"}],"wp:term":[{"taxonomy":"category","embeddable":true,"href":"https:\/\/regions-snetap-fsu.fr\/bfc\/wp-json\/wp\/v2\/categories?post=1032"},{"taxonomy":"post_tag","embeddable":true,"href":"https:\/\/regions-snetap-fsu.fr\/bfc\/wp-json\/wp\/v2\/tags?post=1032"},{"taxonomy":"post_folder","embeddable":true,"href":"https:\/\/regions-snetap-fsu.fr\/bfc\/wp-json\/wp\/v2\/post_folder?post=1032"}],"curies":[{"name":"wp","href":"https:\/\/api.w.org\/{rel}","templated":true}]}}