{"id":872,"date":"2022-01-12T15:36:59","date_gmt":"2022-01-12T14:36:59","guid":{"rendered":"https:\/\/regions-snetap-fsu.fr\/ara\/?p=872"},"modified":"2022-01-27T03:00:41","modified_gmt":"2022-01-27T02:00:41","slug":"greve-dans-lenseignement-jeudi-13-janvier-des-manifestations-dans-de-tres-nombreuses-villes","status":"publish","type":"post","link":"https:\/\/regions-snetap-fsu.fr\/ara\/2022\/01\/12\/greve-dans-lenseignement-jeudi-13-janvier-des-manifestations-dans-de-tres-nombreuses-villes\/","title":{"rendered":"Pour nos salaires ! En gr\u00e8ve et dans l\u2019action le jeudi 27 janvier ! Les lieux de rassemblement en r\u00e9gion"},"content":{"rendered":"<p>&nbsp;<\/p>\n<p class=\"rtejustify\"><strong>Jeudi 27 janvier 2022 :\u00a0 <a href=\"https:\/\/fsu.fr\/toutes-et-tous-mobilise-es-le-27-janvier-2022\/\">journ\u00e9e de mobilisation interprofessionnelle\u00a0 <\/a><\/strong><\/p>\n<p class=\"rtejustify\">Voir l&rsquo;appel ici : <strong><a href=\"https:\/\/fsu.fr\/toutes-et-tous-mobilise-es-le-27-janvier-2022\/\">https:\/\/fsu.fr\/toutes-et-tous-mobilise-es-le-27-janvier-2022\/<\/a><\/strong><\/p>\n<p class=\"rtejustify\"><strong>A Paris :\u00a0\u00a0Meeting Place de la Bastille \u00e0 partir de 12h, concert, prise de parole des secr\u00e9taires nationaux CGT, FO, FSU et Solidaires ; D\u00e9part de la\u00a0manifestation \u00e0 14h en direction de Bercy<\/strong><\/p>\n<p><strong>Angers\u00a0<\/strong>: 10h30\u00a0Place Leclerc AG \u00e0 9h30 Bourse du travail<br \/>\n<strong>Angoul\u00eame <\/strong>: 10h Place de la Bussatte<br \/>\n<strong>Avignon <\/strong>: 10h30, cours J.Jaur\u00e8s<br \/>\n<strong>Belle \u00cele<\/strong> : 11 h \u2013 Le Palais<br \/>\n<strong>Besan\u00e7on <\/strong>: 10h30 Place de la R\u00e9volution<br \/>\n<strong>Bordeaux <\/strong>: 11h30, Place de la R\u00e9publique<br \/>\n<strong>Bressuire :<\/strong> 14h devant la sous-pr\u00e9fecture<br \/>\n<strong>Caen <\/strong>: 14h place Saint Pierre<br \/>\n<strong>Ch\u00e2lon en Champagne<\/strong> : 10h, Maison des Syndicats, 1 Place de Verdun<br \/>\n<strong>Clermont-Ferrand<\/strong> : 10h place des Carmes<br \/>\n<strong>Dieppe<\/strong> : 10h30 Gare SNCF<br \/>\n<strong>Dijon <\/strong>: 14h00 Place de la Lib\u00e9ration<br \/>\n<strong>Draguignan <\/strong>: 10h30 Sous-Pr\u00e9fecture<br \/>\n<strong>Epernay <\/strong>: 10h, H\u00f4tel de Ville<br \/>\n<strong>Grenoble <\/strong>: 10h \u00e0 la gare SNCF<br \/>\n<strong>Gu\u00e9ret : <\/strong>10h devant Inspection Acad\u00e9mique, 10h 30 devant la pr\u00e9fecture<br \/>\n<strong>La Rochelle<\/strong> : 14h Place Verdun<br \/>\n<strong>Le Havre<\/strong> : 10h Cercle Franklin<br \/>\n<strong>Le Mans<\/strong> : 13H30 Place de la Pr\u00e9fecture<br \/>\n<strong>Lille <\/strong>: 14h30 Porte de Paris<br \/>\n<strong>Lorient <\/strong>: 10h30 \u00e0 L\u2019Orientis<br \/>\n<strong>Lyon <\/strong>: place des Brotteaux<br \/>\n<strong>Marseille <\/strong>: 10h30 au Vieux-Port<br \/>\n<strong>Metz <\/strong>: 14h devant l&rsquo;Arsenal<br \/>\n<strong>Montpellier <\/strong>: 10h, CPAM<br \/>\n<strong>Mulhouse <\/strong>: 14h, place de la bourse<br \/>\n<strong>Nancy <\/strong>: 14h Place Dombasle<br \/>\n<strong>Nantes<\/strong> : 14h Pr\u00e9fecture<br \/>\n<strong>Nevers <\/strong>: 10h00 Square de la R\u00e9sistance<br \/>\n<strong>Nice <\/strong>: 10h30 Promenade des Anglais \u2013 Face au Th\u00e9\u00e2tre de Verdure<br \/>\n<strong>Pau <\/strong>: 10h30 Place de Verdun<br \/>\n<strong>Pontivy <\/strong>: 10h30 \u00e0 la Plaine<br \/>\n<strong>Pusey <\/strong>: 10h00 \u2013 rassemblements au rond-point Leclerc et celui du Lidl<br \/>\n<strong>Reims <\/strong>: 10h, Maison des Syndicats<br \/>\n<strong>Rennes<\/strong> : 11h esplanade Charles de Gaulle<br \/>\n<strong>Roanne <\/strong>: 11h00 devant la S\u00e9cu<br \/>\n<strong>Rouen<\/strong> : 10h cours Cl\u00e9menceau<br \/>\n<strong>Saint-Etienne<\/strong> : 10h30 devant la Bourse du travail Jean Jaur\u00e8s<br \/>\n<strong>Saint-Nazaire<\/strong> : 10h place de l\u2019Am\u00e9rique Latine<br \/>\n<strong>S\u00e8te <\/strong>: 10h place de la mairie<br \/>\n<strong>Strasbourg <\/strong>: \u00a014h Place Kl\u00e9ber<br \/>\n<strong>Toulon <\/strong>: 10h30 Place de la Libert\u00e9<br \/>\n<strong>Toulouse <\/strong>: 10h30, Place Arnaud Bernard<br \/>\n<strong>Tours <\/strong>: 10h00 &#8211; Place de la Libert\u00e9<br \/>\n<strong>Vannes <\/strong>: 10h30 \u00e0 La Rabine, manifestation jusqu\u2019\u00e0 la pr\u00e9fecture<\/p>\n<p>&nbsp;<\/p>\n<p>&nbsp;<\/p>\n<p>&nbsp;<\/p>\n<p>&nbsp;<\/p>\n<p>&nbsp;<\/p>\n<p>&nbsp;<\/p>\n<p>&nbsp;<\/p>\n<p>&nbsp;<\/p>\n<p>&nbsp;<\/p>\n<p>&nbsp;<\/p>\n<p>&nbsp;<\/p>\n<p>&nbsp;<\/p>\n<p>&nbsp;<\/p>\n<p>&nbsp;<\/p>\n<p>&nbsp;<\/p>\n","protected":false},"excerpt":{"rendered":"<p>&nbsp; Jeudi 27 janvier 2022 :\u00a0 journ\u00e9e de mobilisation interprofessionnelle\u00a0 Voir l&rsquo;appel ici : https:\/\/fsu.fr\/toutes-et-tous-mobilise-es-le-27-janvier-2022\/ A Paris :\u00a0\u00a0Meeting Place de la Bastille \u00e0 partir de 12h, concert, prise de parole des secr\u00e9taires nationaux CGT, FO, FSU et Solidaires ; D\u00e9part de la\u00a0manifestation \u00e0 14h en direction de Bercy Angers\u00a0: 10h30\u00a0Place Leclerc AG \u00e0 9h30 Bourse [&hellip;]<\/p>\n","protected":false},"author":124,"featured_media":880,"comment_status":"closed","ping_status":"closed","sticky":false,"template":"","format":"link","meta":{"ocean_post_layout":"","ocean_both_sidebars_style":"","ocean_both_sidebars_content_width":0,"ocean_both_sidebars_sidebars_width":0,"ocean_sidebar":"0","ocean_second_sidebar":"0","ocean_disable_margins":"enable","ocean_add_body_class":"","ocean_shortcode_before_top_bar":"","ocean_shortcode_after_top_bar":"","ocean_shortcode_before_header":"","ocean_shortcode_after_header":"","ocean_has_shortcode":"","ocean_shortcode_after_title":"","ocean_shortcode_before_footer_widgets":"","ocean_shortcode_after_footer_widgets":"","ocean_shortcode_before_footer_bottom":"","ocean_shortcode_after_footer_bottom":"","ocean_display_top_bar":"default","ocean_display_header":"default","ocean_header_style":"","ocean_center_header_left_menu":"0","ocean_custom_header_template":"0","ocean_custom_logo":0,"ocean_custom_retina_logo":0,"ocean_custom_logo_max_width":0,"ocean_custom_logo_tablet_max_width":0,"ocean_custom_logo_mobile_max_width":0,"ocean_custom_logo_max_height":0,"ocean_custom_logo_tablet_max_height":0,"ocean_custom_logo_mobile_max_height":0,"ocean_header_custom_menu":"0","ocean_menu_typo_font_family":"0","ocean_menu_typo_font_subset":"","ocean_menu_typo_font_size":0,"ocean_menu_typo_font_size_tablet":0,"ocean_menu_typo_font_size_mobile":0,"ocean_menu_typo_font_size_unit":"px","ocean_menu_typo_font_weight":"","ocean_menu_typo_font_weight_tablet":"","ocean_menu_typo_font_weight_mobile":"","ocean_menu_typo_transform":"","ocean_menu_typo_transform_tablet":"","ocean_menu_typo_transform_mobile":"","ocean_menu_typo_line_height":0,"ocean_menu_typo_line_height_tablet":0,"ocean_menu_typo_line_height_mobile":0,"ocean_menu_typo_line_height_unit":"","ocean_menu_typo_spacing":0,"ocean_menu_typo_spacing_tablet":0,"ocean_menu_typo_spacing_mobile":0,"ocean_menu_typo_spacing_unit":"","ocean_menu_link_color":"","ocean_menu_link_color_hover":"","ocean_menu_link_color_active":"","ocean_menu_link_background":"","ocean_menu_link_hover_background":"","ocean_menu_link_active_background":"","ocean_menu_social_links_bg":"","ocean_menu_social_hover_links_bg":"","ocean_menu_social_links_color":"","ocean_menu_social_hover_links_color":"","ocean_disable_title":"default","ocean_disable_heading":"default","ocean_post_title":"","ocean_post_subheading":"","ocean_post_title_style":"","ocean_post_title_background_color":"","ocean_post_title_background":0,"ocean_post_title_bg_image_position":"","ocean_post_title_bg_image_attachment":"","ocean_post_title_bg_image_repeat":"","ocean_post_title_bg_image_size":"","ocean_post_title_height":0,"ocean_post_title_bg_overlay":0.5,"ocean_post_title_bg_overlay_color":"","ocean_disable_breadcrumbs":"default","ocean_breadcrumbs_color":"","ocean_breadcrumbs_separator_color":"","ocean_breadcrumbs_links_color":"","ocean_breadcrumbs_links_hover_color":"","ocean_display_footer_widgets":"default","ocean_display_footer_bottom":"default","ocean_custom_footer_template":"0","ocean_post_oembed":"","ocean_post_self_hosted_media":"","ocean_post_video_embed":"","ocean_link_format":"","ocean_link_format_target":"self","ocean_quote_format":"","ocean_quote_format_link":"post","ocean_gallery_link_images":"off","ocean_gallery_id":[],"footnotes":""},"categories":[11],"tags":[],"post_folder":[],"class_list":["post-872","post","type-post","status-publish","format-link","has-post-thumbnail","hentry","category-actions-nationales","post_format-post-format-link","entry","has-media"],"yoast_head":"<!-- This site is optimized with the Yoast SEO plugin v27.4 - https:\/\/yoast.com\/product\/yoast-seo-wordpress\/ -->\n<title>Pour nos salaires ! En gr\u00e8ve et dans l\u2019action le jeudi 27 janvier ! Les lieux de rassemblement en r\u00e9gion - AUVERGNE RH\u00d4NE-ALPES<\/title>\n<meta name=\"robots\" content=\"index, follow, max-snippet:-1, max-image-preview:large, max-video-preview:-1\" \/>\n<link rel=\"canonical\" href=\"https:\/\/regions-snetap-fsu.fr\/ara\/2022\/01\/12\/greve-dans-lenseignement-jeudi-13-janvier-des-manifestations-dans-de-tres-nombreuses-villes\/\" \/>\n<meta property=\"og:locale\" content=\"fr_FR\" \/>\n<meta property=\"og:type\" content=\"article\" \/>\n<meta property=\"og:title\" content=\"Pour nos salaires ! En gr\u00e8ve et dans l\u2019action le jeudi 27 janvier ! Les lieux de rassemblement en r\u00e9gion - AUVERGNE RH\u00d4NE-ALPES\" \/>\n<meta property=\"og:description\" content=\"&nbsp; Jeudi 27 janvier 2022 :\u00a0 journ\u00e9e de mobilisation interprofessionnelle\u00a0 Voir l&rsquo;appel ici : https:\/\/fsu.fr\/toutes-et-tous-mobilise-es-le-27-janvier-2022\/ A Paris :\u00a0\u00a0Meeting Place de la Bastille \u00e0 partir de 12h, concert, prise de parole des secr\u00e9taires nationaux CGT, FO, FSU et Solidaires ; D\u00e9part de la\u00a0manifestation \u00e0 14h en direction de Bercy Angers\u00a0: 10h30\u00a0Place Leclerc AG \u00e0 9h30 Bourse [&hellip;]\" \/>\n<meta property=\"og:url\" content=\"https:\/\/regions-snetap-fsu.fr\/ara\/2022\/01\/12\/greve-dans-lenseignement-jeudi-13-janvier-des-manifestations-dans-de-tres-nombreuses-villes\/\" \/>\n<meta property=\"og:site_name\" content=\"AUVERGNE RH\u00d4NE-ALPES\" \/>\n<meta property=\"article:published_time\" content=\"2022-01-12T14:36:59+00:00\" \/>\n<meta property=\"article:modified_time\" content=\"2022-01-27T02:00:41+00:00\" \/>\n<meta name=\"twitter:card\" content=\"summary_large_image\" \/>\n<meta name=\"twitter:label1\" content=\"\u00c9crit par\" \/>\n\t<meta name=\"twitter:data1\" content=\"\" \/>\n\t<meta name=\"twitter:label2\" content=\"Dur\u00e9e de lecture estim\u00e9e\" \/>\n\t<meta name=\"twitter:data2\" content=\"2 minutes\" \/>\n<script type=\"application\/ld+json\" class=\"yoast-schema-graph\">{\"@context\":\"https:\\\/\\\/schema.org\",\"@graph\":[{\"@type\":\"Article\",\"@id\":\"https:\\\/\\\/regions-snetap-fsu.fr\\\/ara\\\/2022\\\/01\\\/12\\\/greve-dans-lenseignement-jeudi-13-janvier-des-manifestations-dans-de-tres-nombreuses-villes\\\/#article\",\"isPartOf\":{\"@id\":\"https:\\\/\\\/regions-snetap-fsu.fr\\\/ara\\\/2022\\\/01\\\/12\\\/greve-dans-lenseignement-jeudi-13-janvier-des-manifestations-dans-de-tres-nombreuses-villes\\\/\"},\"author\":{\"name\":\"\",\"@id\":\"\"},\"headline\":\"Pour nos salaires ! En gr\u00e8ve et dans l\u2019action le jeudi 27 janvier ! Les lieux de rassemblement en r\u00e9gion\",\"datePublished\":\"2022-01-12T14:36:59+00:00\",\"dateModified\":\"2022-01-27T02:00:41+00:00\",\"mainEntityOfPage\":{\"@id\":\"https:\\\/\\\/regions-snetap-fsu.fr\\\/ara\\\/2022\\\/01\\\/12\\\/greve-dans-lenseignement-jeudi-13-janvier-des-manifestations-dans-de-tres-nombreuses-villes\\\/\"},\"wordCount\":365,\"publisher\":{\"@id\":\"https:\\\/\\\/regions-snetap-fsu.fr\\\/ara\\\/#organization\"},\"image\":{\"@id\":\"https:\\\/\\\/regions-snetap-fsu.fr\\\/ara\\\/2022\\\/01\\\/12\\\/greve-dans-lenseignement-jeudi-13-janvier-des-manifestations-dans-de-tres-nombreuses-villes\\\/#primaryimage\"},\"thumbnailUrl\":\"https:\\\/\\\/regions-snetap-fsu.fr\\\/ara\\\/wp-content\\\/uploads\\\/sites\\\/12\\\/2022\\\/01\\\/Capture-decran-2022-01-12-153749-e1642044989808.png\",\"articleSection\":[\"Actions nationales\"],\"inLanguage\":\"fr-FR\"},{\"@type\":\"WebPage\",\"@id\":\"https:\\\/\\\/regions-snetap-fsu.fr\\\/ara\\\/2022\\\/01\\\/12\\\/greve-dans-lenseignement-jeudi-13-janvier-des-manifestations-dans-de-tres-nombreuses-villes\\\/\",\"url\":\"https:\\\/\\\/regions-snetap-fsu.fr\\\/ara\\\/2022\\\/01\\\/12\\\/greve-dans-lenseignement-jeudi-13-janvier-des-manifestations-dans-de-tres-nombreuses-villes\\\/\",\"name\":\"Pour nos salaires ! En gr\u00e8ve et dans l\u2019action le jeudi 27 janvier ! Les lieux de rassemblement en r\u00e9gion - AUVERGNE RH\u00d4NE-ALPES\",\"isPartOf\":{\"@id\":\"https:\\\/\\\/regions-snetap-fsu.fr\\\/ara\\\/#website\"},\"primaryImageOfPage\":{\"@id\":\"https:\\\/\\\/regions-snetap-fsu.fr\\\/ara\\\/2022\\\/01\\\/12\\\/greve-dans-lenseignement-jeudi-13-janvier-des-manifestations-dans-de-tres-nombreuses-villes\\\/#primaryimage\"},\"image\":{\"@id\":\"https:\\\/\\\/regions-snetap-fsu.fr\\\/ara\\\/2022\\\/01\\\/12\\\/greve-dans-lenseignement-jeudi-13-janvier-des-manifestations-dans-de-tres-nombreuses-villes\\\/#primaryimage\"},\"thumbnailUrl\":\"https:\\\/\\\/regions-snetap-fsu.fr\\\/ara\\\/wp-content\\\/uploads\\\/sites\\\/12\\\/2022\\\/01\\\/Capture-decran-2022-01-12-153749-e1642044989808.png\",\"datePublished\":\"2022-01-12T14:36:59+00:00\",\"dateModified\":\"2022-01-27T02:00:41+00:00\",\"breadcrumb\":{\"@id\":\"https:\\\/\\\/regions-snetap-fsu.fr\\\/ara\\\/2022\\\/01\\\/12\\\/greve-dans-lenseignement-jeudi-13-janvier-des-manifestations-dans-de-tres-nombreuses-villes\\\/#breadcrumb\"},\"inLanguage\":\"fr-FR\",\"potentialAction\":[{\"@type\":\"ReadAction\",\"target\":[\"https:\\\/\\\/regions-snetap-fsu.fr\\\/ara\\\/2022\\\/01\\\/12\\\/greve-dans-lenseignement-jeudi-13-janvier-des-manifestations-dans-de-tres-nombreuses-villes\\\/\"]}]},{\"@type\":\"ImageObject\",\"inLanguage\":\"fr-FR\",\"@id\":\"https:\\\/\\\/regions-snetap-fsu.fr\\\/ara\\\/2022\\\/01\\\/12\\\/greve-dans-lenseignement-jeudi-13-janvier-des-manifestations-dans-de-tres-nombreuses-villes\\\/#primaryimage\",\"url\":\"https:\\\/\\\/regions-snetap-fsu.fr\\\/ara\\\/wp-content\\\/uploads\\\/sites\\\/12\\\/2022\\\/01\\\/Capture-decran-2022-01-12-153749-e1642044989808.png\",\"contentUrl\":\"https:\\\/\\\/regions-snetap-fsu.fr\\\/ara\\\/wp-content\\\/uploads\\\/sites\\\/12\\\/2022\\\/01\\\/Capture-decran-2022-01-12-153749-e1642044989808.png\",\"width\":709,\"height\":687},{\"@type\":\"BreadcrumbList\",\"@id\":\"https:\\\/\\\/regions-snetap-fsu.fr\\\/ara\\\/2022\\\/01\\\/12\\\/greve-dans-lenseignement-jeudi-13-janvier-des-manifestations-dans-de-tres-nombreuses-villes\\\/#breadcrumb\",\"itemListElement\":[{\"@type\":\"ListItem\",\"position\":1,\"name\":\"Accueil\",\"item\":\"https:\\\/\\\/regions-snetap-fsu.fr\\\/ara\\\/\"},{\"@type\":\"ListItem\",\"position\":2,\"name\":\"Gr\u00e8ve dans l&rsquo;enseignement jeudi 13 janvier : des manifestations dans de tr\u00e8s nombreuses villes\"}]},{\"@type\":\"WebSite\",\"@id\":\"https:\\\/\\\/regions-snetap-fsu.fr\\\/ara\\\/#website\",\"url\":\"https:\\\/\\\/regions-snetap-fsu.fr\\\/ara\\\/\",\"name\":\"AUVERGNE RH\u00d4NE-ALPES\",\"description\":\"Le site de la  Section Syndicale\",\"publisher\":{\"@id\":\"https:\\\/\\\/regions-snetap-fsu.fr\\\/ara\\\/#organization\"},\"potentialAction\":[{\"@type\":\"SearchAction\",\"target\":{\"@type\":\"EntryPoint\",\"urlTemplate\":\"https:\\\/\\\/regions-snetap-fsu.fr\\\/ara\\\/?s={search_term_string}\"},\"query-input\":{\"@type\":\"PropertyValueSpecification\",\"valueRequired\":true,\"valueName\":\"search_term_string\"}}],\"inLanguage\":\"fr-FR\"},{\"@type\":\"Organization\",\"@id\":\"https:\\\/\\\/regions-snetap-fsu.fr\\\/ara\\\/#organization\",\"name\":\"Auvergne Rh\u00f4ne-Alpes - SNETAP-FSU\",\"url\":\"https:\\\/\\\/regions-snetap-fsu.fr\\\/ara\\\/\",\"logo\":{\"@type\":\"ImageObject\",\"inLanguage\":\"fr-FR\",\"@id\":\"https:\\\/\\\/regions-snetap-fsu.fr\\\/ara\\\/#\\\/schema\\\/logo\\\/image\\\/\",\"url\":\"https:\\\/\\\/regions-snetap-fsu.fr\\\/ara\\\/wp-content\\\/uploads\\\/sites\\\/12\\\/2021\\\/03\\\/Auvergne-Rhones-Alpes.jpg\",\"contentUrl\":\"https:\\\/\\\/regions-snetap-fsu.fr\\\/ara\\\/wp-content\\\/uploads\\\/sites\\\/12\\\/2021\\\/03\\\/Auvergne-Rhones-Alpes.jpg\",\"width\":2000,\"height\":2000,\"caption\":\"Auvergne Rh\u00f4ne-Alpes - SNETAP-FSU\"},\"image\":{\"@id\":\"https:\\\/\\\/regions-snetap-fsu.fr\\\/ara\\\/#\\\/schema\\\/logo\\\/image\\\/\"}},{\"@type\":\"Person\",\"@id\":\"\",\"url\":\"https:\\\/\\\/regions-snetap-fsu.fr\\\/ara\\\/author\\\/\"}]}<\/script>\n<!-- \/ Yoast SEO plugin. -->","yoast_head_json":{"title":"Pour nos salaires ! En gr\u00e8ve et dans l\u2019action le jeudi 27 janvier ! Les lieux de rassemblement en r\u00e9gion - AUVERGNE RH\u00d4NE-ALPES","robots":{"index":"index","follow":"follow","max-snippet":"max-snippet:-1","max-image-preview":"max-image-preview:large","max-video-preview":"max-video-preview:-1"},"canonical":"https:\/\/regions-snetap-fsu.fr\/ara\/2022\/01\/12\/greve-dans-lenseignement-jeudi-13-janvier-des-manifestations-dans-de-tres-nombreuses-villes\/","og_locale":"fr_FR","og_type":"article","og_title":"Pour nos salaires ! En gr\u00e8ve et dans l\u2019action le jeudi 27 janvier ! Les lieux de rassemblement en r\u00e9gion - AUVERGNE RH\u00d4NE-ALPES","og_description":"&nbsp; Jeudi 27 janvier 2022 :\u00a0 journ\u00e9e de mobilisation interprofessionnelle\u00a0 Voir l&rsquo;appel ici : https:\/\/fsu.fr\/toutes-et-tous-mobilise-es-le-27-janvier-2022\/ A Paris :\u00a0\u00a0Meeting Place de la Bastille \u00e0 partir de 12h, concert, prise de parole des secr\u00e9taires nationaux CGT, FO, FSU et Solidaires ; D\u00e9part de la\u00a0manifestation \u00e0 14h en direction de Bercy Angers\u00a0: 10h30\u00a0Place Leclerc AG \u00e0 9h30 Bourse [&hellip;]","og_url":"https:\/\/regions-snetap-fsu.fr\/ara\/2022\/01\/12\/greve-dans-lenseignement-jeudi-13-janvier-des-manifestations-dans-de-tres-nombreuses-villes\/","og_site_name":"AUVERGNE RH\u00d4NE-ALPES","article_published_time":"2022-01-12T14:36:59+00:00","article_modified_time":"2022-01-27T02:00:41+00:00","twitter_card":"summary_large_image","twitter_misc":{"\u00c9crit par":"","Dur\u00e9e de lecture estim\u00e9e":"2 minutes"},"schema":{"@context":"https:\/\/schema.org","@graph":[{"@type":"Article","@id":"https:\/\/regions-snetap-fsu.fr\/ara\/2022\/01\/12\/greve-dans-lenseignement-jeudi-13-janvier-des-manifestations-dans-de-tres-nombreuses-villes\/#article","isPartOf":{"@id":"https:\/\/regions-snetap-fsu.fr\/ara\/2022\/01\/12\/greve-dans-lenseignement-jeudi-13-janvier-des-manifestations-dans-de-tres-nombreuses-villes\/"},"author":{"name":"","@id":""},"headline":"Pour nos salaires ! En gr\u00e8ve et dans l\u2019action le jeudi 27 janvier ! Les lieux de rassemblement en r\u00e9gion","datePublished":"2022-01-12T14:36:59+00:00","dateModified":"2022-01-27T02:00:41+00:00","mainEntityOfPage":{"@id":"https:\/\/regions-snetap-fsu.fr\/ara\/2022\/01\/12\/greve-dans-lenseignement-jeudi-13-janvier-des-manifestations-dans-de-tres-nombreuses-villes\/"},"wordCount":365,"publisher":{"@id":"https:\/\/regions-snetap-fsu.fr\/ara\/#organization"},"image":{"@id":"https:\/\/regions-snetap-fsu.fr\/ara\/2022\/01\/12\/greve-dans-lenseignement-jeudi-13-janvier-des-manifestations-dans-de-tres-nombreuses-villes\/#primaryimage"},"thumbnailUrl":"https:\/\/regions-snetap-fsu.fr\/ara\/wp-content\/uploads\/sites\/12\/2022\/01\/Capture-decran-2022-01-12-153749-e1642044989808.png","articleSection":["Actions nationales"],"inLanguage":"fr-FR"},{"@type":"WebPage","@id":"https:\/\/regions-snetap-fsu.fr\/ara\/2022\/01\/12\/greve-dans-lenseignement-jeudi-13-janvier-des-manifestations-dans-de-tres-nombreuses-villes\/","url":"https:\/\/regions-snetap-fsu.fr\/ara\/2022\/01\/12\/greve-dans-lenseignement-jeudi-13-janvier-des-manifestations-dans-de-tres-nombreuses-villes\/","name":"Pour nos salaires ! En gr\u00e8ve et dans l\u2019action le jeudi 27 janvier ! Les lieux de rassemblement en r\u00e9gion - AUVERGNE RH\u00d4NE-ALPES","isPartOf":{"@id":"https:\/\/regions-snetap-fsu.fr\/ara\/#website"},"primaryImageOfPage":{"@id":"https:\/\/regions-snetap-fsu.fr\/ara\/2022\/01\/12\/greve-dans-lenseignement-jeudi-13-janvier-des-manifestations-dans-de-tres-nombreuses-villes\/#primaryimage"},"image":{"@id":"https:\/\/regions-snetap-fsu.fr\/ara\/2022\/01\/12\/greve-dans-lenseignement-jeudi-13-janvier-des-manifestations-dans-de-tres-nombreuses-villes\/#primaryimage"},"thumbnailUrl":"https:\/\/regions-snetap-fsu.fr\/ara\/wp-content\/uploads\/sites\/12\/2022\/01\/Capture-decran-2022-01-12-153749-e1642044989808.png","datePublished":"2022-01-12T14:36:59+00:00","dateModified":"2022-01-27T02:00:41+00:00","breadcrumb":{"@id":"https:\/\/regions-snetap-fsu.fr\/ara\/2022\/01\/12\/greve-dans-lenseignement-jeudi-13-janvier-des-manifestations-dans-de-tres-nombreuses-villes\/#breadcrumb"},"inLanguage":"fr-FR","potentialAction":[{"@type":"ReadAction","target":["https:\/\/regions-snetap-fsu.fr\/ara\/2022\/01\/12\/greve-dans-lenseignement-jeudi-13-janvier-des-manifestations-dans-de-tres-nombreuses-villes\/"]}]},{"@type":"ImageObject","inLanguage":"fr-FR","@id":"https:\/\/regions-snetap-fsu.fr\/ara\/2022\/01\/12\/greve-dans-lenseignement-jeudi-13-janvier-des-manifestations-dans-de-tres-nombreuses-villes\/#primaryimage","url":"https:\/\/regions-snetap-fsu.fr\/ara\/wp-content\/uploads\/sites\/12\/2022\/01\/Capture-decran-2022-01-12-153749-e1642044989808.png","contentUrl":"https:\/\/regions-snetap-fsu.fr\/ara\/wp-content\/uploads\/sites\/12\/2022\/01\/Capture-decran-2022-01-12-153749-e1642044989808.png","width":709,"height":687},{"@type":"BreadcrumbList","@id":"https:\/\/regions-snetap-fsu.fr\/ara\/2022\/01\/12\/greve-dans-lenseignement-jeudi-13-janvier-des-manifestations-dans-de-tres-nombreuses-villes\/#breadcrumb","itemListElement":[{"@type":"ListItem","position":1,"name":"Accueil","item":"https:\/\/regions-snetap-fsu.fr\/ara\/"},{"@type":"ListItem","position":2,"name":"Gr\u00e8ve dans l&rsquo;enseignement jeudi 13 janvier : des manifestations dans de tr\u00e8s nombreuses villes"}]},{"@type":"WebSite","@id":"https:\/\/regions-snetap-fsu.fr\/ara\/#website","url":"https:\/\/regions-snetap-fsu.fr\/ara\/","name":"AUVERGNE RH\u00d4NE-ALPES","description":"Le site de la  Section Syndicale","publisher":{"@id":"https:\/\/regions-snetap-fsu.fr\/ara\/#organization"},"potentialAction":[{"@type":"SearchAction","target":{"@type":"EntryPoint","urlTemplate":"https:\/\/regions-snetap-fsu.fr\/ara\/?s={search_term_string}"},"query-input":{"@type":"PropertyValueSpecification","valueRequired":true,"valueName":"search_term_string"}}],"inLanguage":"fr-FR"},{"@type":"Organization","@id":"https:\/\/regions-snetap-fsu.fr\/ara\/#organization","name":"Auvergne Rh\u00f4ne-Alpes - SNETAP-FSU","url":"https:\/\/regions-snetap-fsu.fr\/ara\/","logo":{"@type":"ImageObject","inLanguage":"fr-FR","@id":"https:\/\/regions-snetap-fsu.fr\/ara\/#\/schema\/logo\/image\/","url":"https:\/\/regions-snetap-fsu.fr\/ara\/wp-content\/uploads\/sites\/12\/2021\/03\/Auvergne-Rhones-Alpes.jpg","contentUrl":"https:\/\/regions-snetap-fsu.fr\/ara\/wp-content\/uploads\/sites\/12\/2021\/03\/Auvergne-Rhones-Alpes.jpg","width":2000,"height":2000,"caption":"Auvergne Rh\u00f4ne-Alpes - SNETAP-FSU"},"image":{"@id":"https:\/\/regions-snetap-fsu.fr\/ara\/#\/schema\/logo\/image\/"}},{"@type":"Person","@id":"","url":"https:\/\/regions-snetap-fsu.fr\/ara\/author\/"}]}},"_links":{"self":[{"href":"https:\/\/regions-snetap-fsu.fr\/ara\/wp-json\/wp\/v2\/posts\/872","targetHints":{"allow":["GET"]}}],"collection":[{"href":"https:\/\/regions-snetap-fsu.fr\/ara\/wp-json\/wp\/v2\/posts"}],"about":[{"href":"https:\/\/regions-snetap-fsu.fr\/ara\/wp-json\/wp\/v2\/types\/post"}],"author":[{"embeddable":true,"href":"https:\/\/regions-snetap-fsu.fr\/ara\/wp-json\/wp\/v2\/users\/124"}],"replies":[{"embeddable":true,"href":"https:\/\/regions-snetap-fsu.fr\/ara\/wp-json\/wp\/v2\/comments?post=872"}],"version-history":[{"count":11,"href":"https:\/\/regions-snetap-fsu.fr\/ara\/wp-json\/wp\/v2\/posts\/872\/revisions"}],"predecessor-version":[{"id":886,"href":"https:\/\/regions-snetap-fsu.fr\/ara\/wp-json\/wp\/v2\/posts\/872\/revisions\/886"}],"wp:featuredmedia":[{"embeddable":true,"href":"https:\/\/regions-snetap-fsu.fr\/ara\/wp-json\/wp\/v2\/media\/880"}],"wp:attachment":[{"href":"https:\/\/regions-snetap-fsu.fr\/ara\/wp-json\/wp\/v2\/media?parent=872"}],"wp:term":[{"taxonomy":"category","embeddable":true,"href":"https:\/\/regions-snetap-fsu.fr\/ara\/wp-json\/wp\/v2\/categories?post=872"},{"taxonomy":"post_tag","embeddable":true,"href":"https:\/\/regions-snetap-fsu.fr\/ara\/wp-json\/wp\/v2\/tags?post=872"},{"taxonomy":"post_folder","embeddable":true,"href":"https:\/\/regions-snetap-fsu.fr\/ara\/wp-json\/wp\/v2\/post_folder?post=872"}],"curies":[{"name":"wp","href":"https:\/\/api.w.org\/{rel}","templated":true}]}}