{"id":600,"date":"2020-10-01T18:35:57","date_gmt":"2020-10-01T16:35:57","guid":{"rendered":"https:\/\/regions-snetap-fsu.fr\/ara\/?p=600"},"modified":"2020-12-18T09:30:14","modified_gmt":"2020-12-18T08:30:14","slug":"evenement-debat-pour-les-75-ans-de-la-secu","status":"publish","type":"post","link":"https:\/\/regions-snetap-fsu.fr\/ara\/2020\/10\/01\/evenement-debat-pour-les-75-ans-de-la-secu\/","title":{"rendered":"Ev\u00e9nement : d\u00e9bat pour les 75 ans de la s\u00e9cu"},"content":{"rendered":"<p><img fetchpriority=\"high\" decoding=\"async\" class=\"aligncenter wp-image-602 size-large\" src=\"https:\/\/regions-snetap-fsu.fr\/ara\/wp-content\/uploads\/sites\/12\/2020\/10\/Secu-Saint-Etienne-2.10.20-1024x286.jpg\" alt=\"\" width=\"1024\" height=\"286\" srcset=\"https:\/\/regions-snetap-fsu.fr\/ara\/wp-content\/uploads\/sites\/12\/2020\/10\/Secu-Saint-Etienne-2.10.20-1024x286.jpg 1024w, https:\/\/regions-snetap-fsu.fr\/ara\/wp-content\/uploads\/sites\/12\/2020\/10\/Secu-Saint-Etienne-2.10.20-300x84.jpg 300w, https:\/\/regions-snetap-fsu.fr\/ara\/wp-content\/uploads\/sites\/12\/2020\/10\/Secu-Saint-Etienne-2.10.20-768x215.jpg 768w, https:\/\/regions-snetap-fsu.fr\/ara\/wp-content\/uploads\/sites\/12\/2020\/10\/Secu-Saint-Etienne-2.10.20.jpg 1119w\" sizes=\"(max-width: 1024px) 100vw, 1024px\" \/><\/p>\n<p>Pour f\u00eater les 75 ans de la S\u00e9cu, la Convergence nationale des Collectifs de D\u00e9fense et de D\u00e9veloppement des services publics organise un d\u00e9bat le 2 octobre \u00e0 l&rsquo;Ecole Nationale de la S\u00e9curit\u00e9 sociale de Saint-Etienne. Pour retrouver le programme c&rsquo;est <a href=\"https:\/\/www.convergence-sp.fr\/pour-que-vive-la-secu\/\">ici<\/a>.<\/p>\n<p>Un rassemblement est pr\u00e9vu \u00e0 Saint-Etienne \u00e0 18h30 Place de la Libert\u00e9. N&rsquo;h\u00e9sitez-pas \u00e0 venir !<\/p>\n","protected":false},"excerpt":{"rendered":"<p>Pour f\u00eater les 75 ans de la S\u00e9cu, la Convergence nationale des Collectifs de D\u00e9fense et de D\u00e9veloppement des services publics organise un d\u00e9bat le 2 octobre \u00e0 l&rsquo;Ecole Nationale de la S\u00e9curit\u00e9 sociale de Saint-Etienne. Pour retrouver le programme c&rsquo;est ici. Un rassemblement est pr\u00e9vu \u00e0 Saint-Etienne \u00e0 18h30 Place de la Libert\u00e9. N&rsquo;h\u00e9sitez-pas [&hellip;]<\/p>\n","protected":false},"author":120,"featured_media":602,"comment_status":"closed","ping_status":"closed","sticky":false,"template":"","format":"standard","meta":{"ocean_post_layout":"","ocean_both_sidebars_style":"","ocean_both_sidebars_content_width":0,"ocean_both_sidebars_sidebars_width":0,"ocean_sidebar":"0","ocean_second_sidebar":"0","ocean_disable_margins":"enable","ocean_add_body_class":"","ocean_shortcode_before_top_bar":"","ocean_shortcode_after_top_bar":"","ocean_shortcode_before_header":"","ocean_shortcode_after_header":"","ocean_has_shortcode":"","ocean_shortcode_after_title":"","ocean_shortcode_before_footer_widgets":"","ocean_shortcode_after_footer_widgets":"","ocean_shortcode_before_footer_bottom":"","ocean_shortcode_after_footer_bottom":"","ocean_display_top_bar":"default","ocean_display_header":"default","ocean_header_style":"","ocean_center_header_left_menu":"0","ocean_custom_header_template":"0","ocean_custom_logo":0,"ocean_custom_retina_logo":0,"ocean_custom_logo_max_width":0,"ocean_custom_logo_tablet_max_width":0,"ocean_custom_logo_mobile_max_width":0,"ocean_custom_logo_max_height":0,"ocean_custom_logo_tablet_max_height":0,"ocean_custom_logo_mobile_max_height":0,"ocean_header_custom_menu":"0","ocean_menu_typo_font_family":"0","ocean_menu_typo_font_subset":"","ocean_menu_typo_font_size":0,"ocean_menu_typo_font_size_tablet":0,"ocean_menu_typo_font_size_mobile":0,"ocean_menu_typo_font_size_unit":"px","ocean_menu_typo_font_weight":"","ocean_menu_typo_font_weight_tablet":"","ocean_menu_typo_font_weight_mobile":"","ocean_menu_typo_transform":"","ocean_menu_typo_transform_tablet":"","ocean_menu_typo_transform_mobile":"","ocean_menu_typo_line_height":0,"ocean_menu_typo_line_height_tablet":0,"ocean_menu_typo_line_height_mobile":0,"ocean_menu_typo_line_height_unit":"","ocean_menu_typo_spacing":0,"ocean_menu_typo_spacing_tablet":0,"ocean_menu_typo_spacing_mobile":0,"ocean_menu_typo_spacing_unit":"","ocean_menu_link_color":"","ocean_menu_link_color_hover":"","ocean_menu_link_color_active":"","ocean_menu_link_background":"","ocean_menu_link_hover_background":"","ocean_menu_link_active_background":"","ocean_menu_social_links_bg":"","ocean_menu_social_hover_links_bg":"","ocean_menu_social_links_color":"","ocean_menu_social_hover_links_color":"","ocean_disable_title":"default","ocean_disable_heading":"default","ocean_post_title":"","ocean_post_subheading":"","ocean_post_title_style":"","ocean_post_title_background_color":"","ocean_post_title_background":0,"ocean_post_title_bg_image_position":"","ocean_post_title_bg_image_attachment":"","ocean_post_title_bg_image_repeat":"","ocean_post_title_bg_image_size":"","ocean_post_title_height":0,"ocean_post_title_bg_overlay":0.5,"ocean_post_title_bg_overlay_color":"","ocean_disable_breadcrumbs":"default","ocean_breadcrumbs_color":"","ocean_breadcrumbs_separator_color":"","ocean_breadcrumbs_links_color":"","ocean_breadcrumbs_links_hover_color":"","ocean_display_footer_widgets":"default","ocean_display_footer_bottom":"default","ocean_custom_footer_template":"0","ocean_post_oembed":"","ocean_post_self_hosted_media":"","ocean_post_video_embed":"","ocean_link_format":"","ocean_link_format_target":"self","ocean_quote_format":"","ocean_quote_format_link":"post","ocean_gallery_link_images":"off","ocean_gallery_id":[],"footnotes":""},"categories":[3],"tags":[],"post_folder":[],"class_list":["post-600","post","type-post","status-publish","format-standard","has-post-thumbnail","hentry","category-actions","entry","has-media"],"yoast_head":"<!-- This site is optimized with the Yoast SEO plugin v27.4 - https:\/\/yoast.com\/product\/yoast-seo-wordpress\/ -->\n<title>Ev\u00e9nement : d\u00e9bat pour les 75 ans de la s\u00e9cu - AUVERGNE RH\u00d4NE-ALPES<\/title>\n<meta name=\"robots\" content=\"index, follow, max-snippet:-1, max-image-preview:large, max-video-preview:-1\" \/>\n<link rel=\"canonical\" href=\"https:\/\/regions-snetap-fsu.fr\/ara\/2020\/10\/01\/evenement-debat-pour-les-75-ans-de-la-secu\/\" \/>\n<meta property=\"og:locale\" content=\"fr_FR\" \/>\n<meta property=\"og:type\" content=\"article\" \/>\n<meta property=\"og:title\" content=\"Ev\u00e9nement : d\u00e9bat pour les 75 ans de la s\u00e9cu - AUVERGNE RH\u00d4NE-ALPES\" \/>\n<meta property=\"og:description\" content=\"Pour f\u00eater les 75 ans de la S\u00e9cu, la Convergence nationale des Collectifs de D\u00e9fense et de D\u00e9veloppement des services publics organise un d\u00e9bat le 2 octobre \u00e0 l&rsquo;Ecole Nationale de la S\u00e9curit\u00e9 sociale de Saint-Etienne. Pour retrouver le programme c&rsquo;est ici. Un rassemblement est pr\u00e9vu \u00e0 Saint-Etienne \u00e0 18h30 Place de la Libert\u00e9. N&rsquo;h\u00e9sitez-pas [&hellip;]\" \/>\n<meta property=\"og:url\" content=\"https:\/\/regions-snetap-fsu.fr\/ara\/2020\/10\/01\/evenement-debat-pour-les-75-ans-de-la-secu\/\" \/>\n<meta property=\"og:site_name\" content=\"AUVERGNE RH\u00d4NE-ALPES\" \/>\n<meta property=\"article:published_time\" content=\"2020-10-01T16:35:57+00:00\" \/>\n<meta property=\"article:modified_time\" content=\"2020-12-18T08:30:14+00:00\" \/>\n<meta property=\"og:image\" content=\"https:\/\/regions-snetap-fsu.fr\/ara\/wp-content\/uploads\/sites\/12\/2020\/10\/Secu-Saint-Etienne-2.10.20.jpg\" \/>\n\t<meta property=\"og:image:width\" content=\"1119\" \/>\n\t<meta property=\"og:image:height\" content=\"313\" \/>\n\t<meta property=\"og:image:type\" content=\"image\/jpeg\" \/>\n<meta name=\"author\" content=\"fmelin\" \/>\n<meta name=\"twitter:card\" content=\"summary_large_image\" \/>\n<meta name=\"twitter:label1\" content=\"\u00c9crit par\" \/>\n\t<meta name=\"twitter:data1\" content=\"fmelin\" \/>\n<script type=\"application\/ld+json\" class=\"yoast-schema-graph\">{\"@context\":\"https:\\\/\\\/schema.org\",\"@graph\":[{\"@type\":\"Article\",\"@id\":\"https:\\\/\\\/regions-snetap-fsu.fr\\\/ara\\\/2020\\\/10\\\/01\\\/evenement-debat-pour-les-75-ans-de-la-secu\\\/#article\",\"isPartOf\":{\"@id\":\"https:\\\/\\\/regions-snetap-fsu.fr\\\/ara\\\/2020\\\/10\\\/01\\\/evenement-debat-pour-les-75-ans-de-la-secu\\\/\"},\"author\":{\"name\":\"fmelin\",\"@id\":\"https:\\\/\\\/regions-snetap-fsu.fr\\\/ara\\\/#\\\/schema\\\/person\\\/0ba12f76f608c3574101bed3172dd09f\"},\"headline\":\"Ev\u00e9nement : d\u00e9bat pour les 75 ans de la s\u00e9cu\",\"datePublished\":\"2020-10-01T16:35:57+00:00\",\"dateModified\":\"2020-12-18T08:30:14+00:00\",\"mainEntityOfPage\":{\"@id\":\"https:\\\/\\\/regions-snetap-fsu.fr\\\/ara\\\/2020\\\/10\\\/01\\\/evenement-debat-pour-les-75-ans-de-la-secu\\\/\"},\"wordCount\":73,\"publisher\":{\"@id\":\"https:\\\/\\\/regions-snetap-fsu.fr\\\/ara\\\/#organization\"},\"image\":{\"@id\":\"https:\\\/\\\/regions-snetap-fsu.fr\\\/ara\\\/2020\\\/10\\\/01\\\/evenement-debat-pour-les-75-ans-de-la-secu\\\/#primaryimage\"},\"thumbnailUrl\":\"https:\\\/\\\/regions-snetap-fsu.fr\\\/ara\\\/wp-content\\\/uploads\\\/sites\\\/12\\\/2020\\\/10\\\/Secu-Saint-Etienne-2.10.20.jpg\",\"articleSection\":[\"Actions en AuRA\"],\"inLanguage\":\"fr-FR\"},{\"@type\":\"WebPage\",\"@id\":\"https:\\\/\\\/regions-snetap-fsu.fr\\\/ara\\\/2020\\\/10\\\/01\\\/evenement-debat-pour-les-75-ans-de-la-secu\\\/\",\"url\":\"https:\\\/\\\/regions-snetap-fsu.fr\\\/ara\\\/2020\\\/10\\\/01\\\/evenement-debat-pour-les-75-ans-de-la-secu\\\/\",\"name\":\"Ev\u00e9nement : d\u00e9bat pour les 75 ans de la s\u00e9cu - AUVERGNE RH\u00d4NE-ALPES\",\"isPartOf\":{\"@id\":\"https:\\\/\\\/regions-snetap-fsu.fr\\\/ara\\\/#website\"},\"primaryImageOfPage\":{\"@id\":\"https:\\\/\\\/regions-snetap-fsu.fr\\\/ara\\\/2020\\\/10\\\/01\\\/evenement-debat-pour-les-75-ans-de-la-secu\\\/#primaryimage\"},\"image\":{\"@id\":\"https:\\\/\\\/regions-snetap-fsu.fr\\\/ara\\\/2020\\\/10\\\/01\\\/evenement-debat-pour-les-75-ans-de-la-secu\\\/#primaryimage\"},\"thumbnailUrl\":\"https:\\\/\\\/regions-snetap-fsu.fr\\\/ara\\\/wp-content\\\/uploads\\\/sites\\\/12\\\/2020\\\/10\\\/Secu-Saint-Etienne-2.10.20.jpg\",\"datePublished\":\"2020-10-01T16:35:57+00:00\",\"dateModified\":\"2020-12-18T08:30:14+00:00\",\"breadcrumb\":{\"@id\":\"https:\\\/\\\/regions-snetap-fsu.fr\\\/ara\\\/2020\\\/10\\\/01\\\/evenement-debat-pour-les-75-ans-de-la-secu\\\/#breadcrumb\"},\"inLanguage\":\"fr-FR\",\"potentialAction\":[{\"@type\":\"ReadAction\",\"target\":[\"https:\\\/\\\/regions-snetap-fsu.fr\\\/ara\\\/2020\\\/10\\\/01\\\/evenement-debat-pour-les-75-ans-de-la-secu\\\/\"]}]},{\"@type\":\"ImageObject\",\"inLanguage\":\"fr-FR\",\"@id\":\"https:\\\/\\\/regions-snetap-fsu.fr\\\/ara\\\/2020\\\/10\\\/01\\\/evenement-debat-pour-les-75-ans-de-la-secu\\\/#primaryimage\",\"url\":\"https:\\\/\\\/regions-snetap-fsu.fr\\\/ara\\\/wp-content\\\/uploads\\\/sites\\\/12\\\/2020\\\/10\\\/Secu-Saint-Etienne-2.10.20.jpg\",\"contentUrl\":\"https:\\\/\\\/regions-snetap-fsu.fr\\\/ara\\\/wp-content\\\/uploads\\\/sites\\\/12\\\/2020\\\/10\\\/Secu-Saint-Etienne-2.10.20.jpg\",\"width\":1119,\"height\":313},{\"@type\":\"BreadcrumbList\",\"@id\":\"https:\\\/\\\/regions-snetap-fsu.fr\\\/ara\\\/2020\\\/10\\\/01\\\/evenement-debat-pour-les-75-ans-de-la-secu\\\/#breadcrumb\",\"itemListElement\":[{\"@type\":\"ListItem\",\"position\":1,\"name\":\"Accueil\",\"item\":\"https:\\\/\\\/regions-snetap-fsu.fr\\\/ara\\\/\"},{\"@type\":\"ListItem\",\"position\":2,\"name\":\"Ev\u00e9nement : d\u00e9bat pour les 75 ans de la s\u00e9cu\"}]},{\"@type\":\"WebSite\",\"@id\":\"https:\\\/\\\/regions-snetap-fsu.fr\\\/ara\\\/#website\",\"url\":\"https:\\\/\\\/regions-snetap-fsu.fr\\\/ara\\\/\",\"name\":\"AUVERGNE RH\u00d4NE-ALPES\",\"description\":\"Le site de la  Section Syndicale\",\"publisher\":{\"@id\":\"https:\\\/\\\/regions-snetap-fsu.fr\\\/ara\\\/#organization\"},\"potentialAction\":[{\"@type\":\"SearchAction\",\"target\":{\"@type\":\"EntryPoint\",\"urlTemplate\":\"https:\\\/\\\/regions-snetap-fsu.fr\\\/ara\\\/?s={search_term_string}\"},\"query-input\":{\"@type\":\"PropertyValueSpecification\",\"valueRequired\":true,\"valueName\":\"search_term_string\"}}],\"inLanguage\":\"fr-FR\"},{\"@type\":\"Organization\",\"@id\":\"https:\\\/\\\/regions-snetap-fsu.fr\\\/ara\\\/#organization\",\"name\":\"Auvergne Rh\u00f4ne-Alpes - SNETAP-FSU\",\"url\":\"https:\\\/\\\/regions-snetap-fsu.fr\\\/ara\\\/\",\"logo\":{\"@type\":\"ImageObject\",\"inLanguage\":\"fr-FR\",\"@id\":\"https:\\\/\\\/regions-snetap-fsu.fr\\\/ara\\\/#\\\/schema\\\/logo\\\/image\\\/\",\"url\":\"https:\\\/\\\/regions-snetap-fsu.fr\\\/ara\\\/wp-content\\\/uploads\\\/sites\\\/12\\\/2021\\\/03\\\/Auvergne-Rhones-Alpes.jpg\",\"contentUrl\":\"https:\\\/\\\/regions-snetap-fsu.fr\\\/ara\\\/wp-content\\\/uploads\\\/sites\\\/12\\\/2021\\\/03\\\/Auvergne-Rhones-Alpes.jpg\",\"width\":2000,\"height\":2000,\"caption\":\"Auvergne Rh\u00f4ne-Alpes - SNETAP-FSU\"},\"image\":{\"@id\":\"https:\\\/\\\/regions-snetap-fsu.fr\\\/ara\\\/#\\\/schema\\\/logo\\\/image\\\/\"}},{\"@type\":\"Person\",\"@id\":\"https:\\\/\\\/regions-snetap-fsu.fr\\\/ara\\\/#\\\/schema\\\/person\\\/0ba12f76f608c3574101bed3172dd09f\",\"name\":\"fmelin\",\"image\":{\"@type\":\"ImageObject\",\"inLanguage\":\"fr-FR\",\"@id\":\"https:\\\/\\\/secure.gravatar.com\\\/avatar\\\/e618b7bfe967a94f6e4775bc62382d58231a19a3bf3eb6fddaec658f79f3fbfa?s=96&d=mm&r=g\",\"url\":\"https:\\\/\\\/secure.gravatar.com\\\/avatar\\\/e618b7bfe967a94f6e4775bc62382d58231a19a3bf3eb6fddaec658f79f3fbfa?s=96&d=mm&r=g\",\"contentUrl\":\"https:\\\/\\\/secure.gravatar.com\\\/avatar\\\/e618b7bfe967a94f6e4775bc62382d58231a19a3bf3eb6fddaec658f79f3fbfa?s=96&d=mm&r=g\",\"caption\":\"fmelin\"},\"url\":\"https:\\\/\\\/regions-snetap-fsu.fr\\\/ara\\\/author\\\/fmelin\\\/\"}]}<\/script>\n<!-- \/ Yoast SEO plugin. -->","yoast_head_json":{"title":"Ev\u00e9nement : d\u00e9bat pour les 75 ans de la s\u00e9cu - AUVERGNE RH\u00d4NE-ALPES","robots":{"index":"index","follow":"follow","max-snippet":"max-snippet:-1","max-image-preview":"max-image-preview:large","max-video-preview":"max-video-preview:-1"},"canonical":"https:\/\/regions-snetap-fsu.fr\/ara\/2020\/10\/01\/evenement-debat-pour-les-75-ans-de-la-secu\/","og_locale":"fr_FR","og_type":"article","og_title":"Ev\u00e9nement : d\u00e9bat pour les 75 ans de la s\u00e9cu - AUVERGNE RH\u00d4NE-ALPES","og_description":"Pour f\u00eater les 75 ans de la S\u00e9cu, la Convergence nationale des Collectifs de D\u00e9fense et de D\u00e9veloppement des services publics organise un d\u00e9bat le 2 octobre \u00e0 l&rsquo;Ecole Nationale de la S\u00e9curit\u00e9 sociale de Saint-Etienne. Pour retrouver le programme c&rsquo;est ici. Un rassemblement est pr\u00e9vu \u00e0 Saint-Etienne \u00e0 18h30 Place de la Libert\u00e9. N&rsquo;h\u00e9sitez-pas [&hellip;]","og_url":"https:\/\/regions-snetap-fsu.fr\/ara\/2020\/10\/01\/evenement-debat-pour-les-75-ans-de-la-secu\/","og_site_name":"AUVERGNE RH\u00d4NE-ALPES","article_published_time":"2020-10-01T16:35:57+00:00","article_modified_time":"2020-12-18T08:30:14+00:00","og_image":[{"width":1119,"height":313,"url":"https:\/\/regions-snetap-fsu.fr\/ara\/wp-content\/uploads\/sites\/12\/2020\/10\/Secu-Saint-Etienne-2.10.20.jpg","type":"image\/jpeg"}],"author":"fmelin","twitter_card":"summary_large_image","twitter_misc":{"\u00c9crit par":"fmelin"},"schema":{"@context":"https:\/\/schema.org","@graph":[{"@type":"Article","@id":"https:\/\/regions-snetap-fsu.fr\/ara\/2020\/10\/01\/evenement-debat-pour-les-75-ans-de-la-secu\/#article","isPartOf":{"@id":"https:\/\/regions-snetap-fsu.fr\/ara\/2020\/10\/01\/evenement-debat-pour-les-75-ans-de-la-secu\/"},"author":{"name":"fmelin","@id":"https:\/\/regions-snetap-fsu.fr\/ara\/#\/schema\/person\/0ba12f76f608c3574101bed3172dd09f"},"headline":"Ev\u00e9nement : d\u00e9bat pour les 75 ans de la s\u00e9cu","datePublished":"2020-10-01T16:35:57+00:00","dateModified":"2020-12-18T08:30:14+00:00","mainEntityOfPage":{"@id":"https:\/\/regions-snetap-fsu.fr\/ara\/2020\/10\/01\/evenement-debat-pour-les-75-ans-de-la-secu\/"},"wordCount":73,"publisher":{"@id":"https:\/\/regions-snetap-fsu.fr\/ara\/#organization"},"image":{"@id":"https:\/\/regions-snetap-fsu.fr\/ara\/2020\/10\/01\/evenement-debat-pour-les-75-ans-de-la-secu\/#primaryimage"},"thumbnailUrl":"https:\/\/regions-snetap-fsu.fr\/ara\/wp-content\/uploads\/sites\/12\/2020\/10\/Secu-Saint-Etienne-2.10.20.jpg","articleSection":["Actions en AuRA"],"inLanguage":"fr-FR"},{"@type":"WebPage","@id":"https:\/\/regions-snetap-fsu.fr\/ara\/2020\/10\/01\/evenement-debat-pour-les-75-ans-de-la-secu\/","url":"https:\/\/regions-snetap-fsu.fr\/ara\/2020\/10\/01\/evenement-debat-pour-les-75-ans-de-la-secu\/","name":"Ev\u00e9nement : d\u00e9bat pour les 75 ans de la s\u00e9cu - AUVERGNE RH\u00d4NE-ALPES","isPartOf":{"@id":"https:\/\/regions-snetap-fsu.fr\/ara\/#website"},"primaryImageOfPage":{"@id":"https:\/\/regions-snetap-fsu.fr\/ara\/2020\/10\/01\/evenement-debat-pour-les-75-ans-de-la-secu\/#primaryimage"},"image":{"@id":"https:\/\/regions-snetap-fsu.fr\/ara\/2020\/10\/01\/evenement-debat-pour-les-75-ans-de-la-secu\/#primaryimage"},"thumbnailUrl":"https:\/\/regions-snetap-fsu.fr\/ara\/wp-content\/uploads\/sites\/12\/2020\/10\/Secu-Saint-Etienne-2.10.20.jpg","datePublished":"2020-10-01T16:35:57+00:00","dateModified":"2020-12-18T08:30:14+00:00","breadcrumb":{"@id":"https:\/\/regions-snetap-fsu.fr\/ara\/2020\/10\/01\/evenement-debat-pour-les-75-ans-de-la-secu\/#breadcrumb"},"inLanguage":"fr-FR","potentialAction":[{"@type":"ReadAction","target":["https:\/\/regions-snetap-fsu.fr\/ara\/2020\/10\/01\/evenement-debat-pour-les-75-ans-de-la-secu\/"]}]},{"@type":"ImageObject","inLanguage":"fr-FR","@id":"https:\/\/regions-snetap-fsu.fr\/ara\/2020\/10\/01\/evenement-debat-pour-les-75-ans-de-la-secu\/#primaryimage","url":"https:\/\/regions-snetap-fsu.fr\/ara\/wp-content\/uploads\/sites\/12\/2020\/10\/Secu-Saint-Etienne-2.10.20.jpg","contentUrl":"https:\/\/regions-snetap-fsu.fr\/ara\/wp-content\/uploads\/sites\/12\/2020\/10\/Secu-Saint-Etienne-2.10.20.jpg","width":1119,"height":313},{"@type":"BreadcrumbList","@id":"https:\/\/regions-snetap-fsu.fr\/ara\/2020\/10\/01\/evenement-debat-pour-les-75-ans-de-la-secu\/#breadcrumb","itemListElement":[{"@type":"ListItem","position":1,"name":"Accueil","item":"https:\/\/regions-snetap-fsu.fr\/ara\/"},{"@type":"ListItem","position":2,"name":"Ev\u00e9nement : d\u00e9bat pour les 75 ans de la s\u00e9cu"}]},{"@type":"WebSite","@id":"https:\/\/regions-snetap-fsu.fr\/ara\/#website","url":"https:\/\/regions-snetap-fsu.fr\/ara\/","name":"AUVERGNE RH\u00d4NE-ALPES","description":"Le site de la  Section Syndicale","publisher":{"@id":"https:\/\/regions-snetap-fsu.fr\/ara\/#organization"},"potentialAction":[{"@type":"SearchAction","target":{"@type":"EntryPoint","urlTemplate":"https:\/\/regions-snetap-fsu.fr\/ara\/?s={search_term_string}"},"query-input":{"@type":"PropertyValueSpecification","valueRequired":true,"valueName":"search_term_string"}}],"inLanguage":"fr-FR"},{"@type":"Organization","@id":"https:\/\/regions-snetap-fsu.fr\/ara\/#organization","name":"Auvergne Rh\u00f4ne-Alpes - SNETAP-FSU","url":"https:\/\/regions-snetap-fsu.fr\/ara\/","logo":{"@type":"ImageObject","inLanguage":"fr-FR","@id":"https:\/\/regions-snetap-fsu.fr\/ara\/#\/schema\/logo\/image\/","url":"https:\/\/regions-snetap-fsu.fr\/ara\/wp-content\/uploads\/sites\/12\/2021\/03\/Auvergne-Rhones-Alpes.jpg","contentUrl":"https:\/\/regions-snetap-fsu.fr\/ara\/wp-content\/uploads\/sites\/12\/2021\/03\/Auvergne-Rhones-Alpes.jpg","width":2000,"height":2000,"caption":"Auvergne Rh\u00f4ne-Alpes - SNETAP-FSU"},"image":{"@id":"https:\/\/regions-snetap-fsu.fr\/ara\/#\/schema\/logo\/image\/"}},{"@type":"Person","@id":"https:\/\/regions-snetap-fsu.fr\/ara\/#\/schema\/person\/0ba12f76f608c3574101bed3172dd09f","name":"fmelin","image":{"@type":"ImageObject","inLanguage":"fr-FR","@id":"https:\/\/secure.gravatar.com\/avatar\/e618b7bfe967a94f6e4775bc62382d58231a19a3bf3eb6fddaec658f79f3fbfa?s=96&d=mm&r=g","url":"https:\/\/secure.gravatar.com\/avatar\/e618b7bfe967a94f6e4775bc62382d58231a19a3bf3eb6fddaec658f79f3fbfa?s=96&d=mm&r=g","contentUrl":"https:\/\/secure.gravatar.com\/avatar\/e618b7bfe967a94f6e4775bc62382d58231a19a3bf3eb6fddaec658f79f3fbfa?s=96&d=mm&r=g","caption":"fmelin"},"url":"https:\/\/regions-snetap-fsu.fr\/ara\/author\/fmelin\/"}]}},"_links":{"self":[{"href":"https:\/\/regions-snetap-fsu.fr\/ara\/wp-json\/wp\/v2\/posts\/600","targetHints":{"allow":["GET"]}}],"collection":[{"href":"https:\/\/regions-snetap-fsu.fr\/ara\/wp-json\/wp\/v2\/posts"}],"about":[{"href":"https:\/\/regions-snetap-fsu.fr\/ara\/wp-json\/wp\/v2\/types\/post"}],"author":[{"embeddable":true,"href":"https:\/\/regions-snetap-fsu.fr\/ara\/wp-json\/wp\/v2\/users\/120"}],"replies":[{"embeddable":true,"href":"https:\/\/regions-snetap-fsu.fr\/ara\/wp-json\/wp\/v2\/comments?post=600"}],"version-history":[{"count":4,"href":"https:\/\/regions-snetap-fsu.fr\/ara\/wp-json\/wp\/v2\/posts\/600\/revisions"}],"predecessor-version":[{"id":606,"href":"https:\/\/regions-snetap-fsu.fr\/ara\/wp-json\/wp\/v2\/posts\/600\/revisions\/606"}],"wp:featuredmedia":[{"embeddable":true,"href":"https:\/\/regions-snetap-fsu.fr\/ara\/wp-json\/wp\/v2\/media\/602"}],"wp:attachment":[{"href":"https:\/\/regions-snetap-fsu.fr\/ara\/wp-json\/wp\/v2\/media?parent=600"}],"wp:term":[{"taxonomy":"category","embeddable":true,"href":"https:\/\/regions-snetap-fsu.fr\/ara\/wp-json\/wp\/v2\/categories?post=600"},{"taxonomy":"post_tag","embeddable":true,"href":"https:\/\/regions-snetap-fsu.fr\/ara\/wp-json\/wp\/v2\/tags?post=600"},{"taxonomy":"post_folder","embeddable":true,"href":"https:\/\/regions-snetap-fsu.fr\/ara\/wp-json\/wp\/v2\/post_folder?post=600"}],"curies":[{"name":"wp","href":"https:\/\/api.w.org\/{rel}","templated":true}]}}