{"id":501,"date":"2020-02-05T09:39:35","date_gmt":"2020-02-05T08:39:35","guid":{"rendered":"https:\/\/regions-snetap-fsu.fr\/ara\/?p=501"},"modified":"2020-02-05T09:39:35","modified_gmt":"2020-02-05T08:39:35","slug":"reforme-des-retraites-appel-a-la-greve-et-a-la-mobilisation-jeudi-6-fevrier","status":"publish","type":"post","link":"https:\/\/regions-snetap-fsu.fr\/ara\/2020\/02\/05\/reforme-des-retraites-appel-a-la-greve-et-a-la-mobilisation-jeudi-6-fevrier\/","title":{"rendered":"R\u00e9forme des retraites : Appel \u00e0 la gr\u00e8ve et \u00e0 la mobilisation jeudi 6 f\u00e9vrier"},"content":{"rendered":"<p>Manifestations pr\u00e9vues en r\u00e9gion<\/p>\n<table style=\"width: 100%;height: 580px\">\n<tbody>\n<tr style=\"height: 24px\">\n<td style=\"width: 3.11231%;height: 24px\">01<\/td>\n<td style=\"width: 21.2449%;height: 24px\">Bourg-en-Bresse<\/td>\n<td style=\"width: 74.4249%;height: 24px\">14h30 CPAM rue Paul Pioda<\/td>\n<\/tr>\n<tr style=\"height: 24px\">\n<td style=\"width: 3.11231%;height: 24px\">03<\/td>\n<td style=\"width: 21.2449%;height: 24px\">Montlu\u00e7on<\/td>\n<td style=\"width: 74.4249%;height: 24px\">\u00a010h30 Place Jean Dormoy<\/td>\n<\/tr>\n<tr style=\"height: 24px\">\n<td style=\"width: 3.11231%;height: 24px\">03<\/td>\n<td style=\"width: 21.2449%;height: 24px\">Moulins<\/td>\n<td style=\"width: 74.4249%;height: 24px\">10h30 Place de la Libert\u00e9<\/td>\n<\/tr>\n<tr style=\"height: 24px\">\n<td style=\"width: 3.11231%;height: 24px\">03<\/td>\n<td style=\"width: 21.2449%;height: 24px\">Vichy<\/td>\n<td style=\"width: 74.4249%;height: 24px\">10h30 Place de la Poste<\/td>\n<\/tr>\n<tr style=\"height: 24px\">\n<td style=\"width: 3.11231%;height: 24px\">07<\/td>\n<td style=\"width: 21.2449%;height: 24px\">Annonay<\/td>\n<td style=\"width: 74.4249%;height: 24px\">14h<\/td>\n<\/tr>\n<tr style=\"height: 24px\">\n<td style=\"width: 3.11231%;height: 24px\">07<\/td>\n<td style=\"width: 21.2449%;height: 24px\">Aubenas<\/td>\n<td style=\"width: 74.4249%;height: 24px\">14h\u00a0 Rond-point de Ponson<\/td>\n<\/tr>\n<tr style=\"height: 24px\">\n<td style=\"width: 3.11231%;height: 24px\">07<\/td>\n<td style=\"width: 21.2449%;height: 24px\">Le Teil<\/td>\n<td style=\"width: 74.4249%;height: 24px\">14h<\/td>\n<\/tr>\n<tr style=\"height: 24px\">\n<td style=\"width: 3.11231%;height: 24px\">07<\/td>\n<td style=\"width: 21.2449%;height: 24px\">Privas<\/td>\n<td style=\"width: 74.4249%;height: 24px\">11h CPAM<\/td>\n<\/tr>\n<tr style=\"height: 24px\">\n<td style=\"width: 3.11231%;height: 24px\">07<\/td>\n<td style=\"width: 21.2449%;height: 24px\">Tournon<\/td>\n<td style=\"width: 74.4249%;height: 24px\">11h Kiosque<\/td>\n<\/tr>\n<tr style=\"height: 24px\">\n<td style=\"width: 3.11231%;height: 24px\">15<\/td>\n<td style=\"width: 21.2449%;height: 24px\">Aurillac<\/td>\n<td style=\"width: 74.4249%;height: 24px\">14h CPAM puis action \u00e0 15h45 pr\u00e9fecture<\/td>\n<\/tr>\n<tr style=\"height: 24px\">\n<td style=\"width: 3.11231%;height: 24px\">26<\/td>\n<td style=\"width: 21.2449%;height: 24px\">Mont\u00e9limar<\/td>\n<td style=\"width: 74.4249%;height: 24px\">14h Gare<\/td>\n<\/tr>\n<tr style=\"height: 24px\">\n<td style=\"width: 3.11231%;height: 24px\">26<\/td>\n<td style=\"width: 21.2449%;height: 24px\">Valence<\/td>\n<td style=\"width: 74.4249%;height: 24px\">14h Champ de mars<\/td>\n<\/tr>\n<tr style=\"height: 24px\">\n<td style=\"width: 3.11231%;height: 24px\">38<\/td>\n<td style=\"width: 21.2449%;height: 24px\">Grenoble<\/td>\n<td style=\"width: 74.4249%;height: 24px\">10h gare AG interpro 15h Bourse du travail<\/td>\n<\/tr>\n<tr style=\"height: 24px\">\n<td style=\"width: 3.11231%;height: 24px\">42<\/td>\n<td style=\"width: 21.2449%;height: 24px\">Roanne<\/td>\n<td style=\"width: 74.4249%;height: 24px\">10h30 Place du peuple<\/td>\n<\/tr>\n<tr style=\"height: 24px\">\n<td style=\"width: 3.11231%;height: 24px\">42<\/td>\n<td style=\"width: 21.2449%;height: 24px\">Saint-Etienne<\/td>\n<td style=\"width: 74.4249%;height: 24px\">10h30 Bourse du travail<\/td>\n<\/tr>\n<tr style=\"height: 24px\">\n<td style=\"width: 3.11231%;height: 24px\">43<\/td>\n<td style=\"width: 21.2449%;height: 24px\">Le Puy-en-Velay<\/td>\n<td style=\"width: 74.4249%;height: 24px\">10h30 place Cadelade<\/td>\n<\/tr>\n<tr style=\"height: 24px\">\n<td style=\"width: 3.11231%;height: 24px\">63<\/td>\n<td style=\"width: 21.2449%;height: 24px\">Clermont-Ferrand<\/td>\n<td style=\"width: 74.4249%;height: 24px\">10h30 carrefour des facs, bas du viaduc St-Jacques<\/td>\n<\/tr>\n<tr style=\"height: 52px\">\n<td style=\"width: 3.11231%;height: 52px\">69<\/td>\n<td style=\"width: 21.2449%;height: 52px\">Lyon<\/td>\n<td style=\"width: 74.4249%;height: 52px\">11h30 Manufacture des tabacs (Manif aux flambeaux le 5 \u00e0 17h Place Lyautey)<\/td>\n<\/tr>\n<tr style=\"height: 24px\">\n<td style=\"width: 3.11231%;height: 24px\">73<\/td>\n<td style=\"width: 21.2449%;height: 24px\">Chamb\u00e9ry<\/td>\n<td style=\"width: 74.4249%;height: 24px\">14h Palais de justice<\/td>\n<\/tr>\n<tr style=\"height: 24px\">\n<td style=\"width: 3.11231%;height: 24px\">74<\/td>\n<td style=\"width: 21.2449%;height: 24px\">Annecy<\/td>\n<td style=\"width: 74.4249%;height: 24px\">14h Pr\u00e9fecture (Amener de quoi faire du bruit)<\/td>\n<\/tr>\n<tr style=\"height: 24px\">\n<td style=\"width: 3.11231%;height: 24px\">74<\/td>\n<td style=\"width: 21.2449%;height: 24px\">Sallanches<\/td>\n<td style=\"width: 74.4249%;height: 24px\">17h Mairie (14h Atelier d\u00e9bat)<\/td>\n<\/tr>\n<tr>\n<td style=\"width: 3.11231%\">74<\/td>\n<td style=\"width: 21.2449%\">Thonon<\/td>\n<td style=\"width: 74.4249%\">17h Place des Arts<\/td>\n<\/tr>\n<\/tbody>\n<\/table>\n","protected":false},"excerpt":{"rendered":"<p>Manifestations pr\u00e9vues en r\u00e9gion 01 Bourg-en-Bresse 14h30 CPAM rue Paul Pioda 03 Montlu\u00e7on \u00a010h30 Place Jean Dormoy 03 Moulins 10h30 Place de la Libert\u00e9 03 Vichy 10h30 Place de la Poste 07 Annonay 14h 07 Aubenas 14h\u00a0 Rond-point de Ponson 07 Le Teil 14h 07 Privas 11h CPAM 07 Tournon 11h Kiosque 15 Aurillac 14h [&hellip;]<\/p>\n","protected":false},"author":120,"featured_media":0,"comment_status":"closed","ping_status":"closed","sticky":false,"template":"","format":"standard","meta":{"ocean_post_layout":"","ocean_both_sidebars_style":"","ocean_both_sidebars_content_width":0,"ocean_both_sidebars_sidebars_width":0,"ocean_sidebar":"","ocean_second_sidebar":"","ocean_disable_margins":"enable","ocean_add_body_class":"","ocean_shortcode_before_top_bar":"","ocean_shortcode_after_top_bar":"","ocean_shortcode_before_header":"","ocean_shortcode_after_header":"","ocean_has_shortcode":"","ocean_shortcode_after_title":"","ocean_shortcode_before_footer_widgets":"","ocean_shortcode_after_footer_widgets":"","ocean_shortcode_before_footer_bottom":"","ocean_shortcode_after_footer_bottom":"","ocean_display_top_bar":"default","ocean_display_header":"default","ocean_header_style":"","ocean_center_header_left_menu":"","ocean_custom_header_template":"","ocean_custom_logo":0,"ocean_custom_retina_logo":0,"ocean_custom_logo_max_width":0,"ocean_custom_logo_tablet_max_width":0,"ocean_custom_logo_mobile_max_width":0,"ocean_custom_logo_max_height":0,"ocean_custom_logo_tablet_max_height":0,"ocean_custom_logo_mobile_max_height":0,"ocean_header_custom_menu":"","ocean_menu_typo_font_family":"","ocean_menu_typo_font_subset":"","ocean_menu_typo_font_size":0,"ocean_menu_typo_font_size_tablet":0,"ocean_menu_typo_font_size_mobile":0,"ocean_menu_typo_font_size_unit":"px","ocean_menu_typo_font_weight":"","ocean_menu_typo_font_weight_tablet":"","ocean_menu_typo_font_weight_mobile":"","ocean_menu_typo_transform":"","ocean_menu_typo_transform_tablet":"","ocean_menu_typo_transform_mobile":"","ocean_menu_typo_line_height":0,"ocean_menu_typo_line_height_tablet":0,"ocean_menu_typo_line_height_mobile":0,"ocean_menu_typo_line_height_unit":"","ocean_menu_typo_spacing":0,"ocean_menu_typo_spacing_tablet":0,"ocean_menu_typo_spacing_mobile":0,"ocean_menu_typo_spacing_unit":"","ocean_menu_link_color":"","ocean_menu_link_color_hover":"","ocean_menu_link_color_active":"","ocean_menu_link_background":"","ocean_menu_link_hover_background":"","ocean_menu_link_active_background":"","ocean_menu_social_links_bg":"","ocean_menu_social_hover_links_bg":"","ocean_menu_social_links_color":"","ocean_menu_social_hover_links_color":"","ocean_disable_title":"default","ocean_disable_heading":"default","ocean_post_title":"","ocean_post_subheading":"","ocean_post_title_style":"","ocean_post_title_background_color":"","ocean_post_title_background":0,"ocean_post_title_bg_image_position":"","ocean_post_title_bg_image_attachment":"","ocean_post_title_bg_image_repeat":"","ocean_post_title_bg_image_size":"","ocean_post_title_height":0,"ocean_post_title_bg_overlay":0.5,"ocean_post_title_bg_overlay_color":"","ocean_disable_breadcrumbs":"default","ocean_breadcrumbs_color":"","ocean_breadcrumbs_separator_color":"","ocean_breadcrumbs_links_color":"","ocean_breadcrumbs_links_hover_color":"","ocean_display_footer_widgets":"default","ocean_display_footer_bottom":"default","ocean_custom_footer_template":"","ocean_post_oembed":"","ocean_post_self_hosted_media":"","ocean_post_video_embed":"","ocean_link_format":"","ocean_link_format_target":"self","ocean_quote_format":"","ocean_quote_format_link":"post","ocean_gallery_link_images":"on","ocean_gallery_id":[],"footnotes":""},"categories":[3],"tags":[],"post_folder":[],"class_list":["post-501","post","type-post","status-publish","format-standard","hentry","category-actions","entry"],"yoast_head":"<!-- This site is optimized with the Yoast SEO plugin v27.4 - https:\/\/yoast.com\/product\/yoast-seo-wordpress\/ -->\n<title>R\u00e9forme des retraites : Appel \u00e0 la gr\u00e8ve et \u00e0 la mobilisation jeudi 6 f\u00e9vrier - AUVERGNE RH\u00d4NE-ALPES<\/title>\n<meta name=\"robots\" content=\"index, follow, max-snippet:-1, max-image-preview:large, max-video-preview:-1\" \/>\n<link rel=\"canonical\" href=\"https:\/\/regions-snetap-fsu.fr\/ara\/2020\/02\/05\/reforme-des-retraites-appel-a-la-greve-et-a-la-mobilisation-jeudi-6-fevrier\/\" \/>\n<meta property=\"og:locale\" content=\"fr_FR\" \/>\n<meta property=\"og:type\" content=\"article\" \/>\n<meta property=\"og:title\" content=\"R\u00e9forme des retraites : Appel \u00e0 la gr\u00e8ve et \u00e0 la mobilisation jeudi 6 f\u00e9vrier - AUVERGNE RH\u00d4NE-ALPES\" \/>\n<meta property=\"og:description\" content=\"Manifestations pr\u00e9vues en r\u00e9gion 01 Bourg-en-Bresse 14h30 CPAM rue Paul Pioda 03 Montlu\u00e7on \u00a010h30 Place Jean Dormoy 03 Moulins 10h30 Place de la Libert\u00e9 03 Vichy 10h30 Place de la Poste 07 Annonay 14h 07 Aubenas 14h\u00a0 Rond-point de Ponson 07 Le Teil 14h 07 Privas 11h CPAM 07 Tournon 11h Kiosque 15 Aurillac 14h [&hellip;]\" \/>\n<meta property=\"og:url\" content=\"https:\/\/regions-snetap-fsu.fr\/ara\/2020\/02\/05\/reforme-des-retraites-appel-a-la-greve-et-a-la-mobilisation-jeudi-6-fevrier\/\" \/>\n<meta property=\"og:site_name\" content=\"AUVERGNE RH\u00d4NE-ALPES\" \/>\n<meta property=\"article:published_time\" content=\"2020-02-05T08:39:35+00:00\" \/>\n<meta name=\"author\" content=\"fmelin\" \/>\n<meta name=\"twitter:card\" content=\"summary_large_image\" \/>\n<meta name=\"twitter:label1\" content=\"\u00c9crit par\" \/>\n\t<meta name=\"twitter:data1\" content=\"fmelin\" \/>\n\t<meta name=\"twitter:label2\" content=\"Dur\u00e9e de lecture estim\u00e9e\" \/>\n\t<meta name=\"twitter:data2\" content=\"1 minute\" \/>\n<script type=\"application\/ld+json\" class=\"yoast-schema-graph\">{\"@context\":\"https:\\\/\\\/schema.org\",\"@graph\":[{\"@type\":\"Article\",\"@id\":\"https:\\\/\\\/regions-snetap-fsu.fr\\\/ara\\\/2020\\\/02\\\/05\\\/reforme-des-retraites-appel-a-la-greve-et-a-la-mobilisation-jeudi-6-fevrier\\\/#article\",\"isPartOf\":{\"@id\":\"https:\\\/\\\/regions-snetap-fsu.fr\\\/ara\\\/2020\\\/02\\\/05\\\/reforme-des-retraites-appel-a-la-greve-et-a-la-mobilisation-jeudi-6-fevrier\\\/\"},\"author\":{\"name\":\"fmelin\",\"@id\":\"https:\\\/\\\/regions-snetap-fsu.fr\\\/ara\\\/#\\\/schema\\\/person\\\/0ba12f76f608c3574101bed3172dd09f\"},\"headline\":\"R\u00e9forme des retraites : Appel \u00e0 la gr\u00e8ve et \u00e0 la mobilisation jeudi 6 f\u00e9vrier\",\"datePublished\":\"2020-02-05T08:39:35+00:00\",\"mainEntityOfPage\":{\"@id\":\"https:\\\/\\\/regions-snetap-fsu.fr\\\/ara\\\/2020\\\/02\\\/05\\\/reforme-des-retraites-appel-a-la-greve-et-a-la-mobilisation-jeudi-6-fevrier\\\/\"},\"wordCount\":150,\"publisher\":{\"@id\":\"https:\\\/\\\/regions-snetap-fsu.fr\\\/ara\\\/#organization\"},\"articleSection\":[\"Actions en AuRA\"],\"inLanguage\":\"fr-FR\"},{\"@type\":\"WebPage\",\"@id\":\"https:\\\/\\\/regions-snetap-fsu.fr\\\/ara\\\/2020\\\/02\\\/05\\\/reforme-des-retraites-appel-a-la-greve-et-a-la-mobilisation-jeudi-6-fevrier\\\/\",\"url\":\"https:\\\/\\\/regions-snetap-fsu.fr\\\/ara\\\/2020\\\/02\\\/05\\\/reforme-des-retraites-appel-a-la-greve-et-a-la-mobilisation-jeudi-6-fevrier\\\/\",\"name\":\"R\u00e9forme des retraites : Appel \u00e0 la gr\u00e8ve et \u00e0 la mobilisation jeudi 6 f\u00e9vrier - AUVERGNE RH\u00d4NE-ALPES\",\"isPartOf\":{\"@id\":\"https:\\\/\\\/regions-snetap-fsu.fr\\\/ara\\\/#website\"},\"datePublished\":\"2020-02-05T08:39:35+00:00\",\"breadcrumb\":{\"@id\":\"https:\\\/\\\/regions-snetap-fsu.fr\\\/ara\\\/2020\\\/02\\\/05\\\/reforme-des-retraites-appel-a-la-greve-et-a-la-mobilisation-jeudi-6-fevrier\\\/#breadcrumb\"},\"inLanguage\":\"fr-FR\",\"potentialAction\":[{\"@type\":\"ReadAction\",\"target\":[\"https:\\\/\\\/regions-snetap-fsu.fr\\\/ara\\\/2020\\\/02\\\/05\\\/reforme-des-retraites-appel-a-la-greve-et-a-la-mobilisation-jeudi-6-fevrier\\\/\"]}]},{\"@type\":\"BreadcrumbList\",\"@id\":\"https:\\\/\\\/regions-snetap-fsu.fr\\\/ara\\\/2020\\\/02\\\/05\\\/reforme-des-retraites-appel-a-la-greve-et-a-la-mobilisation-jeudi-6-fevrier\\\/#breadcrumb\",\"itemListElement\":[{\"@type\":\"ListItem\",\"position\":1,\"name\":\"Accueil\",\"item\":\"https:\\\/\\\/regions-snetap-fsu.fr\\\/ara\\\/\"},{\"@type\":\"ListItem\",\"position\":2,\"name\":\"R\u00e9forme des retraites : Appel \u00e0 la gr\u00e8ve et \u00e0 la mobilisation jeudi 6 f\u00e9vrier\"}]},{\"@type\":\"WebSite\",\"@id\":\"https:\\\/\\\/regions-snetap-fsu.fr\\\/ara\\\/#website\",\"url\":\"https:\\\/\\\/regions-snetap-fsu.fr\\\/ara\\\/\",\"name\":\"AUVERGNE RH\u00d4NE-ALPES\",\"description\":\"Le site de la  Section Syndicale\",\"publisher\":{\"@id\":\"https:\\\/\\\/regions-snetap-fsu.fr\\\/ara\\\/#organization\"},\"potentialAction\":[{\"@type\":\"SearchAction\",\"target\":{\"@type\":\"EntryPoint\",\"urlTemplate\":\"https:\\\/\\\/regions-snetap-fsu.fr\\\/ara\\\/?s={search_term_string}\"},\"query-input\":{\"@type\":\"PropertyValueSpecification\",\"valueRequired\":true,\"valueName\":\"search_term_string\"}}],\"inLanguage\":\"fr-FR\"},{\"@type\":\"Organization\",\"@id\":\"https:\\\/\\\/regions-snetap-fsu.fr\\\/ara\\\/#organization\",\"name\":\"Auvergne Rh\u00f4ne-Alpes - SNETAP-FSU\",\"url\":\"https:\\\/\\\/regions-snetap-fsu.fr\\\/ara\\\/\",\"logo\":{\"@type\":\"ImageObject\",\"inLanguage\":\"fr-FR\",\"@id\":\"https:\\\/\\\/regions-snetap-fsu.fr\\\/ara\\\/#\\\/schema\\\/logo\\\/image\\\/\",\"url\":\"https:\\\/\\\/regions-snetap-fsu.fr\\\/ara\\\/wp-content\\\/uploads\\\/sites\\\/12\\\/2021\\\/03\\\/Auvergne-Rhones-Alpes.jpg\",\"contentUrl\":\"https:\\\/\\\/regions-snetap-fsu.fr\\\/ara\\\/wp-content\\\/uploads\\\/sites\\\/12\\\/2021\\\/03\\\/Auvergne-Rhones-Alpes.jpg\",\"width\":2000,\"height\":2000,\"caption\":\"Auvergne Rh\u00f4ne-Alpes - SNETAP-FSU\"},\"image\":{\"@id\":\"https:\\\/\\\/regions-snetap-fsu.fr\\\/ara\\\/#\\\/schema\\\/logo\\\/image\\\/\"}},{\"@type\":\"Person\",\"@id\":\"https:\\\/\\\/regions-snetap-fsu.fr\\\/ara\\\/#\\\/schema\\\/person\\\/0ba12f76f608c3574101bed3172dd09f\",\"name\":\"fmelin\",\"image\":{\"@type\":\"ImageObject\",\"inLanguage\":\"fr-FR\",\"@id\":\"https:\\\/\\\/secure.gravatar.com\\\/avatar\\\/e618b7bfe967a94f6e4775bc62382d58231a19a3bf3eb6fddaec658f79f3fbfa?s=96&d=mm&r=g\",\"url\":\"https:\\\/\\\/secure.gravatar.com\\\/avatar\\\/e618b7bfe967a94f6e4775bc62382d58231a19a3bf3eb6fddaec658f79f3fbfa?s=96&d=mm&r=g\",\"contentUrl\":\"https:\\\/\\\/secure.gravatar.com\\\/avatar\\\/e618b7bfe967a94f6e4775bc62382d58231a19a3bf3eb6fddaec658f79f3fbfa?s=96&d=mm&r=g\",\"caption\":\"fmelin\"},\"url\":\"https:\\\/\\\/regions-snetap-fsu.fr\\\/ara\\\/author\\\/fmelin\\\/\"}]}<\/script>\n<!-- \/ Yoast SEO plugin. -->","yoast_head_json":{"title":"R\u00e9forme des retraites : Appel \u00e0 la gr\u00e8ve et \u00e0 la mobilisation jeudi 6 f\u00e9vrier - AUVERGNE RH\u00d4NE-ALPES","robots":{"index":"index","follow":"follow","max-snippet":"max-snippet:-1","max-image-preview":"max-image-preview:large","max-video-preview":"max-video-preview:-1"},"canonical":"https:\/\/regions-snetap-fsu.fr\/ara\/2020\/02\/05\/reforme-des-retraites-appel-a-la-greve-et-a-la-mobilisation-jeudi-6-fevrier\/","og_locale":"fr_FR","og_type":"article","og_title":"R\u00e9forme des retraites : Appel \u00e0 la gr\u00e8ve et \u00e0 la mobilisation jeudi 6 f\u00e9vrier - AUVERGNE RH\u00d4NE-ALPES","og_description":"Manifestations pr\u00e9vues en r\u00e9gion 01 Bourg-en-Bresse 14h30 CPAM rue Paul Pioda 03 Montlu\u00e7on \u00a010h30 Place Jean Dormoy 03 Moulins 10h30 Place de la Libert\u00e9 03 Vichy 10h30 Place de la Poste 07 Annonay 14h 07 Aubenas 14h\u00a0 Rond-point de Ponson 07 Le Teil 14h 07 Privas 11h CPAM 07 Tournon 11h Kiosque 15 Aurillac 14h [&hellip;]","og_url":"https:\/\/regions-snetap-fsu.fr\/ara\/2020\/02\/05\/reforme-des-retraites-appel-a-la-greve-et-a-la-mobilisation-jeudi-6-fevrier\/","og_site_name":"AUVERGNE RH\u00d4NE-ALPES","article_published_time":"2020-02-05T08:39:35+00:00","author":"fmelin","twitter_card":"summary_large_image","twitter_misc":{"\u00c9crit par":"fmelin","Dur\u00e9e de lecture estim\u00e9e":"1 minute"},"schema":{"@context":"https:\/\/schema.org","@graph":[{"@type":"Article","@id":"https:\/\/regions-snetap-fsu.fr\/ara\/2020\/02\/05\/reforme-des-retraites-appel-a-la-greve-et-a-la-mobilisation-jeudi-6-fevrier\/#article","isPartOf":{"@id":"https:\/\/regions-snetap-fsu.fr\/ara\/2020\/02\/05\/reforme-des-retraites-appel-a-la-greve-et-a-la-mobilisation-jeudi-6-fevrier\/"},"author":{"name":"fmelin","@id":"https:\/\/regions-snetap-fsu.fr\/ara\/#\/schema\/person\/0ba12f76f608c3574101bed3172dd09f"},"headline":"R\u00e9forme des retraites : Appel \u00e0 la gr\u00e8ve et \u00e0 la mobilisation jeudi 6 f\u00e9vrier","datePublished":"2020-02-05T08:39:35+00:00","mainEntityOfPage":{"@id":"https:\/\/regions-snetap-fsu.fr\/ara\/2020\/02\/05\/reforme-des-retraites-appel-a-la-greve-et-a-la-mobilisation-jeudi-6-fevrier\/"},"wordCount":150,"publisher":{"@id":"https:\/\/regions-snetap-fsu.fr\/ara\/#organization"},"articleSection":["Actions en AuRA"],"inLanguage":"fr-FR"},{"@type":"WebPage","@id":"https:\/\/regions-snetap-fsu.fr\/ara\/2020\/02\/05\/reforme-des-retraites-appel-a-la-greve-et-a-la-mobilisation-jeudi-6-fevrier\/","url":"https:\/\/regions-snetap-fsu.fr\/ara\/2020\/02\/05\/reforme-des-retraites-appel-a-la-greve-et-a-la-mobilisation-jeudi-6-fevrier\/","name":"R\u00e9forme des retraites : Appel \u00e0 la gr\u00e8ve et \u00e0 la mobilisation jeudi 6 f\u00e9vrier - AUVERGNE RH\u00d4NE-ALPES","isPartOf":{"@id":"https:\/\/regions-snetap-fsu.fr\/ara\/#website"},"datePublished":"2020-02-05T08:39:35+00:00","breadcrumb":{"@id":"https:\/\/regions-snetap-fsu.fr\/ara\/2020\/02\/05\/reforme-des-retraites-appel-a-la-greve-et-a-la-mobilisation-jeudi-6-fevrier\/#breadcrumb"},"inLanguage":"fr-FR","potentialAction":[{"@type":"ReadAction","target":["https:\/\/regions-snetap-fsu.fr\/ara\/2020\/02\/05\/reforme-des-retraites-appel-a-la-greve-et-a-la-mobilisation-jeudi-6-fevrier\/"]}]},{"@type":"BreadcrumbList","@id":"https:\/\/regions-snetap-fsu.fr\/ara\/2020\/02\/05\/reforme-des-retraites-appel-a-la-greve-et-a-la-mobilisation-jeudi-6-fevrier\/#breadcrumb","itemListElement":[{"@type":"ListItem","position":1,"name":"Accueil","item":"https:\/\/regions-snetap-fsu.fr\/ara\/"},{"@type":"ListItem","position":2,"name":"R\u00e9forme des retraites : Appel \u00e0 la gr\u00e8ve et \u00e0 la mobilisation jeudi 6 f\u00e9vrier"}]},{"@type":"WebSite","@id":"https:\/\/regions-snetap-fsu.fr\/ara\/#website","url":"https:\/\/regions-snetap-fsu.fr\/ara\/","name":"AUVERGNE RH\u00d4NE-ALPES","description":"Le site de la  Section Syndicale","publisher":{"@id":"https:\/\/regions-snetap-fsu.fr\/ara\/#organization"},"potentialAction":[{"@type":"SearchAction","target":{"@type":"EntryPoint","urlTemplate":"https:\/\/regions-snetap-fsu.fr\/ara\/?s={search_term_string}"},"query-input":{"@type":"PropertyValueSpecification","valueRequired":true,"valueName":"search_term_string"}}],"inLanguage":"fr-FR"},{"@type":"Organization","@id":"https:\/\/regions-snetap-fsu.fr\/ara\/#organization","name":"Auvergne Rh\u00f4ne-Alpes - SNETAP-FSU","url":"https:\/\/regions-snetap-fsu.fr\/ara\/","logo":{"@type":"ImageObject","inLanguage":"fr-FR","@id":"https:\/\/regions-snetap-fsu.fr\/ara\/#\/schema\/logo\/image\/","url":"https:\/\/regions-snetap-fsu.fr\/ara\/wp-content\/uploads\/sites\/12\/2021\/03\/Auvergne-Rhones-Alpes.jpg","contentUrl":"https:\/\/regions-snetap-fsu.fr\/ara\/wp-content\/uploads\/sites\/12\/2021\/03\/Auvergne-Rhones-Alpes.jpg","width":2000,"height":2000,"caption":"Auvergne Rh\u00f4ne-Alpes - SNETAP-FSU"},"image":{"@id":"https:\/\/regions-snetap-fsu.fr\/ara\/#\/schema\/logo\/image\/"}},{"@type":"Person","@id":"https:\/\/regions-snetap-fsu.fr\/ara\/#\/schema\/person\/0ba12f76f608c3574101bed3172dd09f","name":"fmelin","image":{"@type":"ImageObject","inLanguage":"fr-FR","@id":"https:\/\/secure.gravatar.com\/avatar\/e618b7bfe967a94f6e4775bc62382d58231a19a3bf3eb6fddaec658f79f3fbfa?s=96&d=mm&r=g","url":"https:\/\/secure.gravatar.com\/avatar\/e618b7bfe967a94f6e4775bc62382d58231a19a3bf3eb6fddaec658f79f3fbfa?s=96&d=mm&r=g","contentUrl":"https:\/\/secure.gravatar.com\/avatar\/e618b7bfe967a94f6e4775bc62382d58231a19a3bf3eb6fddaec658f79f3fbfa?s=96&d=mm&r=g","caption":"fmelin"},"url":"https:\/\/regions-snetap-fsu.fr\/ara\/author\/fmelin\/"}]}},"_links":{"self":[{"href":"https:\/\/regions-snetap-fsu.fr\/ara\/wp-json\/wp\/v2\/posts\/501","targetHints":{"allow":["GET"]}}],"collection":[{"href":"https:\/\/regions-snetap-fsu.fr\/ara\/wp-json\/wp\/v2\/posts"}],"about":[{"href":"https:\/\/regions-snetap-fsu.fr\/ara\/wp-json\/wp\/v2\/types\/post"}],"author":[{"embeddable":true,"href":"https:\/\/regions-snetap-fsu.fr\/ara\/wp-json\/wp\/v2\/users\/120"}],"replies":[{"embeddable":true,"href":"https:\/\/regions-snetap-fsu.fr\/ara\/wp-json\/wp\/v2\/comments?post=501"}],"version-history":[{"count":2,"href":"https:\/\/regions-snetap-fsu.fr\/ara\/wp-json\/wp\/v2\/posts\/501\/revisions"}],"predecessor-version":[{"id":503,"href":"https:\/\/regions-snetap-fsu.fr\/ara\/wp-json\/wp\/v2\/posts\/501\/revisions\/503"}],"wp:attachment":[{"href":"https:\/\/regions-snetap-fsu.fr\/ara\/wp-json\/wp\/v2\/media?parent=501"}],"wp:term":[{"taxonomy":"category","embeddable":true,"href":"https:\/\/regions-snetap-fsu.fr\/ara\/wp-json\/wp\/v2\/categories?post=501"},{"taxonomy":"post_tag","embeddable":true,"href":"https:\/\/regions-snetap-fsu.fr\/ara\/wp-json\/wp\/v2\/tags?post=501"},{"taxonomy":"post_folder","embeddable":true,"href":"https:\/\/regions-snetap-fsu.fr\/ara\/wp-json\/wp\/v2\/post_folder?post=501"}],"curies":[{"name":"wp","href":"https:\/\/api.w.org\/{rel}","templated":true}]}}