{"id":494,"date":"2020-01-30T14:49:38","date_gmt":"2020-01-30T13:49:38","guid":{"rendered":"https:\/\/regions-snetap-fsu.fr\/ara\/?p=494"},"modified":"2020-01-30T14:52:29","modified_gmt":"2020-01-30T13:52:29","slug":"les-31-janvier-et-1er-fevrier-on-continue-contre-la-reforme-des-retraites-et-les-e3c","status":"publish","type":"post","link":"https:\/\/regions-snetap-fsu.fr\/ara\/2020\/01\/30\/les-31-janvier-et-1er-fevrier-on-continue-contre-la-reforme-des-retraites-et-les-e3c\/","title":{"rendered":"Les 31 janvier et 1er f\u00e9vrier : on continue contre la r\u00e9forme des retraites"},"content":{"rendered":"<p>Ci-dessous les actions programm\u00e9es en r\u00e9gion<\/p>\n<table style=\"width: 90.8808%;height: 456px\">\n<tbody>\n<tr style=\"height: 24px\">\n<td style=\"height: 24px;width: 2.93333%\">01<\/td>\n<td style=\"height: 24px;width: 14.9333%\">Aranc<\/td>\n<td style=\"height: 24px;width: 80.8%\">Vendredi 31 : R\u00e9union publique retraites 20h salle des f\u00eates<\/td>\n<\/tr>\n<tr style=\"height: 24px\">\n<td style=\"height: 24px;width: 2.93333%\">26<\/td>\n<td style=\"height: 24px;width: 14.9333%\">Valence<\/td>\n<td style=\"height: 24px;width: 80.8%\">Vendredi 31 : Soir\u00e9e de soutien aux personnels de l&rsquo;Education en lutte. Maison des Syndicats, rue Bizet, 18 heures : ap\u00e9ro, \u00e9change d&rsquo;exp\u00e9rience, pr\u00e9sence de parents d&rsquo;\u00e9l\u00e8ves, d\u00e9bat sur les suites de l&rsquo;action<\/td>\n<\/tr>\n<tr style=\"height: 24px\">\n<td style=\"height: 24px;width: 2.93333%\">26<\/td>\n<td style=\"height: 24px;width: 14.9333%\">Romans<\/td>\n<td style=\"height: 24px;width: 80.8%\">Vendredi 31 : Manifestation carnavalesque 18 heures gare de Romans. En 1580, lors du Carnaval sanglant de Romans, le peuple, conduit par un meneur d\u00e9guis\u00e9 en ours, exigeait plus de justice face aux privil\u00e9gi\u00e9s.<br \/>\nEn 2020, venez manifester et juger la retraite par points, \u00e0 la lueur des flambeaux.<br \/>\nApportez vos masques ( ours, enSaignants, BlackRock etc), vos instruments&#8230;<\/td>\n<\/tr>\n<tr style=\"height: 24px\">\n<td style=\"height: 24px;width: 2.93333%\">26<\/td>\n<td style=\"height: 24px;width: 14.9333%\">Valence<\/td>\n<td style=\"height: 24px;width: 80.8%\">\u00a0Samedi 1er f\u00e9vrier : Manif 14h champ de mars<\/td>\n<\/tr>\n<tr style=\"height: 24px\">\n<td style=\"height: 24px;width: 2.93333%\">42<\/td>\n<td style=\"height: 24px;width: 14.9333%\">Roanne<\/td>\n<td style=\"height: 24px;width: 80.8%\">Vendredi 31 : Retraite aux flambeaux 18h Palais de justice<\/td>\n<\/tr>\n<tr style=\"height: 24px\">\n<td style=\"height: 24px;width: 2.93333%\">42<\/td>\n<td style=\"height: 24px;width: 14.9333%\">Saint-Etienne<\/td>\n<td style=\"height: 24px;width: 80.8%\">Vendredi 31 : Rassemblement avec pique-nique revendicatif de 12h \u00e0 13h place Jean Moulin<\/td>\n<\/tr>\n<tr style=\"height: 24px\">\n<td style=\"height: 24px;width: 2.93333%\">73<\/td>\n<td style=\"height: 24px;width: 14.9333%\">Chamb\u00e9ry<\/td>\n<td style=\"height: 24px;width: 80.8%\">Vendredi 31 : Retraite aux flambeaux 18h<\/td>\n<\/tr>\n<\/tbody>\n<\/table>\n","protected":false},"excerpt":{"rendered":"<p>Ci-dessous les actions programm\u00e9es en r\u00e9gion 01 Aranc Vendredi 31 : R\u00e9union publique retraites 20h salle des f\u00eates 26 Valence Vendredi 31 : Soir\u00e9e de soutien aux personnels de l&rsquo;Education en lutte. Maison des Syndicats, rue Bizet, 18 heures : ap\u00e9ro, \u00e9change d&rsquo;exp\u00e9rience, pr\u00e9sence de parents d&rsquo;\u00e9l\u00e8ves, d\u00e9bat sur les suites de l&rsquo;action 26 Romans [&hellip;]<\/p>\n","protected":false},"author":120,"featured_media":0,"comment_status":"closed","ping_status":"closed","sticky":false,"template":"","format":"standard","meta":{"ocean_post_layout":"","ocean_both_sidebars_style":"","ocean_both_sidebars_content_width":0,"ocean_both_sidebars_sidebars_width":0,"ocean_sidebar":"","ocean_second_sidebar":"","ocean_disable_margins":"enable","ocean_add_body_class":"","ocean_shortcode_before_top_bar":"","ocean_shortcode_after_top_bar":"","ocean_shortcode_before_header":"","ocean_shortcode_after_header":"","ocean_has_shortcode":"","ocean_shortcode_after_title":"","ocean_shortcode_before_footer_widgets":"","ocean_shortcode_after_footer_widgets":"","ocean_shortcode_before_footer_bottom":"","ocean_shortcode_after_footer_bottom":"","ocean_display_top_bar":"default","ocean_display_header":"default","ocean_header_style":"","ocean_center_header_left_menu":"","ocean_custom_header_template":"","ocean_custom_logo":0,"ocean_custom_retina_logo":0,"ocean_custom_logo_max_width":0,"ocean_custom_logo_tablet_max_width":0,"ocean_custom_logo_mobile_max_width":0,"ocean_custom_logo_max_height":0,"ocean_custom_logo_tablet_max_height":0,"ocean_custom_logo_mobile_max_height":0,"ocean_header_custom_menu":"","ocean_menu_typo_font_family":"","ocean_menu_typo_font_subset":"","ocean_menu_typo_font_size":0,"ocean_menu_typo_font_size_tablet":0,"ocean_menu_typo_font_size_mobile":0,"ocean_menu_typo_font_size_unit":"px","ocean_menu_typo_font_weight":"","ocean_menu_typo_font_weight_tablet":"","ocean_menu_typo_font_weight_mobile":"","ocean_menu_typo_transform":"","ocean_menu_typo_transform_tablet":"","ocean_menu_typo_transform_mobile":"","ocean_menu_typo_line_height":0,"ocean_menu_typo_line_height_tablet":0,"ocean_menu_typo_line_height_mobile":0,"ocean_menu_typo_line_height_unit":"","ocean_menu_typo_spacing":0,"ocean_menu_typo_spacing_tablet":0,"ocean_menu_typo_spacing_mobile":0,"ocean_menu_typo_spacing_unit":"","ocean_menu_link_color":"","ocean_menu_link_color_hover":"","ocean_menu_link_color_active":"","ocean_menu_link_background":"","ocean_menu_link_hover_background":"","ocean_menu_link_active_background":"","ocean_menu_social_links_bg":"","ocean_menu_social_hover_links_bg":"","ocean_menu_social_links_color":"","ocean_menu_social_hover_links_color":"","ocean_disable_title":"default","ocean_disable_heading":"default","ocean_post_title":"","ocean_post_subheading":"","ocean_post_title_style":"","ocean_post_title_background_color":"","ocean_post_title_background":0,"ocean_post_title_bg_image_position":"","ocean_post_title_bg_image_attachment":"","ocean_post_title_bg_image_repeat":"","ocean_post_title_bg_image_size":"","ocean_post_title_height":0,"ocean_post_title_bg_overlay":0.5,"ocean_post_title_bg_overlay_color":"","ocean_disable_breadcrumbs":"default","ocean_breadcrumbs_color":"","ocean_breadcrumbs_separator_color":"","ocean_breadcrumbs_links_color":"","ocean_breadcrumbs_links_hover_color":"","ocean_display_footer_widgets":"default","ocean_display_footer_bottom":"default","ocean_custom_footer_template":"","ocean_post_oembed":"","ocean_post_self_hosted_media":"","ocean_post_video_embed":"","ocean_link_format":"","ocean_link_format_target":"self","ocean_quote_format":"","ocean_quote_format_link":"post","ocean_gallery_link_images":"on","ocean_gallery_id":[],"footnotes":""},"categories":[3],"tags":[],"post_folder":[],"class_list":["post-494","post","type-post","status-publish","format-standard","hentry","category-actions","entry"],"yoast_head":"<!-- This site is optimized with the Yoast SEO plugin v27.4 - https:\/\/yoast.com\/product\/yoast-seo-wordpress\/ -->\n<title>Les 31 janvier et 1er f\u00e9vrier : on continue contre la r\u00e9forme des retraites - AUVERGNE RH\u00d4NE-ALPES<\/title>\n<meta name=\"robots\" content=\"index, follow, max-snippet:-1, max-image-preview:large, max-video-preview:-1\" \/>\n<link rel=\"canonical\" href=\"https:\/\/regions-snetap-fsu.fr\/ara\/2020\/01\/30\/les-31-janvier-et-1er-fevrier-on-continue-contre-la-reforme-des-retraites-et-les-e3c\/\" \/>\n<meta property=\"og:locale\" content=\"fr_FR\" \/>\n<meta property=\"og:type\" content=\"article\" \/>\n<meta property=\"og:title\" content=\"Les 31 janvier et 1er f\u00e9vrier : on continue contre la r\u00e9forme des retraites - AUVERGNE RH\u00d4NE-ALPES\" \/>\n<meta property=\"og:description\" content=\"Ci-dessous les actions programm\u00e9es en r\u00e9gion 01 Aranc Vendredi 31 : R\u00e9union publique retraites 20h salle des f\u00eates 26 Valence Vendredi 31 : Soir\u00e9e de soutien aux personnels de l&rsquo;Education en lutte. Maison des Syndicats, rue Bizet, 18 heures : ap\u00e9ro, \u00e9change d&rsquo;exp\u00e9rience, pr\u00e9sence de parents d&rsquo;\u00e9l\u00e8ves, d\u00e9bat sur les suites de l&rsquo;action 26 Romans [&hellip;]\" \/>\n<meta property=\"og:url\" content=\"https:\/\/regions-snetap-fsu.fr\/ara\/2020\/01\/30\/les-31-janvier-et-1er-fevrier-on-continue-contre-la-reforme-des-retraites-et-les-e3c\/\" \/>\n<meta property=\"og:site_name\" content=\"AUVERGNE RH\u00d4NE-ALPES\" \/>\n<meta property=\"article:published_time\" content=\"2020-01-30T13:49:38+00:00\" \/>\n<meta property=\"article:modified_time\" content=\"2020-01-30T13:52:29+00:00\" \/>\n<meta name=\"author\" content=\"fmelin\" \/>\n<meta name=\"twitter:card\" content=\"summary_large_image\" \/>\n<meta name=\"twitter:label1\" content=\"\u00c9crit par\" \/>\n\t<meta name=\"twitter:data1\" content=\"fmelin\" \/>\n\t<meta name=\"twitter:label2\" content=\"Dur\u00e9e de lecture estim\u00e9e\" \/>\n\t<meta name=\"twitter:data2\" content=\"1 minute\" \/>\n<script type=\"application\/ld+json\" class=\"yoast-schema-graph\">{\"@context\":\"https:\\\/\\\/schema.org\",\"@graph\":[{\"@type\":\"Article\",\"@id\":\"https:\\\/\\\/regions-snetap-fsu.fr\\\/ara\\\/2020\\\/01\\\/30\\\/les-31-janvier-et-1er-fevrier-on-continue-contre-la-reforme-des-retraites-et-les-e3c\\\/#article\",\"isPartOf\":{\"@id\":\"https:\\\/\\\/regions-snetap-fsu.fr\\\/ara\\\/2020\\\/01\\\/30\\\/les-31-janvier-et-1er-fevrier-on-continue-contre-la-reforme-des-retraites-et-les-e3c\\\/\"},\"author\":{\"name\":\"fmelin\",\"@id\":\"https:\\\/\\\/regions-snetap-fsu.fr\\\/ara\\\/#\\\/schema\\\/person\\\/0ba12f76f608c3574101bed3172dd09f\"},\"headline\":\"Les 31 janvier et 1er f\u00e9vrier : on continue contre la r\u00e9forme des retraites\",\"datePublished\":\"2020-01-30T13:49:38+00:00\",\"dateModified\":\"2020-01-30T13:52:29+00:00\",\"mainEntityOfPage\":{\"@id\":\"https:\\\/\\\/regions-snetap-fsu.fr\\\/ara\\\/2020\\\/01\\\/30\\\/les-31-janvier-et-1er-fevrier-on-continue-contre-la-reforme-des-retraites-et-les-e3c\\\/\"},\"wordCount\":167,\"publisher\":{\"@id\":\"https:\\\/\\\/regions-snetap-fsu.fr\\\/ara\\\/#organization\"},\"articleSection\":[\"Actions en AuRA\"],\"inLanguage\":\"fr-FR\"},{\"@type\":\"WebPage\",\"@id\":\"https:\\\/\\\/regions-snetap-fsu.fr\\\/ara\\\/2020\\\/01\\\/30\\\/les-31-janvier-et-1er-fevrier-on-continue-contre-la-reforme-des-retraites-et-les-e3c\\\/\",\"url\":\"https:\\\/\\\/regions-snetap-fsu.fr\\\/ara\\\/2020\\\/01\\\/30\\\/les-31-janvier-et-1er-fevrier-on-continue-contre-la-reforme-des-retraites-et-les-e3c\\\/\",\"name\":\"Les 31 janvier et 1er f\u00e9vrier : on continue contre la r\u00e9forme des retraites - AUVERGNE RH\u00d4NE-ALPES\",\"isPartOf\":{\"@id\":\"https:\\\/\\\/regions-snetap-fsu.fr\\\/ara\\\/#website\"},\"datePublished\":\"2020-01-30T13:49:38+00:00\",\"dateModified\":\"2020-01-30T13:52:29+00:00\",\"breadcrumb\":{\"@id\":\"https:\\\/\\\/regions-snetap-fsu.fr\\\/ara\\\/2020\\\/01\\\/30\\\/les-31-janvier-et-1er-fevrier-on-continue-contre-la-reforme-des-retraites-et-les-e3c\\\/#breadcrumb\"},\"inLanguage\":\"fr-FR\",\"potentialAction\":[{\"@type\":\"ReadAction\",\"target\":[\"https:\\\/\\\/regions-snetap-fsu.fr\\\/ara\\\/2020\\\/01\\\/30\\\/les-31-janvier-et-1er-fevrier-on-continue-contre-la-reforme-des-retraites-et-les-e3c\\\/\"]}]},{\"@type\":\"BreadcrumbList\",\"@id\":\"https:\\\/\\\/regions-snetap-fsu.fr\\\/ara\\\/2020\\\/01\\\/30\\\/les-31-janvier-et-1er-fevrier-on-continue-contre-la-reforme-des-retraites-et-les-e3c\\\/#breadcrumb\",\"itemListElement\":[{\"@type\":\"ListItem\",\"position\":1,\"name\":\"Accueil\",\"item\":\"https:\\\/\\\/regions-snetap-fsu.fr\\\/ara\\\/\"},{\"@type\":\"ListItem\",\"position\":2,\"name\":\"Les 31 janvier et 1er f\u00e9vrier : on continue contre la r\u00e9forme des retraites\"}]},{\"@type\":\"WebSite\",\"@id\":\"https:\\\/\\\/regions-snetap-fsu.fr\\\/ara\\\/#website\",\"url\":\"https:\\\/\\\/regions-snetap-fsu.fr\\\/ara\\\/\",\"name\":\"AUVERGNE RH\u00d4NE-ALPES\",\"description\":\"Le site de la  Section Syndicale\",\"publisher\":{\"@id\":\"https:\\\/\\\/regions-snetap-fsu.fr\\\/ara\\\/#organization\"},\"potentialAction\":[{\"@type\":\"SearchAction\",\"target\":{\"@type\":\"EntryPoint\",\"urlTemplate\":\"https:\\\/\\\/regions-snetap-fsu.fr\\\/ara\\\/?s={search_term_string}\"},\"query-input\":{\"@type\":\"PropertyValueSpecification\",\"valueRequired\":true,\"valueName\":\"search_term_string\"}}],\"inLanguage\":\"fr-FR\"},{\"@type\":\"Organization\",\"@id\":\"https:\\\/\\\/regions-snetap-fsu.fr\\\/ara\\\/#organization\",\"name\":\"Auvergne Rh\u00f4ne-Alpes - SNETAP-FSU\",\"url\":\"https:\\\/\\\/regions-snetap-fsu.fr\\\/ara\\\/\",\"logo\":{\"@type\":\"ImageObject\",\"inLanguage\":\"fr-FR\",\"@id\":\"https:\\\/\\\/regions-snetap-fsu.fr\\\/ara\\\/#\\\/schema\\\/logo\\\/image\\\/\",\"url\":\"https:\\\/\\\/regions-snetap-fsu.fr\\\/ara\\\/wp-content\\\/uploads\\\/sites\\\/12\\\/2021\\\/03\\\/Auvergne-Rhones-Alpes.jpg\",\"contentUrl\":\"https:\\\/\\\/regions-snetap-fsu.fr\\\/ara\\\/wp-content\\\/uploads\\\/sites\\\/12\\\/2021\\\/03\\\/Auvergne-Rhones-Alpes.jpg\",\"width\":2000,\"height\":2000,\"caption\":\"Auvergne Rh\u00f4ne-Alpes - SNETAP-FSU\"},\"image\":{\"@id\":\"https:\\\/\\\/regions-snetap-fsu.fr\\\/ara\\\/#\\\/schema\\\/logo\\\/image\\\/\"}},{\"@type\":\"Person\",\"@id\":\"https:\\\/\\\/regions-snetap-fsu.fr\\\/ara\\\/#\\\/schema\\\/person\\\/0ba12f76f608c3574101bed3172dd09f\",\"name\":\"fmelin\",\"image\":{\"@type\":\"ImageObject\",\"inLanguage\":\"fr-FR\",\"@id\":\"https:\\\/\\\/secure.gravatar.com\\\/avatar\\\/e618b7bfe967a94f6e4775bc62382d58231a19a3bf3eb6fddaec658f79f3fbfa?s=96&d=mm&r=g\",\"url\":\"https:\\\/\\\/secure.gravatar.com\\\/avatar\\\/e618b7bfe967a94f6e4775bc62382d58231a19a3bf3eb6fddaec658f79f3fbfa?s=96&d=mm&r=g\",\"contentUrl\":\"https:\\\/\\\/secure.gravatar.com\\\/avatar\\\/e618b7bfe967a94f6e4775bc62382d58231a19a3bf3eb6fddaec658f79f3fbfa?s=96&d=mm&r=g\",\"caption\":\"fmelin\"},\"url\":\"https:\\\/\\\/regions-snetap-fsu.fr\\\/ara\\\/author\\\/fmelin\\\/\"}]}<\/script>\n<!-- \/ Yoast SEO plugin. -->","yoast_head_json":{"title":"Les 31 janvier et 1er f\u00e9vrier : on continue contre la r\u00e9forme des retraites - AUVERGNE RH\u00d4NE-ALPES","robots":{"index":"index","follow":"follow","max-snippet":"max-snippet:-1","max-image-preview":"max-image-preview:large","max-video-preview":"max-video-preview:-1"},"canonical":"https:\/\/regions-snetap-fsu.fr\/ara\/2020\/01\/30\/les-31-janvier-et-1er-fevrier-on-continue-contre-la-reforme-des-retraites-et-les-e3c\/","og_locale":"fr_FR","og_type":"article","og_title":"Les 31 janvier et 1er f\u00e9vrier : on continue contre la r\u00e9forme des retraites - AUVERGNE RH\u00d4NE-ALPES","og_description":"Ci-dessous les actions programm\u00e9es en r\u00e9gion 01 Aranc Vendredi 31 : R\u00e9union publique retraites 20h salle des f\u00eates 26 Valence Vendredi 31 : Soir\u00e9e de soutien aux personnels de l&rsquo;Education en lutte. Maison des Syndicats, rue Bizet, 18 heures : ap\u00e9ro, \u00e9change d&rsquo;exp\u00e9rience, pr\u00e9sence de parents d&rsquo;\u00e9l\u00e8ves, d\u00e9bat sur les suites de l&rsquo;action 26 Romans [&hellip;]","og_url":"https:\/\/regions-snetap-fsu.fr\/ara\/2020\/01\/30\/les-31-janvier-et-1er-fevrier-on-continue-contre-la-reforme-des-retraites-et-les-e3c\/","og_site_name":"AUVERGNE RH\u00d4NE-ALPES","article_published_time":"2020-01-30T13:49:38+00:00","article_modified_time":"2020-01-30T13:52:29+00:00","author":"fmelin","twitter_card":"summary_large_image","twitter_misc":{"\u00c9crit par":"fmelin","Dur\u00e9e de lecture estim\u00e9e":"1 minute"},"schema":{"@context":"https:\/\/schema.org","@graph":[{"@type":"Article","@id":"https:\/\/regions-snetap-fsu.fr\/ara\/2020\/01\/30\/les-31-janvier-et-1er-fevrier-on-continue-contre-la-reforme-des-retraites-et-les-e3c\/#article","isPartOf":{"@id":"https:\/\/regions-snetap-fsu.fr\/ara\/2020\/01\/30\/les-31-janvier-et-1er-fevrier-on-continue-contre-la-reforme-des-retraites-et-les-e3c\/"},"author":{"name":"fmelin","@id":"https:\/\/regions-snetap-fsu.fr\/ara\/#\/schema\/person\/0ba12f76f608c3574101bed3172dd09f"},"headline":"Les 31 janvier et 1er f\u00e9vrier : on continue contre la r\u00e9forme des retraites","datePublished":"2020-01-30T13:49:38+00:00","dateModified":"2020-01-30T13:52:29+00:00","mainEntityOfPage":{"@id":"https:\/\/regions-snetap-fsu.fr\/ara\/2020\/01\/30\/les-31-janvier-et-1er-fevrier-on-continue-contre-la-reforme-des-retraites-et-les-e3c\/"},"wordCount":167,"publisher":{"@id":"https:\/\/regions-snetap-fsu.fr\/ara\/#organization"},"articleSection":["Actions en AuRA"],"inLanguage":"fr-FR"},{"@type":"WebPage","@id":"https:\/\/regions-snetap-fsu.fr\/ara\/2020\/01\/30\/les-31-janvier-et-1er-fevrier-on-continue-contre-la-reforme-des-retraites-et-les-e3c\/","url":"https:\/\/regions-snetap-fsu.fr\/ara\/2020\/01\/30\/les-31-janvier-et-1er-fevrier-on-continue-contre-la-reforme-des-retraites-et-les-e3c\/","name":"Les 31 janvier et 1er f\u00e9vrier : on continue contre la r\u00e9forme des retraites - AUVERGNE RH\u00d4NE-ALPES","isPartOf":{"@id":"https:\/\/regions-snetap-fsu.fr\/ara\/#website"},"datePublished":"2020-01-30T13:49:38+00:00","dateModified":"2020-01-30T13:52:29+00:00","breadcrumb":{"@id":"https:\/\/regions-snetap-fsu.fr\/ara\/2020\/01\/30\/les-31-janvier-et-1er-fevrier-on-continue-contre-la-reforme-des-retraites-et-les-e3c\/#breadcrumb"},"inLanguage":"fr-FR","potentialAction":[{"@type":"ReadAction","target":["https:\/\/regions-snetap-fsu.fr\/ara\/2020\/01\/30\/les-31-janvier-et-1er-fevrier-on-continue-contre-la-reforme-des-retraites-et-les-e3c\/"]}]},{"@type":"BreadcrumbList","@id":"https:\/\/regions-snetap-fsu.fr\/ara\/2020\/01\/30\/les-31-janvier-et-1er-fevrier-on-continue-contre-la-reforme-des-retraites-et-les-e3c\/#breadcrumb","itemListElement":[{"@type":"ListItem","position":1,"name":"Accueil","item":"https:\/\/regions-snetap-fsu.fr\/ara\/"},{"@type":"ListItem","position":2,"name":"Les 31 janvier et 1er f\u00e9vrier : on continue contre la r\u00e9forme des retraites"}]},{"@type":"WebSite","@id":"https:\/\/regions-snetap-fsu.fr\/ara\/#website","url":"https:\/\/regions-snetap-fsu.fr\/ara\/","name":"AUVERGNE RH\u00d4NE-ALPES","description":"Le site de la  Section Syndicale","publisher":{"@id":"https:\/\/regions-snetap-fsu.fr\/ara\/#organization"},"potentialAction":[{"@type":"SearchAction","target":{"@type":"EntryPoint","urlTemplate":"https:\/\/regions-snetap-fsu.fr\/ara\/?s={search_term_string}"},"query-input":{"@type":"PropertyValueSpecification","valueRequired":true,"valueName":"search_term_string"}}],"inLanguage":"fr-FR"},{"@type":"Organization","@id":"https:\/\/regions-snetap-fsu.fr\/ara\/#organization","name":"Auvergne Rh\u00f4ne-Alpes - SNETAP-FSU","url":"https:\/\/regions-snetap-fsu.fr\/ara\/","logo":{"@type":"ImageObject","inLanguage":"fr-FR","@id":"https:\/\/regions-snetap-fsu.fr\/ara\/#\/schema\/logo\/image\/","url":"https:\/\/regions-snetap-fsu.fr\/ara\/wp-content\/uploads\/sites\/12\/2021\/03\/Auvergne-Rhones-Alpes.jpg","contentUrl":"https:\/\/regions-snetap-fsu.fr\/ara\/wp-content\/uploads\/sites\/12\/2021\/03\/Auvergne-Rhones-Alpes.jpg","width":2000,"height":2000,"caption":"Auvergne Rh\u00f4ne-Alpes - SNETAP-FSU"},"image":{"@id":"https:\/\/regions-snetap-fsu.fr\/ara\/#\/schema\/logo\/image\/"}},{"@type":"Person","@id":"https:\/\/regions-snetap-fsu.fr\/ara\/#\/schema\/person\/0ba12f76f608c3574101bed3172dd09f","name":"fmelin","image":{"@type":"ImageObject","inLanguage":"fr-FR","@id":"https:\/\/secure.gravatar.com\/avatar\/e618b7bfe967a94f6e4775bc62382d58231a19a3bf3eb6fddaec658f79f3fbfa?s=96&d=mm&r=g","url":"https:\/\/secure.gravatar.com\/avatar\/e618b7bfe967a94f6e4775bc62382d58231a19a3bf3eb6fddaec658f79f3fbfa?s=96&d=mm&r=g","contentUrl":"https:\/\/secure.gravatar.com\/avatar\/e618b7bfe967a94f6e4775bc62382d58231a19a3bf3eb6fddaec658f79f3fbfa?s=96&d=mm&r=g","caption":"fmelin"},"url":"https:\/\/regions-snetap-fsu.fr\/ara\/author\/fmelin\/"}]}},"_links":{"self":[{"href":"https:\/\/regions-snetap-fsu.fr\/ara\/wp-json\/wp\/v2\/posts\/494","targetHints":{"allow":["GET"]}}],"collection":[{"href":"https:\/\/regions-snetap-fsu.fr\/ara\/wp-json\/wp\/v2\/posts"}],"about":[{"href":"https:\/\/regions-snetap-fsu.fr\/ara\/wp-json\/wp\/v2\/types\/post"}],"author":[{"embeddable":true,"href":"https:\/\/regions-snetap-fsu.fr\/ara\/wp-json\/wp\/v2\/users\/120"}],"replies":[{"embeddable":true,"href":"https:\/\/regions-snetap-fsu.fr\/ara\/wp-json\/wp\/v2\/comments?post=494"}],"version-history":[{"count":5,"href":"https:\/\/regions-snetap-fsu.fr\/ara\/wp-json\/wp\/v2\/posts\/494\/revisions"}],"predecessor-version":[{"id":499,"href":"https:\/\/regions-snetap-fsu.fr\/ara\/wp-json\/wp\/v2\/posts\/494\/revisions\/499"}],"wp:attachment":[{"href":"https:\/\/regions-snetap-fsu.fr\/ara\/wp-json\/wp\/v2\/media?parent=494"}],"wp:term":[{"taxonomy":"category","embeddable":true,"href":"https:\/\/regions-snetap-fsu.fr\/ara\/wp-json\/wp\/v2\/categories?post=494"},{"taxonomy":"post_tag","embeddable":true,"href":"https:\/\/regions-snetap-fsu.fr\/ara\/wp-json\/wp\/v2\/tags?post=494"},{"taxonomy":"post_folder","embeddable":true,"href":"https:\/\/regions-snetap-fsu.fr\/ara\/wp-json\/wp\/v2\/post_folder?post=494"}],"curies":[{"name":"wp","href":"https:\/\/api.w.org\/{rel}","templated":true}]}}