{"id":491,"date":"2020-01-28T22:51:47","date_gmt":"2020-01-28T21:51:47","guid":{"rendered":"https:\/\/regions-snetap-fsu.fr\/ara\/?p=491"},"modified":"2020-01-30T14:00:15","modified_gmt":"2020-01-30T13:00:15","slug":"manifestations-du-29-janvier","status":"publish","type":"post","link":"https:\/\/regions-snetap-fsu.fr\/ara\/2020\/01\/28\/manifestations-du-29-janvier\/","title":{"rendered":"Manifestations du 29 janvier"},"content":{"rendered":"<p>Lieux et horaires des manifestations le 29 janvier<\/p>\n<table style=\"width: 100%;height: 796px\">\n<tbody>\n<tr style=\"height: 48px\">\n<td style=\"height: 48px;width: 3.39506%\">01<\/td>\n<td style=\"height: 48px;width: 17.5926%\">Bourg-en-Bresse<\/td>\n<td style=\"height: 48px;width: 77.6235%\">Manifestation \u00e0 14h30 au Champ de foire<\/td>\n<\/tr>\n<tr style=\"height: 48px\">\n<td style=\"height: 48px;width: 3.39506%\">01<\/td>\n<td style=\"height: 48px;width: 17.5926%\">Nantua<\/td>\n<td style=\"height: 48px;width: 77.6235%\">11h30 tribunal : soutien \u00e0 un militant poursuivi pour avoir plant\u00e9 des l\u00e9gumes sur un rond-point<\/td>\n<\/tr>\n<tr style=\"height: 24px\">\n<td style=\"height: 24px;width: 3.39506%\">03<\/td>\n<td style=\"height: 24px;width: 17.5926%\">Montlu\u00e7on<\/td>\n<td style=\"height: 24px;width: 77.6235%\">\u00a012h Place Jean Dormoy<\/td>\n<\/tr>\n<tr style=\"height: 24px\">\n<td style=\"height: 24px;width: 3.39506%\">03<\/td>\n<td style=\"height: 24px;width: 17.5926%\">Moulins<\/td>\n<td style=\"height: 24px;width: 77.6235%\">12h Place de la Libert\u00e9<\/td>\n<\/tr>\n<tr style=\"height: 24px\">\n<td style=\"height: 24px;width: 3.39506%\">03<\/td>\n<td style=\"height: 24px;width: 17.5926%\">Vichy<\/td>\n<td style=\"height: 24px;width: 77.6235%\">12h Place de la Mairie<\/td>\n<\/tr>\n<tr style=\"height: 24px\">\n<td style=\"height: 24px;width: 3.39506%\">07<\/td>\n<td style=\"height: 24px;width: 17.5926%\">Annonay<\/td>\n<td style=\"height: 24px;width: 77.6235%\">14h Cordeliers<\/td>\n<\/tr>\n<tr style=\"height: 24px\">\n<td style=\"height: 24px;width: 3.39506%\">07<\/td>\n<td style=\"height: 24px;width: 17.5926%\">Aubenas<\/td>\n<td style=\"height: 24px;width: 77.6235%\">14h\u00a0 Champ de mars<\/td>\n<\/tr>\n<tr style=\"height: 24px\">\n<td style=\"height: 24px;width: 3.39506%\">07<\/td>\n<td style=\"height: 24px;width: 17.5926%\">Privas<\/td>\n<td style=\"height: 24px;width: 77.6235%\">11h H\u00f4pital Sainte-Marie suivi d&rsquo;un concert<\/td>\n<\/tr>\n<tr style=\"height: 59px\">\n<td style=\"height: 59px;width: 3.39506%\">15<\/td>\n<td style=\"height: 59px;width: 17.5926%\">Aurillac<\/td>\n<td style=\"height: 59px;width: 77.6235%\">14h Place des droits de l&rsquo;Homme<\/td>\n<\/tr>\n<tr style=\"height: 41px\">\n<td style=\"width: 3.39506%;height: 41px\">15<\/td>\n<td style=\"width: 17.5926%;height: 41px\">St-Flour<\/td>\n<td style=\"width: 77.6235%;height: 41px\">18h Manif aux flambeaux aux All\u00e9es<\/td>\n<\/tr>\n<tr style=\"height: 24px\">\n<td style=\"height: 24px;width: 3.39506%\">26<\/td>\n<td style=\"height: 24px;width: 17.5926%\">Mont\u00e9limar<\/td>\n<td style=\"height: 24px;width: 77.6235%\">14h Gare<\/td>\n<\/tr>\n<tr style=\"height: 24px\">\n<td style=\"height: 24px;width: 3.39506%\">26<\/td>\n<td style=\"height: 24px;width: 17.5926%\">Valence<\/td>\n<td style=\"height: 24px;width: 77.6235%\">10h Champ de mars<\/td>\n<\/tr>\n<tr style=\"height: 48px\">\n<td style=\"height: 48px;width: 3.39506%\">38<\/td>\n<td style=\"height: 48px;width: 17.5926%\">Bourgoin-Jallieu<\/td>\n<td style=\"height: 48px;width: 77.6235%\">\u00a010h place Saint-Michel<\/td>\n<\/tr>\n<tr style=\"height: 24px\">\n<td style=\"height: 24px;width: 3.39506%\">38<\/td>\n<td style=\"height: 24px;width: 17.5926%\">La Tour du Pin<\/td>\n<td style=\"height: 24px;width: 77.6235%\">18h Manif aux flambeaux rond-point de Lidl<\/td>\n<\/tr>\n<tr style=\"height: 24px\">\n<td style=\"height: 24px;width: 3.39506%\">38<\/td>\n<td style=\"height: 24px;width: 17.5926%\">Grenoble<\/td>\n<td style=\"height: 24px;width: 77.6235%\">14h gare<\/td>\n<\/tr>\n<tr style=\"height: 24px\">\n<td style=\"height: 24px;width: 3.39506%\">38<\/td>\n<td style=\"height: 24px;width: 17.5926%\">Vienne<\/td>\n<td style=\"height: 24px;width: 77.6235%\">15h30 place Miremont<\/td>\n<\/tr>\n<tr style=\"height: 48px\">\n<td style=\"height: 48px;width: 3.39506%\">42<\/td>\n<td style=\"height: 48px;width: 17.5926%\">Roanne<\/td>\n<td style=\"height: 48px;width: 77.6235%\">10h30 centre universitaire<\/td>\n<\/tr>\n<tr style=\"height: 24px\">\n<td style=\"height: 24px;width: 3.39506%\">42<\/td>\n<td style=\"height: 24px;width: 17.5926%\">Saint-Etienne<\/td>\n<td style=\"height: 24px;width: 77.6235%\">10h30 place de la Libert\u00e9 suivi du d\u00e9p\u00f4t des outils de travail H\u00f4tel de ville<\/td>\n<\/tr>\n<tr style=\"height: 48px\">\n<td style=\"height: 48px;width: 3.39506%\">43<\/td>\n<td style=\"height: 48px;width: 17.5926%\">Le Puy-en-Velay<\/td>\n<td style=\"height: 48px;width: 77.6235%\">10h30 place Cadelade<\/td>\n<\/tr>\n<tr style=\"height: 48px\">\n<td style=\"height: 48px;width: 3.39506%\">63<\/td>\n<td style=\"height: 48px;width: 17.5926%\">Clermont-Ferrand<\/td>\n<td style=\"height: 48px;width: 77.6235%\">8h30 Commissariat : soutien coll\u00e8gues convoqu\u00e9s suite \u00e0 action contre les E3C<\/p>\n<p>10h manifestation commissariat<\/td>\n<\/tr>\n<tr style=\"height: 24px\">\n<td style=\"height: 24px;width: 3.39506%\">69<\/td>\n<td style=\"height: 24px;width: 17.5926%\">Lyon<\/td>\n<td style=\"height: 24px;width: 77.6235%\">13h30 m\u00e9tro Sans souci<\/td>\n<\/tr>\n<tr style=\"height: 24px\">\n<td style=\"height: 24px;width: 3.39506%\">73<\/td>\n<td style=\"height: 24px;width: 17.5926%\">Chamb\u00e9ry<\/td>\n<td style=\"height: 24px;width: 77.6235%\">10h Palais de justice Flashmob \u00ab\u00a0A cause de Macron\u00a0\u00bb<\/td>\n<\/tr>\n<tr style=\"height: 24px\">\n<td style=\"height: 24px;width: 3.39506%\">73<\/td>\n<td style=\"height: 24px;width: 17.5926%\">St Jean de Maurienne<\/td>\n<td style=\"height: 24px;width: 77.6235%\">17h30 Manif aux flambeaux th\u00e9\u00e2tre<\/td>\n<\/tr>\n<tr style=\"height: 24px\">\n<td style=\"height: 24px;width: 3.39506%\">74<\/td>\n<td style=\"height: 24px;width: 17.5926%\">Annecy<\/td>\n<td style=\"height: 24px;width: 77.6235%\">14h Pr\u00e9fecture<\/td>\n<\/tr>\n<tr style=\"height: 24px\">\n<td style=\"height: 24px;width: 3.39506%\">74<\/td>\n<td style=\"height: 24px;width: 17.5926%\">Annemasse<\/td>\n<td style=\"height: 24px;width: 77.6235%\">10h AG interpro hangar traction de la gare<\/td>\n<\/tr>\n<\/tbody>\n<\/table>\n","protected":false},"excerpt":{"rendered":"<p>Lieux et horaires des manifestations le 29 janvier 01 Bourg-en-Bresse Manifestation \u00e0 14h30 au Champ de foire 01 Nantua 11h30 tribunal : soutien \u00e0 un militant poursuivi pour avoir plant\u00e9 des l\u00e9gumes sur un rond-point 03 Montlu\u00e7on \u00a012h Place Jean Dormoy 03 Moulins 12h Place de la Libert\u00e9 03 Vichy 12h Place de la Mairie [&hellip;]<\/p>\n","protected":false},"author":120,"featured_media":0,"comment_status":"closed","ping_status":"closed","sticky":false,"template":"","format":"standard","meta":{"ocean_post_layout":"","ocean_both_sidebars_style":"","ocean_both_sidebars_content_width":0,"ocean_both_sidebars_sidebars_width":0,"ocean_sidebar":"","ocean_second_sidebar":"","ocean_disable_margins":"enable","ocean_add_body_class":"","ocean_shortcode_before_top_bar":"","ocean_shortcode_after_top_bar":"","ocean_shortcode_before_header":"","ocean_shortcode_after_header":"","ocean_has_shortcode":"","ocean_shortcode_after_title":"","ocean_shortcode_before_footer_widgets":"","ocean_shortcode_after_footer_widgets":"","ocean_shortcode_before_footer_bottom":"","ocean_shortcode_after_footer_bottom":"","ocean_display_top_bar":"default","ocean_display_header":"default","ocean_header_style":"","ocean_center_header_left_menu":"","ocean_custom_header_template":"","ocean_custom_logo":0,"ocean_custom_retina_logo":0,"ocean_custom_logo_max_width":0,"ocean_custom_logo_tablet_max_width":0,"ocean_custom_logo_mobile_max_width":0,"ocean_custom_logo_max_height":0,"ocean_custom_logo_tablet_max_height":0,"ocean_custom_logo_mobile_max_height":0,"ocean_header_custom_menu":"","ocean_menu_typo_font_family":"","ocean_menu_typo_font_subset":"","ocean_menu_typo_font_size":0,"ocean_menu_typo_font_size_tablet":0,"ocean_menu_typo_font_size_mobile":0,"ocean_menu_typo_font_size_unit":"px","ocean_menu_typo_font_weight":"","ocean_menu_typo_font_weight_tablet":"","ocean_menu_typo_font_weight_mobile":"","ocean_menu_typo_transform":"","ocean_menu_typo_transform_tablet":"","ocean_menu_typo_transform_mobile":"","ocean_menu_typo_line_height":0,"ocean_menu_typo_line_height_tablet":0,"ocean_menu_typo_line_height_mobile":0,"ocean_menu_typo_line_height_unit":"","ocean_menu_typo_spacing":0,"ocean_menu_typo_spacing_tablet":0,"ocean_menu_typo_spacing_mobile":0,"ocean_menu_typo_spacing_unit":"","ocean_menu_link_color":"","ocean_menu_link_color_hover":"","ocean_menu_link_color_active":"","ocean_menu_link_background":"","ocean_menu_link_hover_background":"","ocean_menu_link_active_background":"","ocean_menu_social_links_bg":"","ocean_menu_social_hover_links_bg":"","ocean_menu_social_links_color":"","ocean_menu_social_hover_links_color":"","ocean_disable_title":"default","ocean_disable_heading":"default","ocean_post_title":"","ocean_post_subheading":"","ocean_post_title_style":"","ocean_post_title_background_color":"","ocean_post_title_background":0,"ocean_post_title_bg_image_position":"","ocean_post_title_bg_image_attachment":"","ocean_post_title_bg_image_repeat":"","ocean_post_title_bg_image_size":"","ocean_post_title_height":0,"ocean_post_title_bg_overlay":0.5,"ocean_post_title_bg_overlay_color":"","ocean_disable_breadcrumbs":"default","ocean_breadcrumbs_color":"","ocean_breadcrumbs_separator_color":"","ocean_breadcrumbs_links_color":"","ocean_breadcrumbs_links_hover_color":"","ocean_display_footer_widgets":"default","ocean_display_footer_bottom":"default","ocean_custom_footer_template":"","ocean_post_oembed":"","ocean_post_self_hosted_media":"","ocean_post_video_embed":"","ocean_link_format":"","ocean_link_format_target":"self","ocean_quote_format":"","ocean_quote_format_link":"post","ocean_gallery_link_images":"on","ocean_gallery_id":[],"footnotes":""},"categories":[3],"tags":[],"post_folder":[],"class_list":["post-491","post","type-post","status-publish","format-standard","hentry","category-actions","entry"],"yoast_head":"<!-- This site is optimized with the Yoast SEO plugin v27.4 - https:\/\/yoast.com\/product\/yoast-seo-wordpress\/ -->\n<title>Manifestations du 29 janvier - AUVERGNE RH\u00d4NE-ALPES<\/title>\n<meta name=\"robots\" content=\"index, follow, max-snippet:-1, max-image-preview:large, max-video-preview:-1\" \/>\n<link rel=\"canonical\" href=\"https:\/\/regions-snetap-fsu.fr\/ara\/2020\/01\/28\/manifestations-du-29-janvier\/\" \/>\n<meta property=\"og:locale\" content=\"fr_FR\" \/>\n<meta property=\"og:type\" content=\"article\" \/>\n<meta property=\"og:title\" content=\"Manifestations du 29 janvier - AUVERGNE RH\u00d4NE-ALPES\" \/>\n<meta property=\"og:description\" content=\"Lieux et horaires des manifestations le 29 janvier 01 Bourg-en-Bresse Manifestation \u00e0 14h30 au Champ de foire 01 Nantua 11h30 tribunal : soutien \u00e0 un militant poursuivi pour avoir plant\u00e9 des l\u00e9gumes sur un rond-point 03 Montlu\u00e7on \u00a012h Place Jean Dormoy 03 Moulins 12h Place de la Libert\u00e9 03 Vichy 12h Place de la Mairie [&hellip;]\" \/>\n<meta property=\"og:url\" content=\"https:\/\/regions-snetap-fsu.fr\/ara\/2020\/01\/28\/manifestations-du-29-janvier\/\" \/>\n<meta property=\"og:site_name\" content=\"AUVERGNE RH\u00d4NE-ALPES\" \/>\n<meta property=\"article:published_time\" content=\"2020-01-28T21:51:47+00:00\" \/>\n<meta property=\"article:modified_time\" content=\"2020-01-30T13:00:15+00:00\" \/>\n<meta name=\"author\" content=\"fmelin\" \/>\n<meta name=\"twitter:card\" content=\"summary_large_image\" \/>\n<meta name=\"twitter:label1\" content=\"\u00c9crit par\" \/>\n\t<meta name=\"twitter:data1\" content=\"fmelin\" \/>\n\t<meta name=\"twitter:label2\" content=\"Dur\u00e9e de lecture estim\u00e9e\" \/>\n\t<meta name=\"twitter:data2\" content=\"1 minute\" \/>\n<script type=\"application\/ld+json\" class=\"yoast-schema-graph\">{\"@context\":\"https:\\\/\\\/schema.org\",\"@graph\":[{\"@type\":\"Article\",\"@id\":\"https:\\\/\\\/regions-snetap-fsu.fr\\\/ara\\\/2020\\\/01\\\/28\\\/manifestations-du-29-janvier\\\/#article\",\"isPartOf\":{\"@id\":\"https:\\\/\\\/regions-snetap-fsu.fr\\\/ara\\\/2020\\\/01\\\/28\\\/manifestations-du-29-janvier\\\/\"},\"author\":{\"name\":\"fmelin\",\"@id\":\"https:\\\/\\\/regions-snetap-fsu.fr\\\/ara\\\/#\\\/schema\\\/person\\\/0ba12f76f608c3574101bed3172dd09f\"},\"headline\":\"Manifestations du 29 janvier\",\"datePublished\":\"2020-01-28T21:51:47+00:00\",\"dateModified\":\"2020-01-30T13:00:15+00:00\",\"mainEntityOfPage\":{\"@id\":\"https:\\\/\\\/regions-snetap-fsu.fr\\\/ara\\\/2020\\\/01\\\/28\\\/manifestations-du-29-janvier\\\/\"},\"wordCount\":200,\"publisher\":{\"@id\":\"https:\\\/\\\/regions-snetap-fsu.fr\\\/ara\\\/#organization\"},\"articleSection\":[\"Actions en AuRA\"],\"inLanguage\":\"fr-FR\"},{\"@type\":\"WebPage\",\"@id\":\"https:\\\/\\\/regions-snetap-fsu.fr\\\/ara\\\/2020\\\/01\\\/28\\\/manifestations-du-29-janvier\\\/\",\"url\":\"https:\\\/\\\/regions-snetap-fsu.fr\\\/ara\\\/2020\\\/01\\\/28\\\/manifestations-du-29-janvier\\\/\",\"name\":\"Manifestations du 29 janvier - AUVERGNE RH\u00d4NE-ALPES\",\"isPartOf\":{\"@id\":\"https:\\\/\\\/regions-snetap-fsu.fr\\\/ara\\\/#website\"},\"datePublished\":\"2020-01-28T21:51:47+00:00\",\"dateModified\":\"2020-01-30T13:00:15+00:00\",\"breadcrumb\":{\"@id\":\"https:\\\/\\\/regions-snetap-fsu.fr\\\/ara\\\/2020\\\/01\\\/28\\\/manifestations-du-29-janvier\\\/#breadcrumb\"},\"inLanguage\":\"fr-FR\",\"potentialAction\":[{\"@type\":\"ReadAction\",\"target\":[\"https:\\\/\\\/regions-snetap-fsu.fr\\\/ara\\\/2020\\\/01\\\/28\\\/manifestations-du-29-janvier\\\/\"]}]},{\"@type\":\"BreadcrumbList\",\"@id\":\"https:\\\/\\\/regions-snetap-fsu.fr\\\/ara\\\/2020\\\/01\\\/28\\\/manifestations-du-29-janvier\\\/#breadcrumb\",\"itemListElement\":[{\"@type\":\"ListItem\",\"position\":1,\"name\":\"Accueil\",\"item\":\"https:\\\/\\\/regions-snetap-fsu.fr\\\/ara\\\/\"},{\"@type\":\"ListItem\",\"position\":2,\"name\":\"Manifestations du 29 janvier\"}]},{\"@type\":\"WebSite\",\"@id\":\"https:\\\/\\\/regions-snetap-fsu.fr\\\/ara\\\/#website\",\"url\":\"https:\\\/\\\/regions-snetap-fsu.fr\\\/ara\\\/\",\"name\":\"AUVERGNE RH\u00d4NE-ALPES\",\"description\":\"Le site de la  Section Syndicale\",\"publisher\":{\"@id\":\"https:\\\/\\\/regions-snetap-fsu.fr\\\/ara\\\/#organization\"},\"potentialAction\":[{\"@type\":\"SearchAction\",\"target\":{\"@type\":\"EntryPoint\",\"urlTemplate\":\"https:\\\/\\\/regions-snetap-fsu.fr\\\/ara\\\/?s={search_term_string}\"},\"query-input\":{\"@type\":\"PropertyValueSpecification\",\"valueRequired\":true,\"valueName\":\"search_term_string\"}}],\"inLanguage\":\"fr-FR\"},{\"@type\":\"Organization\",\"@id\":\"https:\\\/\\\/regions-snetap-fsu.fr\\\/ara\\\/#organization\",\"name\":\"Auvergne Rh\u00f4ne-Alpes - SNETAP-FSU\",\"url\":\"https:\\\/\\\/regions-snetap-fsu.fr\\\/ara\\\/\",\"logo\":{\"@type\":\"ImageObject\",\"inLanguage\":\"fr-FR\",\"@id\":\"https:\\\/\\\/regions-snetap-fsu.fr\\\/ara\\\/#\\\/schema\\\/logo\\\/image\\\/\",\"url\":\"https:\\\/\\\/regions-snetap-fsu.fr\\\/ara\\\/wp-content\\\/uploads\\\/sites\\\/12\\\/2021\\\/03\\\/Auvergne-Rhones-Alpes.jpg\",\"contentUrl\":\"https:\\\/\\\/regions-snetap-fsu.fr\\\/ara\\\/wp-content\\\/uploads\\\/sites\\\/12\\\/2021\\\/03\\\/Auvergne-Rhones-Alpes.jpg\",\"width\":2000,\"height\":2000,\"caption\":\"Auvergne Rh\u00f4ne-Alpes - SNETAP-FSU\"},\"image\":{\"@id\":\"https:\\\/\\\/regions-snetap-fsu.fr\\\/ara\\\/#\\\/schema\\\/logo\\\/image\\\/\"}},{\"@type\":\"Person\",\"@id\":\"https:\\\/\\\/regions-snetap-fsu.fr\\\/ara\\\/#\\\/schema\\\/person\\\/0ba12f76f608c3574101bed3172dd09f\",\"name\":\"fmelin\",\"image\":{\"@type\":\"ImageObject\",\"inLanguage\":\"fr-FR\",\"@id\":\"https:\\\/\\\/secure.gravatar.com\\\/avatar\\\/e618b7bfe967a94f6e4775bc62382d58231a19a3bf3eb6fddaec658f79f3fbfa?s=96&d=mm&r=g\",\"url\":\"https:\\\/\\\/secure.gravatar.com\\\/avatar\\\/e618b7bfe967a94f6e4775bc62382d58231a19a3bf3eb6fddaec658f79f3fbfa?s=96&d=mm&r=g\",\"contentUrl\":\"https:\\\/\\\/secure.gravatar.com\\\/avatar\\\/e618b7bfe967a94f6e4775bc62382d58231a19a3bf3eb6fddaec658f79f3fbfa?s=96&d=mm&r=g\",\"caption\":\"fmelin\"},\"url\":\"https:\\\/\\\/regions-snetap-fsu.fr\\\/ara\\\/author\\\/fmelin\\\/\"}]}<\/script>\n<!-- \/ Yoast SEO plugin. -->","yoast_head_json":{"title":"Manifestations du 29 janvier - AUVERGNE RH\u00d4NE-ALPES","robots":{"index":"index","follow":"follow","max-snippet":"max-snippet:-1","max-image-preview":"max-image-preview:large","max-video-preview":"max-video-preview:-1"},"canonical":"https:\/\/regions-snetap-fsu.fr\/ara\/2020\/01\/28\/manifestations-du-29-janvier\/","og_locale":"fr_FR","og_type":"article","og_title":"Manifestations du 29 janvier - AUVERGNE RH\u00d4NE-ALPES","og_description":"Lieux et horaires des manifestations le 29 janvier 01 Bourg-en-Bresse Manifestation \u00e0 14h30 au Champ de foire 01 Nantua 11h30 tribunal : soutien \u00e0 un militant poursuivi pour avoir plant\u00e9 des l\u00e9gumes sur un rond-point 03 Montlu\u00e7on \u00a012h Place Jean Dormoy 03 Moulins 12h Place de la Libert\u00e9 03 Vichy 12h Place de la Mairie [&hellip;]","og_url":"https:\/\/regions-snetap-fsu.fr\/ara\/2020\/01\/28\/manifestations-du-29-janvier\/","og_site_name":"AUVERGNE RH\u00d4NE-ALPES","article_published_time":"2020-01-28T21:51:47+00:00","article_modified_time":"2020-01-30T13:00:15+00:00","author":"fmelin","twitter_card":"summary_large_image","twitter_misc":{"\u00c9crit par":"fmelin","Dur\u00e9e de lecture estim\u00e9e":"1 minute"},"schema":{"@context":"https:\/\/schema.org","@graph":[{"@type":"Article","@id":"https:\/\/regions-snetap-fsu.fr\/ara\/2020\/01\/28\/manifestations-du-29-janvier\/#article","isPartOf":{"@id":"https:\/\/regions-snetap-fsu.fr\/ara\/2020\/01\/28\/manifestations-du-29-janvier\/"},"author":{"name":"fmelin","@id":"https:\/\/regions-snetap-fsu.fr\/ara\/#\/schema\/person\/0ba12f76f608c3574101bed3172dd09f"},"headline":"Manifestations du 29 janvier","datePublished":"2020-01-28T21:51:47+00:00","dateModified":"2020-01-30T13:00:15+00:00","mainEntityOfPage":{"@id":"https:\/\/regions-snetap-fsu.fr\/ara\/2020\/01\/28\/manifestations-du-29-janvier\/"},"wordCount":200,"publisher":{"@id":"https:\/\/regions-snetap-fsu.fr\/ara\/#organization"},"articleSection":["Actions en AuRA"],"inLanguage":"fr-FR"},{"@type":"WebPage","@id":"https:\/\/regions-snetap-fsu.fr\/ara\/2020\/01\/28\/manifestations-du-29-janvier\/","url":"https:\/\/regions-snetap-fsu.fr\/ara\/2020\/01\/28\/manifestations-du-29-janvier\/","name":"Manifestations du 29 janvier - AUVERGNE RH\u00d4NE-ALPES","isPartOf":{"@id":"https:\/\/regions-snetap-fsu.fr\/ara\/#website"},"datePublished":"2020-01-28T21:51:47+00:00","dateModified":"2020-01-30T13:00:15+00:00","breadcrumb":{"@id":"https:\/\/regions-snetap-fsu.fr\/ara\/2020\/01\/28\/manifestations-du-29-janvier\/#breadcrumb"},"inLanguage":"fr-FR","potentialAction":[{"@type":"ReadAction","target":["https:\/\/regions-snetap-fsu.fr\/ara\/2020\/01\/28\/manifestations-du-29-janvier\/"]}]},{"@type":"BreadcrumbList","@id":"https:\/\/regions-snetap-fsu.fr\/ara\/2020\/01\/28\/manifestations-du-29-janvier\/#breadcrumb","itemListElement":[{"@type":"ListItem","position":1,"name":"Accueil","item":"https:\/\/regions-snetap-fsu.fr\/ara\/"},{"@type":"ListItem","position":2,"name":"Manifestations du 29 janvier"}]},{"@type":"WebSite","@id":"https:\/\/regions-snetap-fsu.fr\/ara\/#website","url":"https:\/\/regions-snetap-fsu.fr\/ara\/","name":"AUVERGNE RH\u00d4NE-ALPES","description":"Le site de la  Section Syndicale","publisher":{"@id":"https:\/\/regions-snetap-fsu.fr\/ara\/#organization"},"potentialAction":[{"@type":"SearchAction","target":{"@type":"EntryPoint","urlTemplate":"https:\/\/regions-snetap-fsu.fr\/ara\/?s={search_term_string}"},"query-input":{"@type":"PropertyValueSpecification","valueRequired":true,"valueName":"search_term_string"}}],"inLanguage":"fr-FR"},{"@type":"Organization","@id":"https:\/\/regions-snetap-fsu.fr\/ara\/#organization","name":"Auvergne Rh\u00f4ne-Alpes - SNETAP-FSU","url":"https:\/\/regions-snetap-fsu.fr\/ara\/","logo":{"@type":"ImageObject","inLanguage":"fr-FR","@id":"https:\/\/regions-snetap-fsu.fr\/ara\/#\/schema\/logo\/image\/","url":"https:\/\/regions-snetap-fsu.fr\/ara\/wp-content\/uploads\/sites\/12\/2021\/03\/Auvergne-Rhones-Alpes.jpg","contentUrl":"https:\/\/regions-snetap-fsu.fr\/ara\/wp-content\/uploads\/sites\/12\/2021\/03\/Auvergne-Rhones-Alpes.jpg","width":2000,"height":2000,"caption":"Auvergne Rh\u00f4ne-Alpes - SNETAP-FSU"},"image":{"@id":"https:\/\/regions-snetap-fsu.fr\/ara\/#\/schema\/logo\/image\/"}},{"@type":"Person","@id":"https:\/\/regions-snetap-fsu.fr\/ara\/#\/schema\/person\/0ba12f76f608c3574101bed3172dd09f","name":"fmelin","image":{"@type":"ImageObject","inLanguage":"fr-FR","@id":"https:\/\/secure.gravatar.com\/avatar\/e618b7bfe967a94f6e4775bc62382d58231a19a3bf3eb6fddaec658f79f3fbfa?s=96&d=mm&r=g","url":"https:\/\/secure.gravatar.com\/avatar\/e618b7bfe967a94f6e4775bc62382d58231a19a3bf3eb6fddaec658f79f3fbfa?s=96&d=mm&r=g","contentUrl":"https:\/\/secure.gravatar.com\/avatar\/e618b7bfe967a94f6e4775bc62382d58231a19a3bf3eb6fddaec658f79f3fbfa?s=96&d=mm&r=g","caption":"fmelin"},"url":"https:\/\/regions-snetap-fsu.fr\/ara\/author\/fmelin\/"}]}},"_links":{"self":[{"href":"https:\/\/regions-snetap-fsu.fr\/ara\/wp-json\/wp\/v2\/posts\/491","targetHints":{"allow":["GET"]}}],"collection":[{"href":"https:\/\/regions-snetap-fsu.fr\/ara\/wp-json\/wp\/v2\/posts"}],"about":[{"href":"https:\/\/regions-snetap-fsu.fr\/ara\/wp-json\/wp\/v2\/types\/post"}],"author":[{"embeddable":true,"href":"https:\/\/regions-snetap-fsu.fr\/ara\/wp-json\/wp\/v2\/users\/120"}],"replies":[{"embeddable":true,"href":"https:\/\/regions-snetap-fsu.fr\/ara\/wp-json\/wp\/v2\/comments?post=491"}],"version-history":[{"count":2,"href":"https:\/\/regions-snetap-fsu.fr\/ara\/wp-json\/wp\/v2\/posts\/491\/revisions"}],"predecessor-version":[{"id":493,"href":"https:\/\/regions-snetap-fsu.fr\/ara\/wp-json\/wp\/v2\/posts\/491\/revisions\/493"}],"wp:attachment":[{"href":"https:\/\/regions-snetap-fsu.fr\/ara\/wp-json\/wp\/v2\/media?parent=491"}],"wp:term":[{"taxonomy":"category","embeddable":true,"href":"https:\/\/regions-snetap-fsu.fr\/ara\/wp-json\/wp\/v2\/categories?post=491"},{"taxonomy":"post_tag","embeddable":true,"href":"https:\/\/regions-snetap-fsu.fr\/ara\/wp-json\/wp\/v2\/tags?post=491"},{"taxonomy":"post_folder","embeddable":true,"href":"https:\/\/regions-snetap-fsu.fr\/ara\/wp-json\/wp\/v2\/post_folder?post=491"}],"curies":[{"name":"wp","href":"https:\/\/api.w.org\/{rel}","templated":true}]}}