{"id":469,"date":"2020-01-13T19:42:11","date_gmt":"2020-01-13T18:42:11","guid":{"rendered":"https:\/\/regions-snetap-fsu.fr\/ara\/?p=469"},"modified":"2020-01-13T19:42:11","modified_gmt":"2020-01-13T18:42:11","slug":"14-15-et-16-janvier-jusqua-la-victoire","status":"publish","type":"post","link":"https:\/\/regions-snetap-fsu.fr\/ara\/2020\/01\/13\/14-15-et-16-janvier-jusqua-la-victoire\/","title":{"rendered":"14, 15 et 16 janvier : Jusqu&rsquo;\u00e0 la victoire !"},"content":{"rendered":"<p>Manifestations pr\u00e9vues du 14 au 16 janvier en r\u00e9gion contre la r\u00e9forme des retraites. N&rsquo;h\u00e9sitez-pas \u00e0 vous renseigner sur les autres actions pr\u00e9vues.<\/p>\n<table style=\"width: 100%;height: 868px\">\n<tbody>\n<tr style=\"height: 24px\">\n<td style=\"width: 4.49219%;height: 24px\">01<\/td>\n<td style=\"width: 22.5504%;height: 24px\">P\u00e9ronnas<\/td>\n<td style=\"width: 71.0043%;height: 24px\">Mardi 14 janvier : Rassemblement interpro devant le Medef de 10 \u00e0 14h<\/td>\n<\/tr>\n<tr style=\"height: 24px\">\n<td style=\"width: 4.49219%;height: 24px\">01<\/td>\n<td style=\"width: 22.5504%;height: 24px\">Bourg-en-Bresse<\/td>\n<td style=\"width: 71.0043%;height: 24px\">Jeudi 16 janvier : Manifestation \u00e0 14h30 au Champ de foire<\/td>\n<\/tr>\n<tr style=\"height: 24px\">\n<td style=\"width: 4.49219%;height: 24px\">03<\/td>\n<td style=\"width: 22.5504%;height: 24px\">Montlu\u00e7on<\/td>\n<td style=\"width: 71.0043%;height: 24px\">Jeudi 16 janvier : Manifestation \u00e0 18h Place Jean Dormoy<\/td>\n<\/tr>\n<tr style=\"height: 24px\">\n<td style=\"width: 4.49219%;height: 24px\">03<\/td>\n<td style=\"width: 22.5504%;height: 24px\">Moulins<\/td>\n<td style=\"width: 71.0043%;height: 24px\">Jeudi 16 janvier : Manifestation \u00e0 18h Place de la Libert\u00e9<\/td>\n<\/tr>\n<tr style=\"height: 24px\">\n<td style=\"width: 4.49219%;height: 24px\">03<\/td>\n<td style=\"width: 22.5504%;height: 24px\">Vichy<\/td>\n<td style=\"width: 71.0043%;height: 24px\">Jeudi 16 janvier : Manifestation \u00e0 18h Place de la Poste<\/td>\n<\/tr>\n<tr style=\"height: 24px\">\n<td style=\"width: 4.49219%;height: 24px\">07<\/td>\n<td style=\"width: 22.5504%;height: 24px\">Annonay<\/td>\n<td style=\"width: 71.0043%;height: 24px\">Mardi 14 janvier : Manifestation \u00e0 14h 30 Iveco<\/td>\n<\/tr>\n<tr style=\"height: 24px\">\n<td style=\"width: 4.49219%;height: 24px\">07<\/td>\n<td style=\"width: 22.5504%;height: 24px\">Aubenas<\/td>\n<td style=\"width: 71.0043%;height: 24px\">Mardi 14 janvier : Manifestation \u00e0 14h\u00a0 Intermarch\u00e9 Lalevade<\/td>\n<\/tr>\n<tr style=\"height: 48px\">\n<td style=\"width: 4.49219%;height: 48px\">07<\/td>\n<td style=\"width: 22.5504%;height: 48px\">Le Teil<\/td>\n<td style=\"width: 71.0043%;height: 48px\">Mardi 14 janvier : Manifestation. d\u00e9part \u00e0 13h30 rue P. Bonnet pour rejoindre la manif de Mont\u00e9limar<\/td>\n<\/tr>\n<tr style=\"height: 24px\">\n<td style=\"width: 4.49219%;height: 24px\">07<\/td>\n<td style=\"width: 22.5504%;height: 24px\">Privas<\/td>\n<td style=\"width: 71.0043%;height: 24px\">Mardi 14 janvier : Manifestation \u00e0 10h30 Pr\u00e9fecture<\/td>\n<\/tr>\n<tr style=\"height: 24px\">\n<td style=\"width: 4.49219%;height: 24px\">07<\/td>\n<td style=\"width: 22.5504%;height: 24px\">Tournon<\/td>\n<td style=\"width: 71.0043%;height: 24px\">Mardi 14 janvier : Manifestation \u00e0 11h au kiosque<\/td>\n<\/tr>\n<tr style=\"height: 24px\">\n<td style=\"width: 4.49219%;height: 24px\">07-26<\/td>\n<td style=\"width: 22.5504%;height: 24px\">Dans les deux d\u00e9partements<\/td>\n<td style=\"width: 71.0043%;height: 24px\">Jeudi 16 janvier : Manifestation bi-d\u00e9partementale 14h Guilherand-Granges<\/td>\n<\/tr>\n<tr style=\"height: 24px\">\n<td style=\"width: 4.49219%;height: 24px\">15<\/td>\n<td style=\"width: 22.5504%;height: 24px\">Aurillac<\/td>\n<td style=\"width: 71.0043%;height: 24px\">Jeudi 16 janvier : Manifestation \u00e0 16h place Pierre S\u00e9mard<\/td>\n<\/tr>\n<tr style=\"height: 24px\">\n<td style=\"width: 4.49219%;height: 24px\">26<\/td>\n<td style=\"width: 22.5504%;height: 24px\">Mont\u00e9limar<\/td>\n<td style=\"width: 71.0043%;height: 24px\">Mardi 14 janvier : Manifestation \u00e0 14h Gare SNCF ? (\u00e0 v\u00e9rifier)<\/td>\n<\/tr>\n<tr style=\"height: 24px\">\n<td style=\"width: 4.49219%;height: 24px\">26<\/td>\n<td style=\"width: 22.5504%;height: 24px\">Valence<\/td>\n<td style=\"width: 71.0043%;height: 24px\">Mardi 14 janvier : Manifestation \u00e0 14h Champ de mars<\/td>\n<\/tr>\n<tr style=\"height: 24px\">\n<td style=\"width: 4.49219%;height: 24px\">38<\/td>\n<td style=\"width: 22.5504%;height: 24px\">Grenoble<\/td>\n<td style=\"width: 71.0043%;height: 24px\">Mardi 14 janvier : Manifestation \u00e0 10h gare SNCF<\/td>\n<\/tr>\n<tr style=\"height: 24px\">\n<td style=\"width: 4.49219%;height: 24px\">38<\/td>\n<td style=\"width: 22.5504%;height: 24px\">Grenoble<\/td>\n<td style=\"width: 71.0043%;height: 24px\">Jeudi 16 janvier : 14h Manifestation interpro puis manifestation aux flambeaux<\/td>\n<\/tr>\n<tr style=\"height: 24px\">\n<td style=\"width: 4.49219%;height: 24px\">42<\/td>\n<td style=\"width: 22.5504%;height: 24px\">Montbrison<\/td>\n<td style=\"width: 71.0043%;height: 24px\">Mercredi 15 janvier : Manifestation aux flambeaux \u00e0 18h sous-pr\u00e9fecture<\/td>\n<\/tr>\n<tr style=\"height: 24px\">\n<td style=\"width: 4.49219%;height: 24px\">42<\/td>\n<td style=\"width: 22.5504%;height: 24px\">Roanne<\/td>\n<td style=\"width: 71.0043%;height: 24px\">Mardi 14 janvier : Manifestation \u00e0 10h30 au Centre universitaire<\/td>\n<\/tr>\n<tr style=\"height: 24px\">\n<td style=\"width: 4.49219%;height: 24px\">42<\/td>\n<td style=\"width: 22.5504%;height: 24px\">Roanne<\/td>\n<td style=\"width: 71.0043%;height: 24px\">Mercredi 15 janvier : Manifestation aux flambeaux 18h30 au Palais de justice<\/td>\n<\/tr>\n<tr style=\"height: 24px\">\n<td style=\"width: 4.49219%;height: 24px\">42<\/td>\n<td style=\"width: 22.5504%;height: 24px\">Roanne<\/td>\n<td style=\"width: 71.0043%;height: 24px\">Jeudi 16 janvier : 14h Manifestation \u00e0 10h30 \u00e0 la gare SNCF<\/td>\n<\/tr>\n<tr style=\"height: 24px\">\n<td style=\"width: 4.49219%;height: 24px\">42<\/td>\n<td style=\"width: 22.5504%;height: 24px\">Saint-Etienne<\/td>\n<td style=\"width: 71.0043%;height: 24px\">Mardi 14 janvier : Manifestation \u00e0 10h30 Bourse du travail<\/td>\n<\/tr>\n<tr style=\"height: 24px\">\n<td style=\"width: 4.49219%;height: 24px\">42<\/td>\n<td style=\"width: 22.5504%;height: 24px\">Saint-Etienne<\/td>\n<td style=\"width: 71.0043%;height: 24px\">Mercredi 15 janvier : Manifestation aux flambeaux 18h Puit Couriot<\/td>\n<\/tr>\n<tr style=\"height: 24px\">\n<td style=\"width: 4.49219%;height: 24px\">42<\/td>\n<td style=\"width: 22.5504%;height: 24px\">Saint-Etienne<\/td>\n<td style=\"width: 71.0043%;height: 24px\">Jeudi 16 janvier : Manifestation \u00e0 10h30 Place du peuple<\/td>\n<\/tr>\n<tr style=\"height: 24px\">\n<td style=\"width: 4.49219%;height: 24px\">43<\/td>\n<td style=\"width: 22.5504%;height: 24px\">Le Puy-en-Velay<\/td>\n<td style=\"width: 71.0043%;height: 24px\">Mardi 14 janvier : Manifestation \u00e0 10h30 place Cadelade<\/td>\n<\/tr>\n<tr style=\"height: 26px\">\n<td style=\"width: 4.49219%;height: 26px\">63<\/td>\n<td style=\"width: 22.5504%;height: 26px\">Clermont-Ferrand<\/td>\n<td style=\"width: 71.0043%;height: 26px\">Mardi 14 janvier : Manifestation \u00e0 10h place du 1<sup>er<\/sup> mai<\/td>\n<\/tr>\n<tr style=\"height: 24px\">\n<td style=\"width: 4.49219%;height: 24px\">63<\/td>\n<td style=\"width: 22.5504%;height: 24px\">Clermont-Ferrand<\/td>\n<td style=\"width: 71.0043%;height: 24px\">Mercredi 15 janvier : Manifestation \u00e0 19h30 salle Poly \u00e0 Montferrand<\/td>\n<\/tr>\n<tr style=\"height: 24px\">\n<td style=\"width: 4.49219%;height: 24px\">69<\/td>\n<td style=\"width: 22.5504%;height: 24px\">Lyon<\/td>\n<td style=\"width: 71.0043%;height: 24px\">Mardi 14 janvier : Manifestation \u00e0 11h30 Place Jean Jaur\u00e8s<\/td>\n<\/tr>\n<tr style=\"height: 24px\">\n<td style=\"width: 4.49219%;height: 24px\">69<\/td>\n<td style=\"width: 22.5504%;height: 24px\">Lyon<\/td>\n<td style=\"width: 71.0043%;height: 24px\">Jeudi 16 janvier : Manifestation \u00e0 11h30 Manufacture des tabacs<\/td>\n<\/tr>\n<tr style=\"height: 24px\">\n<td style=\"width: 4.49219%;height: 24px\">73<\/td>\n<td style=\"width: 22.5504%;height: 24px\">Chamb\u00e9ry<\/td>\n<td style=\"width: 71.0043%;height: 24px\">Mardi 14 janvier : Manifestation \u00e0 14h Palais de Justice<\/td>\n<\/tr>\n<tr style=\"height: 24px\">\n<td style=\"width: 4.49219%;height: 24px\">73<\/td>\n<td style=\"width: 22.5504%;height: 24px\">Chamb\u00e9ry<\/td>\n<td style=\"width: 71.0043%;height: 24px\">Mercredi 15 janvier : Manifestation aux flambeaux \u00e0 17h Palais de Justice<\/td>\n<\/tr>\n<tr style=\"height: 24px\">\n<td style=\"width: 4.49219%;height: 24px\">73<\/td>\n<td style=\"width: 22.5504%;height: 24px\">Chamb\u00e9ry<\/td>\n<td style=\"width: 71.0043%;height: 24px\">Jeudi 16 janvier : Manifestation \u00e0 14h Palais de Justice<\/td>\n<\/tr>\n<tr style=\"height: 26px\">\n<td style=\"width: 4.49219%;height: 26px\">74<\/td>\n<td style=\"width: 22.5504%;height: 26px\">Annecy<\/td>\n<td style=\"width: 71.0043%;height: 26px\">Mardi 14 janvier : Manifestation \u00e0 14h\u00a0 pr\u00e9fecture<\/td>\n<\/tr>\n<tr style=\"height: 24px\">\n<td style=\"width: 4.49219%;height: 24px\">74<\/td>\n<td style=\"width: 22.5504%;height: 24px\">Annecy<\/td>\n<td style=\"width: 71.0043%;height: 24px\">Jeudi 16 janvier : Manifestation \u00e0 14h\u00a0 pr\u00e9fecture<\/td>\n<\/tr>\n<tr>\n<td style=\"width: 4.49219%\">74<\/td>\n<td style=\"width: 22.5504%\">Annemasse<\/td>\n<td style=\"width: 71.0043%\">Jeudi 16 janvier : Manifestation \u00e0 17h Mairie<\/td>\n<\/tr>\n<tr style=\"height: 24px\">\n<td style=\"width: 4.49219%;height: 24px\">74<\/td>\n<td style=\"width: 22.5504%;height: 24px\">Sallanches<\/td>\n<td style=\"width: 71.0043%;height: 24px\">Jeudi 16 janvier : Manifestation \u00e0 17h Mairie<\/td>\n<\/tr>\n<tr style=\"height: 24px\">\n<td style=\"width: 4.49219%;height: 24px\">74<\/td>\n<td style=\"width: 22.5504%;height: 24px\">Thonon-les-Bains<\/td>\n<td style=\"width: 71.0043%;height: 24px\">Jeudi 16 janvier : Manifestation \u00e0 17h Place des Arts<\/td>\n<\/tr>\n<\/tbody>\n<\/table>\n","protected":false},"excerpt":{"rendered":"<p>Manifestations pr\u00e9vues du 14 au 16 janvier en r\u00e9gion contre la r\u00e9forme des retraites. N&rsquo;h\u00e9sitez-pas \u00e0 vous renseigner sur les autres actions pr\u00e9vues. 01 P\u00e9ronnas Mardi 14 janvier : Rassemblement interpro devant le Medef de 10 \u00e0 14h 01 Bourg-en-Bresse Jeudi 16 janvier : Manifestation \u00e0 14h30 au Champ de foire 03 Montlu\u00e7on Jeudi 16 [&hellip;]<\/p>\n","protected":false},"author":120,"featured_media":0,"comment_status":"closed","ping_status":"closed","sticky":false,"template":"","format":"standard","meta":{"ocean_post_layout":"","ocean_both_sidebars_style":"","ocean_both_sidebars_content_width":0,"ocean_both_sidebars_sidebars_width":0,"ocean_sidebar":"","ocean_second_sidebar":"","ocean_disable_margins":"enable","ocean_add_body_class":"","ocean_shortcode_before_top_bar":"","ocean_shortcode_after_top_bar":"","ocean_shortcode_before_header":"","ocean_shortcode_after_header":"","ocean_has_shortcode":"","ocean_shortcode_after_title":"","ocean_shortcode_before_footer_widgets":"","ocean_shortcode_after_footer_widgets":"","ocean_shortcode_before_footer_bottom":"","ocean_shortcode_after_footer_bottom":"","ocean_display_top_bar":"default","ocean_display_header":"default","ocean_header_style":"","ocean_center_header_left_menu":"","ocean_custom_header_template":"","ocean_custom_logo":0,"ocean_custom_retina_logo":0,"ocean_custom_logo_max_width":0,"ocean_custom_logo_tablet_max_width":0,"ocean_custom_logo_mobile_max_width":0,"ocean_custom_logo_max_height":0,"ocean_custom_logo_tablet_max_height":0,"ocean_custom_logo_mobile_max_height":0,"ocean_header_custom_menu":"","ocean_menu_typo_font_family":"","ocean_menu_typo_font_subset":"","ocean_menu_typo_font_size":0,"ocean_menu_typo_font_size_tablet":0,"ocean_menu_typo_font_size_mobile":0,"ocean_menu_typo_font_size_unit":"px","ocean_menu_typo_font_weight":"","ocean_menu_typo_font_weight_tablet":"","ocean_menu_typo_font_weight_mobile":"","ocean_menu_typo_transform":"","ocean_menu_typo_transform_tablet":"","ocean_menu_typo_transform_mobile":"","ocean_menu_typo_line_height":0,"ocean_menu_typo_line_height_tablet":0,"ocean_menu_typo_line_height_mobile":0,"ocean_menu_typo_line_height_unit":"","ocean_menu_typo_spacing":0,"ocean_menu_typo_spacing_tablet":0,"ocean_menu_typo_spacing_mobile":0,"ocean_menu_typo_spacing_unit":"","ocean_menu_link_color":"","ocean_menu_link_color_hover":"","ocean_menu_link_color_active":"","ocean_menu_link_background":"","ocean_menu_link_hover_background":"","ocean_menu_link_active_background":"","ocean_menu_social_links_bg":"","ocean_menu_social_hover_links_bg":"","ocean_menu_social_links_color":"","ocean_menu_social_hover_links_color":"","ocean_disable_title":"default","ocean_disable_heading":"default","ocean_post_title":"","ocean_post_subheading":"","ocean_post_title_style":"","ocean_post_title_background_color":"","ocean_post_title_background":0,"ocean_post_title_bg_image_position":"","ocean_post_title_bg_image_attachment":"","ocean_post_title_bg_image_repeat":"","ocean_post_title_bg_image_size":"","ocean_post_title_height":0,"ocean_post_title_bg_overlay":0.5,"ocean_post_title_bg_overlay_color":"","ocean_disable_breadcrumbs":"default","ocean_breadcrumbs_color":"","ocean_breadcrumbs_separator_color":"","ocean_breadcrumbs_links_color":"","ocean_breadcrumbs_links_hover_color":"","ocean_display_footer_widgets":"default","ocean_display_footer_bottom":"default","ocean_custom_footer_template":"","ocean_post_oembed":"","ocean_post_self_hosted_media":"","ocean_post_video_embed":"","ocean_link_format":"","ocean_link_format_target":"self","ocean_quote_format":"","ocean_quote_format_link":"post","ocean_gallery_link_images":"on","ocean_gallery_id":[],"footnotes":""},"categories":[3],"tags":[],"post_folder":[],"class_list":["post-469","post","type-post","status-publish","format-standard","hentry","category-actions","entry"],"yoast_head":"<!-- This site is optimized with the Yoast SEO plugin v27.4 - https:\/\/yoast.com\/product\/yoast-seo-wordpress\/ -->\n<title>14, 15 et 16 janvier : Jusqu&#039;\u00e0 la victoire ! - AUVERGNE RH\u00d4NE-ALPES<\/title>\n<meta name=\"robots\" content=\"index, follow, max-snippet:-1, max-image-preview:large, max-video-preview:-1\" \/>\n<link rel=\"canonical\" href=\"https:\/\/regions-snetap-fsu.fr\/ara\/2020\/01\/13\/14-15-et-16-janvier-jusqua-la-victoire\/\" \/>\n<meta property=\"og:locale\" content=\"fr_FR\" \/>\n<meta property=\"og:type\" content=\"article\" \/>\n<meta property=\"og:title\" content=\"14, 15 et 16 janvier : Jusqu&#039;\u00e0 la victoire ! - AUVERGNE RH\u00d4NE-ALPES\" \/>\n<meta property=\"og:description\" content=\"Manifestations pr\u00e9vues du 14 au 16 janvier en r\u00e9gion contre la r\u00e9forme des retraites. N&rsquo;h\u00e9sitez-pas \u00e0 vous renseigner sur les autres actions pr\u00e9vues. 01 P\u00e9ronnas Mardi 14 janvier : Rassemblement interpro devant le Medef de 10 \u00e0 14h 01 Bourg-en-Bresse Jeudi 16 janvier : Manifestation \u00e0 14h30 au Champ de foire 03 Montlu\u00e7on Jeudi 16 [&hellip;]\" \/>\n<meta property=\"og:url\" content=\"https:\/\/regions-snetap-fsu.fr\/ara\/2020\/01\/13\/14-15-et-16-janvier-jusqua-la-victoire\/\" \/>\n<meta property=\"og:site_name\" content=\"AUVERGNE RH\u00d4NE-ALPES\" \/>\n<meta property=\"article:published_time\" content=\"2020-01-13T18:42:11+00:00\" \/>\n<meta name=\"author\" content=\"fmelin\" \/>\n<meta name=\"twitter:card\" content=\"summary_large_image\" \/>\n<meta name=\"twitter:label1\" content=\"\u00c9crit par\" \/>\n\t<meta name=\"twitter:data1\" content=\"fmelin\" \/>\n\t<meta name=\"twitter:label2\" content=\"Dur\u00e9e de lecture estim\u00e9e\" \/>\n\t<meta name=\"twitter:data2\" content=\"2 minutes\" \/>\n<script type=\"application\/ld+json\" class=\"yoast-schema-graph\">{\"@context\":\"https:\\\/\\\/schema.org\",\"@graph\":[{\"@type\":\"Article\",\"@id\":\"https:\\\/\\\/regions-snetap-fsu.fr\\\/ara\\\/2020\\\/01\\\/13\\\/14-15-et-16-janvier-jusqua-la-victoire\\\/#article\",\"isPartOf\":{\"@id\":\"https:\\\/\\\/regions-snetap-fsu.fr\\\/ara\\\/2020\\\/01\\\/13\\\/14-15-et-16-janvier-jusqua-la-victoire\\\/\"},\"author\":{\"name\":\"fmelin\",\"@id\":\"https:\\\/\\\/regions-snetap-fsu.fr\\\/ara\\\/#\\\/schema\\\/person\\\/0ba12f76f608c3574101bed3172dd09f\"},\"headline\":\"14, 15 et 16 janvier : Jusqu&rsquo;\u00e0 la victoire !\",\"datePublished\":\"2020-01-13T18:42:11+00:00\",\"mainEntityOfPage\":{\"@id\":\"https:\\\/\\\/regions-snetap-fsu.fr\\\/ara\\\/2020\\\/01\\\/13\\\/14-15-et-16-janvier-jusqua-la-victoire\\\/\"},\"wordCount\":347,\"publisher\":{\"@id\":\"https:\\\/\\\/regions-snetap-fsu.fr\\\/ara\\\/#organization\"},\"articleSection\":[\"Actions en AuRA\"],\"inLanguage\":\"fr-FR\"},{\"@type\":\"WebPage\",\"@id\":\"https:\\\/\\\/regions-snetap-fsu.fr\\\/ara\\\/2020\\\/01\\\/13\\\/14-15-et-16-janvier-jusqua-la-victoire\\\/\",\"url\":\"https:\\\/\\\/regions-snetap-fsu.fr\\\/ara\\\/2020\\\/01\\\/13\\\/14-15-et-16-janvier-jusqua-la-victoire\\\/\",\"name\":\"14, 15 et 16 janvier : Jusqu'\u00e0 la victoire ! - AUVERGNE RH\u00d4NE-ALPES\",\"isPartOf\":{\"@id\":\"https:\\\/\\\/regions-snetap-fsu.fr\\\/ara\\\/#website\"},\"datePublished\":\"2020-01-13T18:42:11+00:00\",\"breadcrumb\":{\"@id\":\"https:\\\/\\\/regions-snetap-fsu.fr\\\/ara\\\/2020\\\/01\\\/13\\\/14-15-et-16-janvier-jusqua-la-victoire\\\/#breadcrumb\"},\"inLanguage\":\"fr-FR\",\"potentialAction\":[{\"@type\":\"ReadAction\",\"target\":[\"https:\\\/\\\/regions-snetap-fsu.fr\\\/ara\\\/2020\\\/01\\\/13\\\/14-15-et-16-janvier-jusqua-la-victoire\\\/\"]}]},{\"@type\":\"BreadcrumbList\",\"@id\":\"https:\\\/\\\/regions-snetap-fsu.fr\\\/ara\\\/2020\\\/01\\\/13\\\/14-15-et-16-janvier-jusqua-la-victoire\\\/#breadcrumb\",\"itemListElement\":[{\"@type\":\"ListItem\",\"position\":1,\"name\":\"Accueil\",\"item\":\"https:\\\/\\\/regions-snetap-fsu.fr\\\/ara\\\/\"},{\"@type\":\"ListItem\",\"position\":2,\"name\":\"14, 15 et 16 janvier : Jusqu&rsquo;\u00e0 la victoire !\"}]},{\"@type\":\"WebSite\",\"@id\":\"https:\\\/\\\/regions-snetap-fsu.fr\\\/ara\\\/#website\",\"url\":\"https:\\\/\\\/regions-snetap-fsu.fr\\\/ara\\\/\",\"name\":\"AUVERGNE RH\u00d4NE-ALPES\",\"description\":\"Le site de la  Section Syndicale\",\"publisher\":{\"@id\":\"https:\\\/\\\/regions-snetap-fsu.fr\\\/ara\\\/#organization\"},\"potentialAction\":[{\"@type\":\"SearchAction\",\"target\":{\"@type\":\"EntryPoint\",\"urlTemplate\":\"https:\\\/\\\/regions-snetap-fsu.fr\\\/ara\\\/?s={search_term_string}\"},\"query-input\":{\"@type\":\"PropertyValueSpecification\",\"valueRequired\":true,\"valueName\":\"search_term_string\"}}],\"inLanguage\":\"fr-FR\"},{\"@type\":\"Organization\",\"@id\":\"https:\\\/\\\/regions-snetap-fsu.fr\\\/ara\\\/#organization\",\"name\":\"Auvergne Rh\u00f4ne-Alpes - SNETAP-FSU\",\"url\":\"https:\\\/\\\/regions-snetap-fsu.fr\\\/ara\\\/\",\"logo\":{\"@type\":\"ImageObject\",\"inLanguage\":\"fr-FR\",\"@id\":\"https:\\\/\\\/regions-snetap-fsu.fr\\\/ara\\\/#\\\/schema\\\/logo\\\/image\\\/\",\"url\":\"https:\\\/\\\/regions-snetap-fsu.fr\\\/ara\\\/wp-content\\\/uploads\\\/sites\\\/12\\\/2021\\\/03\\\/Auvergne-Rhones-Alpes.jpg\",\"contentUrl\":\"https:\\\/\\\/regions-snetap-fsu.fr\\\/ara\\\/wp-content\\\/uploads\\\/sites\\\/12\\\/2021\\\/03\\\/Auvergne-Rhones-Alpes.jpg\",\"width\":2000,\"height\":2000,\"caption\":\"Auvergne Rh\u00f4ne-Alpes - SNETAP-FSU\"},\"image\":{\"@id\":\"https:\\\/\\\/regions-snetap-fsu.fr\\\/ara\\\/#\\\/schema\\\/logo\\\/image\\\/\"}},{\"@type\":\"Person\",\"@id\":\"https:\\\/\\\/regions-snetap-fsu.fr\\\/ara\\\/#\\\/schema\\\/person\\\/0ba12f76f608c3574101bed3172dd09f\",\"name\":\"fmelin\",\"image\":{\"@type\":\"ImageObject\",\"inLanguage\":\"fr-FR\",\"@id\":\"https:\\\/\\\/secure.gravatar.com\\\/avatar\\\/e618b7bfe967a94f6e4775bc62382d58231a19a3bf3eb6fddaec658f79f3fbfa?s=96&d=mm&r=g\",\"url\":\"https:\\\/\\\/secure.gravatar.com\\\/avatar\\\/e618b7bfe967a94f6e4775bc62382d58231a19a3bf3eb6fddaec658f79f3fbfa?s=96&d=mm&r=g\",\"contentUrl\":\"https:\\\/\\\/secure.gravatar.com\\\/avatar\\\/e618b7bfe967a94f6e4775bc62382d58231a19a3bf3eb6fddaec658f79f3fbfa?s=96&d=mm&r=g\",\"caption\":\"fmelin\"},\"url\":\"https:\\\/\\\/regions-snetap-fsu.fr\\\/ara\\\/author\\\/fmelin\\\/\"}]}<\/script>\n<!-- \/ Yoast SEO plugin. -->","yoast_head_json":{"title":"14, 15 et 16 janvier : Jusqu'\u00e0 la victoire ! - AUVERGNE RH\u00d4NE-ALPES","robots":{"index":"index","follow":"follow","max-snippet":"max-snippet:-1","max-image-preview":"max-image-preview:large","max-video-preview":"max-video-preview:-1"},"canonical":"https:\/\/regions-snetap-fsu.fr\/ara\/2020\/01\/13\/14-15-et-16-janvier-jusqua-la-victoire\/","og_locale":"fr_FR","og_type":"article","og_title":"14, 15 et 16 janvier : Jusqu'\u00e0 la victoire ! - AUVERGNE RH\u00d4NE-ALPES","og_description":"Manifestations pr\u00e9vues du 14 au 16 janvier en r\u00e9gion contre la r\u00e9forme des retraites. N&rsquo;h\u00e9sitez-pas \u00e0 vous renseigner sur les autres actions pr\u00e9vues. 01 P\u00e9ronnas Mardi 14 janvier : Rassemblement interpro devant le Medef de 10 \u00e0 14h 01 Bourg-en-Bresse Jeudi 16 janvier : Manifestation \u00e0 14h30 au Champ de foire 03 Montlu\u00e7on Jeudi 16 [&hellip;]","og_url":"https:\/\/regions-snetap-fsu.fr\/ara\/2020\/01\/13\/14-15-et-16-janvier-jusqua-la-victoire\/","og_site_name":"AUVERGNE RH\u00d4NE-ALPES","article_published_time":"2020-01-13T18:42:11+00:00","author":"fmelin","twitter_card":"summary_large_image","twitter_misc":{"\u00c9crit par":"fmelin","Dur\u00e9e de lecture estim\u00e9e":"2 minutes"},"schema":{"@context":"https:\/\/schema.org","@graph":[{"@type":"Article","@id":"https:\/\/regions-snetap-fsu.fr\/ara\/2020\/01\/13\/14-15-et-16-janvier-jusqua-la-victoire\/#article","isPartOf":{"@id":"https:\/\/regions-snetap-fsu.fr\/ara\/2020\/01\/13\/14-15-et-16-janvier-jusqua-la-victoire\/"},"author":{"name":"fmelin","@id":"https:\/\/regions-snetap-fsu.fr\/ara\/#\/schema\/person\/0ba12f76f608c3574101bed3172dd09f"},"headline":"14, 15 et 16 janvier : Jusqu&rsquo;\u00e0 la victoire !","datePublished":"2020-01-13T18:42:11+00:00","mainEntityOfPage":{"@id":"https:\/\/regions-snetap-fsu.fr\/ara\/2020\/01\/13\/14-15-et-16-janvier-jusqua-la-victoire\/"},"wordCount":347,"publisher":{"@id":"https:\/\/regions-snetap-fsu.fr\/ara\/#organization"},"articleSection":["Actions en AuRA"],"inLanguage":"fr-FR"},{"@type":"WebPage","@id":"https:\/\/regions-snetap-fsu.fr\/ara\/2020\/01\/13\/14-15-et-16-janvier-jusqua-la-victoire\/","url":"https:\/\/regions-snetap-fsu.fr\/ara\/2020\/01\/13\/14-15-et-16-janvier-jusqua-la-victoire\/","name":"14, 15 et 16 janvier : Jusqu'\u00e0 la victoire ! - AUVERGNE RH\u00d4NE-ALPES","isPartOf":{"@id":"https:\/\/regions-snetap-fsu.fr\/ara\/#website"},"datePublished":"2020-01-13T18:42:11+00:00","breadcrumb":{"@id":"https:\/\/regions-snetap-fsu.fr\/ara\/2020\/01\/13\/14-15-et-16-janvier-jusqua-la-victoire\/#breadcrumb"},"inLanguage":"fr-FR","potentialAction":[{"@type":"ReadAction","target":["https:\/\/regions-snetap-fsu.fr\/ara\/2020\/01\/13\/14-15-et-16-janvier-jusqua-la-victoire\/"]}]},{"@type":"BreadcrumbList","@id":"https:\/\/regions-snetap-fsu.fr\/ara\/2020\/01\/13\/14-15-et-16-janvier-jusqua-la-victoire\/#breadcrumb","itemListElement":[{"@type":"ListItem","position":1,"name":"Accueil","item":"https:\/\/regions-snetap-fsu.fr\/ara\/"},{"@type":"ListItem","position":2,"name":"14, 15 et 16 janvier : Jusqu&rsquo;\u00e0 la victoire !"}]},{"@type":"WebSite","@id":"https:\/\/regions-snetap-fsu.fr\/ara\/#website","url":"https:\/\/regions-snetap-fsu.fr\/ara\/","name":"AUVERGNE RH\u00d4NE-ALPES","description":"Le site de la  Section Syndicale","publisher":{"@id":"https:\/\/regions-snetap-fsu.fr\/ara\/#organization"},"potentialAction":[{"@type":"SearchAction","target":{"@type":"EntryPoint","urlTemplate":"https:\/\/regions-snetap-fsu.fr\/ara\/?s={search_term_string}"},"query-input":{"@type":"PropertyValueSpecification","valueRequired":true,"valueName":"search_term_string"}}],"inLanguage":"fr-FR"},{"@type":"Organization","@id":"https:\/\/regions-snetap-fsu.fr\/ara\/#organization","name":"Auvergne Rh\u00f4ne-Alpes - SNETAP-FSU","url":"https:\/\/regions-snetap-fsu.fr\/ara\/","logo":{"@type":"ImageObject","inLanguage":"fr-FR","@id":"https:\/\/regions-snetap-fsu.fr\/ara\/#\/schema\/logo\/image\/","url":"https:\/\/regions-snetap-fsu.fr\/ara\/wp-content\/uploads\/sites\/12\/2021\/03\/Auvergne-Rhones-Alpes.jpg","contentUrl":"https:\/\/regions-snetap-fsu.fr\/ara\/wp-content\/uploads\/sites\/12\/2021\/03\/Auvergne-Rhones-Alpes.jpg","width":2000,"height":2000,"caption":"Auvergne Rh\u00f4ne-Alpes - SNETAP-FSU"},"image":{"@id":"https:\/\/regions-snetap-fsu.fr\/ara\/#\/schema\/logo\/image\/"}},{"@type":"Person","@id":"https:\/\/regions-snetap-fsu.fr\/ara\/#\/schema\/person\/0ba12f76f608c3574101bed3172dd09f","name":"fmelin","image":{"@type":"ImageObject","inLanguage":"fr-FR","@id":"https:\/\/secure.gravatar.com\/avatar\/e618b7bfe967a94f6e4775bc62382d58231a19a3bf3eb6fddaec658f79f3fbfa?s=96&d=mm&r=g","url":"https:\/\/secure.gravatar.com\/avatar\/e618b7bfe967a94f6e4775bc62382d58231a19a3bf3eb6fddaec658f79f3fbfa?s=96&d=mm&r=g","contentUrl":"https:\/\/secure.gravatar.com\/avatar\/e618b7bfe967a94f6e4775bc62382d58231a19a3bf3eb6fddaec658f79f3fbfa?s=96&d=mm&r=g","caption":"fmelin"},"url":"https:\/\/regions-snetap-fsu.fr\/ara\/author\/fmelin\/"}]}},"_links":{"self":[{"href":"https:\/\/regions-snetap-fsu.fr\/ara\/wp-json\/wp\/v2\/posts\/469","targetHints":{"allow":["GET"]}}],"collection":[{"href":"https:\/\/regions-snetap-fsu.fr\/ara\/wp-json\/wp\/v2\/posts"}],"about":[{"href":"https:\/\/regions-snetap-fsu.fr\/ara\/wp-json\/wp\/v2\/types\/post"}],"author":[{"embeddable":true,"href":"https:\/\/regions-snetap-fsu.fr\/ara\/wp-json\/wp\/v2\/users\/120"}],"replies":[{"embeddable":true,"href":"https:\/\/regions-snetap-fsu.fr\/ara\/wp-json\/wp\/v2\/comments?post=469"}],"version-history":[{"count":3,"href":"https:\/\/regions-snetap-fsu.fr\/ara\/wp-json\/wp\/v2\/posts\/469\/revisions"}],"predecessor-version":[{"id":472,"href":"https:\/\/regions-snetap-fsu.fr\/ara\/wp-json\/wp\/v2\/posts\/469\/revisions\/472"}],"wp:attachment":[{"href":"https:\/\/regions-snetap-fsu.fr\/ara\/wp-json\/wp\/v2\/media?parent=469"}],"wp:term":[{"taxonomy":"category","embeddable":true,"href":"https:\/\/regions-snetap-fsu.fr\/ara\/wp-json\/wp\/v2\/categories?post=469"},{"taxonomy":"post_tag","embeddable":true,"href":"https:\/\/regions-snetap-fsu.fr\/ara\/wp-json\/wp\/v2\/tags?post=469"},{"taxonomy":"post_folder","embeddable":true,"href":"https:\/\/regions-snetap-fsu.fr\/ara\/wp-json\/wp\/v2\/post_folder?post=469"}],"curies":[{"name":"wp","href":"https:\/\/api.w.org\/{rel}","templated":true}]}}