{"id":464,"date":"2020-01-08T13:55:33","date_gmt":"2020-01-08T12:55:33","guid":{"rendered":"https:\/\/regions-snetap-fsu.fr\/ara\/?p=464"},"modified":"2020-01-08T13:55:33","modified_gmt":"2020-01-08T12:55:33","slug":"manifestations-du-9-janvier-horaires-et-lieux","status":"publish","type":"post","link":"https:\/\/regions-snetap-fsu.fr\/ara\/2020\/01\/08\/manifestations-du-9-janvier-horaires-et-lieux\/","title":{"rendered":"Manifestations du 9 janvier : horaires et lieux"},"content":{"rendered":"<table style=\"width: 100%;height: 815px\">\n<tbody>\n<tr style=\"height: 24px\">\n<td style=\"height: 24px;width: 4.49219%\">01<\/td>\n<td style=\"height: 24px;width: 23.6328%\">Belley<\/td>\n<td style=\"height: 24px;width: 69.9219%\">14h30 place des Terreaux<\/td>\n<\/tr>\n<tr style=\"height: 48px\">\n<td style=\"height: 48px;width: 4.49219%\">01<\/td>\n<td style=\"height: 48px;width: 23.6328%\">Bourg-en-Bresse<\/td>\n<td style=\"height: 48px;width: 69.9219%\">14h30 au Champ de foire<\/td>\n<\/tr>\n<tr style=\"height: 24px\">\n<td style=\"height: 24px;width: 4.49219%\">03<\/td>\n<td style=\"height: 24px;width: 23.6328%\">Montlu\u00e7on<\/td>\n<td style=\"height: 24px;width: 69.9219%\">10h30 Place Jean Dormoy<\/td>\n<\/tr>\n<tr style=\"height: 24px\">\n<td style=\"height: 24px;width: 4.49219%\">03<\/td>\n<td style=\"height: 24px;width: 23.6328%\">Moulins<\/td>\n<td style=\"height: 24px;width: 69.9219%\">10h30 Place de la Libert\u00e9<\/td>\n<\/tr>\n<tr style=\"height: 24px\">\n<td style=\"height: 24px;width: 4.49219%\">03<\/td>\n<td style=\"height: 24px;width: 23.6328%\">Vichy<\/td>\n<td style=\"height: 24px;width: 69.9219%\">10h30 Place de la Poste<\/td>\n<\/tr>\n<tr style=\"height: 40px\">\n<td style=\"height: 40px;width: 4.49219%\">07<\/td>\n<td style=\"height: 40px;width: 23.6328%\">Annonay<\/td>\n<td style=\"height: 40px;width: 69.9219%\">14h 30 Grand frais<\/td>\n<\/tr>\n<tr style=\"height: 43px\">\n<td style=\"height: 43px;width: 4.49219%\">07<\/td>\n<td style=\"height: 43px;width: 23.6328%\">Aubenas<\/td>\n<td style=\"height: 43px;width: 69.9219%\">14h\u00a0 Champ de Mars<\/td>\n<\/tr>\n<tr style=\"height: 39px\">\n<td style=\"height: 39px;width: 4.49219%\">07<\/td>\n<td style=\"height: 39px;width: 23.6328%\">Le Cheylard<\/td>\n<td style=\"height: 39px;width: 69.9219%\">14h Mairie<\/td>\n<\/tr>\n<tr style=\"height: 43px\">\n<td style=\"height: 43px;width: 4.49219%\">07<\/td>\n<td style=\"height: 43px;width: 23.6328%\">Privas<\/td>\n<td style=\"height: 43px;width: 69.9219%\">10h30 Pr\u00e9fecture<\/td>\n<\/tr>\n<tr style=\"height: 24px\">\n<td style=\"height: 38px;width: 4.49219%\">07<\/td>\n<td style=\"height: 38px;width: 23.6328%\">Tournon<\/td>\n<td style=\"height: 38px;width: 69.9219%\">11h30 Place Carnot<\/td>\n<\/tr>\n<tr style=\"height: 96px\">\n<td style=\"height: 10px;width: 4.49219%\">15<\/td>\n<td style=\"height: 10px;width: 23.6328%\">Aurillac<\/td>\n<td style=\"height: 10px;width: 69.9219%\">14 h la Montade<\/td>\n<\/tr>\n<tr style=\"height: 24px\">\n<td style=\"height: 24px;width: 4.49219%\">26<\/td>\n<td style=\"height: 24px;width: 23.6328%\">Mont\u00e9limar<\/td>\n<td style=\"height: 24px;width: 69.9219%\">14h Gare SNCF<\/td>\n<\/tr>\n<tr style=\"height: 24px\">\n<td style=\"height: 24px;width: 4.49219%\">26<\/td>\n<td style=\"height: 24px;width: 23.6328%\">Valence<\/td>\n<td style=\"height: 24px;width: 69.9219%\">14h Champ de mars<\/td>\n<\/tr>\n<tr style=\"height: 24px\">\n<td style=\"height: 24px;width: 4.49219%\">38<\/td>\n<td style=\"height: 24px;width: 23.6328%\">Grenoble<\/td>\n<td style=\"height: 24px;width: 69.9219%\">10h gare SNCF<\/td>\n<\/tr>\n<tr style=\"height: 24px\">\n<td style=\"height: 24px;width: 4.49219%\">42<\/td>\n<td style=\"height: 24px;width: 23.6328%\">Roanne<\/td>\n<td style=\"height: 24px;width: 69.9219%\">10h30 au Centre universitaire<\/td>\n<\/tr>\n<tr style=\"height: 24px\">\n<td style=\"height: 24px;width: 4.49219%\">42<\/td>\n<td style=\"height: 24px;width: 23.6328%\">Saint-Etienne<\/td>\n<td style=\"height: 24px;width: 69.9219%\">10h30 Place de la libert\u00e9 en face de Centre 2<\/td>\n<\/tr>\n<tr style=\"height: 24px\">\n<td style=\"height: 24px;width: 4.49219%\">43<\/td>\n<td style=\"height: 24px;width: 23.6328%\">Le Puy-en-Velay<\/td>\n<td style=\"height: 24px;width: 69.9219%\">10h30 place Cadelade<\/td>\n<\/tr>\n<tr style=\"height: 48px\">\n<td style=\"height: 48px;width: 4.49219%\">63<\/td>\n<td style=\"height: 48px;width: 23.6328%\">Clermont-Ferrand<\/td>\n<td style=\"height: 48px;width: 69.9219%\">10h place du 1<sup>er<\/sup> mai<\/td>\n<\/tr>\n<tr style=\"height: 24px\">\n<td style=\"height: 24px;width: 4.49219%\">69<\/td>\n<td style=\"height: 24px;width: 23.6328%\">Lyon<\/td>\n<td style=\"height: 24px;width: 69.9219%\">11h30 Manufacture des Tabacs<\/td>\n<\/tr>\n<tr style=\"height: 24px\">\n<td style=\"height: 24px;width: 4.49219%\">73<\/td>\n<td style=\"height: 24px;width: 23.6328%\">Albertville<\/td>\n<td style=\"height: 24px;width: 69.9219%\">9h30 546 avenue Georges Pompidou<\/td>\n<\/tr>\n<tr style=\"height: 120px\">\n<td style=\"height: 29px;width: 4.49219%\">73<\/td>\n<td style=\"height: 29px;width: 23.6328%\">Chamb\u00e9ry<\/td>\n<td style=\"height: 29px;width: 69.9219%\">14h Palais de Justice<\/td>\n<\/tr>\n<tr style=\"height: 96px\">\n<td style=\"height: 29px;width: 4.49219%\">74<\/td>\n<td style=\"height: 29px;width: 23.6328%\">Annecy<\/td>\n<td style=\"height: 29px;width: 69.9219%\">14h\u00a0 pr\u00e9fecture<\/td>\n<\/tr>\n<tr style=\"height: 56px\">\n<td style=\"width: 4.49219%;height: 56px\">74<\/td>\n<td style=\"width: 23.6328%;height: 56px\">Annemasse<\/td>\n<td style=\"width: 69.9219%;height: 56px\">14h mairie<\/td>\n<\/tr>\n<tr style=\"height: 56px\">\n<td style=\"width: 4.49219%;height: 56px\">74<\/td>\n<td style=\"width: 23.6328%;height: 56px\">Sallanches<\/td>\n<td style=\"width: 69.9219%;height: 56px\">17h Mairie<\/td>\n<\/tr>\n<tr style=\"height: 48px\">\n<td style=\"height: 48px;width: 4.49219%\">74<\/td>\n<td style=\"height: 48px;width: 23.6328%\">Thonon-les-Bains<\/td>\n<td style=\"height: 48px;width: 69.9219%\">17h Place des Arts<\/td>\n<\/tr>\n<\/tbody>\n<\/table>\n","protected":false},"excerpt":{"rendered":"<p>01 Belley 14h30 place des Terreaux 01 Bourg-en-Bresse 14h30 au Champ de foire 03 Montlu\u00e7on 10h30 Place Jean Dormoy 03 Moulins 10h30 Place de la Libert\u00e9 03 Vichy 10h30 Place de la Poste 07 Annonay 14h 30 Grand frais 07 Aubenas 14h\u00a0 Champ de Mars 07 Le Cheylard 14h Mairie 07 Privas 10h30 Pr\u00e9fecture 07 [&hellip;]<\/p>\n","protected":false},"author":120,"featured_media":0,"comment_status":"closed","ping_status":"closed","sticky":false,"template":"","format":"standard","meta":{"ocean_post_layout":"","ocean_both_sidebars_style":"","ocean_both_sidebars_content_width":0,"ocean_both_sidebars_sidebars_width":0,"ocean_sidebar":"","ocean_second_sidebar":"","ocean_disable_margins":"enable","ocean_add_body_class":"","ocean_shortcode_before_top_bar":"","ocean_shortcode_after_top_bar":"","ocean_shortcode_before_header":"","ocean_shortcode_after_header":"","ocean_has_shortcode":"","ocean_shortcode_after_title":"","ocean_shortcode_before_footer_widgets":"","ocean_shortcode_after_footer_widgets":"","ocean_shortcode_before_footer_bottom":"","ocean_shortcode_after_footer_bottom":"","ocean_display_top_bar":"default","ocean_display_header":"default","ocean_header_style":"","ocean_center_header_left_menu":"","ocean_custom_header_template":"","ocean_custom_logo":0,"ocean_custom_retina_logo":0,"ocean_custom_logo_max_width":0,"ocean_custom_logo_tablet_max_width":0,"ocean_custom_logo_mobile_max_width":0,"ocean_custom_logo_max_height":0,"ocean_custom_logo_tablet_max_height":0,"ocean_custom_logo_mobile_max_height":0,"ocean_header_custom_menu":"","ocean_menu_typo_font_family":"","ocean_menu_typo_font_subset":"","ocean_menu_typo_font_size":0,"ocean_menu_typo_font_size_tablet":0,"ocean_menu_typo_font_size_mobile":0,"ocean_menu_typo_font_size_unit":"px","ocean_menu_typo_font_weight":"","ocean_menu_typo_font_weight_tablet":"","ocean_menu_typo_font_weight_mobile":"","ocean_menu_typo_transform":"","ocean_menu_typo_transform_tablet":"","ocean_menu_typo_transform_mobile":"","ocean_menu_typo_line_height":0,"ocean_menu_typo_line_height_tablet":0,"ocean_menu_typo_line_height_mobile":0,"ocean_menu_typo_line_height_unit":"","ocean_menu_typo_spacing":0,"ocean_menu_typo_spacing_tablet":0,"ocean_menu_typo_spacing_mobile":0,"ocean_menu_typo_spacing_unit":"","ocean_menu_link_color":"","ocean_menu_link_color_hover":"","ocean_menu_link_color_active":"","ocean_menu_link_background":"","ocean_menu_link_hover_background":"","ocean_menu_link_active_background":"","ocean_menu_social_links_bg":"","ocean_menu_social_hover_links_bg":"","ocean_menu_social_links_color":"","ocean_menu_social_hover_links_color":"","ocean_disable_title":"default","ocean_disable_heading":"default","ocean_post_title":"","ocean_post_subheading":"","ocean_post_title_style":"","ocean_post_title_background_color":"","ocean_post_title_background":0,"ocean_post_title_bg_image_position":"","ocean_post_title_bg_image_attachment":"","ocean_post_title_bg_image_repeat":"","ocean_post_title_bg_image_size":"","ocean_post_title_height":0,"ocean_post_title_bg_overlay":0.5,"ocean_post_title_bg_overlay_color":"","ocean_disable_breadcrumbs":"default","ocean_breadcrumbs_color":"","ocean_breadcrumbs_separator_color":"","ocean_breadcrumbs_links_color":"","ocean_breadcrumbs_links_hover_color":"","ocean_display_footer_widgets":"default","ocean_display_footer_bottom":"default","ocean_custom_footer_template":"","ocean_post_oembed":"","ocean_post_self_hosted_media":"","ocean_post_video_embed":"","ocean_link_format":"","ocean_link_format_target":"self","ocean_quote_format":"","ocean_quote_format_link":"post","ocean_gallery_link_images":"on","ocean_gallery_id":[],"footnotes":""},"categories":[3],"tags":[],"post_folder":[],"class_list":["post-464","post","type-post","status-publish","format-standard","hentry","category-actions","entry"],"yoast_head":"<!-- This site is optimized with the Yoast SEO plugin v27.4 - https:\/\/yoast.com\/product\/yoast-seo-wordpress\/ -->\n<title>Manifestations du 9 janvier : horaires et lieux - AUVERGNE RH\u00d4NE-ALPES<\/title>\n<meta name=\"robots\" content=\"index, follow, max-snippet:-1, max-image-preview:large, max-video-preview:-1\" \/>\n<link rel=\"canonical\" href=\"https:\/\/regions-snetap-fsu.fr\/ara\/2020\/01\/08\/manifestations-du-9-janvier-horaires-et-lieux\/\" \/>\n<meta property=\"og:locale\" content=\"fr_FR\" \/>\n<meta property=\"og:type\" content=\"article\" \/>\n<meta property=\"og:title\" content=\"Manifestations du 9 janvier : horaires et lieux - AUVERGNE RH\u00d4NE-ALPES\" \/>\n<meta property=\"og:description\" content=\"01 Belley 14h30 place des Terreaux 01 Bourg-en-Bresse 14h30 au Champ de foire 03 Montlu\u00e7on 10h30 Place Jean Dormoy 03 Moulins 10h30 Place de la Libert\u00e9 03 Vichy 10h30 Place de la Poste 07 Annonay 14h 30 Grand frais 07 Aubenas 14h\u00a0 Champ de Mars 07 Le Cheylard 14h Mairie 07 Privas 10h30 Pr\u00e9fecture 07 [&hellip;]\" \/>\n<meta property=\"og:url\" content=\"https:\/\/regions-snetap-fsu.fr\/ara\/2020\/01\/08\/manifestations-du-9-janvier-horaires-et-lieux\/\" \/>\n<meta property=\"og:site_name\" content=\"AUVERGNE RH\u00d4NE-ALPES\" \/>\n<meta property=\"article:published_time\" content=\"2020-01-08T12:55:33+00:00\" \/>\n<meta name=\"author\" content=\"fmelin\" \/>\n<meta name=\"twitter:card\" content=\"summary_large_image\" \/>\n<meta name=\"twitter:label1\" content=\"\u00c9crit par\" \/>\n\t<meta name=\"twitter:data1\" content=\"fmelin\" \/>\n\t<meta name=\"twitter:label2\" content=\"Dur\u00e9e de lecture estim\u00e9e\" \/>\n\t<meta name=\"twitter:data2\" content=\"1 minute\" \/>\n<script type=\"application\/ld+json\" class=\"yoast-schema-graph\">{\"@context\":\"https:\\\/\\\/schema.org\",\"@graph\":[{\"@type\":\"Article\",\"@id\":\"https:\\\/\\\/regions-snetap-fsu.fr\\\/ara\\\/2020\\\/01\\\/08\\\/manifestations-du-9-janvier-horaires-et-lieux\\\/#article\",\"isPartOf\":{\"@id\":\"https:\\\/\\\/regions-snetap-fsu.fr\\\/ara\\\/2020\\\/01\\\/08\\\/manifestations-du-9-janvier-horaires-et-lieux\\\/\"},\"author\":{\"name\":\"fmelin\",\"@id\":\"https:\\\/\\\/regions-snetap-fsu.fr\\\/ara\\\/#\\\/schema\\\/person\\\/0ba12f76f608c3574101bed3172dd09f\"},\"headline\":\"Manifestations du 9 janvier : horaires et lieux\",\"datePublished\":\"2020-01-08T12:55:33+00:00\",\"mainEntityOfPage\":{\"@id\":\"https:\\\/\\\/regions-snetap-fsu.fr\\\/ara\\\/2020\\\/01\\\/08\\\/manifestations-du-9-janvier-horaires-et-lieux\\\/\"},\"wordCount\":131,\"publisher\":{\"@id\":\"https:\\\/\\\/regions-snetap-fsu.fr\\\/ara\\\/#organization\"},\"articleSection\":[\"Actions en AuRA\"],\"inLanguage\":\"fr-FR\"},{\"@type\":\"WebPage\",\"@id\":\"https:\\\/\\\/regions-snetap-fsu.fr\\\/ara\\\/2020\\\/01\\\/08\\\/manifestations-du-9-janvier-horaires-et-lieux\\\/\",\"url\":\"https:\\\/\\\/regions-snetap-fsu.fr\\\/ara\\\/2020\\\/01\\\/08\\\/manifestations-du-9-janvier-horaires-et-lieux\\\/\",\"name\":\"Manifestations du 9 janvier : horaires et lieux - AUVERGNE RH\u00d4NE-ALPES\",\"isPartOf\":{\"@id\":\"https:\\\/\\\/regions-snetap-fsu.fr\\\/ara\\\/#website\"},\"datePublished\":\"2020-01-08T12:55:33+00:00\",\"breadcrumb\":{\"@id\":\"https:\\\/\\\/regions-snetap-fsu.fr\\\/ara\\\/2020\\\/01\\\/08\\\/manifestations-du-9-janvier-horaires-et-lieux\\\/#breadcrumb\"},\"inLanguage\":\"fr-FR\",\"potentialAction\":[{\"@type\":\"ReadAction\",\"target\":[\"https:\\\/\\\/regions-snetap-fsu.fr\\\/ara\\\/2020\\\/01\\\/08\\\/manifestations-du-9-janvier-horaires-et-lieux\\\/\"]}]},{\"@type\":\"BreadcrumbList\",\"@id\":\"https:\\\/\\\/regions-snetap-fsu.fr\\\/ara\\\/2020\\\/01\\\/08\\\/manifestations-du-9-janvier-horaires-et-lieux\\\/#breadcrumb\",\"itemListElement\":[{\"@type\":\"ListItem\",\"position\":1,\"name\":\"Accueil\",\"item\":\"https:\\\/\\\/regions-snetap-fsu.fr\\\/ara\\\/\"},{\"@type\":\"ListItem\",\"position\":2,\"name\":\"Manifestations du 9 janvier : horaires et lieux\"}]},{\"@type\":\"WebSite\",\"@id\":\"https:\\\/\\\/regions-snetap-fsu.fr\\\/ara\\\/#website\",\"url\":\"https:\\\/\\\/regions-snetap-fsu.fr\\\/ara\\\/\",\"name\":\"AUVERGNE RH\u00d4NE-ALPES\",\"description\":\"Le site de la  Section Syndicale\",\"publisher\":{\"@id\":\"https:\\\/\\\/regions-snetap-fsu.fr\\\/ara\\\/#organization\"},\"potentialAction\":[{\"@type\":\"SearchAction\",\"target\":{\"@type\":\"EntryPoint\",\"urlTemplate\":\"https:\\\/\\\/regions-snetap-fsu.fr\\\/ara\\\/?s={search_term_string}\"},\"query-input\":{\"@type\":\"PropertyValueSpecification\",\"valueRequired\":true,\"valueName\":\"search_term_string\"}}],\"inLanguage\":\"fr-FR\"},{\"@type\":\"Organization\",\"@id\":\"https:\\\/\\\/regions-snetap-fsu.fr\\\/ara\\\/#organization\",\"name\":\"Auvergne Rh\u00f4ne-Alpes - SNETAP-FSU\",\"url\":\"https:\\\/\\\/regions-snetap-fsu.fr\\\/ara\\\/\",\"logo\":{\"@type\":\"ImageObject\",\"inLanguage\":\"fr-FR\",\"@id\":\"https:\\\/\\\/regions-snetap-fsu.fr\\\/ara\\\/#\\\/schema\\\/logo\\\/image\\\/\",\"url\":\"https:\\\/\\\/regions-snetap-fsu.fr\\\/ara\\\/wp-content\\\/uploads\\\/sites\\\/12\\\/2021\\\/03\\\/Auvergne-Rhones-Alpes.jpg\",\"contentUrl\":\"https:\\\/\\\/regions-snetap-fsu.fr\\\/ara\\\/wp-content\\\/uploads\\\/sites\\\/12\\\/2021\\\/03\\\/Auvergne-Rhones-Alpes.jpg\",\"width\":2000,\"height\":2000,\"caption\":\"Auvergne Rh\u00f4ne-Alpes - SNETAP-FSU\"},\"image\":{\"@id\":\"https:\\\/\\\/regions-snetap-fsu.fr\\\/ara\\\/#\\\/schema\\\/logo\\\/image\\\/\"}},{\"@type\":\"Person\",\"@id\":\"https:\\\/\\\/regions-snetap-fsu.fr\\\/ara\\\/#\\\/schema\\\/person\\\/0ba12f76f608c3574101bed3172dd09f\",\"name\":\"fmelin\",\"image\":{\"@type\":\"ImageObject\",\"inLanguage\":\"fr-FR\",\"@id\":\"https:\\\/\\\/secure.gravatar.com\\\/avatar\\\/e618b7bfe967a94f6e4775bc62382d58231a19a3bf3eb6fddaec658f79f3fbfa?s=96&d=mm&r=g\",\"url\":\"https:\\\/\\\/secure.gravatar.com\\\/avatar\\\/e618b7bfe967a94f6e4775bc62382d58231a19a3bf3eb6fddaec658f79f3fbfa?s=96&d=mm&r=g\",\"contentUrl\":\"https:\\\/\\\/secure.gravatar.com\\\/avatar\\\/e618b7bfe967a94f6e4775bc62382d58231a19a3bf3eb6fddaec658f79f3fbfa?s=96&d=mm&r=g\",\"caption\":\"fmelin\"},\"url\":\"https:\\\/\\\/regions-snetap-fsu.fr\\\/ara\\\/author\\\/fmelin\\\/\"}]}<\/script>\n<!-- \/ Yoast SEO plugin. -->","yoast_head_json":{"title":"Manifestations du 9 janvier : horaires et lieux - AUVERGNE RH\u00d4NE-ALPES","robots":{"index":"index","follow":"follow","max-snippet":"max-snippet:-1","max-image-preview":"max-image-preview:large","max-video-preview":"max-video-preview:-1"},"canonical":"https:\/\/regions-snetap-fsu.fr\/ara\/2020\/01\/08\/manifestations-du-9-janvier-horaires-et-lieux\/","og_locale":"fr_FR","og_type":"article","og_title":"Manifestations du 9 janvier : horaires et lieux - AUVERGNE RH\u00d4NE-ALPES","og_description":"01 Belley 14h30 place des Terreaux 01 Bourg-en-Bresse 14h30 au Champ de foire 03 Montlu\u00e7on 10h30 Place Jean Dormoy 03 Moulins 10h30 Place de la Libert\u00e9 03 Vichy 10h30 Place de la Poste 07 Annonay 14h 30 Grand frais 07 Aubenas 14h\u00a0 Champ de Mars 07 Le Cheylard 14h Mairie 07 Privas 10h30 Pr\u00e9fecture 07 [&hellip;]","og_url":"https:\/\/regions-snetap-fsu.fr\/ara\/2020\/01\/08\/manifestations-du-9-janvier-horaires-et-lieux\/","og_site_name":"AUVERGNE RH\u00d4NE-ALPES","article_published_time":"2020-01-08T12:55:33+00:00","author":"fmelin","twitter_card":"summary_large_image","twitter_misc":{"\u00c9crit par":"fmelin","Dur\u00e9e de lecture estim\u00e9e":"1 minute"},"schema":{"@context":"https:\/\/schema.org","@graph":[{"@type":"Article","@id":"https:\/\/regions-snetap-fsu.fr\/ara\/2020\/01\/08\/manifestations-du-9-janvier-horaires-et-lieux\/#article","isPartOf":{"@id":"https:\/\/regions-snetap-fsu.fr\/ara\/2020\/01\/08\/manifestations-du-9-janvier-horaires-et-lieux\/"},"author":{"name":"fmelin","@id":"https:\/\/regions-snetap-fsu.fr\/ara\/#\/schema\/person\/0ba12f76f608c3574101bed3172dd09f"},"headline":"Manifestations du 9 janvier : horaires et lieux","datePublished":"2020-01-08T12:55:33+00:00","mainEntityOfPage":{"@id":"https:\/\/regions-snetap-fsu.fr\/ara\/2020\/01\/08\/manifestations-du-9-janvier-horaires-et-lieux\/"},"wordCount":131,"publisher":{"@id":"https:\/\/regions-snetap-fsu.fr\/ara\/#organization"},"articleSection":["Actions en AuRA"],"inLanguage":"fr-FR"},{"@type":"WebPage","@id":"https:\/\/regions-snetap-fsu.fr\/ara\/2020\/01\/08\/manifestations-du-9-janvier-horaires-et-lieux\/","url":"https:\/\/regions-snetap-fsu.fr\/ara\/2020\/01\/08\/manifestations-du-9-janvier-horaires-et-lieux\/","name":"Manifestations du 9 janvier : horaires et lieux - AUVERGNE RH\u00d4NE-ALPES","isPartOf":{"@id":"https:\/\/regions-snetap-fsu.fr\/ara\/#website"},"datePublished":"2020-01-08T12:55:33+00:00","breadcrumb":{"@id":"https:\/\/regions-snetap-fsu.fr\/ara\/2020\/01\/08\/manifestations-du-9-janvier-horaires-et-lieux\/#breadcrumb"},"inLanguage":"fr-FR","potentialAction":[{"@type":"ReadAction","target":["https:\/\/regions-snetap-fsu.fr\/ara\/2020\/01\/08\/manifestations-du-9-janvier-horaires-et-lieux\/"]}]},{"@type":"BreadcrumbList","@id":"https:\/\/regions-snetap-fsu.fr\/ara\/2020\/01\/08\/manifestations-du-9-janvier-horaires-et-lieux\/#breadcrumb","itemListElement":[{"@type":"ListItem","position":1,"name":"Accueil","item":"https:\/\/regions-snetap-fsu.fr\/ara\/"},{"@type":"ListItem","position":2,"name":"Manifestations du 9 janvier : horaires et lieux"}]},{"@type":"WebSite","@id":"https:\/\/regions-snetap-fsu.fr\/ara\/#website","url":"https:\/\/regions-snetap-fsu.fr\/ara\/","name":"AUVERGNE RH\u00d4NE-ALPES","description":"Le site de la  Section Syndicale","publisher":{"@id":"https:\/\/regions-snetap-fsu.fr\/ara\/#organization"},"potentialAction":[{"@type":"SearchAction","target":{"@type":"EntryPoint","urlTemplate":"https:\/\/regions-snetap-fsu.fr\/ara\/?s={search_term_string}"},"query-input":{"@type":"PropertyValueSpecification","valueRequired":true,"valueName":"search_term_string"}}],"inLanguage":"fr-FR"},{"@type":"Organization","@id":"https:\/\/regions-snetap-fsu.fr\/ara\/#organization","name":"Auvergne Rh\u00f4ne-Alpes - SNETAP-FSU","url":"https:\/\/regions-snetap-fsu.fr\/ara\/","logo":{"@type":"ImageObject","inLanguage":"fr-FR","@id":"https:\/\/regions-snetap-fsu.fr\/ara\/#\/schema\/logo\/image\/","url":"https:\/\/regions-snetap-fsu.fr\/ara\/wp-content\/uploads\/sites\/12\/2021\/03\/Auvergne-Rhones-Alpes.jpg","contentUrl":"https:\/\/regions-snetap-fsu.fr\/ara\/wp-content\/uploads\/sites\/12\/2021\/03\/Auvergne-Rhones-Alpes.jpg","width":2000,"height":2000,"caption":"Auvergne Rh\u00f4ne-Alpes - SNETAP-FSU"},"image":{"@id":"https:\/\/regions-snetap-fsu.fr\/ara\/#\/schema\/logo\/image\/"}},{"@type":"Person","@id":"https:\/\/regions-snetap-fsu.fr\/ara\/#\/schema\/person\/0ba12f76f608c3574101bed3172dd09f","name":"fmelin","image":{"@type":"ImageObject","inLanguage":"fr-FR","@id":"https:\/\/secure.gravatar.com\/avatar\/e618b7bfe967a94f6e4775bc62382d58231a19a3bf3eb6fddaec658f79f3fbfa?s=96&d=mm&r=g","url":"https:\/\/secure.gravatar.com\/avatar\/e618b7bfe967a94f6e4775bc62382d58231a19a3bf3eb6fddaec658f79f3fbfa?s=96&d=mm&r=g","contentUrl":"https:\/\/secure.gravatar.com\/avatar\/e618b7bfe967a94f6e4775bc62382d58231a19a3bf3eb6fddaec658f79f3fbfa?s=96&d=mm&r=g","caption":"fmelin"},"url":"https:\/\/regions-snetap-fsu.fr\/ara\/author\/fmelin\/"}]}},"_links":{"self":[{"href":"https:\/\/regions-snetap-fsu.fr\/ara\/wp-json\/wp\/v2\/posts\/464","targetHints":{"allow":["GET"]}}],"collection":[{"href":"https:\/\/regions-snetap-fsu.fr\/ara\/wp-json\/wp\/v2\/posts"}],"about":[{"href":"https:\/\/regions-snetap-fsu.fr\/ara\/wp-json\/wp\/v2\/types\/post"}],"author":[{"embeddable":true,"href":"https:\/\/regions-snetap-fsu.fr\/ara\/wp-json\/wp\/v2\/users\/120"}],"replies":[{"embeddable":true,"href":"https:\/\/regions-snetap-fsu.fr\/ara\/wp-json\/wp\/v2\/comments?post=464"}],"version-history":[{"count":4,"href":"https:\/\/regions-snetap-fsu.fr\/ara\/wp-json\/wp\/v2\/posts\/464\/revisions"}],"predecessor-version":[{"id":468,"href":"https:\/\/regions-snetap-fsu.fr\/ara\/wp-json\/wp\/v2\/posts\/464\/revisions\/468"}],"wp:attachment":[{"href":"https:\/\/regions-snetap-fsu.fr\/ara\/wp-json\/wp\/v2\/media?parent=464"}],"wp:term":[{"taxonomy":"category","embeddable":true,"href":"https:\/\/regions-snetap-fsu.fr\/ara\/wp-json\/wp\/v2\/categories?post=464"},{"taxonomy":"post_tag","embeddable":true,"href":"https:\/\/regions-snetap-fsu.fr\/ara\/wp-json\/wp\/v2\/tags?post=464"},{"taxonomy":"post_folder","embeddable":true,"href":"https:\/\/regions-snetap-fsu.fr\/ara\/wp-json\/wp\/v2\/post_folder?post=464"}],"curies":[{"name":"wp","href":"https:\/\/api.w.org\/{rel}","templated":true}]}}