{"id":452,"date":"2019-12-18T20:53:56","date_gmt":"2019-12-18T19:53:56","guid":{"rendered":"https:\/\/regions-snetap-fsu.fr\/ara\/?p=452"},"modified":"2019-12-18T20:53:56","modified_gmt":"2019-12-18T19:53:56","slug":"manifestation-du-17-decembre-toujours-la","status":"publish","type":"post","link":"https:\/\/regions-snetap-fsu.fr\/ara\/2019\/12\/18\/manifestation-du-17-decembre-toujours-la\/","title":{"rendered":"Manifestation du 17 d\u00e9cembre : toujours l\u00e0 !"},"content":{"rendered":"<p>Les manifestations en r\u00e9gion ont encore \u00e9t\u00e9 tr\u00e8s suivies ce mardi, comme ici \u00e0 Saint-Etienne.<\/p>\n<p><img fetchpriority=\"high\" decoding=\"async\" class=\"wp-image-458 size-full alignnone\" src=\"https:\/\/regions-snetap-fsu.fr\/ara\/wp-content\/uploads\/sites\/12\/2019\/12\/Image-manif-Saint\u00e9-17.12.19-1.jpg\" alt=\"\" width=\"644\" height=\"361\" srcset=\"https:\/\/regions-snetap-fsu.fr\/ara\/wp-content\/uploads\/sites\/12\/2019\/12\/Image-manif-Saint\u00e9-17.12.19-1.jpg 644w, https:\/\/regions-snetap-fsu.fr\/ara\/wp-content\/uploads\/sites\/12\/2019\/12\/Image-manif-Saint\u00e9-17.12.19-1-300x168.jpg 300w, https:\/\/regions-snetap-fsu.fr\/ara\/wp-content\/uploads\/sites\/12\/2019\/12\/Image-manif-Saint\u00e9-17.12.19-1-100x56.jpg 100w, https:\/\/regions-snetap-fsu.fr\/ara\/wp-content\/uploads\/sites\/12\/2019\/12\/Image-manif-Saint\u00e9-17.12.19-1-150x84.jpg 150w, https:\/\/regions-snetap-fsu.fr\/ara\/wp-content\/uploads\/sites\/12\/2019\/12\/Image-manif-Saint\u00e9-17.12.19-1-200x112.jpg 200w, https:\/\/regions-snetap-fsu.fr\/ara\/wp-content\/uploads\/sites\/12\/2019\/12\/Image-manif-Saint\u00e9-17.12.19-1-450x252.jpg 450w, https:\/\/regions-snetap-fsu.fr\/ara\/wp-content\/uploads\/sites\/12\/2019\/12\/Image-manif-Saint\u00e9-17.12.19-1-600x336.jpg 600w\" sizes=\"(max-width: 644px) 100vw, 644px\" \/><\/p>\n<p>Le Campus Agronova \u00e9tait pr\u00e9sent et a cr\u00e9\u00e9 pour l&rsquo;occasion une affiche<\/p>\n<p><img decoding=\"async\" class=\"wp-image-456 size-large alignnone\" src=\"https:\/\/regions-snetap-fsu.fr\/ara\/wp-content\/uploads\/sites\/12\/2019\/12\/Affiche-Campus-17.12.19-1024x692.png\" alt=\"\" width=\"605\" height=\"409\" \/><\/p>\n<p>&nbsp;<\/p>\n","protected":false},"excerpt":{"rendered":"<p>Les manifestations en r\u00e9gion ont encore \u00e9t\u00e9 tr\u00e8s suivies ce mardi, comme ici \u00e0 Saint-Etienne. Le Campus Agronova \u00e9tait pr\u00e9sent et a cr\u00e9\u00e9 pour l&rsquo;occasion une affiche &nbsp;<\/p>\n","protected":false},"author":120,"featured_media":0,"comment_status":"closed","ping_status":"closed","sticky":false,"template":"","format":"standard","meta":{"ocean_post_layout":"","ocean_both_sidebars_style":"","ocean_both_sidebars_content_width":0,"ocean_both_sidebars_sidebars_width":0,"ocean_sidebar":"","ocean_second_sidebar":"","ocean_disable_margins":"enable","ocean_add_body_class":"","ocean_shortcode_before_top_bar":"","ocean_shortcode_after_top_bar":"","ocean_shortcode_before_header":"","ocean_shortcode_after_header":"","ocean_has_shortcode":"","ocean_shortcode_after_title":"","ocean_shortcode_before_footer_widgets":"","ocean_shortcode_after_footer_widgets":"","ocean_shortcode_before_footer_bottom":"","ocean_shortcode_after_footer_bottom":"","ocean_display_top_bar":"default","ocean_display_header":"default","ocean_header_style":"","ocean_center_header_left_menu":"","ocean_custom_header_template":"","ocean_custom_logo":0,"ocean_custom_retina_logo":0,"ocean_custom_logo_max_width":0,"ocean_custom_logo_tablet_max_width":0,"ocean_custom_logo_mobile_max_width":0,"ocean_custom_logo_max_height":0,"ocean_custom_logo_tablet_max_height":0,"ocean_custom_logo_mobile_max_height":0,"ocean_header_custom_menu":"","ocean_menu_typo_font_family":"","ocean_menu_typo_font_subset":"","ocean_menu_typo_font_size":0,"ocean_menu_typo_font_size_tablet":0,"ocean_menu_typo_font_size_mobile":0,"ocean_menu_typo_font_size_unit":"px","ocean_menu_typo_font_weight":"","ocean_menu_typo_font_weight_tablet":"","ocean_menu_typo_font_weight_mobile":"","ocean_menu_typo_transform":"","ocean_menu_typo_transform_tablet":"","ocean_menu_typo_transform_mobile":"","ocean_menu_typo_line_height":0,"ocean_menu_typo_line_height_tablet":0,"ocean_menu_typo_line_height_mobile":0,"ocean_menu_typo_line_height_unit":"","ocean_menu_typo_spacing":0,"ocean_menu_typo_spacing_tablet":0,"ocean_menu_typo_spacing_mobile":0,"ocean_menu_typo_spacing_unit":"","ocean_menu_link_color":"","ocean_menu_link_color_hover":"","ocean_menu_link_color_active":"","ocean_menu_link_background":"","ocean_menu_link_hover_background":"","ocean_menu_link_active_background":"","ocean_menu_social_links_bg":"","ocean_menu_social_hover_links_bg":"","ocean_menu_social_links_color":"","ocean_menu_social_hover_links_color":"","ocean_disable_title":"default","ocean_disable_heading":"default","ocean_post_title":"","ocean_post_subheading":"","ocean_post_title_style":"","ocean_post_title_background_color":"","ocean_post_title_background":0,"ocean_post_title_bg_image_position":"","ocean_post_title_bg_image_attachment":"","ocean_post_title_bg_image_repeat":"","ocean_post_title_bg_image_size":"","ocean_post_title_height":0,"ocean_post_title_bg_overlay":0.5,"ocean_post_title_bg_overlay_color":"","ocean_disable_breadcrumbs":"default","ocean_breadcrumbs_color":"","ocean_breadcrumbs_separator_color":"","ocean_breadcrumbs_links_color":"","ocean_breadcrumbs_links_hover_color":"","ocean_display_footer_widgets":"default","ocean_display_footer_bottom":"default","ocean_custom_footer_template":"","ocean_post_oembed":"","ocean_post_self_hosted_media":"","ocean_post_video_embed":"","ocean_link_format":"","ocean_link_format_target":"self","ocean_quote_format":"","ocean_quote_format_link":"post","ocean_gallery_link_images":"on","ocean_gallery_id":[],"footnotes":""},"categories":[3],"tags":[],"post_folder":[],"class_list":["post-452","post","type-post","status-publish","format-standard","hentry","category-actions","entry"],"yoast_head":"<!-- This site is optimized with the Yoast SEO plugin v27.4 - https:\/\/yoast.com\/product\/yoast-seo-wordpress\/ -->\n<title>Manifestation du 17 d\u00e9cembre : toujours l\u00e0 ! - AUVERGNE RH\u00d4NE-ALPES<\/title>\n<meta name=\"robots\" content=\"index, follow, max-snippet:-1, max-image-preview:large, max-video-preview:-1\" \/>\n<link rel=\"canonical\" href=\"https:\/\/regions-snetap-fsu.fr\/ara\/2019\/12\/18\/manifestation-du-17-decembre-toujours-la\/\" \/>\n<meta property=\"og:locale\" content=\"fr_FR\" \/>\n<meta property=\"og:type\" content=\"article\" \/>\n<meta property=\"og:title\" content=\"Manifestation du 17 d\u00e9cembre : toujours l\u00e0 ! - AUVERGNE RH\u00d4NE-ALPES\" \/>\n<meta property=\"og:description\" content=\"Les manifestations en r\u00e9gion ont encore \u00e9t\u00e9 tr\u00e8s suivies ce mardi, comme ici \u00e0 Saint-Etienne. Le Campus Agronova \u00e9tait pr\u00e9sent et a cr\u00e9\u00e9 pour l&rsquo;occasion une affiche &nbsp;\" \/>\n<meta property=\"og:url\" content=\"https:\/\/regions-snetap-fsu.fr\/ara\/2019\/12\/18\/manifestation-du-17-decembre-toujours-la\/\" \/>\n<meta property=\"og:site_name\" content=\"AUVERGNE RH\u00d4NE-ALPES\" \/>\n<meta property=\"article:published_time\" content=\"2019-12-18T19:53:56+00:00\" \/>\n<meta property=\"og:image\" content=\"https:\/\/regions-snetap-fsu.fr\/ara\/wp-content\/uploads\/sites\/12\/2019\/12\/Image-manif-Saint\u00e9-17.12.19-1.jpg\" \/>\n<meta name=\"author\" content=\"fmelin\" \/>\n<meta name=\"twitter:card\" content=\"summary_large_image\" \/>\n<meta name=\"twitter:label1\" content=\"\u00c9crit par\" \/>\n\t<meta name=\"twitter:data1\" content=\"fmelin\" \/>\n<script type=\"application\/ld+json\" class=\"yoast-schema-graph\">{\"@context\":\"https:\\\/\\\/schema.org\",\"@graph\":[{\"@type\":\"Article\",\"@id\":\"https:\\\/\\\/regions-snetap-fsu.fr\\\/ara\\\/2019\\\/12\\\/18\\\/manifestation-du-17-decembre-toujours-la\\\/#article\",\"isPartOf\":{\"@id\":\"https:\\\/\\\/regions-snetap-fsu.fr\\\/ara\\\/2019\\\/12\\\/18\\\/manifestation-du-17-decembre-toujours-la\\\/\"},\"author\":{\"name\":\"fmelin\",\"@id\":\"https:\\\/\\\/regions-snetap-fsu.fr\\\/ara\\\/#\\\/schema\\\/person\\\/0ba12f76f608c3574101bed3172dd09f\"},\"headline\":\"Manifestation du 17 d\u00e9cembre : toujours l\u00e0 !\",\"datePublished\":\"2019-12-18T19:53:56+00:00\",\"mainEntityOfPage\":{\"@id\":\"https:\\\/\\\/regions-snetap-fsu.fr\\\/ara\\\/2019\\\/12\\\/18\\\/manifestation-du-17-decembre-toujours-la\\\/\"},\"wordCount\":37,\"publisher\":{\"@id\":\"https:\\\/\\\/regions-snetap-fsu.fr\\\/ara\\\/#organization\"},\"image\":{\"@id\":\"https:\\\/\\\/regions-snetap-fsu.fr\\\/ara\\\/2019\\\/12\\\/18\\\/manifestation-du-17-decembre-toujours-la\\\/#primaryimage\"},\"thumbnailUrl\":\"https:\\\/\\\/regions-snetap-fsu.fr\\\/ara\\\/wp-content\\\/uploads\\\/sites\\\/12\\\/2019\\\/12\\\/Affiche-Campus-17.12.19-1024x692.png\",\"articleSection\":[\"Actions en AuRA\"],\"inLanguage\":\"fr-FR\"},{\"@type\":\"WebPage\",\"@id\":\"https:\\\/\\\/regions-snetap-fsu.fr\\\/ara\\\/2019\\\/12\\\/18\\\/manifestation-du-17-decembre-toujours-la\\\/\",\"url\":\"https:\\\/\\\/regions-snetap-fsu.fr\\\/ara\\\/2019\\\/12\\\/18\\\/manifestation-du-17-decembre-toujours-la\\\/\",\"name\":\"Manifestation du 17 d\u00e9cembre : toujours l\u00e0 ! - AUVERGNE RH\u00d4NE-ALPES\",\"isPartOf\":{\"@id\":\"https:\\\/\\\/regions-snetap-fsu.fr\\\/ara\\\/#website\"},\"primaryImageOfPage\":{\"@id\":\"https:\\\/\\\/regions-snetap-fsu.fr\\\/ara\\\/2019\\\/12\\\/18\\\/manifestation-du-17-decembre-toujours-la\\\/#primaryimage\"},\"image\":{\"@id\":\"https:\\\/\\\/regions-snetap-fsu.fr\\\/ara\\\/2019\\\/12\\\/18\\\/manifestation-du-17-decembre-toujours-la\\\/#primaryimage\"},\"thumbnailUrl\":\"https:\\\/\\\/regions-snetap-fsu.fr\\\/ara\\\/wp-content\\\/uploads\\\/sites\\\/12\\\/2019\\\/12\\\/Affiche-Campus-17.12.19-1024x692.png\",\"datePublished\":\"2019-12-18T19:53:56+00:00\",\"breadcrumb\":{\"@id\":\"https:\\\/\\\/regions-snetap-fsu.fr\\\/ara\\\/2019\\\/12\\\/18\\\/manifestation-du-17-decembre-toujours-la\\\/#breadcrumb\"},\"inLanguage\":\"fr-FR\",\"potentialAction\":[{\"@type\":\"ReadAction\",\"target\":[\"https:\\\/\\\/regions-snetap-fsu.fr\\\/ara\\\/2019\\\/12\\\/18\\\/manifestation-du-17-decembre-toujours-la\\\/\"]}]},{\"@type\":\"ImageObject\",\"inLanguage\":\"fr-FR\",\"@id\":\"https:\\\/\\\/regions-snetap-fsu.fr\\\/ara\\\/2019\\\/12\\\/18\\\/manifestation-du-17-decembre-toujours-la\\\/#primaryimage\",\"url\":\"https:\\\/\\\/regions-snetap-fsu.fr\\\/ara\\\/wp-content\\\/uploads\\\/sites\\\/12\\\/2019\\\/12\\\/Affiche-Campus-17.12.19-1024x692.png\",\"contentUrl\":\"https:\\\/\\\/regions-snetap-fsu.fr\\\/ara\\\/wp-content\\\/uploads\\\/sites\\\/12\\\/2019\\\/12\\\/Affiche-Campus-17.12.19-1024x692.png\"},{\"@type\":\"BreadcrumbList\",\"@id\":\"https:\\\/\\\/regions-snetap-fsu.fr\\\/ara\\\/2019\\\/12\\\/18\\\/manifestation-du-17-decembre-toujours-la\\\/#breadcrumb\",\"itemListElement\":[{\"@type\":\"ListItem\",\"position\":1,\"name\":\"Accueil\",\"item\":\"https:\\\/\\\/regions-snetap-fsu.fr\\\/ara\\\/\"},{\"@type\":\"ListItem\",\"position\":2,\"name\":\"Manifestation du 17 d\u00e9cembre : toujours l\u00e0 !\"}]},{\"@type\":\"WebSite\",\"@id\":\"https:\\\/\\\/regions-snetap-fsu.fr\\\/ara\\\/#website\",\"url\":\"https:\\\/\\\/regions-snetap-fsu.fr\\\/ara\\\/\",\"name\":\"AUVERGNE RH\u00d4NE-ALPES\",\"description\":\"Le site de la  Section Syndicale\",\"publisher\":{\"@id\":\"https:\\\/\\\/regions-snetap-fsu.fr\\\/ara\\\/#organization\"},\"potentialAction\":[{\"@type\":\"SearchAction\",\"target\":{\"@type\":\"EntryPoint\",\"urlTemplate\":\"https:\\\/\\\/regions-snetap-fsu.fr\\\/ara\\\/?s={search_term_string}\"},\"query-input\":{\"@type\":\"PropertyValueSpecification\",\"valueRequired\":true,\"valueName\":\"search_term_string\"}}],\"inLanguage\":\"fr-FR\"},{\"@type\":\"Organization\",\"@id\":\"https:\\\/\\\/regions-snetap-fsu.fr\\\/ara\\\/#organization\",\"name\":\"Auvergne Rh\u00f4ne-Alpes - SNETAP-FSU\",\"url\":\"https:\\\/\\\/regions-snetap-fsu.fr\\\/ara\\\/\",\"logo\":{\"@type\":\"ImageObject\",\"inLanguage\":\"fr-FR\",\"@id\":\"https:\\\/\\\/regions-snetap-fsu.fr\\\/ara\\\/#\\\/schema\\\/logo\\\/image\\\/\",\"url\":\"https:\\\/\\\/regions-snetap-fsu.fr\\\/ara\\\/wp-content\\\/uploads\\\/sites\\\/12\\\/2021\\\/03\\\/Auvergne-Rhones-Alpes.jpg\",\"contentUrl\":\"https:\\\/\\\/regions-snetap-fsu.fr\\\/ara\\\/wp-content\\\/uploads\\\/sites\\\/12\\\/2021\\\/03\\\/Auvergne-Rhones-Alpes.jpg\",\"width\":2000,\"height\":2000,\"caption\":\"Auvergne Rh\u00f4ne-Alpes - SNETAP-FSU\"},\"image\":{\"@id\":\"https:\\\/\\\/regions-snetap-fsu.fr\\\/ara\\\/#\\\/schema\\\/logo\\\/image\\\/\"}},{\"@type\":\"Person\",\"@id\":\"https:\\\/\\\/regions-snetap-fsu.fr\\\/ara\\\/#\\\/schema\\\/person\\\/0ba12f76f608c3574101bed3172dd09f\",\"name\":\"fmelin\",\"image\":{\"@type\":\"ImageObject\",\"inLanguage\":\"fr-FR\",\"@id\":\"https:\\\/\\\/secure.gravatar.com\\\/avatar\\\/e618b7bfe967a94f6e4775bc62382d58231a19a3bf3eb6fddaec658f79f3fbfa?s=96&d=mm&r=g\",\"url\":\"https:\\\/\\\/secure.gravatar.com\\\/avatar\\\/e618b7bfe967a94f6e4775bc62382d58231a19a3bf3eb6fddaec658f79f3fbfa?s=96&d=mm&r=g\",\"contentUrl\":\"https:\\\/\\\/secure.gravatar.com\\\/avatar\\\/e618b7bfe967a94f6e4775bc62382d58231a19a3bf3eb6fddaec658f79f3fbfa?s=96&d=mm&r=g\",\"caption\":\"fmelin\"},\"url\":\"https:\\\/\\\/regions-snetap-fsu.fr\\\/ara\\\/author\\\/fmelin\\\/\"}]}<\/script>\n<!-- \/ Yoast SEO plugin. -->","yoast_head_json":{"title":"Manifestation du 17 d\u00e9cembre : toujours l\u00e0 ! - AUVERGNE RH\u00d4NE-ALPES","robots":{"index":"index","follow":"follow","max-snippet":"max-snippet:-1","max-image-preview":"max-image-preview:large","max-video-preview":"max-video-preview:-1"},"canonical":"https:\/\/regions-snetap-fsu.fr\/ara\/2019\/12\/18\/manifestation-du-17-decembre-toujours-la\/","og_locale":"fr_FR","og_type":"article","og_title":"Manifestation du 17 d\u00e9cembre : toujours l\u00e0 ! - AUVERGNE RH\u00d4NE-ALPES","og_description":"Les manifestations en r\u00e9gion ont encore \u00e9t\u00e9 tr\u00e8s suivies ce mardi, comme ici \u00e0 Saint-Etienne. Le Campus Agronova \u00e9tait pr\u00e9sent et a cr\u00e9\u00e9 pour l&rsquo;occasion une affiche &nbsp;","og_url":"https:\/\/regions-snetap-fsu.fr\/ara\/2019\/12\/18\/manifestation-du-17-decembre-toujours-la\/","og_site_name":"AUVERGNE RH\u00d4NE-ALPES","article_published_time":"2019-12-18T19:53:56+00:00","og_image":[{"url":"https:\/\/regions-snetap-fsu.fr\/ara\/wp-content\/uploads\/sites\/12\/2019\/12\/Image-manif-Saint\u00e9-17.12.19-1.jpg","type":"","width":"","height":""}],"author":"fmelin","twitter_card":"summary_large_image","twitter_misc":{"\u00c9crit par":"fmelin"},"schema":{"@context":"https:\/\/schema.org","@graph":[{"@type":"Article","@id":"https:\/\/regions-snetap-fsu.fr\/ara\/2019\/12\/18\/manifestation-du-17-decembre-toujours-la\/#article","isPartOf":{"@id":"https:\/\/regions-snetap-fsu.fr\/ara\/2019\/12\/18\/manifestation-du-17-decembre-toujours-la\/"},"author":{"name":"fmelin","@id":"https:\/\/regions-snetap-fsu.fr\/ara\/#\/schema\/person\/0ba12f76f608c3574101bed3172dd09f"},"headline":"Manifestation du 17 d\u00e9cembre : toujours l\u00e0 !","datePublished":"2019-12-18T19:53:56+00:00","mainEntityOfPage":{"@id":"https:\/\/regions-snetap-fsu.fr\/ara\/2019\/12\/18\/manifestation-du-17-decembre-toujours-la\/"},"wordCount":37,"publisher":{"@id":"https:\/\/regions-snetap-fsu.fr\/ara\/#organization"},"image":{"@id":"https:\/\/regions-snetap-fsu.fr\/ara\/2019\/12\/18\/manifestation-du-17-decembre-toujours-la\/#primaryimage"},"thumbnailUrl":"https:\/\/regions-snetap-fsu.fr\/ara\/wp-content\/uploads\/sites\/12\/2019\/12\/Affiche-Campus-17.12.19-1024x692.png","articleSection":["Actions en AuRA"],"inLanguage":"fr-FR"},{"@type":"WebPage","@id":"https:\/\/regions-snetap-fsu.fr\/ara\/2019\/12\/18\/manifestation-du-17-decembre-toujours-la\/","url":"https:\/\/regions-snetap-fsu.fr\/ara\/2019\/12\/18\/manifestation-du-17-decembre-toujours-la\/","name":"Manifestation du 17 d\u00e9cembre : toujours l\u00e0 ! - AUVERGNE RH\u00d4NE-ALPES","isPartOf":{"@id":"https:\/\/regions-snetap-fsu.fr\/ara\/#website"},"primaryImageOfPage":{"@id":"https:\/\/regions-snetap-fsu.fr\/ara\/2019\/12\/18\/manifestation-du-17-decembre-toujours-la\/#primaryimage"},"image":{"@id":"https:\/\/regions-snetap-fsu.fr\/ara\/2019\/12\/18\/manifestation-du-17-decembre-toujours-la\/#primaryimage"},"thumbnailUrl":"https:\/\/regions-snetap-fsu.fr\/ara\/wp-content\/uploads\/sites\/12\/2019\/12\/Affiche-Campus-17.12.19-1024x692.png","datePublished":"2019-12-18T19:53:56+00:00","breadcrumb":{"@id":"https:\/\/regions-snetap-fsu.fr\/ara\/2019\/12\/18\/manifestation-du-17-decembre-toujours-la\/#breadcrumb"},"inLanguage":"fr-FR","potentialAction":[{"@type":"ReadAction","target":["https:\/\/regions-snetap-fsu.fr\/ara\/2019\/12\/18\/manifestation-du-17-decembre-toujours-la\/"]}]},{"@type":"ImageObject","inLanguage":"fr-FR","@id":"https:\/\/regions-snetap-fsu.fr\/ara\/2019\/12\/18\/manifestation-du-17-decembre-toujours-la\/#primaryimage","url":"https:\/\/regions-snetap-fsu.fr\/ara\/wp-content\/uploads\/sites\/12\/2019\/12\/Affiche-Campus-17.12.19-1024x692.png","contentUrl":"https:\/\/regions-snetap-fsu.fr\/ara\/wp-content\/uploads\/sites\/12\/2019\/12\/Affiche-Campus-17.12.19-1024x692.png"},{"@type":"BreadcrumbList","@id":"https:\/\/regions-snetap-fsu.fr\/ara\/2019\/12\/18\/manifestation-du-17-decembre-toujours-la\/#breadcrumb","itemListElement":[{"@type":"ListItem","position":1,"name":"Accueil","item":"https:\/\/regions-snetap-fsu.fr\/ara\/"},{"@type":"ListItem","position":2,"name":"Manifestation du 17 d\u00e9cembre : toujours l\u00e0 !"}]},{"@type":"WebSite","@id":"https:\/\/regions-snetap-fsu.fr\/ara\/#website","url":"https:\/\/regions-snetap-fsu.fr\/ara\/","name":"AUVERGNE RH\u00d4NE-ALPES","description":"Le site de la  Section Syndicale","publisher":{"@id":"https:\/\/regions-snetap-fsu.fr\/ara\/#organization"},"potentialAction":[{"@type":"SearchAction","target":{"@type":"EntryPoint","urlTemplate":"https:\/\/regions-snetap-fsu.fr\/ara\/?s={search_term_string}"},"query-input":{"@type":"PropertyValueSpecification","valueRequired":true,"valueName":"search_term_string"}}],"inLanguage":"fr-FR"},{"@type":"Organization","@id":"https:\/\/regions-snetap-fsu.fr\/ara\/#organization","name":"Auvergne Rh\u00f4ne-Alpes - SNETAP-FSU","url":"https:\/\/regions-snetap-fsu.fr\/ara\/","logo":{"@type":"ImageObject","inLanguage":"fr-FR","@id":"https:\/\/regions-snetap-fsu.fr\/ara\/#\/schema\/logo\/image\/","url":"https:\/\/regions-snetap-fsu.fr\/ara\/wp-content\/uploads\/sites\/12\/2021\/03\/Auvergne-Rhones-Alpes.jpg","contentUrl":"https:\/\/regions-snetap-fsu.fr\/ara\/wp-content\/uploads\/sites\/12\/2021\/03\/Auvergne-Rhones-Alpes.jpg","width":2000,"height":2000,"caption":"Auvergne Rh\u00f4ne-Alpes - SNETAP-FSU"},"image":{"@id":"https:\/\/regions-snetap-fsu.fr\/ara\/#\/schema\/logo\/image\/"}},{"@type":"Person","@id":"https:\/\/regions-snetap-fsu.fr\/ara\/#\/schema\/person\/0ba12f76f608c3574101bed3172dd09f","name":"fmelin","image":{"@type":"ImageObject","inLanguage":"fr-FR","@id":"https:\/\/secure.gravatar.com\/avatar\/e618b7bfe967a94f6e4775bc62382d58231a19a3bf3eb6fddaec658f79f3fbfa?s=96&d=mm&r=g","url":"https:\/\/secure.gravatar.com\/avatar\/e618b7bfe967a94f6e4775bc62382d58231a19a3bf3eb6fddaec658f79f3fbfa?s=96&d=mm&r=g","contentUrl":"https:\/\/secure.gravatar.com\/avatar\/e618b7bfe967a94f6e4775bc62382d58231a19a3bf3eb6fddaec658f79f3fbfa?s=96&d=mm&r=g","caption":"fmelin"},"url":"https:\/\/regions-snetap-fsu.fr\/ara\/author\/fmelin\/"}]}},"_links":{"self":[{"href":"https:\/\/regions-snetap-fsu.fr\/ara\/wp-json\/wp\/v2\/posts\/452","targetHints":{"allow":["GET"]}}],"collection":[{"href":"https:\/\/regions-snetap-fsu.fr\/ara\/wp-json\/wp\/v2\/posts"}],"about":[{"href":"https:\/\/regions-snetap-fsu.fr\/ara\/wp-json\/wp\/v2\/types\/post"}],"author":[{"embeddable":true,"href":"https:\/\/regions-snetap-fsu.fr\/ara\/wp-json\/wp\/v2\/users\/120"}],"replies":[{"embeddable":true,"href":"https:\/\/regions-snetap-fsu.fr\/ara\/wp-json\/wp\/v2\/comments?post=452"}],"version-history":[{"count":4,"href":"https:\/\/regions-snetap-fsu.fr\/ara\/wp-json\/wp\/v2\/posts\/452\/revisions"}],"predecessor-version":[{"id":459,"href":"https:\/\/regions-snetap-fsu.fr\/ara\/wp-json\/wp\/v2\/posts\/452\/revisions\/459"}],"wp:attachment":[{"href":"https:\/\/regions-snetap-fsu.fr\/ara\/wp-json\/wp\/v2\/media?parent=452"}],"wp:term":[{"taxonomy":"category","embeddable":true,"href":"https:\/\/regions-snetap-fsu.fr\/ara\/wp-json\/wp\/v2\/categories?post=452"},{"taxonomy":"post_tag","embeddable":true,"href":"https:\/\/regions-snetap-fsu.fr\/ara\/wp-json\/wp\/v2\/tags?post=452"},{"taxonomy":"post_folder","embeddable":true,"href":"https:\/\/regions-snetap-fsu.fr\/ara\/wp-json\/wp\/v2\/post_folder?post=452"}],"curies":[{"name":"wp","href":"https:\/\/api.w.org\/{rel}","templated":true}]}}