{"id":426,"date":"2019-11-28T16:17:04","date_gmt":"2019-11-28T15:17:04","guid":{"rendered":"https:\/\/regions-snetap-fsu.fr\/ara\/?p=426"},"modified":"2019-11-28T16:17:04","modified_gmt":"2019-11-28T15:17:04","slug":"les-manifestations-contre-la-reforme-des-retraites-le-5-decembre","status":"publish","type":"post","link":"https:\/\/regions-snetap-fsu.fr\/ara\/2019\/11\/28\/les-manifestations-contre-la-reforme-des-retraites-le-5-decembre\/","title":{"rendered":"Les manifestations contre la r\u00e9forme des retraites le 5 d\u00e9cembre"},"content":{"rendered":"<table style=\"width: 92.8168%\">\n<tbody>\n<tr>\n<td style=\"width: 5.16854%\">01<\/td>\n<td style=\"width: 29.8876%\">Belley<\/td>\n<td style=\"width: 90.5618%\">14h30 place des Terreaux<\/td>\n<\/tr>\n<tr>\n<td style=\"width: 5.16854%\">01<\/td>\n<td style=\"width: 29.8876%\">Bourg-en-Bresse<\/td>\n<td style=\"width: 90.5618%\">14h30 au Champ de foire<\/td>\n<\/tr>\n<tr>\n<td style=\"width: 5.16854%\">01<\/td>\n<td style=\"width: 29.8876%\">Gex<\/td>\n<td style=\"width: 90.5618%\">15h rassemblement \u00e0 la sous-pr\u00e9fecture puis audience<\/td>\n<\/tr>\n<tr>\n<td style=\"width: 5.16854%\">03<\/td>\n<td style=\"width: 29.8876%\">Montlu\u00e7on<\/td>\n<td style=\"width: 90.5618%\">10h30 Place Jean Dormoy<\/td>\n<\/tr>\n<tr>\n<td style=\"width: 5.16854%\">03<\/td>\n<td style=\"width: 29.8876%\">Moulins<\/td>\n<td style=\"width: 90.5618%\">10h30 Place d&rsquo;Allier<\/td>\n<\/tr>\n<tr>\n<td style=\"width: 5.16854%\">03<\/td>\n<td style=\"width: 29.8876%\">Vichy<\/td>\n<td style=\"width: 90.5618%\">10h30 Place de la Poste<\/td>\n<\/tr>\n<tr>\n<td style=\"width: 5.16854%\">07<\/td>\n<td style=\"width: 29.8876%\">Annonay<\/td>\n<td style=\"width: 90.5618%\">10h Salle Gola Pr\u00e9paration manif<\/p>\n<p>12h repas partag\u00e9<\/p>\n<p>14h Manif gare routi\u00e8re<\/td>\n<\/tr>\n<tr>\n<td style=\"width: 5.16854%\">07<\/td>\n<td style=\"width: 29.8876%\">Aubenas<\/td>\n<td style=\"width: 90.5618%\">10h AG \u00e9duc P\u00f4le Service<\/p>\n<p>13h pique-nique Agora Champ de Mars<\/p>\n<p>15h rassemblement rond-point Ponson<\/td>\n<\/tr>\n<tr>\n<td style=\"width: 5.16854%\">07<\/td>\n<td style=\"width: 29.8876%\">Le Cheylard<\/td>\n<td style=\"width: 90.5618%\">14h Mairie<\/td>\n<\/tr>\n<tr>\n<td style=\"width: 5.16854%\">07<\/td>\n<td style=\"width: 29.8876%\">Privas<\/td>\n<td style=\"width: 90.5618%\">9h Pr\u00e9paration manif maison des syndicats<\/p>\n<p>10h30 Manif \u00e0 la pr\u00e9fecture<\/p>\n<p>midi : AG \u00e9duc\u00a0 maison des syndicats<\/td>\n<\/tr>\n<tr>\n<td style=\"width: 5.16854%\">07<\/td>\n<td style=\"width: 29.8876%\">Tournon<\/td>\n<td style=\"width: 90.5618%\">14h30 Place Carnot<\/td>\n<\/tr>\n<tr>\n<td style=\"width: 5.16854%\">15<\/td>\n<td style=\"width: 29.8876%\">Aurillac<\/p>\n<p>&nbsp;<\/td>\n<td style=\"width: 90.5618%\">9H15 pr\u00e9paration manif Salle 1 b\u00e2timent de l&rsquo;Horloge<br \/>\n10h Place des Carmes<\/td>\n<\/tr>\n<tr>\n<td style=\"width: 5.16854%\">26<\/td>\n<td style=\"width: 29.8876%\">Mont\u00e9limar<\/td>\n<td style=\"width: 90.5618%\">14h Gare SNCF<\/td>\n<\/tr>\n<tr>\n<td style=\"width: 5.16854%\">26<\/td>\n<td style=\"width: 29.8876%\">Valence<\/td>\n<td style=\"width: 90.5618%\">14h CPAM Boulevard Herriot<\/td>\n<\/tr>\n<tr>\n<td style=\"width: 5.16854%\">38<\/td>\n<td style=\"width: 29.8876%\">Grenoble<\/td>\n<td style=\"width: 90.5618%\">10h gare SNCF<\/td>\n<\/tr>\n<tr>\n<td style=\"width: 5.16854%\">42<\/td>\n<td style=\"width: 29.8876%\">Roanne<\/td>\n<td style=\"width: 90.5618%\">10h30 au CHU<\/td>\n<\/tr>\n<tr>\n<td style=\"width: 5.16854%\">42<\/td>\n<td style=\"width: 29.8876%\">Saint-Etienne<\/td>\n<td style=\"width: 90.5618%\">10h30 \u00e0 la Bourse du travail<\/td>\n<\/tr>\n<tr>\n<td style=\"width: 5.16854%\">43<\/td>\n<td style=\"width: 29.8876%\">Le Puy-en-Velay<\/td>\n<td style=\"width: 90.5618%\">10h30 place Cadelade<\/td>\n<\/tr>\n<tr>\n<td style=\"width: 5.16854%\">63<\/td>\n<td style=\"width: 29.8876%\">Clermont-Ferrand<\/td>\n<td style=\"width: 90.5618%\">10h place du 1<sup>er<\/sup> mai<\/td>\n<\/tr>\n<tr>\n<td style=\"width: 5.16854%\">69<\/td>\n<td style=\"width: 29.8876%\">Lyon<\/td>\n<td style=\"width: 90.5618%\">10h30 Manufacture des Tabacs<\/td>\n<\/tr>\n<tr>\n<td style=\"width: 5.16854%\">73<\/td>\n<td style=\"width: 29.8876%\">Albertville<\/td>\n<td style=\"width: 90.5618%\">9h30 gare SNCF<\/td>\n<\/tr>\n<tr>\n<td style=\"width: 5.16854%\">73<\/td>\n<td style=\"width: 29.8876%\">Chamb\u00e9ry<\/p>\n<p>&nbsp;<\/td>\n<td style=\"width: 90.5618%\">13h pr\u00e9-cort\u00e8ges m\u00e9tiers CAF, Inspection acad\u00e9mique, Urgences<\/p>\n<p>14h manif Place du Palais de Justice<\/td>\n<\/tr>\n<tr>\n<td style=\"width: 5.16854%\">74<\/td>\n<td style=\"width: 29.8876%\">Annecy<\/td>\n<td style=\"width: 90.5618%\">10h AG locaux Snuipp<\/p>\n<p>14h manif \u00e0 la pr\u00e9fecture<\/td>\n<\/tr>\n<tr>\n<td style=\"width: 5.16854%\">74<\/td>\n<td style=\"width: 29.8876%\">Cluses<\/td>\n<td style=\"width: 90.5618%\">10h\u00a0 AG Lyc\u00e9e Charles Poncet<\/td>\n<\/tr>\n<tr>\n<td style=\"width: 5.16854%\">74<\/td>\n<td style=\"width: 29.8876%\">Thonon-les-Bains<\/td>\n<td style=\"width: 90.5618%\">10h AG Ecole de Vongy<\/td>\n<\/tr>\n<\/tbody>\n<\/table>\n","protected":false},"excerpt":{"rendered":"<p>01 Belley 14h30 place des Terreaux 01 Bourg-en-Bresse 14h30 au Champ de foire 01 Gex 15h rassemblement \u00e0 la sous-pr\u00e9fecture puis audience 03 Montlu\u00e7on 10h30 Place Jean Dormoy 03 Moulins 10h30 Place d&rsquo;Allier 03 Vichy 10h30 Place de la Poste 07 Annonay 10h Salle Gola Pr\u00e9paration manif 12h repas partag\u00e9 14h Manif gare routi\u00e8re 07 [&hellip;]<\/p>\n","protected":false},"author":120,"featured_media":0,"comment_status":"closed","ping_status":"closed","sticky":false,"template":"","format":"standard","meta":{"ocean_post_layout":"","ocean_both_sidebars_style":"","ocean_both_sidebars_content_width":0,"ocean_both_sidebars_sidebars_width":0,"ocean_sidebar":"","ocean_second_sidebar":"","ocean_disable_margins":"enable","ocean_add_body_class":"","ocean_shortcode_before_top_bar":"","ocean_shortcode_after_top_bar":"","ocean_shortcode_before_header":"","ocean_shortcode_after_header":"","ocean_has_shortcode":"","ocean_shortcode_after_title":"","ocean_shortcode_before_footer_widgets":"","ocean_shortcode_after_footer_widgets":"","ocean_shortcode_before_footer_bottom":"","ocean_shortcode_after_footer_bottom":"","ocean_display_top_bar":"default","ocean_display_header":"default","ocean_header_style":"","ocean_center_header_left_menu":"","ocean_custom_header_template":"","ocean_custom_logo":0,"ocean_custom_retina_logo":0,"ocean_custom_logo_max_width":0,"ocean_custom_logo_tablet_max_width":0,"ocean_custom_logo_mobile_max_width":0,"ocean_custom_logo_max_height":0,"ocean_custom_logo_tablet_max_height":0,"ocean_custom_logo_mobile_max_height":0,"ocean_header_custom_menu":"","ocean_menu_typo_font_family":"","ocean_menu_typo_font_subset":"","ocean_menu_typo_font_size":0,"ocean_menu_typo_font_size_tablet":0,"ocean_menu_typo_font_size_mobile":0,"ocean_menu_typo_font_size_unit":"px","ocean_menu_typo_font_weight":"","ocean_menu_typo_font_weight_tablet":"","ocean_menu_typo_font_weight_mobile":"","ocean_menu_typo_transform":"","ocean_menu_typo_transform_tablet":"","ocean_menu_typo_transform_mobile":"","ocean_menu_typo_line_height":0,"ocean_menu_typo_line_height_tablet":0,"ocean_menu_typo_line_height_mobile":0,"ocean_menu_typo_line_height_unit":"","ocean_menu_typo_spacing":0,"ocean_menu_typo_spacing_tablet":0,"ocean_menu_typo_spacing_mobile":0,"ocean_menu_typo_spacing_unit":"","ocean_menu_link_color":"","ocean_menu_link_color_hover":"","ocean_menu_link_color_active":"","ocean_menu_link_background":"","ocean_menu_link_hover_background":"","ocean_menu_link_active_background":"","ocean_menu_social_links_bg":"","ocean_menu_social_hover_links_bg":"","ocean_menu_social_links_color":"","ocean_menu_social_hover_links_color":"","ocean_disable_title":"default","ocean_disable_heading":"default","ocean_post_title":"","ocean_post_subheading":"","ocean_post_title_style":"","ocean_post_title_background_color":"","ocean_post_title_background":0,"ocean_post_title_bg_image_position":"","ocean_post_title_bg_image_attachment":"","ocean_post_title_bg_image_repeat":"","ocean_post_title_bg_image_size":"","ocean_post_title_height":0,"ocean_post_title_bg_overlay":0.5,"ocean_post_title_bg_overlay_color":"","ocean_disable_breadcrumbs":"default","ocean_breadcrumbs_color":"","ocean_breadcrumbs_separator_color":"","ocean_breadcrumbs_links_color":"","ocean_breadcrumbs_links_hover_color":"","ocean_display_footer_widgets":"default","ocean_display_footer_bottom":"default","ocean_custom_footer_template":"","ocean_post_oembed":"","ocean_post_self_hosted_media":"","ocean_post_video_embed":"","ocean_link_format":"","ocean_link_format_target":"self","ocean_quote_format":"","ocean_quote_format_link":"post","ocean_gallery_link_images":"on","ocean_gallery_id":[],"footnotes":""},"categories":[3],"tags":[],"post_folder":[],"class_list":["post-426","post","type-post","status-publish","format-standard","hentry","category-actions","entry"],"yoast_head":"<!-- This site is optimized with the Yoast SEO plugin v27.4 - https:\/\/yoast.com\/product\/yoast-seo-wordpress\/ -->\n<title>Les manifestations contre la r\u00e9forme des retraites le 5 d\u00e9cembre - AUVERGNE RH\u00d4NE-ALPES<\/title>\n<meta name=\"robots\" content=\"index, follow, max-snippet:-1, max-image-preview:large, max-video-preview:-1\" \/>\n<link rel=\"canonical\" href=\"https:\/\/regions-snetap-fsu.fr\/ara\/2019\/11\/28\/les-manifestations-contre-la-reforme-des-retraites-le-5-decembre\/\" \/>\n<meta property=\"og:locale\" content=\"fr_FR\" \/>\n<meta property=\"og:type\" content=\"article\" \/>\n<meta property=\"og:title\" content=\"Les manifestations contre la r\u00e9forme des retraites le 5 d\u00e9cembre - AUVERGNE RH\u00d4NE-ALPES\" \/>\n<meta property=\"og:description\" content=\"01 Belley 14h30 place des Terreaux 01 Bourg-en-Bresse 14h30 au Champ de foire 01 Gex 15h rassemblement \u00e0 la sous-pr\u00e9fecture puis audience 03 Montlu\u00e7on 10h30 Place Jean Dormoy 03 Moulins 10h30 Place d&rsquo;Allier 03 Vichy 10h30 Place de la Poste 07 Annonay 10h Salle Gola Pr\u00e9paration manif 12h repas partag\u00e9 14h Manif gare routi\u00e8re 07 [&hellip;]\" \/>\n<meta property=\"og:url\" content=\"https:\/\/regions-snetap-fsu.fr\/ara\/2019\/11\/28\/les-manifestations-contre-la-reforme-des-retraites-le-5-decembre\/\" \/>\n<meta property=\"og:site_name\" content=\"AUVERGNE RH\u00d4NE-ALPES\" \/>\n<meta property=\"article:published_time\" content=\"2019-11-28T15:17:04+00:00\" \/>\n<meta name=\"author\" content=\"fmelin\" \/>\n<meta name=\"twitter:card\" content=\"summary_large_image\" \/>\n<meta name=\"twitter:label1\" content=\"\u00c9crit par\" \/>\n\t<meta name=\"twitter:data1\" content=\"fmelin\" \/>\n\t<meta name=\"twitter:label2\" content=\"Dur\u00e9e de lecture estim\u00e9e\" \/>\n\t<meta name=\"twitter:data2\" content=\"1 minute\" \/>\n<script type=\"application\/ld+json\" class=\"yoast-schema-graph\">{\"@context\":\"https:\\\/\\\/schema.org\",\"@graph\":[{\"@type\":\"Article\",\"@id\":\"https:\\\/\\\/regions-snetap-fsu.fr\\\/ara\\\/2019\\\/11\\\/28\\\/les-manifestations-contre-la-reforme-des-retraites-le-5-decembre\\\/#article\",\"isPartOf\":{\"@id\":\"https:\\\/\\\/regions-snetap-fsu.fr\\\/ara\\\/2019\\\/11\\\/28\\\/les-manifestations-contre-la-reforme-des-retraites-le-5-decembre\\\/\"},\"author\":{\"name\":\"fmelin\",\"@id\":\"https:\\\/\\\/regions-snetap-fsu.fr\\\/ara\\\/#\\\/schema\\\/person\\\/0ba12f76f608c3574101bed3172dd09f\"},\"headline\":\"Les manifestations contre la r\u00e9forme des retraites le 5 d\u00e9cembre\",\"datePublished\":\"2019-11-28T15:17:04+00:00\",\"mainEntityOfPage\":{\"@id\":\"https:\\\/\\\/regions-snetap-fsu.fr\\\/ara\\\/2019\\\/11\\\/28\\\/les-manifestations-contre-la-reforme-des-retraites-le-5-decembre\\\/\"},\"wordCount\":210,\"publisher\":{\"@id\":\"https:\\\/\\\/regions-snetap-fsu.fr\\\/ara\\\/#organization\"},\"articleSection\":[\"Actions en AuRA\"],\"inLanguage\":\"fr-FR\"},{\"@type\":\"WebPage\",\"@id\":\"https:\\\/\\\/regions-snetap-fsu.fr\\\/ara\\\/2019\\\/11\\\/28\\\/les-manifestations-contre-la-reforme-des-retraites-le-5-decembre\\\/\",\"url\":\"https:\\\/\\\/regions-snetap-fsu.fr\\\/ara\\\/2019\\\/11\\\/28\\\/les-manifestations-contre-la-reforme-des-retraites-le-5-decembre\\\/\",\"name\":\"Les manifestations contre la r\u00e9forme des retraites le 5 d\u00e9cembre - AUVERGNE RH\u00d4NE-ALPES\",\"isPartOf\":{\"@id\":\"https:\\\/\\\/regions-snetap-fsu.fr\\\/ara\\\/#website\"},\"datePublished\":\"2019-11-28T15:17:04+00:00\",\"breadcrumb\":{\"@id\":\"https:\\\/\\\/regions-snetap-fsu.fr\\\/ara\\\/2019\\\/11\\\/28\\\/les-manifestations-contre-la-reforme-des-retraites-le-5-decembre\\\/#breadcrumb\"},\"inLanguage\":\"fr-FR\",\"potentialAction\":[{\"@type\":\"ReadAction\",\"target\":[\"https:\\\/\\\/regions-snetap-fsu.fr\\\/ara\\\/2019\\\/11\\\/28\\\/les-manifestations-contre-la-reforme-des-retraites-le-5-decembre\\\/\"]}]},{\"@type\":\"BreadcrumbList\",\"@id\":\"https:\\\/\\\/regions-snetap-fsu.fr\\\/ara\\\/2019\\\/11\\\/28\\\/les-manifestations-contre-la-reforme-des-retraites-le-5-decembre\\\/#breadcrumb\",\"itemListElement\":[{\"@type\":\"ListItem\",\"position\":1,\"name\":\"Accueil\",\"item\":\"https:\\\/\\\/regions-snetap-fsu.fr\\\/ara\\\/\"},{\"@type\":\"ListItem\",\"position\":2,\"name\":\"Les manifestations contre la r\u00e9forme des retraites le 5 d\u00e9cembre\"}]},{\"@type\":\"WebSite\",\"@id\":\"https:\\\/\\\/regions-snetap-fsu.fr\\\/ara\\\/#website\",\"url\":\"https:\\\/\\\/regions-snetap-fsu.fr\\\/ara\\\/\",\"name\":\"AUVERGNE RH\u00d4NE-ALPES\",\"description\":\"Le site de la  Section Syndicale\",\"publisher\":{\"@id\":\"https:\\\/\\\/regions-snetap-fsu.fr\\\/ara\\\/#organization\"},\"potentialAction\":[{\"@type\":\"SearchAction\",\"target\":{\"@type\":\"EntryPoint\",\"urlTemplate\":\"https:\\\/\\\/regions-snetap-fsu.fr\\\/ara\\\/?s={search_term_string}\"},\"query-input\":{\"@type\":\"PropertyValueSpecification\",\"valueRequired\":true,\"valueName\":\"search_term_string\"}}],\"inLanguage\":\"fr-FR\"},{\"@type\":\"Organization\",\"@id\":\"https:\\\/\\\/regions-snetap-fsu.fr\\\/ara\\\/#organization\",\"name\":\"Auvergne Rh\u00f4ne-Alpes - SNETAP-FSU\",\"url\":\"https:\\\/\\\/regions-snetap-fsu.fr\\\/ara\\\/\",\"logo\":{\"@type\":\"ImageObject\",\"inLanguage\":\"fr-FR\",\"@id\":\"https:\\\/\\\/regions-snetap-fsu.fr\\\/ara\\\/#\\\/schema\\\/logo\\\/image\\\/\",\"url\":\"https:\\\/\\\/regions-snetap-fsu.fr\\\/ara\\\/wp-content\\\/uploads\\\/sites\\\/12\\\/2021\\\/03\\\/Auvergne-Rhones-Alpes.jpg\",\"contentUrl\":\"https:\\\/\\\/regions-snetap-fsu.fr\\\/ara\\\/wp-content\\\/uploads\\\/sites\\\/12\\\/2021\\\/03\\\/Auvergne-Rhones-Alpes.jpg\",\"width\":2000,\"height\":2000,\"caption\":\"Auvergne Rh\u00f4ne-Alpes - SNETAP-FSU\"},\"image\":{\"@id\":\"https:\\\/\\\/regions-snetap-fsu.fr\\\/ara\\\/#\\\/schema\\\/logo\\\/image\\\/\"}},{\"@type\":\"Person\",\"@id\":\"https:\\\/\\\/regions-snetap-fsu.fr\\\/ara\\\/#\\\/schema\\\/person\\\/0ba12f76f608c3574101bed3172dd09f\",\"name\":\"fmelin\",\"image\":{\"@type\":\"ImageObject\",\"inLanguage\":\"fr-FR\",\"@id\":\"https:\\\/\\\/secure.gravatar.com\\\/avatar\\\/e618b7bfe967a94f6e4775bc62382d58231a19a3bf3eb6fddaec658f79f3fbfa?s=96&d=mm&r=g\",\"url\":\"https:\\\/\\\/secure.gravatar.com\\\/avatar\\\/e618b7bfe967a94f6e4775bc62382d58231a19a3bf3eb6fddaec658f79f3fbfa?s=96&d=mm&r=g\",\"contentUrl\":\"https:\\\/\\\/secure.gravatar.com\\\/avatar\\\/e618b7bfe967a94f6e4775bc62382d58231a19a3bf3eb6fddaec658f79f3fbfa?s=96&d=mm&r=g\",\"caption\":\"fmelin\"},\"url\":\"https:\\\/\\\/regions-snetap-fsu.fr\\\/ara\\\/author\\\/fmelin\\\/\"}]}<\/script>\n<!-- \/ Yoast SEO plugin. -->","yoast_head_json":{"title":"Les manifestations contre la r\u00e9forme des retraites le 5 d\u00e9cembre - AUVERGNE RH\u00d4NE-ALPES","robots":{"index":"index","follow":"follow","max-snippet":"max-snippet:-1","max-image-preview":"max-image-preview:large","max-video-preview":"max-video-preview:-1"},"canonical":"https:\/\/regions-snetap-fsu.fr\/ara\/2019\/11\/28\/les-manifestations-contre-la-reforme-des-retraites-le-5-decembre\/","og_locale":"fr_FR","og_type":"article","og_title":"Les manifestations contre la r\u00e9forme des retraites le 5 d\u00e9cembre - AUVERGNE RH\u00d4NE-ALPES","og_description":"01 Belley 14h30 place des Terreaux 01 Bourg-en-Bresse 14h30 au Champ de foire 01 Gex 15h rassemblement \u00e0 la sous-pr\u00e9fecture puis audience 03 Montlu\u00e7on 10h30 Place Jean Dormoy 03 Moulins 10h30 Place d&rsquo;Allier 03 Vichy 10h30 Place de la Poste 07 Annonay 10h Salle Gola Pr\u00e9paration manif 12h repas partag\u00e9 14h Manif gare routi\u00e8re 07 [&hellip;]","og_url":"https:\/\/regions-snetap-fsu.fr\/ara\/2019\/11\/28\/les-manifestations-contre-la-reforme-des-retraites-le-5-decembre\/","og_site_name":"AUVERGNE RH\u00d4NE-ALPES","article_published_time":"2019-11-28T15:17:04+00:00","author":"fmelin","twitter_card":"summary_large_image","twitter_misc":{"\u00c9crit par":"fmelin","Dur\u00e9e de lecture estim\u00e9e":"1 minute"},"schema":{"@context":"https:\/\/schema.org","@graph":[{"@type":"Article","@id":"https:\/\/regions-snetap-fsu.fr\/ara\/2019\/11\/28\/les-manifestations-contre-la-reforme-des-retraites-le-5-decembre\/#article","isPartOf":{"@id":"https:\/\/regions-snetap-fsu.fr\/ara\/2019\/11\/28\/les-manifestations-contre-la-reforme-des-retraites-le-5-decembre\/"},"author":{"name":"fmelin","@id":"https:\/\/regions-snetap-fsu.fr\/ara\/#\/schema\/person\/0ba12f76f608c3574101bed3172dd09f"},"headline":"Les manifestations contre la r\u00e9forme des retraites le 5 d\u00e9cembre","datePublished":"2019-11-28T15:17:04+00:00","mainEntityOfPage":{"@id":"https:\/\/regions-snetap-fsu.fr\/ara\/2019\/11\/28\/les-manifestations-contre-la-reforme-des-retraites-le-5-decembre\/"},"wordCount":210,"publisher":{"@id":"https:\/\/regions-snetap-fsu.fr\/ara\/#organization"},"articleSection":["Actions en AuRA"],"inLanguage":"fr-FR"},{"@type":"WebPage","@id":"https:\/\/regions-snetap-fsu.fr\/ara\/2019\/11\/28\/les-manifestations-contre-la-reforme-des-retraites-le-5-decembre\/","url":"https:\/\/regions-snetap-fsu.fr\/ara\/2019\/11\/28\/les-manifestations-contre-la-reforme-des-retraites-le-5-decembre\/","name":"Les manifestations contre la r\u00e9forme des retraites le 5 d\u00e9cembre - AUVERGNE RH\u00d4NE-ALPES","isPartOf":{"@id":"https:\/\/regions-snetap-fsu.fr\/ara\/#website"},"datePublished":"2019-11-28T15:17:04+00:00","breadcrumb":{"@id":"https:\/\/regions-snetap-fsu.fr\/ara\/2019\/11\/28\/les-manifestations-contre-la-reforme-des-retraites-le-5-decembre\/#breadcrumb"},"inLanguage":"fr-FR","potentialAction":[{"@type":"ReadAction","target":["https:\/\/regions-snetap-fsu.fr\/ara\/2019\/11\/28\/les-manifestations-contre-la-reforme-des-retraites-le-5-decembre\/"]}]},{"@type":"BreadcrumbList","@id":"https:\/\/regions-snetap-fsu.fr\/ara\/2019\/11\/28\/les-manifestations-contre-la-reforme-des-retraites-le-5-decembre\/#breadcrumb","itemListElement":[{"@type":"ListItem","position":1,"name":"Accueil","item":"https:\/\/regions-snetap-fsu.fr\/ara\/"},{"@type":"ListItem","position":2,"name":"Les manifestations contre la r\u00e9forme des retraites le 5 d\u00e9cembre"}]},{"@type":"WebSite","@id":"https:\/\/regions-snetap-fsu.fr\/ara\/#website","url":"https:\/\/regions-snetap-fsu.fr\/ara\/","name":"AUVERGNE RH\u00d4NE-ALPES","description":"Le site de la  Section Syndicale","publisher":{"@id":"https:\/\/regions-snetap-fsu.fr\/ara\/#organization"},"potentialAction":[{"@type":"SearchAction","target":{"@type":"EntryPoint","urlTemplate":"https:\/\/regions-snetap-fsu.fr\/ara\/?s={search_term_string}"},"query-input":{"@type":"PropertyValueSpecification","valueRequired":true,"valueName":"search_term_string"}}],"inLanguage":"fr-FR"},{"@type":"Organization","@id":"https:\/\/regions-snetap-fsu.fr\/ara\/#organization","name":"Auvergne Rh\u00f4ne-Alpes - SNETAP-FSU","url":"https:\/\/regions-snetap-fsu.fr\/ara\/","logo":{"@type":"ImageObject","inLanguage":"fr-FR","@id":"https:\/\/regions-snetap-fsu.fr\/ara\/#\/schema\/logo\/image\/","url":"https:\/\/regions-snetap-fsu.fr\/ara\/wp-content\/uploads\/sites\/12\/2021\/03\/Auvergne-Rhones-Alpes.jpg","contentUrl":"https:\/\/regions-snetap-fsu.fr\/ara\/wp-content\/uploads\/sites\/12\/2021\/03\/Auvergne-Rhones-Alpes.jpg","width":2000,"height":2000,"caption":"Auvergne Rh\u00f4ne-Alpes - SNETAP-FSU"},"image":{"@id":"https:\/\/regions-snetap-fsu.fr\/ara\/#\/schema\/logo\/image\/"}},{"@type":"Person","@id":"https:\/\/regions-snetap-fsu.fr\/ara\/#\/schema\/person\/0ba12f76f608c3574101bed3172dd09f","name":"fmelin","image":{"@type":"ImageObject","inLanguage":"fr-FR","@id":"https:\/\/secure.gravatar.com\/avatar\/e618b7bfe967a94f6e4775bc62382d58231a19a3bf3eb6fddaec658f79f3fbfa?s=96&d=mm&r=g","url":"https:\/\/secure.gravatar.com\/avatar\/e618b7bfe967a94f6e4775bc62382d58231a19a3bf3eb6fddaec658f79f3fbfa?s=96&d=mm&r=g","contentUrl":"https:\/\/secure.gravatar.com\/avatar\/e618b7bfe967a94f6e4775bc62382d58231a19a3bf3eb6fddaec658f79f3fbfa?s=96&d=mm&r=g","caption":"fmelin"},"url":"https:\/\/regions-snetap-fsu.fr\/ara\/author\/fmelin\/"}]}},"_links":{"self":[{"href":"https:\/\/regions-snetap-fsu.fr\/ara\/wp-json\/wp\/v2\/posts\/426","targetHints":{"allow":["GET"]}}],"collection":[{"href":"https:\/\/regions-snetap-fsu.fr\/ara\/wp-json\/wp\/v2\/posts"}],"about":[{"href":"https:\/\/regions-snetap-fsu.fr\/ara\/wp-json\/wp\/v2\/types\/post"}],"author":[{"embeddable":true,"href":"https:\/\/regions-snetap-fsu.fr\/ara\/wp-json\/wp\/v2\/users\/120"}],"replies":[{"embeddable":true,"href":"https:\/\/regions-snetap-fsu.fr\/ara\/wp-json\/wp\/v2\/comments?post=426"}],"version-history":[{"count":1,"href":"https:\/\/regions-snetap-fsu.fr\/ara\/wp-json\/wp\/v2\/posts\/426\/revisions"}],"predecessor-version":[{"id":427,"href":"https:\/\/regions-snetap-fsu.fr\/ara\/wp-json\/wp\/v2\/posts\/426\/revisions\/427"}],"wp:attachment":[{"href":"https:\/\/regions-snetap-fsu.fr\/ara\/wp-json\/wp\/v2\/media?parent=426"}],"wp:term":[{"taxonomy":"category","embeddable":true,"href":"https:\/\/regions-snetap-fsu.fr\/ara\/wp-json\/wp\/v2\/categories?post=426"},{"taxonomy":"post_tag","embeddable":true,"href":"https:\/\/regions-snetap-fsu.fr\/ara\/wp-json\/wp\/v2\/tags?post=426"},{"taxonomy":"post_folder","embeddable":true,"href":"https:\/\/regions-snetap-fsu.fr\/ara\/wp-json\/wp\/v2\/post_folder?post=426"}],"curies":[{"name":"wp","href":"https:\/\/api.w.org\/{rel}","templated":true}]}}