{"id":418,"date":"2019-11-27T16:55:32","date_gmt":"2019-11-27T15:55:32","guid":{"rendered":"https:\/\/regions-snetap-fsu.fr\/ara\/?p=418"},"modified":"2019-11-28T16:37:21","modified_gmt":"2019-11-28T15:37:21","slug":"tables-rondes-sur-lavenir-de-lagriculture-et-de-leap-la-draaf-dit-non","status":"publish","type":"post","link":"https:\/\/regions-snetap-fsu.fr\/ara\/2019\/11\/27\/tables-rondes-sur-lavenir-de-lagriculture-et-de-leap-la-draaf-dit-non\/","title":{"rendered":"Tables rondes sur l&rsquo;avenir de l&rsquo;agriculture et de l&rsquo;EAP : la DRAAF dit non !"},"content":{"rendered":"<p>Le 25 novembre 2019 devaient se tenir au lyc\u00e9e agricole du Valentin \u00e0 Valence deux tables rondes organis\u00e9es par le Comit\u00e9 permanent de d\u00e9fense et de d\u00e9veloppement de l&rsquo;enseignement agricole public dont sont membres le SNETAP-FSU et la Conf\u00e9d\u00e9ration paysanne. Elu\u00b7es au s\u00e9nat et syndicalistes\u00a0 \u00e9taient invit\u00e9s \u00e0 d\u00e9battre mais le DRAAF (Directeur r\u00e9gional de l&rsquo;alimentation, de l&rsquo;agriculture et de la for\u00eat) s&rsquo;est cat\u00e9goriquement oppos\u00e9 \u00e0 ces d\u00e9bats, appuy\u00e9 en cela par la DGER (Direction g\u00e9n\u00e9rale de l&rsquo;enseignement et de\u00a0 la recherche).<\/p>\n<p>Vous trouverez ci-dessous l&rsquo;affiche de l&rsquo;\u00e9v\u00e9nement ainsi que les communiqu\u00e9s de la FSU 26 et du SNETAP diffus\u00e9s suite \u00e0 cette interdiction.<\/p>\n<p><img fetchpriority=\"high\" decoding=\"async\" class=\"aligncenter wp-image-422 size-large\" src=\"https:\/\/regions-snetap-fsu.fr\/ara\/wp-content\/uploads\/sites\/12\/2019\/11\/Le-Valentin-le-25-novembre-1024x768.jpg\" alt=\"\" width=\"605\" height=\"454\" \/><\/p>\n\n\t\t<div class=\"wppdfemb-frame-container-1\" style=\"-webkit-overflow-scrolling:auto;\">\n\t\t\t<iframe class=\"pdfembed-iframe nonfullscreen wppdf-emb-iframe-1\"\n\t\t\t\tsrc=\"https:\/\/regions-snetap-fsu.fr\/ara\/?pdfemb-data=eyJ1cmwiOiJodHRwczpcL1wvcmVnaW9ucy1zbmV0YXAtZnN1LmZyXC9hcmFcL3dwLWNvbnRlbnRcL3VwbG9hZHNcL3NpdGVzXC8xMlwvMjAxOVwvMTFcLzIwMTktMTEtMjUtQWN0aW9uLVZhbGVuY2UucGRmIiwidGl0bGUiOiIyMDE5IDExIDI1IC0gQWN0aW9uIFZhbGVuY2UiLCJpbmRleCI6MSwicGRmSUQiOjB9\"\n\t\t\t\ttitle=\"2019 11 25 - Action Valence\"\t\t\t\tdata-pdf-id=\"0\"\n\t\t\t\tdata-pdf-index=\"1\"\n\t\t\t\tstyle=\"border:none;width:100%;max-width:100%;height:100vh;\"\n\t\t\t\tscrolling=\"yes\">\n\t\t\t<\/iframe>\n\t\t<\/div>\n\n\t\t\n\n\t\t<div class=\"wppdfemb-frame-container-2\" style=\"-webkit-overflow-scrolling:auto;\">\n\t\t\t<iframe class=\"pdfembed-iframe nonfullscreen wppdf-emb-iframe-2\"\n\t\t\t\tsrc=\"https:\/\/regions-snetap-fsu.fr\/ara\/?pdfemb-data=eyJ1cmwiOiJodHRwczpcL1wvcmVnaW9ucy1zbmV0YXAtZnN1LmZyXC9hcmFcL3dwLWNvbnRlbnRcL3VwbG9hZHNcL3NpdGVzXC8xMlwvMjAxOVwvMTFcL21vdGlvbi1GU1UyNi10YWJsZS1yb25kZS1lbnNlaWduZW1lbnQtYWdyaWNvbGUtMjUtbm92LWx5Y2UucGRmIiwidGl0bGUiOiJtb3Rpb24gRlNVMjYgdGFibGUgcm9uZGUgZW5zZWlnbmVtZW50IGFncmljb2xlIDI1IG5vdiBseWNlIiwiaW5kZXgiOjIsInBkZklEIjo0MjN9\"\n\t\t\t\ttitle=\"motion FSU26 table ronde enseignement agricole 25 nov lyce\"\t\t\t\tdata-pdf-id=\"423\"\n\t\t\t\tdata-pdf-index=\"2\"\n\t\t\t\tstyle=\"border:none;width:100%;max-width:100%;height:100vh;\"\n\t\t\t\tscrolling=\"yes\">\n\t\t\t<\/iframe>\n\t\t<\/div>\n\n\t\t\n\n\t\t<div class=\"wppdfemb-frame-container-3\" style=\"-webkit-overflow-scrolling:auto;\">\n\t\t\t<iframe class=\"pdfembed-iframe nonfullscreen wppdf-emb-iframe-3\"\n\t\t\t\tsrc=\"https:\/\/regions-snetap-fsu.fr\/ara\/?pdfemb-data=eyJ1cmwiOiJodHRwczpcL1wvcmVnaW9ucy1zbmV0YXAtZnN1LmZyXC9hcmFcL3dwLWNvbnRlbnRcL3VwbG9hZHNcL3NpdGVzXC8xMlwvMjAxOVwvMTFcL0NvbW11bmlxdVx1MDBlOS1TTkVUQVAtbGUtMjUtbm92LTIwMTkucGRmIiwidGl0bGUiOiJDb21tdW5pcXVcdTAwZTkgU05FVEFQIGxlIDI1IG5vdiAyMDE5IiwiaW5kZXgiOjMsInBkZklEIjo0MjF9\"\n\t\t\t\ttitle=\"Communiqu\u00e9 SNETAP le 25 nov 2019\"\t\t\t\tdata-pdf-id=\"421\"\n\t\t\t\tdata-pdf-index=\"3\"\n\t\t\t\tstyle=\"border:none;width:100%;max-width:100%;height:100vh;\"\n\t\t\t\tscrolling=\"yes\">\n\t\t\t<\/iframe>\n\t\t<\/div>\n\n\t\t\n","protected":false},"excerpt":{"rendered":"<p>Le 25 novembre 2019 devaient se tenir au lyc\u00e9e agricole du Valentin \u00e0 Valence deux tables rondes organis\u00e9es par le Comit\u00e9 permanent de d\u00e9fense et de d\u00e9veloppement de l&rsquo;enseignement agricole public dont sont membres le SNETAP-FSU et la Conf\u00e9d\u00e9ration paysanne. Elu\u00b7es au s\u00e9nat et syndicalistes\u00a0 \u00e9taient invit\u00e9s \u00e0 d\u00e9battre mais le DRAAF (Directeur r\u00e9gional de [&hellip;]<\/p>\n","protected":false},"author":120,"featured_media":0,"comment_status":"closed","ping_status":"closed","sticky":false,"template":"","format":"standard","meta":{"ocean_post_layout":"","ocean_both_sidebars_style":"","ocean_both_sidebars_content_width":0,"ocean_both_sidebars_sidebars_width":0,"ocean_sidebar":"","ocean_second_sidebar":"","ocean_disable_margins":"enable","ocean_add_body_class":"","ocean_shortcode_before_top_bar":"","ocean_shortcode_after_top_bar":"","ocean_shortcode_before_header":"","ocean_shortcode_after_header":"","ocean_has_shortcode":"","ocean_shortcode_after_title":"","ocean_shortcode_before_footer_widgets":"","ocean_shortcode_after_footer_widgets":"","ocean_shortcode_before_footer_bottom":"","ocean_shortcode_after_footer_bottom":"","ocean_display_top_bar":"default","ocean_display_header":"default","ocean_header_style":"","ocean_center_header_left_menu":"","ocean_custom_header_template":"","ocean_custom_logo":0,"ocean_custom_retina_logo":0,"ocean_custom_logo_max_width":0,"ocean_custom_logo_tablet_max_width":0,"ocean_custom_logo_mobile_max_width":0,"ocean_custom_logo_max_height":0,"ocean_custom_logo_tablet_max_height":0,"ocean_custom_logo_mobile_max_height":0,"ocean_header_custom_menu":"","ocean_menu_typo_font_family":"","ocean_menu_typo_font_subset":"","ocean_menu_typo_font_size":0,"ocean_menu_typo_font_size_tablet":0,"ocean_menu_typo_font_size_mobile":0,"ocean_menu_typo_font_size_unit":"px","ocean_menu_typo_font_weight":"","ocean_menu_typo_font_weight_tablet":"","ocean_menu_typo_font_weight_mobile":"","ocean_menu_typo_transform":"","ocean_menu_typo_transform_tablet":"","ocean_menu_typo_transform_mobile":"","ocean_menu_typo_line_height":0,"ocean_menu_typo_line_height_tablet":0,"ocean_menu_typo_line_height_mobile":0,"ocean_menu_typo_line_height_unit":"","ocean_menu_typo_spacing":0,"ocean_menu_typo_spacing_tablet":0,"ocean_menu_typo_spacing_mobile":0,"ocean_menu_typo_spacing_unit":"","ocean_menu_link_color":"","ocean_menu_link_color_hover":"","ocean_menu_link_color_active":"","ocean_menu_link_background":"","ocean_menu_link_hover_background":"","ocean_menu_link_active_background":"","ocean_menu_social_links_bg":"","ocean_menu_social_hover_links_bg":"","ocean_menu_social_links_color":"","ocean_menu_social_hover_links_color":"","ocean_disable_title":"default","ocean_disable_heading":"default","ocean_post_title":"","ocean_post_subheading":"","ocean_post_title_style":"","ocean_post_title_background_color":"","ocean_post_title_background":0,"ocean_post_title_bg_image_position":"","ocean_post_title_bg_image_attachment":"","ocean_post_title_bg_image_repeat":"","ocean_post_title_bg_image_size":"","ocean_post_title_height":0,"ocean_post_title_bg_overlay":0.5,"ocean_post_title_bg_overlay_color":"","ocean_disable_breadcrumbs":"default","ocean_breadcrumbs_color":"","ocean_breadcrumbs_separator_color":"","ocean_breadcrumbs_links_color":"","ocean_breadcrumbs_links_hover_color":"","ocean_display_footer_widgets":"default","ocean_display_footer_bottom":"default","ocean_custom_footer_template":"","ocean_post_oembed":"","ocean_post_self_hosted_media":"","ocean_post_video_embed":"","ocean_link_format":"","ocean_link_format_target":"self","ocean_quote_format":"","ocean_quote_format_link":"post","ocean_gallery_link_images":"on","ocean_gallery_id":[],"footnotes":""},"categories":[3],"tags":[],"post_folder":[],"class_list":["post-418","post","type-post","status-publish","format-standard","hentry","category-actions","entry"],"yoast_head":"<!-- This site is optimized with the Yoast SEO plugin v27.4 - https:\/\/yoast.com\/product\/yoast-seo-wordpress\/ -->\n<title>Tables rondes sur l&#039;avenir de l&#039;agriculture et de l&#039;EAP : la DRAAF dit non ! - AUVERGNE RH\u00d4NE-ALPES<\/title>\n<meta name=\"robots\" content=\"index, follow, max-snippet:-1, max-image-preview:large, max-video-preview:-1\" \/>\n<link rel=\"canonical\" href=\"https:\/\/regions-snetap-fsu.fr\/ara\/2019\/11\/27\/tables-rondes-sur-lavenir-de-lagriculture-et-de-leap-la-draaf-dit-non\/\" \/>\n<meta property=\"og:locale\" content=\"fr_FR\" \/>\n<meta property=\"og:type\" content=\"article\" \/>\n<meta property=\"og:title\" content=\"Tables rondes sur l&#039;avenir de l&#039;agriculture et de l&#039;EAP : la DRAAF dit non ! - AUVERGNE RH\u00d4NE-ALPES\" \/>\n<meta property=\"og:description\" content=\"Le 25 novembre 2019 devaient se tenir au lyc\u00e9e agricole du Valentin \u00e0 Valence deux tables rondes organis\u00e9es par le Comit\u00e9 permanent de d\u00e9fense et de d\u00e9veloppement de l&rsquo;enseignement agricole public dont sont membres le SNETAP-FSU et la Conf\u00e9d\u00e9ration paysanne. Elu\u00b7es au s\u00e9nat et syndicalistes\u00a0 \u00e9taient invit\u00e9s \u00e0 d\u00e9battre mais le DRAAF (Directeur r\u00e9gional de [&hellip;]\" \/>\n<meta property=\"og:url\" content=\"https:\/\/regions-snetap-fsu.fr\/ara\/2019\/11\/27\/tables-rondes-sur-lavenir-de-lagriculture-et-de-leap-la-draaf-dit-non\/\" \/>\n<meta property=\"og:site_name\" content=\"AUVERGNE RH\u00d4NE-ALPES\" \/>\n<meta property=\"article:published_time\" content=\"2019-11-27T15:55:32+00:00\" \/>\n<meta property=\"article:modified_time\" content=\"2019-11-28T15:37:21+00:00\" \/>\n<meta property=\"og:image\" content=\"https:\/\/regions-snetap-fsu.fr\/ara\/wp-content\/uploads\/sites\/12\/2019\/11\/Le-Valentin-le-25-novembre-1024x768.jpg\" \/>\n<meta name=\"author\" content=\"fmelin\" \/>\n<meta name=\"twitter:card\" content=\"summary_large_image\" \/>\n<meta name=\"twitter:label1\" content=\"\u00c9crit par\" \/>\n\t<meta name=\"twitter:data1\" content=\"fmelin\" \/>\n\t<meta name=\"twitter:label2\" content=\"Dur\u00e9e de lecture estim\u00e9e\" \/>\n\t<meta name=\"twitter:data2\" content=\"1 minute\" \/>\n<script type=\"application\/ld+json\" class=\"yoast-schema-graph\">{\"@context\":\"https:\\\/\\\/schema.org\",\"@graph\":[{\"@type\":\"Article\",\"@id\":\"https:\\\/\\\/regions-snetap-fsu.fr\\\/ara\\\/2019\\\/11\\\/27\\\/tables-rondes-sur-lavenir-de-lagriculture-et-de-leap-la-draaf-dit-non\\\/#article\",\"isPartOf\":{\"@id\":\"https:\\\/\\\/regions-snetap-fsu.fr\\\/ara\\\/2019\\\/11\\\/27\\\/tables-rondes-sur-lavenir-de-lagriculture-et-de-leap-la-draaf-dit-non\\\/\"},\"author\":{\"name\":\"fmelin\",\"@id\":\"https:\\\/\\\/regions-snetap-fsu.fr\\\/ara\\\/#\\\/schema\\\/person\\\/0ba12f76f608c3574101bed3172dd09f\"},\"headline\":\"Tables rondes sur l&rsquo;avenir de l&rsquo;agriculture et de l&rsquo;EAP : la DRAAF dit non !\",\"datePublished\":\"2019-11-27T15:55:32+00:00\",\"dateModified\":\"2019-11-28T15:37:21+00:00\",\"mainEntityOfPage\":{\"@id\":\"https:\\\/\\\/regions-snetap-fsu.fr\\\/ara\\\/2019\\\/11\\\/27\\\/tables-rondes-sur-lavenir-de-lagriculture-et-de-leap-la-draaf-dit-non\\\/\"},\"wordCount\":196,\"publisher\":{\"@id\":\"https:\\\/\\\/regions-snetap-fsu.fr\\\/ara\\\/#organization\"},\"image\":{\"@id\":\"https:\\\/\\\/regions-snetap-fsu.fr\\\/ara\\\/2019\\\/11\\\/27\\\/tables-rondes-sur-lavenir-de-lagriculture-et-de-leap-la-draaf-dit-non\\\/#primaryimage\"},\"thumbnailUrl\":\"https:\\\/\\\/regions-snetap-fsu.fr\\\/ara\\\/wp-content\\\/uploads\\\/sites\\\/12\\\/2019\\\/11\\\/Le-Valentin-le-25-novembre-1024x768.jpg\",\"articleSection\":[\"Actions en AuRA\"],\"inLanguage\":\"fr-FR\"},{\"@type\":\"WebPage\",\"@id\":\"https:\\\/\\\/regions-snetap-fsu.fr\\\/ara\\\/2019\\\/11\\\/27\\\/tables-rondes-sur-lavenir-de-lagriculture-et-de-leap-la-draaf-dit-non\\\/\",\"url\":\"https:\\\/\\\/regions-snetap-fsu.fr\\\/ara\\\/2019\\\/11\\\/27\\\/tables-rondes-sur-lavenir-de-lagriculture-et-de-leap-la-draaf-dit-non\\\/\",\"name\":\"Tables rondes sur l'avenir de l'agriculture et de l'EAP : la DRAAF dit non ! - AUVERGNE RH\u00d4NE-ALPES\",\"isPartOf\":{\"@id\":\"https:\\\/\\\/regions-snetap-fsu.fr\\\/ara\\\/#website\"},\"primaryImageOfPage\":{\"@id\":\"https:\\\/\\\/regions-snetap-fsu.fr\\\/ara\\\/2019\\\/11\\\/27\\\/tables-rondes-sur-lavenir-de-lagriculture-et-de-leap-la-draaf-dit-non\\\/#primaryimage\"},\"image\":{\"@id\":\"https:\\\/\\\/regions-snetap-fsu.fr\\\/ara\\\/2019\\\/11\\\/27\\\/tables-rondes-sur-lavenir-de-lagriculture-et-de-leap-la-draaf-dit-non\\\/#primaryimage\"},\"thumbnailUrl\":\"https:\\\/\\\/regions-snetap-fsu.fr\\\/ara\\\/wp-content\\\/uploads\\\/sites\\\/12\\\/2019\\\/11\\\/Le-Valentin-le-25-novembre-1024x768.jpg\",\"datePublished\":\"2019-11-27T15:55:32+00:00\",\"dateModified\":\"2019-11-28T15:37:21+00:00\",\"breadcrumb\":{\"@id\":\"https:\\\/\\\/regions-snetap-fsu.fr\\\/ara\\\/2019\\\/11\\\/27\\\/tables-rondes-sur-lavenir-de-lagriculture-et-de-leap-la-draaf-dit-non\\\/#breadcrumb\"},\"inLanguage\":\"fr-FR\",\"potentialAction\":[{\"@type\":\"ReadAction\",\"target\":[\"https:\\\/\\\/regions-snetap-fsu.fr\\\/ara\\\/2019\\\/11\\\/27\\\/tables-rondes-sur-lavenir-de-lagriculture-et-de-leap-la-draaf-dit-non\\\/\"]}]},{\"@type\":\"ImageObject\",\"inLanguage\":\"fr-FR\",\"@id\":\"https:\\\/\\\/regions-snetap-fsu.fr\\\/ara\\\/2019\\\/11\\\/27\\\/tables-rondes-sur-lavenir-de-lagriculture-et-de-leap-la-draaf-dit-non\\\/#primaryimage\",\"url\":\"https:\\\/\\\/regions-snetap-fsu.fr\\\/ara\\\/wp-content\\\/uploads\\\/sites\\\/12\\\/2019\\\/11\\\/Le-Valentin-le-25-novembre-1024x768.jpg\",\"contentUrl\":\"https:\\\/\\\/regions-snetap-fsu.fr\\\/ara\\\/wp-content\\\/uploads\\\/sites\\\/12\\\/2019\\\/11\\\/Le-Valentin-le-25-novembre-1024x768.jpg\"},{\"@type\":\"BreadcrumbList\",\"@id\":\"https:\\\/\\\/regions-snetap-fsu.fr\\\/ara\\\/2019\\\/11\\\/27\\\/tables-rondes-sur-lavenir-de-lagriculture-et-de-leap-la-draaf-dit-non\\\/#breadcrumb\",\"itemListElement\":[{\"@type\":\"ListItem\",\"position\":1,\"name\":\"Accueil\",\"item\":\"https:\\\/\\\/regions-snetap-fsu.fr\\\/ara\\\/\"},{\"@type\":\"ListItem\",\"position\":2,\"name\":\"Tables rondes sur l&rsquo;avenir de l&rsquo;agriculture et de l&rsquo;EAP : la DRAAF dit non !\"}]},{\"@type\":\"WebSite\",\"@id\":\"https:\\\/\\\/regions-snetap-fsu.fr\\\/ara\\\/#website\",\"url\":\"https:\\\/\\\/regions-snetap-fsu.fr\\\/ara\\\/\",\"name\":\"AUVERGNE RH\u00d4NE-ALPES\",\"description\":\"Le site de la  Section Syndicale\",\"publisher\":{\"@id\":\"https:\\\/\\\/regions-snetap-fsu.fr\\\/ara\\\/#organization\"},\"potentialAction\":[{\"@type\":\"SearchAction\",\"target\":{\"@type\":\"EntryPoint\",\"urlTemplate\":\"https:\\\/\\\/regions-snetap-fsu.fr\\\/ara\\\/?s={search_term_string}\"},\"query-input\":{\"@type\":\"PropertyValueSpecification\",\"valueRequired\":true,\"valueName\":\"search_term_string\"}}],\"inLanguage\":\"fr-FR\"},{\"@type\":\"Organization\",\"@id\":\"https:\\\/\\\/regions-snetap-fsu.fr\\\/ara\\\/#organization\",\"name\":\"Auvergne Rh\u00f4ne-Alpes - SNETAP-FSU\",\"url\":\"https:\\\/\\\/regions-snetap-fsu.fr\\\/ara\\\/\",\"logo\":{\"@type\":\"ImageObject\",\"inLanguage\":\"fr-FR\",\"@id\":\"https:\\\/\\\/regions-snetap-fsu.fr\\\/ara\\\/#\\\/schema\\\/logo\\\/image\\\/\",\"url\":\"https:\\\/\\\/regions-snetap-fsu.fr\\\/ara\\\/wp-content\\\/uploads\\\/sites\\\/12\\\/2021\\\/03\\\/Auvergne-Rhones-Alpes.jpg\",\"contentUrl\":\"https:\\\/\\\/regions-snetap-fsu.fr\\\/ara\\\/wp-content\\\/uploads\\\/sites\\\/12\\\/2021\\\/03\\\/Auvergne-Rhones-Alpes.jpg\",\"width\":2000,\"height\":2000,\"caption\":\"Auvergne Rh\u00f4ne-Alpes - SNETAP-FSU\"},\"image\":{\"@id\":\"https:\\\/\\\/regions-snetap-fsu.fr\\\/ara\\\/#\\\/schema\\\/logo\\\/image\\\/\"}},{\"@type\":\"Person\",\"@id\":\"https:\\\/\\\/regions-snetap-fsu.fr\\\/ara\\\/#\\\/schema\\\/person\\\/0ba12f76f608c3574101bed3172dd09f\",\"name\":\"fmelin\",\"image\":{\"@type\":\"ImageObject\",\"inLanguage\":\"fr-FR\",\"@id\":\"https:\\\/\\\/secure.gravatar.com\\\/avatar\\\/e618b7bfe967a94f6e4775bc62382d58231a19a3bf3eb6fddaec658f79f3fbfa?s=96&d=mm&r=g\",\"url\":\"https:\\\/\\\/secure.gravatar.com\\\/avatar\\\/e618b7bfe967a94f6e4775bc62382d58231a19a3bf3eb6fddaec658f79f3fbfa?s=96&d=mm&r=g\",\"contentUrl\":\"https:\\\/\\\/secure.gravatar.com\\\/avatar\\\/e618b7bfe967a94f6e4775bc62382d58231a19a3bf3eb6fddaec658f79f3fbfa?s=96&d=mm&r=g\",\"caption\":\"fmelin\"},\"url\":\"https:\\\/\\\/regions-snetap-fsu.fr\\\/ara\\\/author\\\/fmelin\\\/\"}]}<\/script>\n<!-- \/ Yoast SEO plugin. -->","yoast_head_json":{"title":"Tables rondes sur l'avenir de l'agriculture et de l'EAP : la DRAAF dit non ! - AUVERGNE RH\u00d4NE-ALPES","robots":{"index":"index","follow":"follow","max-snippet":"max-snippet:-1","max-image-preview":"max-image-preview:large","max-video-preview":"max-video-preview:-1"},"canonical":"https:\/\/regions-snetap-fsu.fr\/ara\/2019\/11\/27\/tables-rondes-sur-lavenir-de-lagriculture-et-de-leap-la-draaf-dit-non\/","og_locale":"fr_FR","og_type":"article","og_title":"Tables rondes sur l'avenir de l'agriculture et de l'EAP : la DRAAF dit non ! - AUVERGNE RH\u00d4NE-ALPES","og_description":"Le 25 novembre 2019 devaient se tenir au lyc\u00e9e agricole du Valentin \u00e0 Valence deux tables rondes organis\u00e9es par le Comit\u00e9 permanent de d\u00e9fense et de d\u00e9veloppement de l&rsquo;enseignement agricole public dont sont membres le SNETAP-FSU et la Conf\u00e9d\u00e9ration paysanne. Elu\u00b7es au s\u00e9nat et syndicalistes\u00a0 \u00e9taient invit\u00e9s \u00e0 d\u00e9battre mais le DRAAF (Directeur r\u00e9gional de [&hellip;]","og_url":"https:\/\/regions-snetap-fsu.fr\/ara\/2019\/11\/27\/tables-rondes-sur-lavenir-de-lagriculture-et-de-leap-la-draaf-dit-non\/","og_site_name":"AUVERGNE RH\u00d4NE-ALPES","article_published_time":"2019-11-27T15:55:32+00:00","article_modified_time":"2019-11-28T15:37:21+00:00","og_image":[{"url":"https:\/\/regions-snetap-fsu.fr\/ara\/wp-content\/uploads\/sites\/12\/2019\/11\/Le-Valentin-le-25-novembre-1024x768.jpg","type":"","width":"","height":""}],"author":"fmelin","twitter_card":"summary_large_image","twitter_misc":{"\u00c9crit par":"fmelin","Dur\u00e9e de lecture estim\u00e9e":"1 minute"},"schema":{"@context":"https:\/\/schema.org","@graph":[{"@type":"Article","@id":"https:\/\/regions-snetap-fsu.fr\/ara\/2019\/11\/27\/tables-rondes-sur-lavenir-de-lagriculture-et-de-leap-la-draaf-dit-non\/#article","isPartOf":{"@id":"https:\/\/regions-snetap-fsu.fr\/ara\/2019\/11\/27\/tables-rondes-sur-lavenir-de-lagriculture-et-de-leap-la-draaf-dit-non\/"},"author":{"name":"fmelin","@id":"https:\/\/regions-snetap-fsu.fr\/ara\/#\/schema\/person\/0ba12f76f608c3574101bed3172dd09f"},"headline":"Tables rondes sur l&rsquo;avenir de l&rsquo;agriculture et de l&rsquo;EAP : la DRAAF dit non !","datePublished":"2019-11-27T15:55:32+00:00","dateModified":"2019-11-28T15:37:21+00:00","mainEntityOfPage":{"@id":"https:\/\/regions-snetap-fsu.fr\/ara\/2019\/11\/27\/tables-rondes-sur-lavenir-de-lagriculture-et-de-leap-la-draaf-dit-non\/"},"wordCount":196,"publisher":{"@id":"https:\/\/regions-snetap-fsu.fr\/ara\/#organization"},"image":{"@id":"https:\/\/regions-snetap-fsu.fr\/ara\/2019\/11\/27\/tables-rondes-sur-lavenir-de-lagriculture-et-de-leap-la-draaf-dit-non\/#primaryimage"},"thumbnailUrl":"https:\/\/regions-snetap-fsu.fr\/ara\/wp-content\/uploads\/sites\/12\/2019\/11\/Le-Valentin-le-25-novembre-1024x768.jpg","articleSection":["Actions en AuRA"],"inLanguage":"fr-FR"},{"@type":"WebPage","@id":"https:\/\/regions-snetap-fsu.fr\/ara\/2019\/11\/27\/tables-rondes-sur-lavenir-de-lagriculture-et-de-leap-la-draaf-dit-non\/","url":"https:\/\/regions-snetap-fsu.fr\/ara\/2019\/11\/27\/tables-rondes-sur-lavenir-de-lagriculture-et-de-leap-la-draaf-dit-non\/","name":"Tables rondes sur l'avenir de l'agriculture et de l'EAP : la DRAAF dit non ! - AUVERGNE RH\u00d4NE-ALPES","isPartOf":{"@id":"https:\/\/regions-snetap-fsu.fr\/ara\/#website"},"primaryImageOfPage":{"@id":"https:\/\/regions-snetap-fsu.fr\/ara\/2019\/11\/27\/tables-rondes-sur-lavenir-de-lagriculture-et-de-leap-la-draaf-dit-non\/#primaryimage"},"image":{"@id":"https:\/\/regions-snetap-fsu.fr\/ara\/2019\/11\/27\/tables-rondes-sur-lavenir-de-lagriculture-et-de-leap-la-draaf-dit-non\/#primaryimage"},"thumbnailUrl":"https:\/\/regions-snetap-fsu.fr\/ara\/wp-content\/uploads\/sites\/12\/2019\/11\/Le-Valentin-le-25-novembre-1024x768.jpg","datePublished":"2019-11-27T15:55:32+00:00","dateModified":"2019-11-28T15:37:21+00:00","breadcrumb":{"@id":"https:\/\/regions-snetap-fsu.fr\/ara\/2019\/11\/27\/tables-rondes-sur-lavenir-de-lagriculture-et-de-leap-la-draaf-dit-non\/#breadcrumb"},"inLanguage":"fr-FR","potentialAction":[{"@type":"ReadAction","target":["https:\/\/regions-snetap-fsu.fr\/ara\/2019\/11\/27\/tables-rondes-sur-lavenir-de-lagriculture-et-de-leap-la-draaf-dit-non\/"]}]},{"@type":"ImageObject","inLanguage":"fr-FR","@id":"https:\/\/regions-snetap-fsu.fr\/ara\/2019\/11\/27\/tables-rondes-sur-lavenir-de-lagriculture-et-de-leap-la-draaf-dit-non\/#primaryimage","url":"https:\/\/regions-snetap-fsu.fr\/ara\/wp-content\/uploads\/sites\/12\/2019\/11\/Le-Valentin-le-25-novembre-1024x768.jpg","contentUrl":"https:\/\/regions-snetap-fsu.fr\/ara\/wp-content\/uploads\/sites\/12\/2019\/11\/Le-Valentin-le-25-novembre-1024x768.jpg"},{"@type":"BreadcrumbList","@id":"https:\/\/regions-snetap-fsu.fr\/ara\/2019\/11\/27\/tables-rondes-sur-lavenir-de-lagriculture-et-de-leap-la-draaf-dit-non\/#breadcrumb","itemListElement":[{"@type":"ListItem","position":1,"name":"Accueil","item":"https:\/\/regions-snetap-fsu.fr\/ara\/"},{"@type":"ListItem","position":2,"name":"Tables rondes sur l&rsquo;avenir de l&rsquo;agriculture et de l&rsquo;EAP : la DRAAF dit non !"}]},{"@type":"WebSite","@id":"https:\/\/regions-snetap-fsu.fr\/ara\/#website","url":"https:\/\/regions-snetap-fsu.fr\/ara\/","name":"AUVERGNE RH\u00d4NE-ALPES","description":"Le site de la  Section Syndicale","publisher":{"@id":"https:\/\/regions-snetap-fsu.fr\/ara\/#organization"},"potentialAction":[{"@type":"SearchAction","target":{"@type":"EntryPoint","urlTemplate":"https:\/\/regions-snetap-fsu.fr\/ara\/?s={search_term_string}"},"query-input":{"@type":"PropertyValueSpecification","valueRequired":true,"valueName":"search_term_string"}}],"inLanguage":"fr-FR"},{"@type":"Organization","@id":"https:\/\/regions-snetap-fsu.fr\/ara\/#organization","name":"Auvergne Rh\u00f4ne-Alpes - SNETAP-FSU","url":"https:\/\/regions-snetap-fsu.fr\/ara\/","logo":{"@type":"ImageObject","inLanguage":"fr-FR","@id":"https:\/\/regions-snetap-fsu.fr\/ara\/#\/schema\/logo\/image\/","url":"https:\/\/regions-snetap-fsu.fr\/ara\/wp-content\/uploads\/sites\/12\/2021\/03\/Auvergne-Rhones-Alpes.jpg","contentUrl":"https:\/\/regions-snetap-fsu.fr\/ara\/wp-content\/uploads\/sites\/12\/2021\/03\/Auvergne-Rhones-Alpes.jpg","width":2000,"height":2000,"caption":"Auvergne Rh\u00f4ne-Alpes - SNETAP-FSU"},"image":{"@id":"https:\/\/regions-snetap-fsu.fr\/ara\/#\/schema\/logo\/image\/"}},{"@type":"Person","@id":"https:\/\/regions-snetap-fsu.fr\/ara\/#\/schema\/person\/0ba12f76f608c3574101bed3172dd09f","name":"fmelin","image":{"@type":"ImageObject","inLanguage":"fr-FR","@id":"https:\/\/secure.gravatar.com\/avatar\/e618b7bfe967a94f6e4775bc62382d58231a19a3bf3eb6fddaec658f79f3fbfa?s=96&d=mm&r=g","url":"https:\/\/secure.gravatar.com\/avatar\/e618b7bfe967a94f6e4775bc62382d58231a19a3bf3eb6fddaec658f79f3fbfa?s=96&d=mm&r=g","contentUrl":"https:\/\/secure.gravatar.com\/avatar\/e618b7bfe967a94f6e4775bc62382d58231a19a3bf3eb6fddaec658f79f3fbfa?s=96&d=mm&r=g","caption":"fmelin"},"url":"https:\/\/regions-snetap-fsu.fr\/ara\/author\/fmelin\/"}]}},"_links":{"self":[{"href":"https:\/\/regions-snetap-fsu.fr\/ara\/wp-json\/wp\/v2\/posts\/418","targetHints":{"allow":["GET"]}}],"collection":[{"href":"https:\/\/regions-snetap-fsu.fr\/ara\/wp-json\/wp\/v2\/posts"}],"about":[{"href":"https:\/\/regions-snetap-fsu.fr\/ara\/wp-json\/wp\/v2\/types\/post"}],"author":[{"embeddable":true,"href":"https:\/\/regions-snetap-fsu.fr\/ara\/wp-json\/wp\/v2\/users\/120"}],"replies":[{"embeddable":true,"href":"https:\/\/regions-snetap-fsu.fr\/ara\/wp-json\/wp\/v2\/comments?post=418"}],"version-history":[{"count":3,"href":"https:\/\/regions-snetap-fsu.fr\/ara\/wp-json\/wp\/v2\/posts\/418\/revisions"}],"predecessor-version":[{"id":435,"href":"https:\/\/regions-snetap-fsu.fr\/ara\/wp-json\/wp\/v2\/posts\/418\/revisions\/435"}],"wp:attachment":[{"href":"https:\/\/regions-snetap-fsu.fr\/ara\/wp-json\/wp\/v2\/media?parent=418"}],"wp:term":[{"taxonomy":"category","embeddable":true,"href":"https:\/\/regions-snetap-fsu.fr\/ara\/wp-json\/wp\/v2\/categories?post=418"},{"taxonomy":"post_tag","embeddable":true,"href":"https:\/\/regions-snetap-fsu.fr\/ara\/wp-json\/wp\/v2\/tags?post=418"},{"taxonomy":"post_folder","embeddable":true,"href":"https:\/\/regions-snetap-fsu.fr\/ara\/wp-json\/wp\/v2\/post_folder?post=418"}],"curies":[{"name":"wp","href":"https:\/\/api.w.org\/{rel}","templated":true}]}}