{"id":399,"date":"2019-09-20T18:53:17","date_gmt":"2019-09-20T16:53:17","guid":{"rendered":"https:\/\/regions-snetap-fsu.fr\/ara\/?p=399"},"modified":"2019-09-28T17:10:24","modified_gmt":"2019-09-28T15:10:24","slug":"rencontre-avec-la-directrice-adjointe-du-cabinet-du-ministre-grande-fan-de-martine","status":"publish","type":"post","link":"https:\/\/regions-snetap-fsu.fr\/ara\/2019\/09\/20\/rencontre-avec-la-directrice-adjointe-du-cabinet-du-ministre-grande-fan-de-martine\/","title":{"rendered":"Rencontre avec la Directrice adjointe du cabinet du Ministre (grande fan de Martine)"},"content":{"rendered":"<p><strong>L\u2019enseignement agricole en Auvergne-Rh\u00f4ne-Alpes\u00a0 m\u00e9rite mieux que votre m\u00e9pris, monsieur le Ministre !<\/strong><\/p>\n<p>La section r\u00e9gionale Auvergne-Rh\u00f4ne-Alpes est en col\u00e8re face au m\u00e9pris criant du ministre de l&rsquo;agriculture. La d\u00e9l\u00e9gation SNETAP-FSU qui devait rencontrer le conseiller en communication du ministre lors du salon international Tech&amp;Bio au lyc\u00e9e agricole du Valentin \u00e0 Bourg L\u00e8s Valence, a eu la surprise d&rsquo;\u00eatre \u00ab re\u00e7ue \u00bb par Mme B\u00e9atrice Frecenon (Directrice adjointe de cabinet du ministre de l\u2019agriculture, conseill\u00e8re strat\u00e9gie et politique, en charge des relations diplomatiques).<\/p>\n<p><img fetchpriority=\"high\" decoding=\"async\" class=\"aligncenter wp-image-409 size-large\" src=\"https:\/\/regions-snetap-fsu.fr\/ara\/wp-content\/uploads\/sites\/12\/2019\/09\/IMG-20190920-WA0000-1024x768.jpg\" alt=\"\" width=\"605\" height=\"454\" srcset=\"https:\/\/regions-snetap-fsu.fr\/ara\/wp-content\/uploads\/sites\/12\/2019\/09\/IMG-20190920-WA0000-1024x768.jpg 1024w, https:\/\/regions-snetap-fsu.fr\/ara\/wp-content\/uploads\/sites\/12\/2019\/09\/IMG-20190920-WA0000-300x225.jpg 300w, https:\/\/regions-snetap-fsu.fr\/ara\/wp-content\/uploads\/sites\/12\/2019\/09\/IMG-20190920-WA0000-768x576.jpg 768w, https:\/\/regions-snetap-fsu.fr\/ara\/wp-content\/uploads\/sites\/12\/2019\/09\/IMG-20190920-WA0000-100x75.jpg 100w, https:\/\/regions-snetap-fsu.fr\/ara\/wp-content\/uploads\/sites\/12\/2019\/09\/IMG-20190920-WA0000-150x113.jpg 150w, https:\/\/regions-snetap-fsu.fr\/ara\/wp-content\/uploads\/sites\/12\/2019\/09\/IMG-20190920-WA0000-200x150.jpg 200w, https:\/\/regions-snetap-fsu.fr\/ara\/wp-content\/uploads\/sites\/12\/2019\/09\/IMG-20190920-WA0000-450x338.jpg 450w, https:\/\/regions-snetap-fsu.fr\/ara\/wp-content\/uploads\/sites\/12\/2019\/09\/IMG-20190920-WA0000-600x450.jpg 600w, https:\/\/regions-snetap-fsu.fr\/ara\/wp-content\/uploads\/sites\/12\/2019\/09\/IMG-20190920-WA0000-900x675.jpg 900w, https:\/\/regions-snetap-fsu.fr\/ara\/wp-content\/uploads\/sites\/12\/2019\/09\/IMG-20190920-WA0000.jpg 1440w\" sizes=\"(max-width: 605px) 100vw, 605px\" \/><\/p>\n<p><img decoding=\"async\" class=\" wp-image-402 aligncenter\" src=\"https:\/\/regions-snetap-fsu.fr\/ara\/wp-content\/uploads\/sites\/12\/2019\/09\/Resized_20190919_124314_84441-300x225.jpg\" alt=\"\" width=\"312\" height=\"234\" srcset=\"https:\/\/regions-snetap-fsu.fr\/ara\/wp-content\/uploads\/sites\/12\/2019\/09\/Resized_20190919_124314_84441-300x225.jpg 300w, https:\/\/regions-snetap-fsu.fr\/ara\/wp-content\/uploads\/sites\/12\/2019\/09\/Resized_20190919_124314_84441-768x576.jpg 768w, https:\/\/regions-snetap-fsu.fr\/ara\/wp-content\/uploads\/sites\/12\/2019\/09\/Resized_20190919_124314_84441-1024x768.jpg 1024w, https:\/\/regions-snetap-fsu.fr\/ara\/wp-content\/uploads\/sites\/12\/2019\/09\/Resized_20190919_124314_84441-100x75.jpg 100w, https:\/\/regions-snetap-fsu.fr\/ara\/wp-content\/uploads\/sites\/12\/2019\/09\/Resized_20190919_124314_84441-150x113.jpg 150w, https:\/\/regions-snetap-fsu.fr\/ara\/wp-content\/uploads\/sites\/12\/2019\/09\/Resized_20190919_124314_84441-200x150.jpg 200w, https:\/\/regions-snetap-fsu.fr\/ara\/wp-content\/uploads\/sites\/12\/2019\/09\/Resized_20190919_124314_84441-450x338.jpg 450w, https:\/\/regions-snetap-fsu.fr\/ara\/wp-content\/uploads\/sites\/12\/2019\/09\/Resized_20190919_124314_84441-600x450.jpg 600w, https:\/\/regions-snetap-fsu.fr\/ara\/wp-content\/uploads\/sites\/12\/2019\/09\/Resized_20190919_124314_84441-900x675.jpg 900w, https:\/\/regions-snetap-fsu.fr\/ara\/wp-content\/uploads\/sites\/12\/2019\/09\/Resized_20190919_124314_84441.jpg 1440w\" sizes=\"(max-width: 312px) 100vw, 312px\" \/><\/p>\n<p>Entrevue qui a eu lieu, visiblement sans aucune pr\u00e9paration, entre 12h50 et 13h20, debout, sur le stand de l&rsquo;enseignement agricole dans le brouhaha de la foule qui d\u00e9ambulait, y compris le ministre qui nous a totalement ignor\u00e9 alors qu\u2019il passait juste devant nous.<\/p>\n<p>La d\u00e9l\u00e9gation, compos\u00e9e de 9 coll\u00e8gues des diff\u00e9rents \u00e9tablissements d&rsquo;Auvergne-Rh\u00f4ne-Alpes, avait pr\u00e9par\u00e9 son intervention et \u00e9tait en attente de r\u00e9ponses ou tout du moins d&rsquo;une \u00e9coute attentive et comp\u00e9tente. En r\u00e9sum\u00e9 il nous a \u00e9t\u00e9 clairement dit que les personnels de l&rsquo;enseignement agricole n&rsquo;ont aucune raison de se plaindre et encore moins ceux de la r\u00e9gion AuRA car les effectifs sont en hausse ce qui signifie que la com \u00ab\u00a0l&rsquo;aventure du vivant\u00a0\u00bb a \u00e9t\u00e9 efficace. Le mixage des publics mais aussi des fili\u00e8res est une richesse pour les apprenants mais aussi pour les enseignants qui peuvent ainsi revoir leur p\u00e9dagogie. Quant \u00e0 la crainte que nous avons exprim\u00e9e face aux difficult\u00e9s que rencontrent les petits \u00e9tablissements, il nous a \u00e9t\u00e9 r\u00e9torqu\u00e9 qu&rsquo;il fallait adopter une strat\u00e9gie d\u2019alliance avec le priv\u00e9 !<\/p>\n<p>Si le ministre se gargarise de faire plus, partout et mieux pour l\u2019enseignement agricole, en AuRA, notre constat est tout autre et en terme de dialogue social aussi , le compte n\u2019y est vraiment pas\u00a0!<\/p>\n<p>Voir ci-dessous les revendications port\u00e9es par la d\u00e9l\u00e9gation<\/p>\n<p>Et pour les nostalgiques des \u00ab\u00a0aventures\u00a0\u00bb insipides et atrocement genr\u00e9es de Martine : <a href=\"https:\/\/twitter.com\/hashtag\/B%C3%A9atriceFrecenon?src=hash\">https:\/\/twitter.com\/hashtag\/B%C3%A9atriceFrecenon?src=hash<\/a><\/p>\n\n\t\t<div class=\"wppdfemb-frame-container-1\" style=\"-webkit-overflow-scrolling:auto;\">\n\t\t\t<iframe class=\"pdfembed-iframe nonfullscreen wppdf-emb-iframe-1\"\n\t\t\t\tsrc=\"https:\/\/regions-snetap-fsu.fr\/ara\/?pdfemb-data=eyJ1cmwiOiJodHRwczpcL1wvcmVnaW9ucy1zbmV0YXAtZnN1LmZyXC9hcmFcL3dwLWNvbnRlbnRcL3VwbG9hZHNcL3NpdGVzXC8xMlwvMjAxOVwvMDlcL0xldHRyZS1kXHUwMGU5bFx1MDBlOWdhdGlvbi5wZGYiLCJ0aXRsZSI6IkxldHRyZSBkXHUwMGU5bFx1MDBlOWdhdGlvbiIsImluZGV4IjoxLCJwZGZJRCI6NDA0fQ\"\n\t\t\t\ttitle=\"Lettre d\u00e9l\u00e9gation\"\t\t\t\tdata-pdf-id=\"404\"\n\t\t\t\tdata-pdf-index=\"1\"\n\t\t\t\tstyle=\"border:none;width:100%;max-width:100%;height:100vh;\"\n\t\t\t\tscrolling=\"yes\">\n\t\t\t<\/iframe>\n\t\t<\/div>\n\n\t\t\n<p>&nbsp;<\/p>\n<p><strong>\u00a0<\/strong><\/p>\n","protected":false},"excerpt":{"rendered":"<p>L\u2019enseignement agricole en Auvergne-Rh\u00f4ne-Alpes\u00a0 m\u00e9rite mieux que votre m\u00e9pris, monsieur le Ministre ! La section r\u00e9gionale Auvergne-Rh\u00f4ne-Alpes est en col\u00e8re face au m\u00e9pris criant du ministre de l&rsquo;agriculture. La d\u00e9l\u00e9gation SNETAP-FSU qui devait rencontrer le conseiller en communication du ministre lors du salon international Tech&amp;Bio au lyc\u00e9e agricole du Valentin \u00e0 Bourg L\u00e8s Valence, a [&hellip;]<\/p>\n","protected":false},"author":120,"featured_media":0,"comment_status":"closed","ping_status":"closed","sticky":false,"template":"","format":"standard","meta":{"ocean_post_layout":"","ocean_both_sidebars_style":"","ocean_both_sidebars_content_width":0,"ocean_both_sidebars_sidebars_width":0,"ocean_sidebar":"","ocean_second_sidebar":"","ocean_disable_margins":"enable","ocean_add_body_class":"","ocean_shortcode_before_top_bar":"","ocean_shortcode_after_top_bar":"","ocean_shortcode_before_header":"","ocean_shortcode_after_header":"","ocean_has_shortcode":"","ocean_shortcode_after_title":"","ocean_shortcode_before_footer_widgets":"","ocean_shortcode_after_footer_widgets":"","ocean_shortcode_before_footer_bottom":"","ocean_shortcode_after_footer_bottom":"","ocean_display_top_bar":"default","ocean_display_header":"default","ocean_header_style":"","ocean_center_header_left_menu":"","ocean_custom_header_template":"","ocean_custom_logo":0,"ocean_custom_retina_logo":0,"ocean_custom_logo_max_width":0,"ocean_custom_logo_tablet_max_width":0,"ocean_custom_logo_mobile_max_width":0,"ocean_custom_logo_max_height":0,"ocean_custom_logo_tablet_max_height":0,"ocean_custom_logo_mobile_max_height":0,"ocean_header_custom_menu":"","ocean_menu_typo_font_family":"","ocean_menu_typo_font_subset":"","ocean_menu_typo_font_size":0,"ocean_menu_typo_font_size_tablet":0,"ocean_menu_typo_font_size_mobile":0,"ocean_menu_typo_font_size_unit":"px","ocean_menu_typo_font_weight":"","ocean_menu_typo_font_weight_tablet":"","ocean_menu_typo_font_weight_mobile":"","ocean_menu_typo_transform":"","ocean_menu_typo_transform_tablet":"","ocean_menu_typo_transform_mobile":"","ocean_menu_typo_line_height":0,"ocean_menu_typo_line_height_tablet":0,"ocean_menu_typo_line_height_mobile":0,"ocean_menu_typo_line_height_unit":"","ocean_menu_typo_spacing":0,"ocean_menu_typo_spacing_tablet":0,"ocean_menu_typo_spacing_mobile":0,"ocean_menu_typo_spacing_unit":"","ocean_menu_link_color":"","ocean_menu_link_color_hover":"","ocean_menu_link_color_active":"","ocean_menu_link_background":"","ocean_menu_link_hover_background":"","ocean_menu_link_active_background":"","ocean_menu_social_links_bg":"","ocean_menu_social_hover_links_bg":"","ocean_menu_social_links_color":"","ocean_menu_social_hover_links_color":"","ocean_disable_title":"default","ocean_disable_heading":"default","ocean_post_title":"","ocean_post_subheading":"","ocean_post_title_style":"","ocean_post_title_background_color":"","ocean_post_title_background":0,"ocean_post_title_bg_image_position":"","ocean_post_title_bg_image_attachment":"","ocean_post_title_bg_image_repeat":"","ocean_post_title_bg_image_size":"","ocean_post_title_height":0,"ocean_post_title_bg_overlay":0.5,"ocean_post_title_bg_overlay_color":"","ocean_disable_breadcrumbs":"default","ocean_breadcrumbs_color":"","ocean_breadcrumbs_separator_color":"","ocean_breadcrumbs_links_color":"","ocean_breadcrumbs_links_hover_color":"","ocean_display_footer_widgets":"default","ocean_display_footer_bottom":"default","ocean_custom_footer_template":"","ocean_post_oembed":"","ocean_post_self_hosted_media":"","ocean_post_video_embed":"","ocean_link_format":"","ocean_link_format_target":"self","ocean_quote_format":"","ocean_quote_format_link":"post","ocean_gallery_link_images":"on","ocean_gallery_id":[],"footnotes":""},"categories":[3],"tags":[],"post_folder":[],"class_list":["post-399","post","type-post","status-publish","format-standard","hentry","category-actions","entry"],"yoast_head":"<!-- This site is optimized with the Yoast SEO plugin v27.4 - https:\/\/yoast.com\/product\/yoast-seo-wordpress\/ -->\n<title>Rencontre avec la Directrice adjointe du cabinet du Ministre (grande fan de Martine) - AUVERGNE RH\u00d4NE-ALPES<\/title>\n<meta name=\"robots\" content=\"index, follow, max-snippet:-1, max-image-preview:large, max-video-preview:-1\" \/>\n<link rel=\"canonical\" href=\"https:\/\/regions-snetap-fsu.fr\/ara\/2019\/09\/20\/rencontre-avec-la-directrice-adjointe-du-cabinet-du-ministre-grande-fan-de-martine\/\" \/>\n<meta property=\"og:locale\" content=\"fr_FR\" \/>\n<meta property=\"og:type\" content=\"article\" \/>\n<meta property=\"og:title\" content=\"Rencontre avec la Directrice adjointe du cabinet du Ministre (grande fan de Martine) - AUVERGNE RH\u00d4NE-ALPES\" \/>\n<meta property=\"og:description\" content=\"L\u2019enseignement agricole en Auvergne-Rh\u00f4ne-Alpes\u00a0 m\u00e9rite mieux que votre m\u00e9pris, monsieur le Ministre ! La section r\u00e9gionale Auvergne-Rh\u00f4ne-Alpes est en col\u00e8re face au m\u00e9pris criant du ministre de l&rsquo;agriculture. La d\u00e9l\u00e9gation SNETAP-FSU qui devait rencontrer le conseiller en communication du ministre lors du salon international Tech&amp;Bio au lyc\u00e9e agricole du Valentin \u00e0 Bourg L\u00e8s Valence, a [&hellip;]\" \/>\n<meta property=\"og:url\" content=\"https:\/\/regions-snetap-fsu.fr\/ara\/2019\/09\/20\/rencontre-avec-la-directrice-adjointe-du-cabinet-du-ministre-grande-fan-de-martine\/\" \/>\n<meta property=\"og:site_name\" content=\"AUVERGNE RH\u00d4NE-ALPES\" \/>\n<meta property=\"article:published_time\" content=\"2019-09-20T16:53:17+00:00\" \/>\n<meta property=\"article:modified_time\" content=\"2019-09-28T15:10:24+00:00\" \/>\n<meta property=\"og:image\" content=\"https:\/\/regions-snetap-fsu.fr\/ara\/wp-content\/uploads\/sites\/12\/2019\/09\/IMG-20190920-WA0000-1024x768.jpg\" \/>\n<meta name=\"author\" content=\"fmelin\" \/>\n<meta name=\"twitter:card\" content=\"summary_large_image\" \/>\n<meta name=\"twitter:label1\" content=\"\u00c9crit par\" \/>\n\t<meta name=\"twitter:data1\" content=\"fmelin\" \/>\n\t<meta name=\"twitter:label2\" content=\"Dur\u00e9e de lecture estim\u00e9e\" \/>\n\t<meta name=\"twitter:data2\" content=\"2 minutes\" \/>\n<script type=\"application\/ld+json\" class=\"yoast-schema-graph\">{\"@context\":\"https:\\\/\\\/schema.org\",\"@graph\":[{\"@type\":\"Article\",\"@id\":\"https:\\\/\\\/regions-snetap-fsu.fr\\\/ara\\\/2019\\\/09\\\/20\\\/rencontre-avec-la-directrice-adjointe-du-cabinet-du-ministre-grande-fan-de-martine\\\/#article\",\"isPartOf\":{\"@id\":\"https:\\\/\\\/regions-snetap-fsu.fr\\\/ara\\\/2019\\\/09\\\/20\\\/rencontre-avec-la-directrice-adjointe-du-cabinet-du-ministre-grande-fan-de-martine\\\/\"},\"author\":{\"name\":\"fmelin\",\"@id\":\"https:\\\/\\\/regions-snetap-fsu.fr\\\/ara\\\/#\\\/schema\\\/person\\\/0ba12f76f608c3574101bed3172dd09f\"},\"headline\":\"Rencontre avec la Directrice adjointe du cabinet du Ministre (grande fan de Martine)\",\"datePublished\":\"2019-09-20T16:53:17+00:00\",\"dateModified\":\"2019-09-28T15:10:24+00:00\",\"mainEntityOfPage\":{\"@id\":\"https:\\\/\\\/regions-snetap-fsu.fr\\\/ara\\\/2019\\\/09\\\/20\\\/rencontre-avec-la-directrice-adjointe-du-cabinet-du-ministre-grande-fan-de-martine\\\/\"},\"wordCount\":401,\"publisher\":{\"@id\":\"https:\\\/\\\/regions-snetap-fsu.fr\\\/ara\\\/#organization\"},\"image\":{\"@id\":\"https:\\\/\\\/regions-snetap-fsu.fr\\\/ara\\\/2019\\\/09\\\/20\\\/rencontre-avec-la-directrice-adjointe-du-cabinet-du-ministre-grande-fan-de-martine\\\/#primaryimage\"},\"thumbnailUrl\":\"https:\\\/\\\/regions-snetap-fsu.fr\\\/ara\\\/wp-content\\\/uploads\\\/sites\\\/12\\\/2019\\\/09\\\/IMG-20190920-WA0000-1024x768.jpg\",\"articleSection\":[\"Actions en AuRA\"],\"inLanguage\":\"fr-FR\"},{\"@type\":\"WebPage\",\"@id\":\"https:\\\/\\\/regions-snetap-fsu.fr\\\/ara\\\/2019\\\/09\\\/20\\\/rencontre-avec-la-directrice-adjointe-du-cabinet-du-ministre-grande-fan-de-martine\\\/\",\"url\":\"https:\\\/\\\/regions-snetap-fsu.fr\\\/ara\\\/2019\\\/09\\\/20\\\/rencontre-avec-la-directrice-adjointe-du-cabinet-du-ministre-grande-fan-de-martine\\\/\",\"name\":\"Rencontre avec la Directrice adjointe du cabinet du Ministre (grande fan de Martine) - AUVERGNE RH\u00d4NE-ALPES\",\"isPartOf\":{\"@id\":\"https:\\\/\\\/regions-snetap-fsu.fr\\\/ara\\\/#website\"},\"primaryImageOfPage\":{\"@id\":\"https:\\\/\\\/regions-snetap-fsu.fr\\\/ara\\\/2019\\\/09\\\/20\\\/rencontre-avec-la-directrice-adjointe-du-cabinet-du-ministre-grande-fan-de-martine\\\/#primaryimage\"},\"image\":{\"@id\":\"https:\\\/\\\/regions-snetap-fsu.fr\\\/ara\\\/2019\\\/09\\\/20\\\/rencontre-avec-la-directrice-adjointe-du-cabinet-du-ministre-grande-fan-de-martine\\\/#primaryimage\"},\"thumbnailUrl\":\"https:\\\/\\\/regions-snetap-fsu.fr\\\/ara\\\/wp-content\\\/uploads\\\/sites\\\/12\\\/2019\\\/09\\\/IMG-20190920-WA0000-1024x768.jpg\",\"datePublished\":\"2019-09-20T16:53:17+00:00\",\"dateModified\":\"2019-09-28T15:10:24+00:00\",\"breadcrumb\":{\"@id\":\"https:\\\/\\\/regions-snetap-fsu.fr\\\/ara\\\/2019\\\/09\\\/20\\\/rencontre-avec-la-directrice-adjointe-du-cabinet-du-ministre-grande-fan-de-martine\\\/#breadcrumb\"},\"inLanguage\":\"fr-FR\",\"potentialAction\":[{\"@type\":\"ReadAction\",\"target\":[\"https:\\\/\\\/regions-snetap-fsu.fr\\\/ara\\\/2019\\\/09\\\/20\\\/rencontre-avec-la-directrice-adjointe-du-cabinet-du-ministre-grande-fan-de-martine\\\/\"]}]},{\"@type\":\"ImageObject\",\"inLanguage\":\"fr-FR\",\"@id\":\"https:\\\/\\\/regions-snetap-fsu.fr\\\/ara\\\/2019\\\/09\\\/20\\\/rencontre-avec-la-directrice-adjointe-du-cabinet-du-ministre-grande-fan-de-martine\\\/#primaryimage\",\"url\":\"https:\\\/\\\/regions-snetap-fsu.fr\\\/ara\\\/wp-content\\\/uploads\\\/sites\\\/12\\\/2019\\\/09\\\/IMG-20190920-WA0000.jpg\",\"contentUrl\":\"https:\\\/\\\/regions-snetap-fsu.fr\\\/ara\\\/wp-content\\\/uploads\\\/sites\\\/12\\\/2019\\\/09\\\/IMG-20190920-WA0000.jpg\",\"width\":1440,\"height\":1080},{\"@type\":\"BreadcrumbList\",\"@id\":\"https:\\\/\\\/regions-snetap-fsu.fr\\\/ara\\\/2019\\\/09\\\/20\\\/rencontre-avec-la-directrice-adjointe-du-cabinet-du-ministre-grande-fan-de-martine\\\/#breadcrumb\",\"itemListElement\":[{\"@type\":\"ListItem\",\"position\":1,\"name\":\"Accueil\",\"item\":\"https:\\\/\\\/regions-snetap-fsu.fr\\\/ara\\\/\"},{\"@type\":\"ListItem\",\"position\":2,\"name\":\"Rencontre avec la Directrice adjointe du cabinet du Ministre (grande fan de Martine)\"}]},{\"@type\":\"WebSite\",\"@id\":\"https:\\\/\\\/regions-snetap-fsu.fr\\\/ara\\\/#website\",\"url\":\"https:\\\/\\\/regions-snetap-fsu.fr\\\/ara\\\/\",\"name\":\"AUVERGNE RH\u00d4NE-ALPES\",\"description\":\"Le site de la  Section Syndicale\",\"publisher\":{\"@id\":\"https:\\\/\\\/regions-snetap-fsu.fr\\\/ara\\\/#organization\"},\"potentialAction\":[{\"@type\":\"SearchAction\",\"target\":{\"@type\":\"EntryPoint\",\"urlTemplate\":\"https:\\\/\\\/regions-snetap-fsu.fr\\\/ara\\\/?s={search_term_string}\"},\"query-input\":{\"@type\":\"PropertyValueSpecification\",\"valueRequired\":true,\"valueName\":\"search_term_string\"}}],\"inLanguage\":\"fr-FR\"},{\"@type\":\"Organization\",\"@id\":\"https:\\\/\\\/regions-snetap-fsu.fr\\\/ara\\\/#organization\",\"name\":\"Auvergne Rh\u00f4ne-Alpes - SNETAP-FSU\",\"url\":\"https:\\\/\\\/regions-snetap-fsu.fr\\\/ara\\\/\",\"logo\":{\"@type\":\"ImageObject\",\"inLanguage\":\"fr-FR\",\"@id\":\"https:\\\/\\\/regions-snetap-fsu.fr\\\/ara\\\/#\\\/schema\\\/logo\\\/image\\\/\",\"url\":\"https:\\\/\\\/regions-snetap-fsu.fr\\\/ara\\\/wp-content\\\/uploads\\\/sites\\\/12\\\/2021\\\/03\\\/Auvergne-Rhones-Alpes.jpg\",\"contentUrl\":\"https:\\\/\\\/regions-snetap-fsu.fr\\\/ara\\\/wp-content\\\/uploads\\\/sites\\\/12\\\/2021\\\/03\\\/Auvergne-Rhones-Alpes.jpg\",\"width\":2000,\"height\":2000,\"caption\":\"Auvergne Rh\u00f4ne-Alpes - SNETAP-FSU\"},\"image\":{\"@id\":\"https:\\\/\\\/regions-snetap-fsu.fr\\\/ara\\\/#\\\/schema\\\/logo\\\/image\\\/\"}},{\"@type\":\"Person\",\"@id\":\"https:\\\/\\\/regions-snetap-fsu.fr\\\/ara\\\/#\\\/schema\\\/person\\\/0ba12f76f608c3574101bed3172dd09f\",\"name\":\"fmelin\",\"image\":{\"@type\":\"ImageObject\",\"inLanguage\":\"fr-FR\",\"@id\":\"https:\\\/\\\/secure.gravatar.com\\\/avatar\\\/e618b7bfe967a94f6e4775bc62382d58231a19a3bf3eb6fddaec658f79f3fbfa?s=96&d=mm&r=g\",\"url\":\"https:\\\/\\\/secure.gravatar.com\\\/avatar\\\/e618b7bfe967a94f6e4775bc62382d58231a19a3bf3eb6fddaec658f79f3fbfa?s=96&d=mm&r=g\",\"contentUrl\":\"https:\\\/\\\/secure.gravatar.com\\\/avatar\\\/e618b7bfe967a94f6e4775bc62382d58231a19a3bf3eb6fddaec658f79f3fbfa?s=96&d=mm&r=g\",\"caption\":\"fmelin\"},\"url\":\"https:\\\/\\\/regions-snetap-fsu.fr\\\/ara\\\/author\\\/fmelin\\\/\"}]}<\/script>\n<!-- \/ Yoast SEO plugin. -->","yoast_head_json":{"title":"Rencontre avec la Directrice adjointe du cabinet du Ministre (grande fan de Martine) - AUVERGNE RH\u00d4NE-ALPES","robots":{"index":"index","follow":"follow","max-snippet":"max-snippet:-1","max-image-preview":"max-image-preview:large","max-video-preview":"max-video-preview:-1"},"canonical":"https:\/\/regions-snetap-fsu.fr\/ara\/2019\/09\/20\/rencontre-avec-la-directrice-adjointe-du-cabinet-du-ministre-grande-fan-de-martine\/","og_locale":"fr_FR","og_type":"article","og_title":"Rencontre avec la Directrice adjointe du cabinet du Ministre (grande fan de Martine) - AUVERGNE RH\u00d4NE-ALPES","og_description":"L\u2019enseignement agricole en Auvergne-Rh\u00f4ne-Alpes\u00a0 m\u00e9rite mieux que votre m\u00e9pris, monsieur le Ministre ! La section r\u00e9gionale Auvergne-Rh\u00f4ne-Alpes est en col\u00e8re face au m\u00e9pris criant du ministre de l&rsquo;agriculture. La d\u00e9l\u00e9gation SNETAP-FSU qui devait rencontrer le conseiller en communication du ministre lors du salon international Tech&amp;Bio au lyc\u00e9e agricole du Valentin \u00e0 Bourg L\u00e8s Valence, a [&hellip;]","og_url":"https:\/\/regions-snetap-fsu.fr\/ara\/2019\/09\/20\/rencontre-avec-la-directrice-adjointe-du-cabinet-du-ministre-grande-fan-de-martine\/","og_site_name":"AUVERGNE RH\u00d4NE-ALPES","article_published_time":"2019-09-20T16:53:17+00:00","article_modified_time":"2019-09-28T15:10:24+00:00","og_image":[{"url":"https:\/\/regions-snetap-fsu.fr\/ara\/wp-content\/uploads\/sites\/12\/2019\/09\/IMG-20190920-WA0000-1024x768.jpg","type":"","width":"","height":""}],"author":"fmelin","twitter_card":"summary_large_image","twitter_misc":{"\u00c9crit par":"fmelin","Dur\u00e9e de lecture estim\u00e9e":"2 minutes"},"schema":{"@context":"https:\/\/schema.org","@graph":[{"@type":"Article","@id":"https:\/\/regions-snetap-fsu.fr\/ara\/2019\/09\/20\/rencontre-avec-la-directrice-adjointe-du-cabinet-du-ministre-grande-fan-de-martine\/#article","isPartOf":{"@id":"https:\/\/regions-snetap-fsu.fr\/ara\/2019\/09\/20\/rencontre-avec-la-directrice-adjointe-du-cabinet-du-ministre-grande-fan-de-martine\/"},"author":{"name":"fmelin","@id":"https:\/\/regions-snetap-fsu.fr\/ara\/#\/schema\/person\/0ba12f76f608c3574101bed3172dd09f"},"headline":"Rencontre avec la Directrice adjointe du cabinet du Ministre (grande fan de Martine)","datePublished":"2019-09-20T16:53:17+00:00","dateModified":"2019-09-28T15:10:24+00:00","mainEntityOfPage":{"@id":"https:\/\/regions-snetap-fsu.fr\/ara\/2019\/09\/20\/rencontre-avec-la-directrice-adjointe-du-cabinet-du-ministre-grande-fan-de-martine\/"},"wordCount":401,"publisher":{"@id":"https:\/\/regions-snetap-fsu.fr\/ara\/#organization"},"image":{"@id":"https:\/\/regions-snetap-fsu.fr\/ara\/2019\/09\/20\/rencontre-avec-la-directrice-adjointe-du-cabinet-du-ministre-grande-fan-de-martine\/#primaryimage"},"thumbnailUrl":"https:\/\/regions-snetap-fsu.fr\/ara\/wp-content\/uploads\/sites\/12\/2019\/09\/IMG-20190920-WA0000-1024x768.jpg","articleSection":["Actions en AuRA"],"inLanguage":"fr-FR"},{"@type":"WebPage","@id":"https:\/\/regions-snetap-fsu.fr\/ara\/2019\/09\/20\/rencontre-avec-la-directrice-adjointe-du-cabinet-du-ministre-grande-fan-de-martine\/","url":"https:\/\/regions-snetap-fsu.fr\/ara\/2019\/09\/20\/rencontre-avec-la-directrice-adjointe-du-cabinet-du-ministre-grande-fan-de-martine\/","name":"Rencontre avec la Directrice adjointe du cabinet du Ministre (grande fan de Martine) - AUVERGNE RH\u00d4NE-ALPES","isPartOf":{"@id":"https:\/\/regions-snetap-fsu.fr\/ara\/#website"},"primaryImageOfPage":{"@id":"https:\/\/regions-snetap-fsu.fr\/ara\/2019\/09\/20\/rencontre-avec-la-directrice-adjointe-du-cabinet-du-ministre-grande-fan-de-martine\/#primaryimage"},"image":{"@id":"https:\/\/regions-snetap-fsu.fr\/ara\/2019\/09\/20\/rencontre-avec-la-directrice-adjointe-du-cabinet-du-ministre-grande-fan-de-martine\/#primaryimage"},"thumbnailUrl":"https:\/\/regions-snetap-fsu.fr\/ara\/wp-content\/uploads\/sites\/12\/2019\/09\/IMG-20190920-WA0000-1024x768.jpg","datePublished":"2019-09-20T16:53:17+00:00","dateModified":"2019-09-28T15:10:24+00:00","breadcrumb":{"@id":"https:\/\/regions-snetap-fsu.fr\/ara\/2019\/09\/20\/rencontre-avec-la-directrice-adjointe-du-cabinet-du-ministre-grande-fan-de-martine\/#breadcrumb"},"inLanguage":"fr-FR","potentialAction":[{"@type":"ReadAction","target":["https:\/\/regions-snetap-fsu.fr\/ara\/2019\/09\/20\/rencontre-avec-la-directrice-adjointe-du-cabinet-du-ministre-grande-fan-de-martine\/"]}]},{"@type":"ImageObject","inLanguage":"fr-FR","@id":"https:\/\/regions-snetap-fsu.fr\/ara\/2019\/09\/20\/rencontre-avec-la-directrice-adjointe-du-cabinet-du-ministre-grande-fan-de-martine\/#primaryimage","url":"https:\/\/regions-snetap-fsu.fr\/ara\/wp-content\/uploads\/sites\/12\/2019\/09\/IMG-20190920-WA0000.jpg","contentUrl":"https:\/\/regions-snetap-fsu.fr\/ara\/wp-content\/uploads\/sites\/12\/2019\/09\/IMG-20190920-WA0000.jpg","width":1440,"height":1080},{"@type":"BreadcrumbList","@id":"https:\/\/regions-snetap-fsu.fr\/ara\/2019\/09\/20\/rencontre-avec-la-directrice-adjointe-du-cabinet-du-ministre-grande-fan-de-martine\/#breadcrumb","itemListElement":[{"@type":"ListItem","position":1,"name":"Accueil","item":"https:\/\/regions-snetap-fsu.fr\/ara\/"},{"@type":"ListItem","position":2,"name":"Rencontre avec la Directrice adjointe du cabinet du Ministre (grande fan de Martine)"}]},{"@type":"WebSite","@id":"https:\/\/regions-snetap-fsu.fr\/ara\/#website","url":"https:\/\/regions-snetap-fsu.fr\/ara\/","name":"AUVERGNE RH\u00d4NE-ALPES","description":"Le site de la  Section Syndicale","publisher":{"@id":"https:\/\/regions-snetap-fsu.fr\/ara\/#organization"},"potentialAction":[{"@type":"SearchAction","target":{"@type":"EntryPoint","urlTemplate":"https:\/\/regions-snetap-fsu.fr\/ara\/?s={search_term_string}"},"query-input":{"@type":"PropertyValueSpecification","valueRequired":true,"valueName":"search_term_string"}}],"inLanguage":"fr-FR"},{"@type":"Organization","@id":"https:\/\/regions-snetap-fsu.fr\/ara\/#organization","name":"Auvergne Rh\u00f4ne-Alpes - SNETAP-FSU","url":"https:\/\/regions-snetap-fsu.fr\/ara\/","logo":{"@type":"ImageObject","inLanguage":"fr-FR","@id":"https:\/\/regions-snetap-fsu.fr\/ara\/#\/schema\/logo\/image\/","url":"https:\/\/regions-snetap-fsu.fr\/ara\/wp-content\/uploads\/sites\/12\/2021\/03\/Auvergne-Rhones-Alpes.jpg","contentUrl":"https:\/\/regions-snetap-fsu.fr\/ara\/wp-content\/uploads\/sites\/12\/2021\/03\/Auvergne-Rhones-Alpes.jpg","width":2000,"height":2000,"caption":"Auvergne Rh\u00f4ne-Alpes - SNETAP-FSU"},"image":{"@id":"https:\/\/regions-snetap-fsu.fr\/ara\/#\/schema\/logo\/image\/"}},{"@type":"Person","@id":"https:\/\/regions-snetap-fsu.fr\/ara\/#\/schema\/person\/0ba12f76f608c3574101bed3172dd09f","name":"fmelin","image":{"@type":"ImageObject","inLanguage":"fr-FR","@id":"https:\/\/secure.gravatar.com\/avatar\/e618b7bfe967a94f6e4775bc62382d58231a19a3bf3eb6fddaec658f79f3fbfa?s=96&d=mm&r=g","url":"https:\/\/secure.gravatar.com\/avatar\/e618b7bfe967a94f6e4775bc62382d58231a19a3bf3eb6fddaec658f79f3fbfa?s=96&d=mm&r=g","contentUrl":"https:\/\/secure.gravatar.com\/avatar\/e618b7bfe967a94f6e4775bc62382d58231a19a3bf3eb6fddaec658f79f3fbfa?s=96&d=mm&r=g","caption":"fmelin"},"url":"https:\/\/regions-snetap-fsu.fr\/ara\/author\/fmelin\/"}]}},"_links":{"self":[{"href":"https:\/\/regions-snetap-fsu.fr\/ara\/wp-json\/wp\/v2\/posts\/399","targetHints":{"allow":["GET"]}}],"collection":[{"href":"https:\/\/regions-snetap-fsu.fr\/ara\/wp-json\/wp\/v2\/posts"}],"about":[{"href":"https:\/\/regions-snetap-fsu.fr\/ara\/wp-json\/wp\/v2\/types\/post"}],"author":[{"embeddable":true,"href":"https:\/\/regions-snetap-fsu.fr\/ara\/wp-json\/wp\/v2\/users\/120"}],"replies":[{"embeddable":true,"href":"https:\/\/regions-snetap-fsu.fr\/ara\/wp-json\/wp\/v2\/comments?post=399"}],"version-history":[{"count":6,"href":"https:\/\/regions-snetap-fsu.fr\/ara\/wp-json\/wp\/v2\/posts\/399\/revisions"}],"predecessor-version":[{"id":411,"href":"https:\/\/regions-snetap-fsu.fr\/ara\/wp-json\/wp\/v2\/posts\/399\/revisions\/411"}],"wp:attachment":[{"href":"https:\/\/regions-snetap-fsu.fr\/ara\/wp-json\/wp\/v2\/media?parent=399"}],"wp:term":[{"taxonomy":"category","embeddable":true,"href":"https:\/\/regions-snetap-fsu.fr\/ara\/wp-json\/wp\/v2\/categories?post=399"},{"taxonomy":"post_tag","embeddable":true,"href":"https:\/\/regions-snetap-fsu.fr\/ara\/wp-json\/wp\/v2\/tags?post=399"},{"taxonomy":"post_folder","embeddable":true,"href":"https:\/\/regions-snetap-fsu.fr\/ara\/wp-json\/wp\/v2\/post_folder?post=399"}],"curies":[{"name":"wp","href":"https:\/\/api.w.org\/{rel}","templated":true}]}}