{"id":256,"date":"2019-01-20T16:09:06","date_gmt":"2019-01-20T15:09:06","guid":{"rendered":"https:\/\/regions-snetap-fsu.fr\/ara\/?p=256"},"modified":"2019-06-04T13:43:27","modified_gmt":"2019-06-04T11:43:27","slug":"congres-regional-14-fevrier-dardilly","status":"publish","type":"post","link":"https:\/\/regions-snetap-fsu.fr\/ara\/2019\/01\/20\/congres-regional-14-fevrier-dardilly\/","title":{"rendered":"Congr\u00e8s r\u00e9gional 14 f\u00e9vrier Dardilly"},"content":{"rendered":"<p>En vue du Congr\u00e8s extraordinaire qui aura lieu le 28 mars 2019 \u00e0 Paris, visant \u00e0 modifier les statuts pour instaurer des \u00e9lections paritaires \u00e0 tous les niveaux du syndicat, un Congr\u00e8s r\u00e9gional est organis\u00e9. Lors de celui-ci, les syndiqu\u00e9\u00b7e\u00b7s pr\u00e9sent\u00b7e\u00b7s (qui auront \u00e9t\u00e9 \u00e9lu\u00b7e\u00b7s dans leur section) pourront ajouter des amendements aux propositions de modifications statutaires valid\u00e9es lors du dernier CSN.<\/p>\n<p>La veille du Congr\u00e8s, une journ\u00e9e d&rsquo;\u00e9tudes sur le th\u00e8me de la parit\u00e9 dans les syndicats aura lieu et permettra d&rsquo;alimenter les d\u00e9bats le lendemain.<\/p>\n<p>Ci-dessous l&rsquo;invitation au Congr\u00e8s r\u00e9gional du 14 f\u00e9vrier qui se tiendra au LEGTA de Dardilly, ainsi que le mod\u00e8le \u00e0 compl\u00e9ter de demande d&rsquo;autorisation sp\u00e9ciale d&rsquo;absence.<\/p>\n\n\t\t<div class=\"wppdfemb-frame-container-1\" style=\"-webkit-overflow-scrolling:auto;\">\n\t\t\t<iframe class=\"pdfembed-iframe nonfullscreen wppdf-emb-iframe-1\"\n\t\t\t\tsrc=\"https:\/\/regions-snetap-fsu.fr\/ara\/?pdfemb-data=eyJ1cmwiOiJodHRwczpcL1wvcmVnaW9ucy1zbmV0YXAtZnN1LmZyXC9hcmFcL3dwLWNvbnRlbnRcL3VwbG9hZHNcL3NpdGVzXC8xMlwvMjAxOVwvMDFcL2RvYy1wb3VyLWNvbmdyXHUwMGU4cy1EYXJkaWxseS0yMDE5LTMucGRmIiwidGl0bGUiOiJkb2MgcG91ciBjb25nclx1MDBlOHMgRGFyZGlsbHkgMjAxOSAzIiwiaW5kZXgiOjEsInBkZklEIjoyNTV9\"\n\t\t\t\ttitle=\"doc pour congr\u00e8s Dardilly 2019 3\"\t\t\t\tdata-pdf-id=\"255\"\n\t\t\t\tdata-pdf-index=\"1\"\n\t\t\t\tstyle=\"border:none;width:100%;max-width:100%;height:100vh;\"\n\t\t\t\tscrolling=\"yes\">\n\t\t\t<\/iframe>\n\t\t<\/div>\n\n\t\t\n","protected":false},"excerpt":{"rendered":"<p>En vue du Congr\u00e8s extraordinaire qui aura lieu le 28 mars 2019 \u00e0 Paris, visant \u00e0 modifier les statuts pour instaurer des \u00e9lections paritaires \u00e0 tous les niveaux du syndicat, un Congr\u00e8s r\u00e9gional est organis\u00e9. Lors de celui-ci, les syndiqu\u00e9\u00b7e\u00b7s pr\u00e9sent\u00b7e\u00b7s (qui auront \u00e9t\u00e9 \u00e9lu\u00b7e\u00b7s dans leur section) pourront ajouter des amendements aux propositions de [&hellip;]<\/p>\n","protected":false},"author":120,"featured_media":0,"comment_status":"closed","ping_status":"closed","sticky":false,"template":"","format":"standard","meta":{"ocean_post_layout":"","ocean_both_sidebars_style":"","ocean_both_sidebars_content_width":0,"ocean_both_sidebars_sidebars_width":0,"ocean_sidebar":"","ocean_second_sidebar":"","ocean_disable_margins":"enable","ocean_add_body_class":"","ocean_shortcode_before_top_bar":"","ocean_shortcode_after_top_bar":"","ocean_shortcode_before_header":"","ocean_shortcode_after_header":"","ocean_has_shortcode":"","ocean_shortcode_after_title":"","ocean_shortcode_before_footer_widgets":"","ocean_shortcode_after_footer_widgets":"","ocean_shortcode_before_footer_bottom":"","ocean_shortcode_after_footer_bottom":"","ocean_display_top_bar":"default","ocean_display_header":"default","ocean_header_style":"","ocean_center_header_left_menu":"","ocean_custom_header_template":"","ocean_custom_logo":0,"ocean_custom_retina_logo":0,"ocean_custom_logo_max_width":0,"ocean_custom_logo_tablet_max_width":0,"ocean_custom_logo_mobile_max_width":0,"ocean_custom_logo_max_height":0,"ocean_custom_logo_tablet_max_height":0,"ocean_custom_logo_mobile_max_height":0,"ocean_header_custom_menu":"","ocean_menu_typo_font_family":"","ocean_menu_typo_font_subset":"","ocean_menu_typo_font_size":0,"ocean_menu_typo_font_size_tablet":0,"ocean_menu_typo_font_size_mobile":0,"ocean_menu_typo_font_size_unit":"px","ocean_menu_typo_font_weight":"","ocean_menu_typo_font_weight_tablet":"","ocean_menu_typo_font_weight_mobile":"","ocean_menu_typo_transform":"","ocean_menu_typo_transform_tablet":"","ocean_menu_typo_transform_mobile":"","ocean_menu_typo_line_height":0,"ocean_menu_typo_line_height_tablet":0,"ocean_menu_typo_line_height_mobile":0,"ocean_menu_typo_line_height_unit":"","ocean_menu_typo_spacing":0,"ocean_menu_typo_spacing_tablet":0,"ocean_menu_typo_spacing_mobile":0,"ocean_menu_typo_spacing_unit":"","ocean_menu_link_color":"","ocean_menu_link_color_hover":"","ocean_menu_link_color_active":"","ocean_menu_link_background":"","ocean_menu_link_hover_background":"","ocean_menu_link_active_background":"","ocean_menu_social_links_bg":"","ocean_menu_social_hover_links_bg":"","ocean_menu_social_links_color":"","ocean_menu_social_hover_links_color":"","ocean_disable_title":"default","ocean_disable_heading":"default","ocean_post_title":"","ocean_post_subheading":"","ocean_post_title_style":"","ocean_post_title_background_color":"","ocean_post_title_background":0,"ocean_post_title_bg_image_position":"","ocean_post_title_bg_image_attachment":"","ocean_post_title_bg_image_repeat":"","ocean_post_title_bg_image_size":"","ocean_post_title_height":0,"ocean_post_title_bg_overlay":0.5,"ocean_post_title_bg_overlay_color":"","ocean_disable_breadcrumbs":"default","ocean_breadcrumbs_color":"","ocean_breadcrumbs_separator_color":"","ocean_breadcrumbs_links_color":"","ocean_breadcrumbs_links_hover_color":"","ocean_display_footer_widgets":"default","ocean_display_footer_bottom":"default","ocean_custom_footer_template":"","ocean_post_oembed":"","ocean_post_self_hosted_media":"","ocean_post_video_embed":"","ocean_link_format":"","ocean_link_format_target":"self","ocean_quote_format":"","ocean_quote_format_link":"post","ocean_gallery_link_images":"on","ocean_gallery_id":[],"footnotes":""},"categories":[10],"tags":[],"post_folder":[],"class_list":["post-256","post","type-post","status-publish","format-standard","hentry","category-reunions-regionales","entry"],"yoast_head":"<!-- This site is optimized with the Yoast SEO plugin v27.4 - https:\/\/yoast.com\/product\/yoast-seo-wordpress\/ -->\n<title>Congr\u00e8s r\u00e9gional 14 f\u00e9vrier Dardilly - AUVERGNE RH\u00d4NE-ALPES<\/title>\n<meta name=\"robots\" content=\"index, follow, max-snippet:-1, max-image-preview:large, max-video-preview:-1\" \/>\n<link rel=\"canonical\" href=\"https:\/\/regions-snetap-fsu.fr\/ara\/2019\/01\/20\/congres-regional-14-fevrier-dardilly\/\" \/>\n<meta property=\"og:locale\" content=\"fr_FR\" \/>\n<meta property=\"og:type\" content=\"article\" \/>\n<meta property=\"og:title\" content=\"Congr\u00e8s r\u00e9gional 14 f\u00e9vrier Dardilly - AUVERGNE RH\u00d4NE-ALPES\" \/>\n<meta property=\"og:description\" content=\"En vue du Congr\u00e8s extraordinaire qui aura lieu le 28 mars 2019 \u00e0 Paris, visant \u00e0 modifier les statuts pour instaurer des \u00e9lections paritaires \u00e0 tous les niveaux du syndicat, un Congr\u00e8s r\u00e9gional est organis\u00e9. Lors de celui-ci, les syndiqu\u00e9\u00b7e\u00b7s pr\u00e9sent\u00b7e\u00b7s (qui auront \u00e9t\u00e9 \u00e9lu\u00b7e\u00b7s dans leur section) pourront ajouter des amendements aux propositions de [&hellip;]\" \/>\n<meta property=\"og:url\" content=\"https:\/\/regions-snetap-fsu.fr\/ara\/2019\/01\/20\/congres-regional-14-fevrier-dardilly\/\" \/>\n<meta property=\"og:site_name\" content=\"AUVERGNE RH\u00d4NE-ALPES\" \/>\n<meta property=\"article:published_time\" content=\"2019-01-20T15:09:06+00:00\" \/>\n<meta property=\"article:modified_time\" content=\"2019-06-04T11:43:27+00:00\" \/>\n<meta name=\"author\" content=\"fmelin\" \/>\n<meta name=\"twitter:card\" content=\"summary_large_image\" \/>\n<meta name=\"twitter:label1\" content=\"\u00c9crit par\" \/>\n\t<meta name=\"twitter:data1\" content=\"fmelin\" \/>\n\t<meta name=\"twitter:label2\" content=\"Dur\u00e9e de lecture estim\u00e9e\" \/>\n\t<meta name=\"twitter:data2\" content=\"1 minute\" \/>\n<script type=\"application\/ld+json\" class=\"yoast-schema-graph\">{\"@context\":\"https:\\\/\\\/schema.org\",\"@graph\":[{\"@type\":\"Article\",\"@id\":\"https:\\\/\\\/regions-snetap-fsu.fr\\\/ara\\\/2019\\\/01\\\/20\\\/congres-regional-14-fevrier-dardilly\\\/#article\",\"isPartOf\":{\"@id\":\"https:\\\/\\\/regions-snetap-fsu.fr\\\/ara\\\/2019\\\/01\\\/20\\\/congres-regional-14-fevrier-dardilly\\\/\"},\"author\":{\"name\":\"fmelin\",\"@id\":\"https:\\\/\\\/regions-snetap-fsu.fr\\\/ara\\\/#\\\/schema\\\/person\\\/0ba12f76f608c3574101bed3172dd09f\"},\"headline\":\"Congr\u00e8s r\u00e9gional 14 f\u00e9vrier Dardilly\",\"datePublished\":\"2019-01-20T15:09:06+00:00\",\"dateModified\":\"2019-06-04T11:43:27+00:00\",\"mainEntityOfPage\":{\"@id\":\"https:\\\/\\\/regions-snetap-fsu.fr\\\/ara\\\/2019\\\/01\\\/20\\\/congres-regional-14-fevrier-dardilly\\\/\"},\"wordCount\":158,\"publisher\":{\"@id\":\"https:\\\/\\\/regions-snetap-fsu.fr\\\/ara\\\/#organization\"},\"articleSection\":[\"R\u00e9unions r\u00e9gionales\"],\"inLanguage\":\"fr-FR\"},{\"@type\":\"WebPage\",\"@id\":\"https:\\\/\\\/regions-snetap-fsu.fr\\\/ara\\\/2019\\\/01\\\/20\\\/congres-regional-14-fevrier-dardilly\\\/\",\"url\":\"https:\\\/\\\/regions-snetap-fsu.fr\\\/ara\\\/2019\\\/01\\\/20\\\/congres-regional-14-fevrier-dardilly\\\/\",\"name\":\"Congr\u00e8s r\u00e9gional 14 f\u00e9vrier Dardilly - AUVERGNE RH\u00d4NE-ALPES\",\"isPartOf\":{\"@id\":\"https:\\\/\\\/regions-snetap-fsu.fr\\\/ara\\\/#website\"},\"datePublished\":\"2019-01-20T15:09:06+00:00\",\"dateModified\":\"2019-06-04T11:43:27+00:00\",\"breadcrumb\":{\"@id\":\"https:\\\/\\\/regions-snetap-fsu.fr\\\/ara\\\/2019\\\/01\\\/20\\\/congres-regional-14-fevrier-dardilly\\\/#breadcrumb\"},\"inLanguage\":\"fr-FR\",\"potentialAction\":[{\"@type\":\"ReadAction\",\"target\":[\"https:\\\/\\\/regions-snetap-fsu.fr\\\/ara\\\/2019\\\/01\\\/20\\\/congres-regional-14-fevrier-dardilly\\\/\"]}]},{\"@type\":\"BreadcrumbList\",\"@id\":\"https:\\\/\\\/regions-snetap-fsu.fr\\\/ara\\\/2019\\\/01\\\/20\\\/congres-regional-14-fevrier-dardilly\\\/#breadcrumb\",\"itemListElement\":[{\"@type\":\"ListItem\",\"position\":1,\"name\":\"Accueil\",\"item\":\"https:\\\/\\\/regions-snetap-fsu.fr\\\/ara\\\/\"},{\"@type\":\"ListItem\",\"position\":2,\"name\":\"Congr\u00e8s r\u00e9gional 14 f\u00e9vrier Dardilly\"}]},{\"@type\":\"WebSite\",\"@id\":\"https:\\\/\\\/regions-snetap-fsu.fr\\\/ara\\\/#website\",\"url\":\"https:\\\/\\\/regions-snetap-fsu.fr\\\/ara\\\/\",\"name\":\"AUVERGNE RH\u00d4NE-ALPES\",\"description\":\"Le site de la  Section Syndicale\",\"publisher\":{\"@id\":\"https:\\\/\\\/regions-snetap-fsu.fr\\\/ara\\\/#organization\"},\"potentialAction\":[{\"@type\":\"SearchAction\",\"target\":{\"@type\":\"EntryPoint\",\"urlTemplate\":\"https:\\\/\\\/regions-snetap-fsu.fr\\\/ara\\\/?s={search_term_string}\"},\"query-input\":{\"@type\":\"PropertyValueSpecification\",\"valueRequired\":true,\"valueName\":\"search_term_string\"}}],\"inLanguage\":\"fr-FR\"},{\"@type\":\"Organization\",\"@id\":\"https:\\\/\\\/regions-snetap-fsu.fr\\\/ara\\\/#organization\",\"name\":\"Auvergne Rh\u00f4ne-Alpes - SNETAP-FSU\",\"url\":\"https:\\\/\\\/regions-snetap-fsu.fr\\\/ara\\\/\",\"logo\":{\"@type\":\"ImageObject\",\"inLanguage\":\"fr-FR\",\"@id\":\"https:\\\/\\\/regions-snetap-fsu.fr\\\/ara\\\/#\\\/schema\\\/logo\\\/image\\\/\",\"url\":\"https:\\\/\\\/regions-snetap-fsu.fr\\\/ara\\\/wp-content\\\/uploads\\\/sites\\\/12\\\/2021\\\/03\\\/Auvergne-Rhones-Alpes.jpg\",\"contentUrl\":\"https:\\\/\\\/regions-snetap-fsu.fr\\\/ara\\\/wp-content\\\/uploads\\\/sites\\\/12\\\/2021\\\/03\\\/Auvergne-Rhones-Alpes.jpg\",\"width\":2000,\"height\":2000,\"caption\":\"Auvergne Rh\u00f4ne-Alpes - SNETAP-FSU\"},\"image\":{\"@id\":\"https:\\\/\\\/regions-snetap-fsu.fr\\\/ara\\\/#\\\/schema\\\/logo\\\/image\\\/\"}},{\"@type\":\"Person\",\"@id\":\"https:\\\/\\\/regions-snetap-fsu.fr\\\/ara\\\/#\\\/schema\\\/person\\\/0ba12f76f608c3574101bed3172dd09f\",\"name\":\"fmelin\",\"image\":{\"@type\":\"ImageObject\",\"inLanguage\":\"fr-FR\",\"@id\":\"https:\\\/\\\/secure.gravatar.com\\\/avatar\\\/e618b7bfe967a94f6e4775bc62382d58231a19a3bf3eb6fddaec658f79f3fbfa?s=96&d=mm&r=g\",\"url\":\"https:\\\/\\\/secure.gravatar.com\\\/avatar\\\/e618b7bfe967a94f6e4775bc62382d58231a19a3bf3eb6fddaec658f79f3fbfa?s=96&d=mm&r=g\",\"contentUrl\":\"https:\\\/\\\/secure.gravatar.com\\\/avatar\\\/e618b7bfe967a94f6e4775bc62382d58231a19a3bf3eb6fddaec658f79f3fbfa?s=96&d=mm&r=g\",\"caption\":\"fmelin\"},\"url\":\"https:\\\/\\\/regions-snetap-fsu.fr\\\/ara\\\/author\\\/fmelin\\\/\"}]}<\/script>\n<!-- \/ Yoast SEO plugin. -->","yoast_head_json":{"title":"Congr\u00e8s r\u00e9gional 14 f\u00e9vrier Dardilly - AUVERGNE RH\u00d4NE-ALPES","robots":{"index":"index","follow":"follow","max-snippet":"max-snippet:-1","max-image-preview":"max-image-preview:large","max-video-preview":"max-video-preview:-1"},"canonical":"https:\/\/regions-snetap-fsu.fr\/ara\/2019\/01\/20\/congres-regional-14-fevrier-dardilly\/","og_locale":"fr_FR","og_type":"article","og_title":"Congr\u00e8s r\u00e9gional 14 f\u00e9vrier Dardilly - AUVERGNE RH\u00d4NE-ALPES","og_description":"En vue du Congr\u00e8s extraordinaire qui aura lieu le 28 mars 2019 \u00e0 Paris, visant \u00e0 modifier les statuts pour instaurer des \u00e9lections paritaires \u00e0 tous les niveaux du syndicat, un Congr\u00e8s r\u00e9gional est organis\u00e9. Lors de celui-ci, les syndiqu\u00e9\u00b7e\u00b7s pr\u00e9sent\u00b7e\u00b7s (qui auront \u00e9t\u00e9 \u00e9lu\u00b7e\u00b7s dans leur section) pourront ajouter des amendements aux propositions de [&hellip;]","og_url":"https:\/\/regions-snetap-fsu.fr\/ara\/2019\/01\/20\/congres-regional-14-fevrier-dardilly\/","og_site_name":"AUVERGNE RH\u00d4NE-ALPES","article_published_time":"2019-01-20T15:09:06+00:00","article_modified_time":"2019-06-04T11:43:27+00:00","author":"fmelin","twitter_card":"summary_large_image","twitter_misc":{"\u00c9crit par":"fmelin","Dur\u00e9e de lecture estim\u00e9e":"1 minute"},"schema":{"@context":"https:\/\/schema.org","@graph":[{"@type":"Article","@id":"https:\/\/regions-snetap-fsu.fr\/ara\/2019\/01\/20\/congres-regional-14-fevrier-dardilly\/#article","isPartOf":{"@id":"https:\/\/regions-snetap-fsu.fr\/ara\/2019\/01\/20\/congres-regional-14-fevrier-dardilly\/"},"author":{"name":"fmelin","@id":"https:\/\/regions-snetap-fsu.fr\/ara\/#\/schema\/person\/0ba12f76f608c3574101bed3172dd09f"},"headline":"Congr\u00e8s r\u00e9gional 14 f\u00e9vrier Dardilly","datePublished":"2019-01-20T15:09:06+00:00","dateModified":"2019-06-04T11:43:27+00:00","mainEntityOfPage":{"@id":"https:\/\/regions-snetap-fsu.fr\/ara\/2019\/01\/20\/congres-regional-14-fevrier-dardilly\/"},"wordCount":158,"publisher":{"@id":"https:\/\/regions-snetap-fsu.fr\/ara\/#organization"},"articleSection":["R\u00e9unions r\u00e9gionales"],"inLanguage":"fr-FR"},{"@type":"WebPage","@id":"https:\/\/regions-snetap-fsu.fr\/ara\/2019\/01\/20\/congres-regional-14-fevrier-dardilly\/","url":"https:\/\/regions-snetap-fsu.fr\/ara\/2019\/01\/20\/congres-regional-14-fevrier-dardilly\/","name":"Congr\u00e8s r\u00e9gional 14 f\u00e9vrier Dardilly - AUVERGNE RH\u00d4NE-ALPES","isPartOf":{"@id":"https:\/\/regions-snetap-fsu.fr\/ara\/#website"},"datePublished":"2019-01-20T15:09:06+00:00","dateModified":"2019-06-04T11:43:27+00:00","breadcrumb":{"@id":"https:\/\/regions-snetap-fsu.fr\/ara\/2019\/01\/20\/congres-regional-14-fevrier-dardilly\/#breadcrumb"},"inLanguage":"fr-FR","potentialAction":[{"@type":"ReadAction","target":["https:\/\/regions-snetap-fsu.fr\/ara\/2019\/01\/20\/congres-regional-14-fevrier-dardilly\/"]}]},{"@type":"BreadcrumbList","@id":"https:\/\/regions-snetap-fsu.fr\/ara\/2019\/01\/20\/congres-regional-14-fevrier-dardilly\/#breadcrumb","itemListElement":[{"@type":"ListItem","position":1,"name":"Accueil","item":"https:\/\/regions-snetap-fsu.fr\/ara\/"},{"@type":"ListItem","position":2,"name":"Congr\u00e8s r\u00e9gional 14 f\u00e9vrier Dardilly"}]},{"@type":"WebSite","@id":"https:\/\/regions-snetap-fsu.fr\/ara\/#website","url":"https:\/\/regions-snetap-fsu.fr\/ara\/","name":"AUVERGNE RH\u00d4NE-ALPES","description":"Le site de la  Section Syndicale","publisher":{"@id":"https:\/\/regions-snetap-fsu.fr\/ara\/#organization"},"potentialAction":[{"@type":"SearchAction","target":{"@type":"EntryPoint","urlTemplate":"https:\/\/regions-snetap-fsu.fr\/ara\/?s={search_term_string}"},"query-input":{"@type":"PropertyValueSpecification","valueRequired":true,"valueName":"search_term_string"}}],"inLanguage":"fr-FR"},{"@type":"Organization","@id":"https:\/\/regions-snetap-fsu.fr\/ara\/#organization","name":"Auvergne Rh\u00f4ne-Alpes - SNETAP-FSU","url":"https:\/\/regions-snetap-fsu.fr\/ara\/","logo":{"@type":"ImageObject","inLanguage":"fr-FR","@id":"https:\/\/regions-snetap-fsu.fr\/ara\/#\/schema\/logo\/image\/","url":"https:\/\/regions-snetap-fsu.fr\/ara\/wp-content\/uploads\/sites\/12\/2021\/03\/Auvergne-Rhones-Alpes.jpg","contentUrl":"https:\/\/regions-snetap-fsu.fr\/ara\/wp-content\/uploads\/sites\/12\/2021\/03\/Auvergne-Rhones-Alpes.jpg","width":2000,"height":2000,"caption":"Auvergne Rh\u00f4ne-Alpes - SNETAP-FSU"},"image":{"@id":"https:\/\/regions-snetap-fsu.fr\/ara\/#\/schema\/logo\/image\/"}},{"@type":"Person","@id":"https:\/\/regions-snetap-fsu.fr\/ara\/#\/schema\/person\/0ba12f76f608c3574101bed3172dd09f","name":"fmelin","image":{"@type":"ImageObject","inLanguage":"fr-FR","@id":"https:\/\/secure.gravatar.com\/avatar\/e618b7bfe967a94f6e4775bc62382d58231a19a3bf3eb6fddaec658f79f3fbfa?s=96&d=mm&r=g","url":"https:\/\/secure.gravatar.com\/avatar\/e618b7bfe967a94f6e4775bc62382d58231a19a3bf3eb6fddaec658f79f3fbfa?s=96&d=mm&r=g","contentUrl":"https:\/\/secure.gravatar.com\/avatar\/e618b7bfe967a94f6e4775bc62382d58231a19a3bf3eb6fddaec658f79f3fbfa?s=96&d=mm&r=g","caption":"fmelin"},"url":"https:\/\/regions-snetap-fsu.fr\/ara\/author\/fmelin\/"}]}},"_links":{"self":[{"href":"https:\/\/regions-snetap-fsu.fr\/ara\/wp-json\/wp\/v2\/posts\/256","targetHints":{"allow":["GET"]}}],"collection":[{"href":"https:\/\/regions-snetap-fsu.fr\/ara\/wp-json\/wp\/v2\/posts"}],"about":[{"href":"https:\/\/regions-snetap-fsu.fr\/ara\/wp-json\/wp\/v2\/types\/post"}],"author":[{"embeddable":true,"href":"https:\/\/regions-snetap-fsu.fr\/ara\/wp-json\/wp\/v2\/users\/120"}],"replies":[{"embeddable":true,"href":"https:\/\/regions-snetap-fsu.fr\/ara\/wp-json\/wp\/v2\/comments?post=256"}],"version-history":[{"count":5,"href":"https:\/\/regions-snetap-fsu.fr\/ara\/wp-json\/wp\/v2\/posts\/256\/revisions"}],"predecessor-version":[{"id":261,"href":"https:\/\/regions-snetap-fsu.fr\/ara\/wp-json\/wp\/v2\/posts\/256\/revisions\/261"}],"wp:attachment":[{"href":"https:\/\/regions-snetap-fsu.fr\/ara\/wp-json\/wp\/v2\/media?parent=256"}],"wp:term":[{"taxonomy":"category","embeddable":true,"href":"https:\/\/regions-snetap-fsu.fr\/ara\/wp-json\/wp\/v2\/categories?post=256"},{"taxonomy":"post_tag","embeddable":true,"href":"https:\/\/regions-snetap-fsu.fr\/ara\/wp-json\/wp\/v2\/tags?post=256"},{"taxonomy":"post_folder","embeddable":true,"href":"https:\/\/regions-snetap-fsu.fr\/ara\/wp-json\/wp\/v2\/post_folder?post=256"}],"curies":[{"name":"wp","href":"https:\/\/api.w.org\/{rel}","templated":true}]}}