{"id":212,"date":"2018-11-29T16:35:29","date_gmt":"2018-11-29T15:35:29","guid":{"rendered":"https:\/\/regions-snetap-fsu.fr\/ara\/?p=212"},"modified":"2018-12-04T16:28:12","modified_gmt":"2018-12-04T15:28:12","slug":"elections-professionnelles-6-decembre","status":"publish","type":"post","link":"https:\/\/regions-snetap-fsu.fr\/ara\/2018\/11\/29\/elections-professionnelles-6-decembre\/","title":{"rendered":"Elections professionnelles 6 d\u00e9cembre"},"content":{"rendered":"<p>Le 6 d\u00e9cembre votez pour vos repr\u00e9sentants SNETAP-FSU !<\/p>\n<p>Voir ci-dessous pour le d\u00e9tail des votes auxquels vous participez<\/p>\n\n\t\t<div class=\"wppdfemb-frame-container-1\" style=\"-webkit-overflow-scrolling:auto;\">\n\t\t\t<iframe class=\"pdfembed-iframe nonfullscreen wppdf-emb-iframe-1\"\n\t\t\t\tsrc=\"https:\/\/regions-snetap-fsu.fr\/ara\/?pdfemb-data=eyJ1cmwiOiJodHRwczpcL1wvcmVnaW9ucy1zbmV0YXAtZnN1LmZyXC9hcmFcL3dwLWNvbnRlbnRcL3VwbG9hZHNcL3NpdGVzXC8xMlwvMjAxOFwvMTFcLzEtX2E0LV9zbmV0YXAtc251aXRhbS12b3Rlei5wZGYiLCJpbmRleCI6MSwicGRmSUQiOjIxMX0\"\n\t\t\t\t\t\t\t\tdata-pdf-id=\"211\"\n\t\t\t\tdata-pdf-index=\"1\"\n\t\t\t\tstyle=\"border:none;width:100%;max-width:100%;height:100vh;\"\n\t\t\t\tscrolling=\"yes\">\n\t\t\t<\/iframe>\n\t\t<\/div>\n\n\t\t\n<ul style=\"list-style-type: disc;\">\n<li>Aux comit\u00e9s techniques : le Comit\u00e9 technique minist\u00e9riel (CTM), le Comit\u00e9 technique de l&rsquo;enseignement agricole (CTEA) ou le Comit\u00e9 technique sp\u00e9cial de la DGER (CTS)<\/li>\n<\/ul>\n<p>Le comit\u00e9 technique est une instance de concertation charg\u00e9e de donner son avis sur les questions et projets de textes relatifs \u00e0 l\u2019organisation et au fonctionnement des services, les questions relatives aux effectifs, aux emplois et aux missions et les projets de statuts particuliers.<\/p>\n<p>Pour voir les engagements des candidats SNETAP-FSU, c&rsquo;est <a href=\"https:\/\/regions-snetap-fsu.fr\/ara\/ctea-les-engagements-du-snetap-fsu\/\">ici<\/a><\/p>\n<p>Pour voir la profession de foi, c&rsquo;est <a href=\"https:\/\/regions-snetap-fsu.fr\/ara\/comites-techniques-la-profession-de-foi\/\">l\u00e0<\/a><\/p>\n<ul>\n<li>Au Comit\u00e9 technique r\u00e9gional de l&rsquo;enseignement agricole (CTREA) ou \u00e0 la Commisssion consultative paritaire r\u00e9gionale (CCPR)\u00a0 pour les agents contractuels r\u00e9gionaux et sur budget d&rsquo;\u00e9tablissement<\/li>\n<\/ul>\n<p>Pour voir la profession de foi, c&rsquo;est <a href=\"https:\/\/regions-snetap-fsu.fr\/ara\/ctrea-et-ccpr-la-profession-de-foi\/\">ici<\/a><\/p>\n<ul>\n<li>A la Commission administrative paritaire (CAP) ou \u00e0 la Commission consultative paritaire (CCP)<\/li>\n<\/ul>\n<div class=\"crayon article-chapo-5461 chapo surlignable\">\n<p>Les commissions administratives paritaires sont les instances de repr\u00e9sentation des personnels titulaires de la fonction publique. Elles traitent des sujets relatifs aux carri\u00e8res individuelles (mutation, promotion, d\u00e9tachement, mobilit\u00e9&#8230;).<\/p>\n<p>Les commissions consultatives paritaires sont consult\u00e9es pour les questions d\u2019ordre individuel concernant les personnels contractuels (licenciements, sanctions disciplinaires, etc.).<\/p>\n<\/div>\n","protected":false},"excerpt":{"rendered":"<p>Le 6 d\u00e9cembre votez pour vos repr\u00e9sentants SNETAP-FSU ! Voir ci-dessous pour le d\u00e9tail des votes auxquels vous participez Aux comit\u00e9s techniques : le Comit\u00e9 technique minist\u00e9riel (CTM), le Comit\u00e9 technique de l&rsquo;enseignement agricole (CTEA) ou le Comit\u00e9 technique sp\u00e9cial de la DGER (CTS) Le comit\u00e9 technique est une instance de concertation charg\u00e9e de donner [&hellip;]<\/p>\n","protected":false},"author":120,"featured_media":0,"comment_status":"closed","ping_status":"closed","sticky":false,"template":"","format":"standard","meta":{"ocean_post_layout":"","ocean_both_sidebars_style":"","ocean_both_sidebars_content_width":0,"ocean_both_sidebars_sidebars_width":0,"ocean_sidebar":"","ocean_second_sidebar":"","ocean_disable_margins":"enable","ocean_add_body_class":"","ocean_shortcode_before_top_bar":"","ocean_shortcode_after_top_bar":"","ocean_shortcode_before_header":"","ocean_shortcode_after_header":"","ocean_has_shortcode":"","ocean_shortcode_after_title":"","ocean_shortcode_before_footer_widgets":"","ocean_shortcode_after_footer_widgets":"","ocean_shortcode_before_footer_bottom":"","ocean_shortcode_after_footer_bottom":"","ocean_display_top_bar":"default","ocean_display_header":"default","ocean_header_style":"","ocean_center_header_left_menu":"","ocean_custom_header_template":"","ocean_custom_logo":0,"ocean_custom_retina_logo":0,"ocean_custom_logo_max_width":0,"ocean_custom_logo_tablet_max_width":0,"ocean_custom_logo_mobile_max_width":0,"ocean_custom_logo_max_height":0,"ocean_custom_logo_tablet_max_height":0,"ocean_custom_logo_mobile_max_height":0,"ocean_header_custom_menu":"","ocean_menu_typo_font_family":"","ocean_menu_typo_font_subset":"","ocean_menu_typo_font_size":0,"ocean_menu_typo_font_size_tablet":0,"ocean_menu_typo_font_size_mobile":0,"ocean_menu_typo_font_size_unit":"px","ocean_menu_typo_font_weight":"","ocean_menu_typo_font_weight_tablet":"","ocean_menu_typo_font_weight_mobile":"","ocean_menu_typo_transform":"","ocean_menu_typo_transform_tablet":"","ocean_menu_typo_transform_mobile":"","ocean_menu_typo_line_height":0,"ocean_menu_typo_line_height_tablet":0,"ocean_menu_typo_line_height_mobile":0,"ocean_menu_typo_line_height_unit":"","ocean_menu_typo_spacing":0,"ocean_menu_typo_spacing_tablet":0,"ocean_menu_typo_spacing_mobile":0,"ocean_menu_typo_spacing_unit":"","ocean_menu_link_color":"","ocean_menu_link_color_hover":"","ocean_menu_link_color_active":"","ocean_menu_link_background":"","ocean_menu_link_hover_background":"","ocean_menu_link_active_background":"","ocean_menu_social_links_bg":"","ocean_menu_social_hover_links_bg":"","ocean_menu_social_links_color":"","ocean_menu_social_hover_links_color":"","ocean_disable_title":"default","ocean_disable_heading":"default","ocean_post_title":"","ocean_post_subheading":"","ocean_post_title_style":"","ocean_post_title_background_color":"","ocean_post_title_background":0,"ocean_post_title_bg_image_position":"","ocean_post_title_bg_image_attachment":"","ocean_post_title_bg_image_repeat":"","ocean_post_title_bg_image_size":"","ocean_post_title_height":0,"ocean_post_title_bg_overlay":0.5,"ocean_post_title_bg_overlay_color":"","ocean_disable_breadcrumbs":"default","ocean_breadcrumbs_color":"","ocean_breadcrumbs_separator_color":"","ocean_breadcrumbs_links_color":"","ocean_breadcrumbs_links_hover_color":"","ocean_display_footer_widgets":"default","ocean_display_footer_bottom":"default","ocean_custom_footer_template":"","ocean_post_oembed":"","ocean_post_self_hosted_media":"","ocean_post_video_embed":"","ocean_link_format":"","ocean_link_format_target":"self","ocean_quote_format":"","ocean_quote_format_link":"post","ocean_gallery_link_images":"on","ocean_gallery_id":[],"footnotes":""},"categories":[6],"tags":[],"post_folder":[],"class_list":["post-212","post","type-post","status-publish","format-standard","hentry","category-elections-professionnelles-2018","entry"],"yoast_head":"<!-- This site is optimized with the Yoast SEO plugin v27.4 - https:\/\/yoast.com\/product\/yoast-seo-wordpress\/ -->\n<title>Elections professionnelles 6 d\u00e9cembre - AUVERGNE RH\u00d4NE-ALPES<\/title>\n<meta name=\"robots\" content=\"index, follow, max-snippet:-1, max-image-preview:large, max-video-preview:-1\" \/>\n<link rel=\"canonical\" href=\"https:\/\/regions-snetap-fsu.fr\/ara\/2018\/11\/29\/elections-professionnelles-6-decembre\/\" \/>\n<meta property=\"og:locale\" content=\"fr_FR\" \/>\n<meta property=\"og:type\" content=\"article\" \/>\n<meta property=\"og:title\" content=\"Elections professionnelles 6 d\u00e9cembre - AUVERGNE RH\u00d4NE-ALPES\" \/>\n<meta property=\"og:description\" content=\"Le 6 d\u00e9cembre votez pour vos repr\u00e9sentants SNETAP-FSU ! Voir ci-dessous pour le d\u00e9tail des votes auxquels vous participez Aux comit\u00e9s techniques : le Comit\u00e9 technique minist\u00e9riel (CTM), le Comit\u00e9 technique de l&rsquo;enseignement agricole (CTEA) ou le Comit\u00e9 technique sp\u00e9cial de la DGER (CTS) Le comit\u00e9 technique est une instance de concertation charg\u00e9e de donner [&hellip;]\" \/>\n<meta property=\"og:url\" content=\"https:\/\/regions-snetap-fsu.fr\/ara\/2018\/11\/29\/elections-professionnelles-6-decembre\/\" \/>\n<meta property=\"og:site_name\" content=\"AUVERGNE RH\u00d4NE-ALPES\" \/>\n<meta property=\"article:published_time\" content=\"2018-11-29T15:35:29+00:00\" \/>\n<meta property=\"article:modified_time\" content=\"2018-12-04T15:28:12+00:00\" \/>\n<meta name=\"author\" content=\"fmelin\" \/>\n<meta name=\"twitter:card\" content=\"summary_large_image\" \/>\n<meta name=\"twitter:label1\" content=\"\u00c9crit par\" \/>\n\t<meta name=\"twitter:data1\" content=\"fmelin\" \/>\n\t<meta name=\"twitter:label2\" content=\"Dur\u00e9e de lecture estim\u00e9e\" \/>\n\t<meta name=\"twitter:data2\" content=\"1 minute\" \/>\n<script type=\"application\/ld+json\" class=\"yoast-schema-graph\">{\"@context\":\"https:\\\/\\\/schema.org\",\"@graph\":[{\"@type\":\"Article\",\"@id\":\"https:\\\/\\\/regions-snetap-fsu.fr\\\/ara\\\/2018\\\/11\\\/29\\\/elections-professionnelles-6-decembre\\\/#article\",\"isPartOf\":{\"@id\":\"https:\\\/\\\/regions-snetap-fsu.fr\\\/ara\\\/2018\\\/11\\\/29\\\/elections-professionnelles-6-decembre\\\/\"},\"author\":{\"name\":\"fmelin\",\"@id\":\"https:\\\/\\\/regions-snetap-fsu.fr\\\/ara\\\/#\\\/schema\\\/person\\\/0ba12f76f608c3574101bed3172dd09f\"},\"headline\":\"Elections professionnelles 6 d\u00e9cembre\",\"datePublished\":\"2018-11-29T15:35:29+00:00\",\"dateModified\":\"2018-12-04T15:28:12+00:00\",\"mainEntityOfPage\":{\"@id\":\"https:\\\/\\\/regions-snetap-fsu.fr\\\/ara\\\/2018\\\/11\\\/29\\\/elections-professionnelles-6-decembre\\\/\"},\"wordCount\":232,\"publisher\":{\"@id\":\"https:\\\/\\\/regions-snetap-fsu.fr\\\/ara\\\/#organization\"},\"articleSection\":[\"\u00c9lections professionnelles 2018\"],\"inLanguage\":\"fr-FR\"},{\"@type\":\"WebPage\",\"@id\":\"https:\\\/\\\/regions-snetap-fsu.fr\\\/ara\\\/2018\\\/11\\\/29\\\/elections-professionnelles-6-decembre\\\/\",\"url\":\"https:\\\/\\\/regions-snetap-fsu.fr\\\/ara\\\/2018\\\/11\\\/29\\\/elections-professionnelles-6-decembre\\\/\",\"name\":\"Elections professionnelles 6 d\u00e9cembre - AUVERGNE RH\u00d4NE-ALPES\",\"isPartOf\":{\"@id\":\"https:\\\/\\\/regions-snetap-fsu.fr\\\/ara\\\/#website\"},\"datePublished\":\"2018-11-29T15:35:29+00:00\",\"dateModified\":\"2018-12-04T15:28:12+00:00\",\"breadcrumb\":{\"@id\":\"https:\\\/\\\/regions-snetap-fsu.fr\\\/ara\\\/2018\\\/11\\\/29\\\/elections-professionnelles-6-decembre\\\/#breadcrumb\"},\"inLanguage\":\"fr-FR\",\"potentialAction\":[{\"@type\":\"ReadAction\",\"target\":[\"https:\\\/\\\/regions-snetap-fsu.fr\\\/ara\\\/2018\\\/11\\\/29\\\/elections-professionnelles-6-decembre\\\/\"]}]},{\"@type\":\"BreadcrumbList\",\"@id\":\"https:\\\/\\\/regions-snetap-fsu.fr\\\/ara\\\/2018\\\/11\\\/29\\\/elections-professionnelles-6-decembre\\\/#breadcrumb\",\"itemListElement\":[{\"@type\":\"ListItem\",\"position\":1,\"name\":\"Accueil\",\"item\":\"https:\\\/\\\/regions-snetap-fsu.fr\\\/ara\\\/\"},{\"@type\":\"ListItem\",\"position\":2,\"name\":\"Elections professionnelles 6 d\u00e9cembre\"}]},{\"@type\":\"WebSite\",\"@id\":\"https:\\\/\\\/regions-snetap-fsu.fr\\\/ara\\\/#website\",\"url\":\"https:\\\/\\\/regions-snetap-fsu.fr\\\/ara\\\/\",\"name\":\"AUVERGNE RH\u00d4NE-ALPES\",\"description\":\"Le site de la  Section Syndicale\",\"publisher\":{\"@id\":\"https:\\\/\\\/regions-snetap-fsu.fr\\\/ara\\\/#organization\"},\"potentialAction\":[{\"@type\":\"SearchAction\",\"target\":{\"@type\":\"EntryPoint\",\"urlTemplate\":\"https:\\\/\\\/regions-snetap-fsu.fr\\\/ara\\\/?s={search_term_string}\"},\"query-input\":{\"@type\":\"PropertyValueSpecification\",\"valueRequired\":true,\"valueName\":\"search_term_string\"}}],\"inLanguage\":\"fr-FR\"},{\"@type\":\"Organization\",\"@id\":\"https:\\\/\\\/regions-snetap-fsu.fr\\\/ara\\\/#organization\",\"name\":\"Auvergne Rh\u00f4ne-Alpes - SNETAP-FSU\",\"url\":\"https:\\\/\\\/regions-snetap-fsu.fr\\\/ara\\\/\",\"logo\":{\"@type\":\"ImageObject\",\"inLanguage\":\"fr-FR\",\"@id\":\"https:\\\/\\\/regions-snetap-fsu.fr\\\/ara\\\/#\\\/schema\\\/logo\\\/image\\\/\",\"url\":\"https:\\\/\\\/regions-snetap-fsu.fr\\\/ara\\\/wp-content\\\/uploads\\\/sites\\\/12\\\/2021\\\/03\\\/Auvergne-Rhones-Alpes.jpg\",\"contentUrl\":\"https:\\\/\\\/regions-snetap-fsu.fr\\\/ara\\\/wp-content\\\/uploads\\\/sites\\\/12\\\/2021\\\/03\\\/Auvergne-Rhones-Alpes.jpg\",\"width\":2000,\"height\":2000,\"caption\":\"Auvergne Rh\u00f4ne-Alpes - SNETAP-FSU\"},\"image\":{\"@id\":\"https:\\\/\\\/regions-snetap-fsu.fr\\\/ara\\\/#\\\/schema\\\/logo\\\/image\\\/\"}},{\"@type\":\"Person\",\"@id\":\"https:\\\/\\\/regions-snetap-fsu.fr\\\/ara\\\/#\\\/schema\\\/person\\\/0ba12f76f608c3574101bed3172dd09f\",\"name\":\"fmelin\",\"image\":{\"@type\":\"ImageObject\",\"inLanguage\":\"fr-FR\",\"@id\":\"https:\\\/\\\/secure.gravatar.com\\\/avatar\\\/e618b7bfe967a94f6e4775bc62382d58231a19a3bf3eb6fddaec658f79f3fbfa?s=96&d=mm&r=g\",\"url\":\"https:\\\/\\\/secure.gravatar.com\\\/avatar\\\/e618b7bfe967a94f6e4775bc62382d58231a19a3bf3eb6fddaec658f79f3fbfa?s=96&d=mm&r=g\",\"contentUrl\":\"https:\\\/\\\/secure.gravatar.com\\\/avatar\\\/e618b7bfe967a94f6e4775bc62382d58231a19a3bf3eb6fddaec658f79f3fbfa?s=96&d=mm&r=g\",\"caption\":\"fmelin\"},\"url\":\"https:\\\/\\\/regions-snetap-fsu.fr\\\/ara\\\/author\\\/fmelin\\\/\"}]}<\/script>\n<!-- \/ Yoast SEO plugin. -->","yoast_head_json":{"title":"Elections professionnelles 6 d\u00e9cembre - AUVERGNE RH\u00d4NE-ALPES","robots":{"index":"index","follow":"follow","max-snippet":"max-snippet:-1","max-image-preview":"max-image-preview:large","max-video-preview":"max-video-preview:-1"},"canonical":"https:\/\/regions-snetap-fsu.fr\/ara\/2018\/11\/29\/elections-professionnelles-6-decembre\/","og_locale":"fr_FR","og_type":"article","og_title":"Elections professionnelles 6 d\u00e9cembre - AUVERGNE RH\u00d4NE-ALPES","og_description":"Le 6 d\u00e9cembre votez pour vos repr\u00e9sentants SNETAP-FSU ! Voir ci-dessous pour le d\u00e9tail des votes auxquels vous participez Aux comit\u00e9s techniques : le Comit\u00e9 technique minist\u00e9riel (CTM), le Comit\u00e9 technique de l&rsquo;enseignement agricole (CTEA) ou le Comit\u00e9 technique sp\u00e9cial de la DGER (CTS) Le comit\u00e9 technique est une instance de concertation charg\u00e9e de donner [&hellip;]","og_url":"https:\/\/regions-snetap-fsu.fr\/ara\/2018\/11\/29\/elections-professionnelles-6-decembre\/","og_site_name":"AUVERGNE RH\u00d4NE-ALPES","article_published_time":"2018-11-29T15:35:29+00:00","article_modified_time":"2018-12-04T15:28:12+00:00","author":"fmelin","twitter_card":"summary_large_image","twitter_misc":{"\u00c9crit par":"fmelin","Dur\u00e9e de lecture estim\u00e9e":"1 minute"},"schema":{"@context":"https:\/\/schema.org","@graph":[{"@type":"Article","@id":"https:\/\/regions-snetap-fsu.fr\/ara\/2018\/11\/29\/elections-professionnelles-6-decembre\/#article","isPartOf":{"@id":"https:\/\/regions-snetap-fsu.fr\/ara\/2018\/11\/29\/elections-professionnelles-6-decembre\/"},"author":{"name":"fmelin","@id":"https:\/\/regions-snetap-fsu.fr\/ara\/#\/schema\/person\/0ba12f76f608c3574101bed3172dd09f"},"headline":"Elections professionnelles 6 d\u00e9cembre","datePublished":"2018-11-29T15:35:29+00:00","dateModified":"2018-12-04T15:28:12+00:00","mainEntityOfPage":{"@id":"https:\/\/regions-snetap-fsu.fr\/ara\/2018\/11\/29\/elections-professionnelles-6-decembre\/"},"wordCount":232,"publisher":{"@id":"https:\/\/regions-snetap-fsu.fr\/ara\/#organization"},"articleSection":["\u00c9lections professionnelles 2018"],"inLanguage":"fr-FR"},{"@type":"WebPage","@id":"https:\/\/regions-snetap-fsu.fr\/ara\/2018\/11\/29\/elections-professionnelles-6-decembre\/","url":"https:\/\/regions-snetap-fsu.fr\/ara\/2018\/11\/29\/elections-professionnelles-6-decembre\/","name":"Elections professionnelles 6 d\u00e9cembre - AUVERGNE RH\u00d4NE-ALPES","isPartOf":{"@id":"https:\/\/regions-snetap-fsu.fr\/ara\/#website"},"datePublished":"2018-11-29T15:35:29+00:00","dateModified":"2018-12-04T15:28:12+00:00","breadcrumb":{"@id":"https:\/\/regions-snetap-fsu.fr\/ara\/2018\/11\/29\/elections-professionnelles-6-decembre\/#breadcrumb"},"inLanguage":"fr-FR","potentialAction":[{"@type":"ReadAction","target":["https:\/\/regions-snetap-fsu.fr\/ara\/2018\/11\/29\/elections-professionnelles-6-decembre\/"]}]},{"@type":"BreadcrumbList","@id":"https:\/\/regions-snetap-fsu.fr\/ara\/2018\/11\/29\/elections-professionnelles-6-decembre\/#breadcrumb","itemListElement":[{"@type":"ListItem","position":1,"name":"Accueil","item":"https:\/\/regions-snetap-fsu.fr\/ara\/"},{"@type":"ListItem","position":2,"name":"Elections professionnelles 6 d\u00e9cembre"}]},{"@type":"WebSite","@id":"https:\/\/regions-snetap-fsu.fr\/ara\/#website","url":"https:\/\/regions-snetap-fsu.fr\/ara\/","name":"AUVERGNE RH\u00d4NE-ALPES","description":"Le site de la  Section Syndicale","publisher":{"@id":"https:\/\/regions-snetap-fsu.fr\/ara\/#organization"},"potentialAction":[{"@type":"SearchAction","target":{"@type":"EntryPoint","urlTemplate":"https:\/\/regions-snetap-fsu.fr\/ara\/?s={search_term_string}"},"query-input":{"@type":"PropertyValueSpecification","valueRequired":true,"valueName":"search_term_string"}}],"inLanguage":"fr-FR"},{"@type":"Organization","@id":"https:\/\/regions-snetap-fsu.fr\/ara\/#organization","name":"Auvergne Rh\u00f4ne-Alpes - SNETAP-FSU","url":"https:\/\/regions-snetap-fsu.fr\/ara\/","logo":{"@type":"ImageObject","inLanguage":"fr-FR","@id":"https:\/\/regions-snetap-fsu.fr\/ara\/#\/schema\/logo\/image\/","url":"https:\/\/regions-snetap-fsu.fr\/ara\/wp-content\/uploads\/sites\/12\/2021\/03\/Auvergne-Rhones-Alpes.jpg","contentUrl":"https:\/\/regions-snetap-fsu.fr\/ara\/wp-content\/uploads\/sites\/12\/2021\/03\/Auvergne-Rhones-Alpes.jpg","width":2000,"height":2000,"caption":"Auvergne Rh\u00f4ne-Alpes - SNETAP-FSU"},"image":{"@id":"https:\/\/regions-snetap-fsu.fr\/ara\/#\/schema\/logo\/image\/"}},{"@type":"Person","@id":"https:\/\/regions-snetap-fsu.fr\/ara\/#\/schema\/person\/0ba12f76f608c3574101bed3172dd09f","name":"fmelin","image":{"@type":"ImageObject","inLanguage":"fr-FR","@id":"https:\/\/secure.gravatar.com\/avatar\/e618b7bfe967a94f6e4775bc62382d58231a19a3bf3eb6fddaec658f79f3fbfa?s=96&d=mm&r=g","url":"https:\/\/secure.gravatar.com\/avatar\/e618b7bfe967a94f6e4775bc62382d58231a19a3bf3eb6fddaec658f79f3fbfa?s=96&d=mm&r=g","contentUrl":"https:\/\/secure.gravatar.com\/avatar\/e618b7bfe967a94f6e4775bc62382d58231a19a3bf3eb6fddaec658f79f3fbfa?s=96&d=mm&r=g","caption":"fmelin"},"url":"https:\/\/regions-snetap-fsu.fr\/ara\/author\/fmelin\/"}]}},"_links":{"self":[{"href":"https:\/\/regions-snetap-fsu.fr\/ara\/wp-json\/wp\/v2\/posts\/212","targetHints":{"allow":["GET"]}}],"collection":[{"href":"https:\/\/regions-snetap-fsu.fr\/ara\/wp-json\/wp\/v2\/posts"}],"about":[{"href":"https:\/\/regions-snetap-fsu.fr\/ara\/wp-json\/wp\/v2\/types\/post"}],"author":[{"embeddable":true,"href":"https:\/\/regions-snetap-fsu.fr\/ara\/wp-json\/wp\/v2\/users\/120"}],"replies":[{"embeddable":true,"href":"https:\/\/regions-snetap-fsu.fr\/ara\/wp-json\/wp\/v2\/comments?post=212"}],"version-history":[{"count":7,"href":"https:\/\/regions-snetap-fsu.fr\/ara\/wp-json\/wp\/v2\/posts\/212\/revisions"}],"predecessor-version":[{"id":232,"href":"https:\/\/regions-snetap-fsu.fr\/ara\/wp-json\/wp\/v2\/posts\/212\/revisions\/232"}],"wp:attachment":[{"href":"https:\/\/regions-snetap-fsu.fr\/ara\/wp-json\/wp\/v2\/media?parent=212"}],"wp:term":[{"taxonomy":"category","embeddable":true,"href":"https:\/\/regions-snetap-fsu.fr\/ara\/wp-json\/wp\/v2\/categories?post=212"},{"taxonomy":"post_tag","embeddable":true,"href":"https:\/\/regions-snetap-fsu.fr\/ara\/wp-json\/wp\/v2\/tags?post=212"},{"taxonomy":"post_folder","embeddable":true,"href":"https:\/\/regions-snetap-fsu.fr\/ara\/wp-json\/wp\/v2\/post_folder?post=212"}],"curies":[{"name":"wp","href":"https:\/\/api.w.org\/{rel}","templated":true}]}}