{"id":1901,"date":"2026-03-21T14:08:58","date_gmt":"2026-03-21T13:08:58","guid":{"rendered":"https:\/\/regions-snetap-fsu.fr\/ara\/?p=1901"},"modified":"2026-03-21T14:08:58","modified_gmt":"2026-03-21T13:08:58","slug":"en-aura-greve-et-a-la-manifestation-pour-reclamer-une-mise-en-oeuvre-reelle-et-ambitieuse-de-lecole-inclusive","status":"publish","type":"post","link":"https:\/\/regions-snetap-fsu.fr\/ara\/2026\/03\/21\/en-aura-greve-et-a-la-manifestation-pour-reclamer-une-mise-en-oeuvre-reelle-et-ambitieuse-de-lecole-inclusive\/","title":{"rendered":"En AuRA :gr\u00e8ve et \u00e0 la manifestation pour r\u00e9clamer une mise en \u0153uvre r\u00e9elle et ambitieuse de l&rsquo;\u00e9cole inclusive"},"content":{"rendered":"<div><b><span style=\"font-size: large\">Jeudi 19 mars, dans l&rsquo;Acad\u00e9mie de Lyon, l&rsquo;intersyndicale Sud-\u00e9ducation, CGT Educ&rsquo;action, FSU, SE-UNSA, Snudi FO, CFDT a appel\u00e9 \u00e0 la gr\u00e8ve et \u00e0 la manifestation pour r\u00e9clamer une mise en oeuvre r\u00e9elle et ambitieuse de l&rsquo;\u00e9cole inclusive.\u00a0<\/span><\/b><\/div>\n<div><\/div>\n<div><span style=\"font-size: large\">&#8211; A lyon, 1200 personnes<\/span>\u00a0ont d\u00e9fil\u00e9 en direction de l&rsquo;ARS, Agence R\u00e9gionale de Sant\u00e9, agence qui d\u00e9cide, entre autres, du nombre de places disponibles en \u00e9tablissements sp\u00e9cialis\u00e9s. Une d\u00e9l\u00e9gation intersyndicale a \u00e9t\u00e9 re\u00e7ue au Rectorat. .(Cf\u00a0<a href=\"https:\/\/www.youtube.com\/watch?v=0tGBUfbhKAQ&amp;t=118s\" target=\"_blank\" rel=\"noopener noreferrer\">Gr\u00e8ve d19 mars : les photos<\/a>\u00a0par le Snuipp-FSU 69)<\/div>\n<div><\/div>\n<div><b><span style=\"font-size: large\"><u>Dans la Loire<\/u><\/span><\/b>\u00a0 (<a href=\"https:\/\/www.leprogres.fr\/education\/2026\/03\/19\/des-centaines-de-manifestants-dans-la-loire-l-inclusion-sans-moyens-c-est-de-la-maltraitance\" target=\"_blank\" rel=\"noopener noreferrer\">Article du Progr\u00e8s<\/a>)<\/div>\n<div><span style=\"font-size: large\">&#8211; A St-Etienne, 450 personnes<\/span>\u00a0ont arpent\u00e9 les rues jusqu&rsquo;\u00e0 la Pr\u00e9fecture o\u00f9 une d\u00e9l\u00e9gation intersyndicale a \u00e9t\u00e9 re\u00e7ue en audience (Cf\u00a0<a href=\"https:\/\/www.tl7.fr\/actualites-loire\/actualite\/actualite_1\/ecole-inclusive-le-cri-de-colere-des-enseignants-de-la-loire_13333.html\" target=\"_blank\" rel=\"noopener noreferrer\">Article et vid\u00e9o TL7<\/a>)<\/div>\n<div><\/div>\n<div><span style=\"font-size: large\">&#8211; A Roanne, 110 manifestant.e.s<\/span>\u00a0ont d\u00e9fil\u00e9 de la MDPH \u00e0 la Sous-Pr\u00e9fecture. L\u00e0 encore une d\u00e9l\u00e9gation a \u00e9t\u00e9 re\u00e7ue par le Sous-Pr\u00e9fet et un repr\u00e9sentant de l&rsquo;Inspection d&rsquo;Acad\u00e9mie.<\/div>\n<div><\/div>\n<div><b><span style=\"color: #ff0000;font-size: large\">Une tr\u00e8s belle mobilisation roannaise\u00a0<\/span><\/b>sous un beau soleil, avec des coll\u00e8gues combatifs\/ves, heureux.ses de faire entendre leurs voix sur un sujet trop d\u00e9laiss\u00e9 par nos gouvernants ; sujet qui engendre beaucoup de souffrance institutionnelle (<a href=\"https:\/\/drive.google.com\/file\/d\/1e5UGH_MGJLQYpfF5dfF0neQBbDoTJIkL\/view?usp=sharing\" target=\"_blank\" rel=\"noopener noreferrer\">Photo : Banderole commune devant la MDPH)<\/a><\/div>\n<div><\/div>\n<div><span style=\"color: #000000\">Dans les semaines \u00e0 venir, la mobilisation va continuer et s&rsquo;\u00e9largir.\u00a0<\/span><b><span style=\"color: #000000\">L&rsquo;Intersyndicale Sud-\u00e9ducation, CGT Educ&rsquo;action, FSU, SE-UNSA, CFDT appelle d&rsquo;ores et d\u00e9j\u00e0 \u00e0 de nouvelles actions dans la semaine du 30 mars au 3 avril, avec\u00a0<\/span><span style=\"color: #ff0000;font-size: large\">un temps fort de gr\u00e8ve et de manifestations le mardi 31 mars.\u00a0<\/span><\/b><\/div>\n<div><\/div>\n<div>Il s&rsquo;agit de r\u00e9clamer des moyens, de meilleures conditions de travail\u00a0<i>(de d\u00e9noncer les suppressions de postes, les fermetures de classe, les effectifs charg\u00e9s&#8230;<\/i>)<\/div>\n<div><\/div>\n<div>Article de notre coll\u00e8gue Lionel Fougeron\u00a0 (coordinateur FSU du Roannais)<\/div>\n<div><\/div>\n<div>\n\t\t<div class=\"wppdfemb-frame-container-1\" style=\"-webkit-overflow-scrolling:auto;\">\n\t\t\t<iframe class=\"pdfembed-iframe nonfullscreen wppdf-emb-iframe-1\"\n\t\t\t\tsrc=\"https:\/\/regions-snetap-fsu.fr\/ara\/?pdfemb-data=eyJ1cmwiOiJodHRwczpcL1wvcmVnaW9ucy1zbmV0YXAtZnN1LmZyXC9hcmFcL3dwLWNvbnRlbnRcL3VwbG9hZHNcL3NpdGVzXC8xMlwvMjAyNlwvMDNcL0RlY2xhLUlTLUVkdWMtMjAwMzI2Lm9kdC5wZGYiLCJ0aXRsZSI6IkRcdTAwZTljbGEgSVMgRWR1YyAtIDIwMDMyNi5vZHQiLCJpbmRleCI6MSwicGRmSUQiOjE5MDB9\"\n\t\t\t\ttitle=\"D\u00e9cla IS Educ - 200326.odt\"\t\t\t\tdata-pdf-id=\"1900\"\n\t\t\t\tdata-pdf-index=\"1\"\n\t\t\t\tstyle=\"border:none;width:100%;max-width:100%;height:100vh;\"\n\t\t\t\tscrolling=\"yes\">\n\t\t\t<\/iframe>\n\t\t<\/div>\n\n\t\t<\/div>\n<div><\/div>\n<div><img fetchpriority=\"high\" decoding=\"async\" class=\"alignnone size-full wp-image-1902\" src=\"https:\/\/regions-snetap-fsu.fr\/ara\/wp-content\/uploads\/sites\/12\/2026\/03\/1774097514114-scaled.jpg\" alt=\"\" width=\"2560\" height=\"1921\" srcset=\"https:\/\/regions-snetap-fsu.fr\/ara\/wp-content\/uploads\/sites\/12\/2026\/03\/1774097514114-scaled.jpg 2560w, https:\/\/regions-snetap-fsu.fr\/ara\/wp-content\/uploads\/sites\/12\/2026\/03\/1774097514114-300x225.jpg 300w, https:\/\/regions-snetap-fsu.fr\/ara\/wp-content\/uploads\/sites\/12\/2026\/03\/1774097514114-1024x769.jpg 1024w, https:\/\/regions-snetap-fsu.fr\/ara\/wp-content\/uploads\/sites\/12\/2026\/03\/1774097514114-768x576.jpg 768w, https:\/\/regions-snetap-fsu.fr\/ara\/wp-content\/uploads\/sites\/12\/2026\/03\/1774097514114-1536x1153.jpg 1536w, https:\/\/regions-snetap-fsu.fr\/ara\/wp-content\/uploads\/sites\/12\/2026\/03\/1774097514114-2048x1537.jpg 2048w\" sizes=\"(max-width: 2560px) 100vw, 2560px\" \/> <img decoding=\"async\" class=\"alignnone size-full wp-image-1903\" src=\"https:\/\/regions-snetap-fsu.fr\/ara\/wp-content\/uploads\/sites\/12\/2026\/03\/Roanne-19-mars-Banderole-commune-devant-la-MDPH.jpg\" alt=\"\" width=\"640\" height=\"411\" srcset=\"https:\/\/regions-snetap-fsu.fr\/ara\/wp-content\/uploads\/sites\/12\/2026\/03\/Roanne-19-mars-Banderole-commune-devant-la-MDPH.jpg 640w, https:\/\/regions-snetap-fsu.fr\/ara\/wp-content\/uploads\/sites\/12\/2026\/03\/Roanne-19-mars-Banderole-commune-devant-la-MDPH-300x193.jpg 300w\" sizes=\"(max-width: 640px) 100vw, 640px\" \/><\/div>\n","protected":false},"excerpt":{"rendered":"<p>Jeudi 19 mars, dans l&rsquo;Acad\u00e9mie de Lyon, l&rsquo;intersyndicale Sud-\u00e9ducation, CGT Educ&rsquo;action, FSU, SE-UNSA, Snudi FO, CFDT a appel\u00e9 \u00e0 la gr\u00e8ve et \u00e0 la manifestation pour r\u00e9clamer une mise en oeuvre r\u00e9elle et ambitieuse de l&rsquo;\u00e9cole inclusive.\u00a0 &#8211; A lyon, 1200 personnes\u00a0ont d\u00e9fil\u00e9 en direction de l&rsquo;ARS, Agence R\u00e9gionale de Sant\u00e9, agence qui d\u00e9cide, entre [&hellip;]<\/p>\n","protected":false},"author":121,"featured_media":1902,"comment_status":"closed","ping_status":"closed","sticky":false,"template":"","format":"standard","meta":{"ocean_post_layout":"","ocean_both_sidebars_style":"","ocean_both_sidebars_content_width":0,"ocean_both_sidebars_sidebars_width":0,"ocean_sidebar":"0","ocean_second_sidebar":"0","ocean_disable_margins":"enable","ocean_add_body_class":"","ocean_shortcode_before_top_bar":"","ocean_shortcode_after_top_bar":"","ocean_shortcode_before_header":"","ocean_shortcode_after_header":"","ocean_has_shortcode":"","ocean_shortcode_after_title":"","ocean_shortcode_before_footer_widgets":"","ocean_shortcode_after_footer_widgets":"","ocean_shortcode_before_footer_bottom":"","ocean_shortcode_after_footer_bottom":"","ocean_display_top_bar":"default","ocean_display_header":"default","ocean_header_style":"","ocean_center_header_left_menu":"0","ocean_custom_header_template":"0","ocean_custom_logo":0,"ocean_custom_retina_logo":0,"ocean_custom_logo_max_width":0,"ocean_custom_logo_tablet_max_width":0,"ocean_custom_logo_mobile_max_width":0,"ocean_custom_logo_max_height":0,"ocean_custom_logo_tablet_max_height":0,"ocean_custom_logo_mobile_max_height":0,"ocean_header_custom_menu":"0","ocean_menu_typo_font_family":"0","ocean_menu_typo_font_subset":"","ocean_menu_typo_font_size":0,"ocean_menu_typo_font_size_tablet":0,"ocean_menu_typo_font_size_mobile":0,"ocean_menu_typo_font_size_unit":"px","ocean_menu_typo_font_weight":"","ocean_menu_typo_font_weight_tablet":"","ocean_menu_typo_font_weight_mobile":"","ocean_menu_typo_transform":"","ocean_menu_typo_transform_tablet":"","ocean_menu_typo_transform_mobile":"","ocean_menu_typo_line_height":0,"ocean_menu_typo_line_height_tablet":0,"ocean_menu_typo_line_height_mobile":0,"ocean_menu_typo_line_height_unit":"","ocean_menu_typo_spacing":0,"ocean_menu_typo_spacing_tablet":0,"ocean_menu_typo_spacing_mobile":0,"ocean_menu_typo_spacing_unit":"","ocean_menu_link_color":"","ocean_menu_link_color_hover":"","ocean_menu_link_color_active":"","ocean_menu_link_background":"","ocean_menu_link_hover_background":"","ocean_menu_link_active_background":"","ocean_menu_social_links_bg":"","ocean_menu_social_hover_links_bg":"","ocean_menu_social_links_color":"","ocean_menu_social_hover_links_color":"","ocean_disable_title":"default","ocean_disable_heading":"default","ocean_post_title":"","ocean_post_subheading":"","ocean_post_title_style":"","ocean_post_title_background_color":"","ocean_post_title_background":0,"ocean_post_title_bg_image_position":"","ocean_post_title_bg_image_attachment":"","ocean_post_title_bg_image_repeat":"","ocean_post_title_bg_image_size":"","ocean_post_title_height":0,"ocean_post_title_bg_overlay":0.5,"ocean_post_title_bg_overlay_color":"","ocean_disable_breadcrumbs":"default","ocean_breadcrumbs_color":"","ocean_breadcrumbs_separator_color":"","ocean_breadcrumbs_links_color":"","ocean_breadcrumbs_links_hover_color":"","ocean_display_footer_widgets":"default","ocean_display_footer_bottom":"default","ocean_custom_footer_template":"0","ocean_post_oembed":"","ocean_post_self_hosted_media":"","ocean_post_video_embed":"","ocean_link_format":"","ocean_link_format_target":"self","ocean_quote_format":"","ocean_quote_format_link":"post","ocean_gallery_link_images":"on","ocean_gallery_id":[],"footnotes":""},"categories":[3],"tags":[],"post_folder":[],"class_list":["post-1901","post","type-post","status-publish","format-standard","has-post-thumbnail","hentry","category-actions","entry","has-media"],"yoast_head":"<!-- This site is optimized with the Yoast SEO plugin v27.4 - https:\/\/yoast.com\/product\/yoast-seo-wordpress\/ -->\n<title>En AuRA :gr\u00e8ve et \u00e0 la manifestation pour r\u00e9clamer une mise en \u0153uvre r\u00e9elle et ambitieuse de l&#039;\u00e9cole inclusive - AUVERGNE RH\u00d4NE-ALPES<\/title>\n<meta name=\"robots\" content=\"index, follow, max-snippet:-1, max-image-preview:large, max-video-preview:-1\" \/>\n<link rel=\"canonical\" href=\"https:\/\/regions-snetap-fsu.fr\/ara\/2026\/03\/21\/en-aura-greve-et-a-la-manifestation-pour-reclamer-une-mise-en-oeuvre-reelle-et-ambitieuse-de-lecole-inclusive\/\" \/>\n<meta property=\"og:locale\" content=\"fr_FR\" \/>\n<meta property=\"og:type\" content=\"article\" \/>\n<meta property=\"og:title\" content=\"En AuRA :gr\u00e8ve et \u00e0 la manifestation pour r\u00e9clamer une mise en \u0153uvre r\u00e9elle et ambitieuse de l&#039;\u00e9cole inclusive - AUVERGNE RH\u00d4NE-ALPES\" \/>\n<meta property=\"og:description\" content=\"Jeudi 19 mars, dans l&rsquo;Acad\u00e9mie de Lyon, l&rsquo;intersyndicale Sud-\u00e9ducation, CGT Educ&rsquo;action, FSU, SE-UNSA, Snudi FO, CFDT a appel\u00e9 \u00e0 la gr\u00e8ve et \u00e0 la manifestation pour r\u00e9clamer une mise en oeuvre r\u00e9elle et ambitieuse de l&rsquo;\u00e9cole inclusive.\u00a0 &#8211; A lyon, 1200 personnes\u00a0ont d\u00e9fil\u00e9 en direction de l&rsquo;ARS, Agence R\u00e9gionale de Sant\u00e9, agence qui d\u00e9cide, entre [&hellip;]\" \/>\n<meta property=\"og:url\" content=\"https:\/\/regions-snetap-fsu.fr\/ara\/2026\/03\/21\/en-aura-greve-et-a-la-manifestation-pour-reclamer-une-mise-en-oeuvre-reelle-et-ambitieuse-de-lecole-inclusive\/\" \/>\n<meta property=\"og:site_name\" content=\"AUVERGNE RH\u00d4NE-ALPES\" \/>\n<meta property=\"article:published_time\" content=\"2026-03-21T13:08:58+00:00\" \/>\n<meta property=\"og:image\" content=\"https:\/\/regions-snetap-fsu.fr\/ara\/wp-content\/uploads\/sites\/12\/2026\/03\/1774097514114-scaled.jpg\" \/>\n\t<meta property=\"og:image:width\" content=\"2560\" \/>\n\t<meta property=\"og:image:height\" content=\"1921\" \/>\n\t<meta property=\"og:image:type\" content=\"image\/jpeg\" \/>\n<meta name=\"author\" content=\"labouretl\" \/>\n<meta name=\"twitter:card\" content=\"summary_large_image\" \/>\n<meta name=\"twitter:label1\" content=\"\u00c9crit par\" \/>\n\t<meta name=\"twitter:data1\" content=\"labouretl\" \/>\n\t<meta name=\"twitter:label2\" content=\"Dur\u00e9e de lecture estim\u00e9e\" \/>\n\t<meta name=\"twitter:data2\" content=\"2 minutes\" \/>\n<script type=\"application\/ld+json\" class=\"yoast-schema-graph\">{\"@context\":\"https:\\\/\\\/schema.org\",\"@graph\":[{\"@type\":\"Article\",\"@id\":\"https:\\\/\\\/regions-snetap-fsu.fr\\\/ara\\\/2026\\\/03\\\/21\\\/en-aura-greve-et-a-la-manifestation-pour-reclamer-une-mise-en-oeuvre-reelle-et-ambitieuse-de-lecole-inclusive\\\/#article\",\"isPartOf\":{\"@id\":\"https:\\\/\\\/regions-snetap-fsu.fr\\\/ara\\\/2026\\\/03\\\/21\\\/en-aura-greve-et-a-la-manifestation-pour-reclamer-une-mise-en-oeuvre-reelle-et-ambitieuse-de-lecole-inclusive\\\/\"},\"author\":{\"name\":\"labouretl\",\"@id\":\"https:\\\/\\\/regions-snetap-fsu.fr\\\/ara\\\/#\\\/schema\\\/person\\\/7a012c1225ad7f1de5d0435224dc476f\"},\"headline\":\"En AuRA :gr\u00e8ve et \u00e0 la manifestation pour r\u00e9clamer une mise en \u0153uvre r\u00e9elle et ambitieuse de l&rsquo;\u00e9cole inclusive\",\"datePublished\":\"2026-03-21T13:08:58+00:00\",\"mainEntityOfPage\":{\"@id\":\"https:\\\/\\\/regions-snetap-fsu.fr\\\/ara\\\/2026\\\/03\\\/21\\\/en-aura-greve-et-a-la-manifestation-pour-reclamer-une-mise-en-oeuvre-reelle-et-ambitieuse-de-lecole-inclusive\\\/\"},\"wordCount\":348,\"publisher\":{\"@id\":\"https:\\\/\\\/regions-snetap-fsu.fr\\\/ara\\\/#organization\"},\"image\":{\"@id\":\"https:\\\/\\\/regions-snetap-fsu.fr\\\/ara\\\/2026\\\/03\\\/21\\\/en-aura-greve-et-a-la-manifestation-pour-reclamer-une-mise-en-oeuvre-reelle-et-ambitieuse-de-lecole-inclusive\\\/#primaryimage\"},\"thumbnailUrl\":\"https:\\\/\\\/regions-snetap-fsu.fr\\\/ara\\\/wp-content\\\/uploads\\\/sites\\\/12\\\/2026\\\/03\\\/1774097514114-scaled.jpg\",\"articleSection\":[\"Actions en AuRA\"],\"inLanguage\":\"fr-FR\"},{\"@type\":\"WebPage\",\"@id\":\"https:\\\/\\\/regions-snetap-fsu.fr\\\/ara\\\/2026\\\/03\\\/21\\\/en-aura-greve-et-a-la-manifestation-pour-reclamer-une-mise-en-oeuvre-reelle-et-ambitieuse-de-lecole-inclusive\\\/\",\"url\":\"https:\\\/\\\/regions-snetap-fsu.fr\\\/ara\\\/2026\\\/03\\\/21\\\/en-aura-greve-et-a-la-manifestation-pour-reclamer-une-mise-en-oeuvre-reelle-et-ambitieuse-de-lecole-inclusive\\\/\",\"name\":\"En AuRA :gr\u00e8ve et \u00e0 la manifestation pour r\u00e9clamer une mise en \u0153uvre r\u00e9elle et ambitieuse de l'\u00e9cole inclusive - AUVERGNE RH\u00d4NE-ALPES\",\"isPartOf\":{\"@id\":\"https:\\\/\\\/regions-snetap-fsu.fr\\\/ara\\\/#website\"},\"primaryImageOfPage\":{\"@id\":\"https:\\\/\\\/regions-snetap-fsu.fr\\\/ara\\\/2026\\\/03\\\/21\\\/en-aura-greve-et-a-la-manifestation-pour-reclamer-une-mise-en-oeuvre-reelle-et-ambitieuse-de-lecole-inclusive\\\/#primaryimage\"},\"image\":{\"@id\":\"https:\\\/\\\/regions-snetap-fsu.fr\\\/ara\\\/2026\\\/03\\\/21\\\/en-aura-greve-et-a-la-manifestation-pour-reclamer-une-mise-en-oeuvre-reelle-et-ambitieuse-de-lecole-inclusive\\\/#primaryimage\"},\"thumbnailUrl\":\"https:\\\/\\\/regions-snetap-fsu.fr\\\/ara\\\/wp-content\\\/uploads\\\/sites\\\/12\\\/2026\\\/03\\\/1774097514114-scaled.jpg\",\"datePublished\":\"2026-03-21T13:08:58+00:00\",\"breadcrumb\":{\"@id\":\"https:\\\/\\\/regions-snetap-fsu.fr\\\/ara\\\/2026\\\/03\\\/21\\\/en-aura-greve-et-a-la-manifestation-pour-reclamer-une-mise-en-oeuvre-reelle-et-ambitieuse-de-lecole-inclusive\\\/#breadcrumb\"},\"inLanguage\":\"fr-FR\",\"potentialAction\":[{\"@type\":\"ReadAction\",\"target\":[\"https:\\\/\\\/regions-snetap-fsu.fr\\\/ara\\\/2026\\\/03\\\/21\\\/en-aura-greve-et-a-la-manifestation-pour-reclamer-une-mise-en-oeuvre-reelle-et-ambitieuse-de-lecole-inclusive\\\/\"]}]},{\"@type\":\"ImageObject\",\"inLanguage\":\"fr-FR\",\"@id\":\"https:\\\/\\\/regions-snetap-fsu.fr\\\/ara\\\/2026\\\/03\\\/21\\\/en-aura-greve-et-a-la-manifestation-pour-reclamer-une-mise-en-oeuvre-reelle-et-ambitieuse-de-lecole-inclusive\\\/#primaryimage\",\"url\":\"https:\\\/\\\/regions-snetap-fsu.fr\\\/ara\\\/wp-content\\\/uploads\\\/sites\\\/12\\\/2026\\\/03\\\/1774097514114-scaled.jpg\",\"contentUrl\":\"https:\\\/\\\/regions-snetap-fsu.fr\\\/ara\\\/wp-content\\\/uploads\\\/sites\\\/12\\\/2026\\\/03\\\/1774097514114-scaled.jpg\",\"width\":2560,\"height\":1921},{\"@type\":\"BreadcrumbList\",\"@id\":\"https:\\\/\\\/regions-snetap-fsu.fr\\\/ara\\\/2026\\\/03\\\/21\\\/en-aura-greve-et-a-la-manifestation-pour-reclamer-une-mise-en-oeuvre-reelle-et-ambitieuse-de-lecole-inclusive\\\/#breadcrumb\",\"itemListElement\":[{\"@type\":\"ListItem\",\"position\":1,\"name\":\"Accueil\",\"item\":\"https:\\\/\\\/regions-snetap-fsu.fr\\\/ara\\\/\"},{\"@type\":\"ListItem\",\"position\":2,\"name\":\"En AuRA :gr\u00e8ve et \u00e0 la manifestation pour r\u00e9clamer une mise en \u0153uvre r\u00e9elle et ambitieuse de l&rsquo;\u00e9cole inclusive\"}]},{\"@type\":\"WebSite\",\"@id\":\"https:\\\/\\\/regions-snetap-fsu.fr\\\/ara\\\/#website\",\"url\":\"https:\\\/\\\/regions-snetap-fsu.fr\\\/ara\\\/\",\"name\":\"AUVERGNE RH\u00d4NE-ALPES\",\"description\":\"Le site de la  Section Syndicale\",\"publisher\":{\"@id\":\"https:\\\/\\\/regions-snetap-fsu.fr\\\/ara\\\/#organization\"},\"potentialAction\":[{\"@type\":\"SearchAction\",\"target\":{\"@type\":\"EntryPoint\",\"urlTemplate\":\"https:\\\/\\\/regions-snetap-fsu.fr\\\/ara\\\/?s={search_term_string}\"},\"query-input\":{\"@type\":\"PropertyValueSpecification\",\"valueRequired\":true,\"valueName\":\"search_term_string\"}}],\"inLanguage\":\"fr-FR\"},{\"@type\":\"Organization\",\"@id\":\"https:\\\/\\\/regions-snetap-fsu.fr\\\/ara\\\/#organization\",\"name\":\"Auvergne Rh\u00f4ne-Alpes - SNETAP-FSU\",\"url\":\"https:\\\/\\\/regions-snetap-fsu.fr\\\/ara\\\/\",\"logo\":{\"@type\":\"ImageObject\",\"inLanguage\":\"fr-FR\",\"@id\":\"https:\\\/\\\/regions-snetap-fsu.fr\\\/ara\\\/#\\\/schema\\\/logo\\\/image\\\/\",\"url\":\"https:\\\/\\\/regions-snetap-fsu.fr\\\/ara\\\/wp-content\\\/uploads\\\/sites\\\/12\\\/2021\\\/03\\\/Auvergne-Rhones-Alpes.jpg\",\"contentUrl\":\"https:\\\/\\\/regions-snetap-fsu.fr\\\/ara\\\/wp-content\\\/uploads\\\/sites\\\/12\\\/2021\\\/03\\\/Auvergne-Rhones-Alpes.jpg\",\"width\":2000,\"height\":2000,\"caption\":\"Auvergne Rh\u00f4ne-Alpes - SNETAP-FSU\"},\"image\":{\"@id\":\"https:\\\/\\\/regions-snetap-fsu.fr\\\/ara\\\/#\\\/schema\\\/logo\\\/image\\\/\"}},{\"@type\":\"Person\",\"@id\":\"https:\\\/\\\/regions-snetap-fsu.fr\\\/ara\\\/#\\\/schema\\\/person\\\/7a012c1225ad7f1de5d0435224dc476f\",\"name\":\"labouretl\",\"image\":{\"@type\":\"ImageObject\",\"inLanguage\":\"fr-FR\",\"@id\":\"https:\\\/\\\/secure.gravatar.com\\\/avatar\\\/fe4c2914e868a4f0225f570d8e2703306e1d172461bb22deef5957411043fa66?s=96&d=mm&r=g\",\"url\":\"https:\\\/\\\/secure.gravatar.com\\\/avatar\\\/fe4c2914e868a4f0225f570d8e2703306e1d172461bb22deef5957411043fa66?s=96&d=mm&r=g\",\"contentUrl\":\"https:\\\/\\\/secure.gravatar.com\\\/avatar\\\/fe4c2914e868a4f0225f570d8e2703306e1d172461bb22deef5957411043fa66?s=96&d=mm&r=g\",\"caption\":\"labouretl\"},\"url\":\"https:\\\/\\\/regions-snetap-fsu.fr\\\/ara\\\/author\\\/labouretl\\\/\"}]}<\/script>\n<!-- \/ Yoast SEO plugin. -->","yoast_head_json":{"title":"En AuRA :gr\u00e8ve et \u00e0 la manifestation pour r\u00e9clamer une mise en \u0153uvre r\u00e9elle et ambitieuse de l'\u00e9cole inclusive - AUVERGNE RH\u00d4NE-ALPES","robots":{"index":"index","follow":"follow","max-snippet":"max-snippet:-1","max-image-preview":"max-image-preview:large","max-video-preview":"max-video-preview:-1"},"canonical":"https:\/\/regions-snetap-fsu.fr\/ara\/2026\/03\/21\/en-aura-greve-et-a-la-manifestation-pour-reclamer-une-mise-en-oeuvre-reelle-et-ambitieuse-de-lecole-inclusive\/","og_locale":"fr_FR","og_type":"article","og_title":"En AuRA :gr\u00e8ve et \u00e0 la manifestation pour r\u00e9clamer une mise en \u0153uvre r\u00e9elle et ambitieuse de l'\u00e9cole inclusive - AUVERGNE RH\u00d4NE-ALPES","og_description":"Jeudi 19 mars, dans l&rsquo;Acad\u00e9mie de Lyon, l&rsquo;intersyndicale Sud-\u00e9ducation, CGT Educ&rsquo;action, FSU, SE-UNSA, Snudi FO, CFDT a appel\u00e9 \u00e0 la gr\u00e8ve et \u00e0 la manifestation pour r\u00e9clamer une mise en oeuvre r\u00e9elle et ambitieuse de l&rsquo;\u00e9cole inclusive.\u00a0 &#8211; A lyon, 1200 personnes\u00a0ont d\u00e9fil\u00e9 en direction de l&rsquo;ARS, Agence R\u00e9gionale de Sant\u00e9, agence qui d\u00e9cide, entre [&hellip;]","og_url":"https:\/\/regions-snetap-fsu.fr\/ara\/2026\/03\/21\/en-aura-greve-et-a-la-manifestation-pour-reclamer-une-mise-en-oeuvre-reelle-et-ambitieuse-de-lecole-inclusive\/","og_site_name":"AUVERGNE RH\u00d4NE-ALPES","article_published_time":"2026-03-21T13:08:58+00:00","og_image":[{"width":2560,"height":1921,"url":"https:\/\/regions-snetap-fsu.fr\/ara\/wp-content\/uploads\/sites\/12\/2026\/03\/1774097514114-scaled.jpg","type":"image\/jpeg"}],"author":"labouretl","twitter_card":"summary_large_image","twitter_misc":{"\u00c9crit par":"labouretl","Dur\u00e9e de lecture estim\u00e9e":"2 minutes"},"schema":{"@context":"https:\/\/schema.org","@graph":[{"@type":"Article","@id":"https:\/\/regions-snetap-fsu.fr\/ara\/2026\/03\/21\/en-aura-greve-et-a-la-manifestation-pour-reclamer-une-mise-en-oeuvre-reelle-et-ambitieuse-de-lecole-inclusive\/#article","isPartOf":{"@id":"https:\/\/regions-snetap-fsu.fr\/ara\/2026\/03\/21\/en-aura-greve-et-a-la-manifestation-pour-reclamer-une-mise-en-oeuvre-reelle-et-ambitieuse-de-lecole-inclusive\/"},"author":{"name":"labouretl","@id":"https:\/\/regions-snetap-fsu.fr\/ara\/#\/schema\/person\/7a012c1225ad7f1de5d0435224dc476f"},"headline":"En AuRA :gr\u00e8ve et \u00e0 la manifestation pour r\u00e9clamer une mise en \u0153uvre r\u00e9elle et ambitieuse de l&rsquo;\u00e9cole inclusive","datePublished":"2026-03-21T13:08:58+00:00","mainEntityOfPage":{"@id":"https:\/\/regions-snetap-fsu.fr\/ara\/2026\/03\/21\/en-aura-greve-et-a-la-manifestation-pour-reclamer-une-mise-en-oeuvre-reelle-et-ambitieuse-de-lecole-inclusive\/"},"wordCount":348,"publisher":{"@id":"https:\/\/regions-snetap-fsu.fr\/ara\/#organization"},"image":{"@id":"https:\/\/regions-snetap-fsu.fr\/ara\/2026\/03\/21\/en-aura-greve-et-a-la-manifestation-pour-reclamer-une-mise-en-oeuvre-reelle-et-ambitieuse-de-lecole-inclusive\/#primaryimage"},"thumbnailUrl":"https:\/\/regions-snetap-fsu.fr\/ara\/wp-content\/uploads\/sites\/12\/2026\/03\/1774097514114-scaled.jpg","articleSection":["Actions en AuRA"],"inLanguage":"fr-FR"},{"@type":"WebPage","@id":"https:\/\/regions-snetap-fsu.fr\/ara\/2026\/03\/21\/en-aura-greve-et-a-la-manifestation-pour-reclamer-une-mise-en-oeuvre-reelle-et-ambitieuse-de-lecole-inclusive\/","url":"https:\/\/regions-snetap-fsu.fr\/ara\/2026\/03\/21\/en-aura-greve-et-a-la-manifestation-pour-reclamer-une-mise-en-oeuvre-reelle-et-ambitieuse-de-lecole-inclusive\/","name":"En AuRA :gr\u00e8ve et \u00e0 la manifestation pour r\u00e9clamer une mise en \u0153uvre r\u00e9elle et ambitieuse de l'\u00e9cole inclusive - AUVERGNE RH\u00d4NE-ALPES","isPartOf":{"@id":"https:\/\/regions-snetap-fsu.fr\/ara\/#website"},"primaryImageOfPage":{"@id":"https:\/\/regions-snetap-fsu.fr\/ara\/2026\/03\/21\/en-aura-greve-et-a-la-manifestation-pour-reclamer-une-mise-en-oeuvre-reelle-et-ambitieuse-de-lecole-inclusive\/#primaryimage"},"image":{"@id":"https:\/\/regions-snetap-fsu.fr\/ara\/2026\/03\/21\/en-aura-greve-et-a-la-manifestation-pour-reclamer-une-mise-en-oeuvre-reelle-et-ambitieuse-de-lecole-inclusive\/#primaryimage"},"thumbnailUrl":"https:\/\/regions-snetap-fsu.fr\/ara\/wp-content\/uploads\/sites\/12\/2026\/03\/1774097514114-scaled.jpg","datePublished":"2026-03-21T13:08:58+00:00","breadcrumb":{"@id":"https:\/\/regions-snetap-fsu.fr\/ara\/2026\/03\/21\/en-aura-greve-et-a-la-manifestation-pour-reclamer-une-mise-en-oeuvre-reelle-et-ambitieuse-de-lecole-inclusive\/#breadcrumb"},"inLanguage":"fr-FR","potentialAction":[{"@type":"ReadAction","target":["https:\/\/regions-snetap-fsu.fr\/ara\/2026\/03\/21\/en-aura-greve-et-a-la-manifestation-pour-reclamer-une-mise-en-oeuvre-reelle-et-ambitieuse-de-lecole-inclusive\/"]}]},{"@type":"ImageObject","inLanguage":"fr-FR","@id":"https:\/\/regions-snetap-fsu.fr\/ara\/2026\/03\/21\/en-aura-greve-et-a-la-manifestation-pour-reclamer-une-mise-en-oeuvre-reelle-et-ambitieuse-de-lecole-inclusive\/#primaryimage","url":"https:\/\/regions-snetap-fsu.fr\/ara\/wp-content\/uploads\/sites\/12\/2026\/03\/1774097514114-scaled.jpg","contentUrl":"https:\/\/regions-snetap-fsu.fr\/ara\/wp-content\/uploads\/sites\/12\/2026\/03\/1774097514114-scaled.jpg","width":2560,"height":1921},{"@type":"BreadcrumbList","@id":"https:\/\/regions-snetap-fsu.fr\/ara\/2026\/03\/21\/en-aura-greve-et-a-la-manifestation-pour-reclamer-une-mise-en-oeuvre-reelle-et-ambitieuse-de-lecole-inclusive\/#breadcrumb","itemListElement":[{"@type":"ListItem","position":1,"name":"Accueil","item":"https:\/\/regions-snetap-fsu.fr\/ara\/"},{"@type":"ListItem","position":2,"name":"En AuRA :gr\u00e8ve et \u00e0 la manifestation pour r\u00e9clamer une mise en \u0153uvre r\u00e9elle et ambitieuse de l&rsquo;\u00e9cole inclusive"}]},{"@type":"WebSite","@id":"https:\/\/regions-snetap-fsu.fr\/ara\/#website","url":"https:\/\/regions-snetap-fsu.fr\/ara\/","name":"AUVERGNE RH\u00d4NE-ALPES","description":"Le site de la  Section Syndicale","publisher":{"@id":"https:\/\/regions-snetap-fsu.fr\/ara\/#organization"},"potentialAction":[{"@type":"SearchAction","target":{"@type":"EntryPoint","urlTemplate":"https:\/\/regions-snetap-fsu.fr\/ara\/?s={search_term_string}"},"query-input":{"@type":"PropertyValueSpecification","valueRequired":true,"valueName":"search_term_string"}}],"inLanguage":"fr-FR"},{"@type":"Organization","@id":"https:\/\/regions-snetap-fsu.fr\/ara\/#organization","name":"Auvergne Rh\u00f4ne-Alpes - SNETAP-FSU","url":"https:\/\/regions-snetap-fsu.fr\/ara\/","logo":{"@type":"ImageObject","inLanguage":"fr-FR","@id":"https:\/\/regions-snetap-fsu.fr\/ara\/#\/schema\/logo\/image\/","url":"https:\/\/regions-snetap-fsu.fr\/ara\/wp-content\/uploads\/sites\/12\/2021\/03\/Auvergne-Rhones-Alpes.jpg","contentUrl":"https:\/\/regions-snetap-fsu.fr\/ara\/wp-content\/uploads\/sites\/12\/2021\/03\/Auvergne-Rhones-Alpes.jpg","width":2000,"height":2000,"caption":"Auvergne Rh\u00f4ne-Alpes - SNETAP-FSU"},"image":{"@id":"https:\/\/regions-snetap-fsu.fr\/ara\/#\/schema\/logo\/image\/"}},{"@type":"Person","@id":"https:\/\/regions-snetap-fsu.fr\/ara\/#\/schema\/person\/7a012c1225ad7f1de5d0435224dc476f","name":"labouretl","image":{"@type":"ImageObject","inLanguage":"fr-FR","@id":"https:\/\/secure.gravatar.com\/avatar\/fe4c2914e868a4f0225f570d8e2703306e1d172461bb22deef5957411043fa66?s=96&d=mm&r=g","url":"https:\/\/secure.gravatar.com\/avatar\/fe4c2914e868a4f0225f570d8e2703306e1d172461bb22deef5957411043fa66?s=96&d=mm&r=g","contentUrl":"https:\/\/secure.gravatar.com\/avatar\/fe4c2914e868a4f0225f570d8e2703306e1d172461bb22deef5957411043fa66?s=96&d=mm&r=g","caption":"labouretl"},"url":"https:\/\/regions-snetap-fsu.fr\/ara\/author\/labouretl\/"}]}},"_links":{"self":[{"href":"https:\/\/regions-snetap-fsu.fr\/ara\/wp-json\/wp\/v2\/posts\/1901","targetHints":{"allow":["GET"]}}],"collection":[{"href":"https:\/\/regions-snetap-fsu.fr\/ara\/wp-json\/wp\/v2\/posts"}],"about":[{"href":"https:\/\/regions-snetap-fsu.fr\/ara\/wp-json\/wp\/v2\/types\/post"}],"author":[{"embeddable":true,"href":"https:\/\/regions-snetap-fsu.fr\/ara\/wp-json\/wp\/v2\/users\/121"}],"replies":[{"embeddable":true,"href":"https:\/\/regions-snetap-fsu.fr\/ara\/wp-json\/wp\/v2\/comments?post=1901"}],"version-history":[{"count":1,"href":"https:\/\/regions-snetap-fsu.fr\/ara\/wp-json\/wp\/v2\/posts\/1901\/revisions"}],"predecessor-version":[{"id":1904,"href":"https:\/\/regions-snetap-fsu.fr\/ara\/wp-json\/wp\/v2\/posts\/1901\/revisions\/1904"}],"wp:featuredmedia":[{"embeddable":true,"href":"https:\/\/regions-snetap-fsu.fr\/ara\/wp-json\/wp\/v2\/media\/1902"}],"wp:attachment":[{"href":"https:\/\/regions-snetap-fsu.fr\/ara\/wp-json\/wp\/v2\/media?parent=1901"}],"wp:term":[{"taxonomy":"category","embeddable":true,"href":"https:\/\/regions-snetap-fsu.fr\/ara\/wp-json\/wp\/v2\/categories?post=1901"},{"taxonomy":"post_tag","embeddable":true,"href":"https:\/\/regions-snetap-fsu.fr\/ara\/wp-json\/wp\/v2\/tags?post=1901"},{"taxonomy":"post_folder","embeddable":true,"href":"https:\/\/regions-snetap-fsu.fr\/ara\/wp-json\/wp\/v2\/post_folder?post=1901"}],"curies":[{"name":"wp","href":"https:\/\/api.w.org\/{rel}","templated":true}]}}