{"id":1891,"date":"2026-03-01T12:56:28","date_gmt":"2026-03-01T11:56:28","guid":{"rendered":"https:\/\/regions-snetap-fsu.fr\/ara\/?p=1891"},"modified":"2026-03-02T16:09:43","modified_gmt":"2026-03-02T15:09:43","slug":"congres-regional-de-romans-25-et-26-fevrier-2026-rapport-dactivites-2024-2026","status":"publish","type":"post","link":"https:\/\/regions-snetap-fsu.fr\/ara\/2026\/03\/01\/congres-regional-de-romans-25-et-26-fevrier-2026-rapport-dactivites-2024-2026\/","title":{"rendered":"Congr\u00e8s R\u00e9gional de Romans 25 et 26 f\u00e9vrier 2026 \/ Rapport d&rsquo;activit\u00e9s 2024-2026"},"content":{"rendered":"<p>En pr\u00e9paration du 31\u00e8me Congr\u00e8s National du SNETAP\/FSU qui se tiendra \u00e0 Brie-Comte-Robert du 24 au 27 mars 2026, les militants de la R\u00e9gion AuRA se sont r\u00e9unis les mercredi 25 et jeudi 26 f\u00e9vrier 2026 en Congr\u00e8s R\u00e9gional \u00e0 Romans dans l&rsquo;EPL Terre d&rsquo;Horizon.<\/p>\n<p>L&rsquo;ordre du jour de ces deux journ\u00e9es de travail \u00e9tait dense :<\/p>\n<p><span style=\"text-decoration: underline\">Mercredi 25 f\u00e9vrier 2026<\/span> : (de 14h \u00e0 17h)<br \/>\n\u27a2 Appel \u00e0 candidature (renouvellement de tout le secr\u00e9tariat en vue du congr\u00e8s national)<br \/>\n\u27a2 Pr\u00e9sentation du rapport d\u2019activit\u00e9 de la r\u00e9gion AURA 2024-2026.<br \/>\n\u27a2 Bilan financier<br \/>\n\u27a2 Position de principe sur la d\u00e9charge r\u00e9gionale<br \/>\n\u27a2 Tour des \u00e9tablissements<\/p>\n<p>A la fin de la s\u00e9ance moment convivial pour f\u00eater la retraite de 2 anciens membres du bureau r\u00e9gional. (Catherine Vivet et Ren\u00e9 Ripoche)<\/p>\n<p><img fetchpriority=\"high\" decoding=\"async\" class=\"alignnone wp-image-1884\" src=\"https:\/\/regions-snetap-fsu.fr\/ara\/wp-content\/uploads\/sites\/12\/2026\/03\/1772362776676-scaled.jpg\" alt=\"\" width=\"969\" height=\"727\" srcset=\"https:\/\/regions-snetap-fsu.fr\/ara\/wp-content\/uploads\/sites\/12\/2026\/03\/1772362776676-scaled.jpg 2560w, https:\/\/regions-snetap-fsu.fr\/ara\/wp-content\/uploads\/sites\/12\/2026\/03\/1772362776676-300x225.jpg 300w, https:\/\/regions-snetap-fsu.fr\/ara\/wp-content\/uploads\/sites\/12\/2026\/03\/1772362776676-1024x768.jpg 1024w, https:\/\/regions-snetap-fsu.fr\/ara\/wp-content\/uploads\/sites\/12\/2026\/03\/1772362776676-768x576.jpg 768w, https:\/\/regions-snetap-fsu.fr\/ara\/wp-content\/uploads\/sites\/12\/2026\/03\/1772362776676-1536x1152.jpg 1536w, https:\/\/regions-snetap-fsu.fr\/ara\/wp-content\/uploads\/sites\/12\/2026\/03\/1772362776676-2048x1536.jpg 2048w\" sizes=\"(max-width: 969px) 100vw, 969px\" \/><\/p>\n<p><span style=\"text-decoration: underline\">Jeudi 26 f\u00e9vrier 2026<\/span> : (de 9h \u00e0 17h)<br \/>\n\u27a2 9h accueil caf\u00e9<br \/>\n\u27a2 9h30 \u00e0 10h30<br \/>\n&#8211; Elections du Secr\u00e9tariat r\u00e9gional (9h30 \u00e0 10h30)<br \/>\n&#8211; Elections des retrait\u00e9s mandat\u00e9s pour le congr\u00e8s national (1 pour 5 retrait\u00e9s \u00e0 ce jour 38 retrait\u00e9s)<br \/>\n\u27a2 La pr\u00e9paration du congr\u00e8s national : analyse des 4 th\u00e9matiques et motions<br \/>\n\u27a2 10h30 \u00e0 12h : (2 th\u00e9matiques \u2794 secteur statuts et conditions de travail + secteur vie syndicale)<br \/>\n\u27a2 13h30 \u00e0 15h : (2 th\u00e9matiques \u2794 secteur politique scolaire et la\u00efcit\u00e9 + p\u00e9dagogie vie scolaire)<br \/>\n\u27a2 15h \u00e0 17h : restitution des th\u00e9matiques<\/p>\n<p>Ces diff\u00e9rents th\u00e8mes ont donn\u00e9 lieu \u00e0 des \u00e9changes riches d&rsquo;informations et de pratiques syndicales dans les sections, des travaux autours des th\u00e9matiques du futur Congr\u00e8s National (r\u00e9daction de 14 motions et s\u00e9ance de votes), \u00e9criture et vote d&rsquo;une motion de position de principe sur l&rsquo;attribution des d\u00e9charges syndicales en R\u00e9gion AuRA et du vote d&rsquo;un nouveau secr\u00e9tariat r\u00e9gional dont les \u00e9lus sont les suivants :<\/p>\n<p><span style=\"color: #129447\"><span style=\"text-decoration: underline\"><strong>Co-secr\u00e9taires et secr\u00e9taires adjoints<\/strong><\/span> : Julien DEPREZ, Laurence GOTTI, Genevi\u00e8ve LAURENSON, Olivier MICHEL, F\u00e9licia MELIN, Claire MORAND<\/span><\/p>\n<p><span style=\"color: #129447\"><span style=\"text-decoration: underline\"><strong>Tr\u00e9sori\u00e8re<\/strong><\/span> : Magali RIGAUD et <span style=\"text-decoration: underline\"><strong>tr\u00e9sorier<\/strong><\/span> : Emeric MOREL<\/span><span style=\"color: #129447\">\u00a0<\/span><\/p>\n<p><img decoding=\"async\" class=\"alignnone wp-image-1887\" src=\"https:\/\/regions-snetap-fsu.fr\/ara\/wp-content\/uploads\/sites\/12\/2026\/03\/IMG-20260226-WA0000.jpg\" alt=\"\" width=\"622\" height=\"466\" srcset=\"https:\/\/regions-snetap-fsu.fr\/ara\/wp-content\/uploads\/sites\/12\/2026\/03\/IMG-20260226-WA0000.jpg 1600w, https:\/\/regions-snetap-fsu.fr\/ara\/wp-content\/uploads\/sites\/12\/2026\/03\/IMG-20260226-WA0000-300x225.jpg 300w, https:\/\/regions-snetap-fsu.fr\/ara\/wp-content\/uploads\/sites\/12\/2026\/03\/IMG-20260226-WA0000-1024x768.jpg 1024w, https:\/\/regions-snetap-fsu.fr\/ara\/wp-content\/uploads\/sites\/12\/2026\/03\/IMG-20260226-WA0000-768x576.jpg 768w, https:\/\/regions-snetap-fsu.fr\/ara\/wp-content\/uploads\/sites\/12\/2026\/03\/IMG-20260226-WA0000-1536x1152.jpg 1536w\" sizes=\"(max-width: 622px) 100vw, 622px\" \/><img decoding=\"async\" class=\"alignnone wp-image-1885\" src=\"https:\/\/regions-snetap-fsu.fr\/ara\/wp-content\/uploads\/sites\/12\/2026\/03\/IMG-20260226-WA0003.jpg\" alt=\"\" width=\"622\" height=\"467\" srcset=\"https:\/\/regions-snetap-fsu.fr\/ara\/wp-content\/uploads\/sites\/12\/2026\/03\/IMG-20260226-WA0003.jpg 1600w, https:\/\/regions-snetap-fsu.fr\/ara\/wp-content\/uploads\/sites\/12\/2026\/03\/IMG-20260226-WA0003-300x225.jpg 300w, https:\/\/regions-snetap-fsu.fr\/ara\/wp-content\/uploads\/sites\/12\/2026\/03\/IMG-20260226-WA0003-1024x768.jpg 1024w, https:\/\/regions-snetap-fsu.fr\/ara\/wp-content\/uploads\/sites\/12\/2026\/03\/IMG-20260226-WA0003-768x576.jpg 768w, https:\/\/regions-snetap-fsu.fr\/ara\/wp-content\/uploads\/sites\/12\/2026\/03\/IMG-20260226-WA0003-1536x1152.jpg 1536w\" sizes=\"(max-width: 622px) 100vw, 622px\" \/><\/p>\n<p>A savoir que les d\u00e9bats autour des th\u00e9matiques du Congr\u00e8s National,\u00a0 secteur \u00ab\u00a0Statuts et conditions de travail\u00a0\u00bb, secteur \u00ab\u00a0Vie Syndicale\u00a0\u00bb, secteur \u00ab\u00a0Politique scolaire et la\u00efcit\u00e9\u00a0\u00bb et secteur \u00ab\u00a0P\u00e9dagogie vie scolaire\u00a0\u00bb, ont \u00e9t\u00e9 anim\u00e9s par Laurence DAUTRAIS (Co-Secr\u00e9taire G\u00e9n\u00e9rale du SNETAP) et par Genevi\u00e8ve LAURENSON (Secr\u00e9taire G\u00e9n\u00e9rale Adjointe secteur Statuts et Conditions de Travail)<\/p>\n<div class=\"_df_book df-lite\" id=\"df_1888\"  _slug=\"1888\" data-title=\"rapport-dactivites-2024-2026\" wpoptions=\"true\" thumbtype=\"\" ><\/div><script class=\"df-shortcode-script\" nowprocket type=\"application\/javascript\">window.option_df_1888 = {\"outline\":[],\"autoEnableOutline\":\"false\",\"autoEnableThumbnail\":\"false\",\"overwritePDFOutline\":\"false\",\"direction\":\"1\",\"pageSize\":\"0\",\"source\":\"https:\\\/\\\/regions-snetap-fsu.fr\\\/ara\\\/wp-content\\\/uploads\\\/sites\\\/12\\\/2026\\\/03\\\/2026-02-02_CONGRES_REGIONAL_2026_ROMANS_76ac29031fc9.pdf\",\"wpOptions\":\"true\"}; if(window.DFLIP && window.DFLIP.parseBooks){window.DFLIP.parseBooks();}<\/script>\n","protected":false},"excerpt":{"rendered":"<p>En pr\u00e9paration du 31\u00e8me Congr\u00e8s National du SNETAP\/FSU qui se tiendra \u00e0 Brie-Comte-Robert du 24 au 27 mars 2026, les militants de la R\u00e9gion AuRA se sont r\u00e9unis les mercredi 25 et jeudi 26 f\u00e9vrier 2026 en Congr\u00e8s R\u00e9gional \u00e0 Romans dans l&rsquo;EPL Terre d&rsquo;Horizon. L&rsquo;ordre du jour de ces deux journ\u00e9es de travail \u00e9tait [&hellip;]<\/p>\n","protected":false},"author":121,"featured_media":1880,"comment_status":"closed","ping_status":"closed","sticky":false,"template":"","format":"standard","meta":{"ocean_post_layout":"","ocean_both_sidebars_style":"","ocean_both_sidebars_content_width":0,"ocean_both_sidebars_sidebars_width":0,"ocean_sidebar":"0","ocean_second_sidebar":"0","ocean_disable_margins":"enable","ocean_add_body_class":"","ocean_shortcode_before_top_bar":"","ocean_shortcode_after_top_bar":"","ocean_shortcode_before_header":"","ocean_shortcode_after_header":"","ocean_has_shortcode":"","ocean_shortcode_after_title":"","ocean_shortcode_before_footer_widgets":"","ocean_shortcode_after_footer_widgets":"","ocean_shortcode_before_footer_bottom":"","ocean_shortcode_after_footer_bottom":"","ocean_display_top_bar":"default","ocean_display_header":"default","ocean_header_style":"","ocean_center_header_left_menu":"0","ocean_custom_header_template":"0","ocean_custom_logo":0,"ocean_custom_retina_logo":0,"ocean_custom_logo_max_width":0,"ocean_custom_logo_tablet_max_width":0,"ocean_custom_logo_mobile_max_width":0,"ocean_custom_logo_max_height":0,"ocean_custom_logo_tablet_max_height":0,"ocean_custom_logo_mobile_max_height":0,"ocean_header_custom_menu":"0","ocean_menu_typo_font_family":"0","ocean_menu_typo_font_subset":"","ocean_menu_typo_font_size":0,"ocean_menu_typo_font_size_tablet":0,"ocean_menu_typo_font_size_mobile":0,"ocean_menu_typo_font_size_unit":"px","ocean_menu_typo_font_weight":"","ocean_menu_typo_font_weight_tablet":"","ocean_menu_typo_font_weight_mobile":"","ocean_menu_typo_transform":"","ocean_menu_typo_transform_tablet":"","ocean_menu_typo_transform_mobile":"","ocean_menu_typo_line_height":0,"ocean_menu_typo_line_height_tablet":0,"ocean_menu_typo_line_height_mobile":0,"ocean_menu_typo_line_height_unit":"","ocean_menu_typo_spacing":0,"ocean_menu_typo_spacing_tablet":0,"ocean_menu_typo_spacing_mobile":0,"ocean_menu_typo_spacing_unit":"","ocean_menu_link_color":"","ocean_menu_link_color_hover":"","ocean_menu_link_color_active":"","ocean_menu_link_background":"","ocean_menu_link_hover_background":"","ocean_menu_link_active_background":"","ocean_menu_social_links_bg":"","ocean_menu_social_hover_links_bg":"","ocean_menu_social_links_color":"","ocean_menu_social_hover_links_color":"","ocean_disable_title":"default","ocean_disable_heading":"default","ocean_post_title":"","ocean_post_subheading":"","ocean_post_title_style":"","ocean_post_title_background_color":"","ocean_post_title_background":0,"ocean_post_title_bg_image_position":"","ocean_post_title_bg_image_attachment":"","ocean_post_title_bg_image_repeat":"","ocean_post_title_bg_image_size":"","ocean_post_title_height":0,"ocean_post_title_bg_overlay":0.5,"ocean_post_title_bg_overlay_color":"","ocean_disable_breadcrumbs":"default","ocean_breadcrumbs_color":"","ocean_breadcrumbs_separator_color":"","ocean_breadcrumbs_links_color":"","ocean_breadcrumbs_links_hover_color":"","ocean_display_footer_widgets":"default","ocean_display_footer_bottom":"default","ocean_custom_footer_template":"0","ocean_post_oembed":"","ocean_post_self_hosted_media":"","ocean_post_video_embed":"","ocean_link_format":"","ocean_link_format_target":"self","ocean_quote_format":"","ocean_quote_format_link":"post","ocean_gallery_link_images":"on","ocean_gallery_id":[],"footnotes":""},"categories":[10],"tags":[],"post_folder":[],"class_list":["post-1891","post","type-post","status-publish","format-standard","has-post-thumbnail","hentry","category-reunions-regionales","entry","has-media"],"yoast_head":"<!-- This site is optimized with the Yoast SEO plugin v27.4 - https:\/\/yoast.com\/product\/yoast-seo-wordpress\/ -->\n<title>Congr\u00e8s R\u00e9gional de Romans 25 et 26 f\u00e9vrier 2026 \/ Rapport d&#039;activit\u00e9s 2024-2026 - AUVERGNE RH\u00d4NE-ALPES<\/title>\n<meta name=\"robots\" content=\"index, follow, max-snippet:-1, max-image-preview:large, max-video-preview:-1\" \/>\n<link rel=\"canonical\" href=\"https:\/\/regions-snetap-fsu.fr\/ara\/2026\/03\/01\/congres-regional-de-romans-25-et-26-fevrier-2026-rapport-dactivites-2024-2026\/\" \/>\n<meta property=\"og:locale\" content=\"fr_FR\" \/>\n<meta property=\"og:type\" content=\"article\" \/>\n<meta property=\"og:title\" content=\"Congr\u00e8s R\u00e9gional de Romans 25 et 26 f\u00e9vrier 2026 \/ Rapport d&#039;activit\u00e9s 2024-2026 - AUVERGNE RH\u00d4NE-ALPES\" \/>\n<meta property=\"og:description\" content=\"En pr\u00e9paration du 31\u00e8me Congr\u00e8s National du SNETAP\/FSU qui se tiendra \u00e0 Brie-Comte-Robert du 24 au 27 mars 2026, les militants de la R\u00e9gion AuRA se sont r\u00e9unis les mercredi 25 et jeudi 26 f\u00e9vrier 2026 en Congr\u00e8s R\u00e9gional \u00e0 Romans dans l&rsquo;EPL Terre d&rsquo;Horizon. L&rsquo;ordre du jour de ces deux journ\u00e9es de travail \u00e9tait [&hellip;]\" \/>\n<meta property=\"og:url\" content=\"https:\/\/regions-snetap-fsu.fr\/ara\/2026\/03\/01\/congres-regional-de-romans-25-et-26-fevrier-2026-rapport-dactivites-2024-2026\/\" \/>\n<meta property=\"og:site_name\" content=\"AUVERGNE RH\u00d4NE-ALPES\" \/>\n<meta property=\"article:published_time\" content=\"2026-03-01T11:56:28+00:00\" \/>\n<meta property=\"article:modified_time\" content=\"2026-03-02T15:09:43+00:00\" \/>\n<meta property=\"og:image\" content=\"https:\/\/regions-snetap-fsu.fr\/ara\/wp-content\/uploads\/sites\/12\/2026\/03\/1772362897698-scaled.jpg\" \/>\n\t<meta property=\"og:image:width\" content=\"2560\" \/>\n\t<meta property=\"og:image:height\" content=\"1920\" \/>\n\t<meta property=\"og:image:type\" content=\"image\/jpeg\" \/>\n<meta name=\"author\" content=\"labouretl\" \/>\n<meta name=\"twitter:card\" content=\"summary_large_image\" \/>\n<meta name=\"twitter:label1\" content=\"\u00c9crit par\" \/>\n\t<meta name=\"twitter:data1\" content=\"labouretl\" \/>\n\t<meta name=\"twitter:label2\" content=\"Dur\u00e9e de lecture estim\u00e9e\" \/>\n\t<meta name=\"twitter:data2\" content=\"3 minutes\" \/>\n<script type=\"application\/ld+json\" class=\"yoast-schema-graph\">{\"@context\":\"https:\\\/\\\/schema.org\",\"@graph\":[{\"@type\":\"Article\",\"@id\":\"https:\\\/\\\/regions-snetap-fsu.fr\\\/ara\\\/2026\\\/03\\\/01\\\/congres-regional-de-romans-25-et-26-fevrier-2026-rapport-dactivites-2024-2026\\\/#article\",\"isPartOf\":{\"@id\":\"https:\\\/\\\/regions-snetap-fsu.fr\\\/ara\\\/2026\\\/03\\\/01\\\/congres-regional-de-romans-25-et-26-fevrier-2026-rapport-dactivites-2024-2026\\\/\"},\"author\":{\"name\":\"labouretl\",\"@id\":\"https:\\\/\\\/regions-snetap-fsu.fr\\\/ara\\\/#\\\/schema\\\/person\\\/7a012c1225ad7f1de5d0435224dc476f\"},\"headline\":\"Congr\u00e8s R\u00e9gional de Romans 25 et 26 f\u00e9vrier 2026 \\\/ Rapport d&rsquo;activit\u00e9s 2024-2026\",\"datePublished\":\"2026-03-01T11:56:28+00:00\",\"dateModified\":\"2026-03-02T15:09:43+00:00\",\"mainEntityOfPage\":{\"@id\":\"https:\\\/\\\/regions-snetap-fsu.fr\\\/ara\\\/2026\\\/03\\\/01\\\/congres-regional-de-romans-25-et-26-fevrier-2026-rapport-dactivites-2024-2026\\\/\"},\"wordCount\":407,\"publisher\":{\"@id\":\"https:\\\/\\\/regions-snetap-fsu.fr\\\/ara\\\/#organization\"},\"image\":{\"@id\":\"https:\\\/\\\/regions-snetap-fsu.fr\\\/ara\\\/2026\\\/03\\\/01\\\/congres-regional-de-romans-25-et-26-fevrier-2026-rapport-dactivites-2024-2026\\\/#primaryimage\"},\"thumbnailUrl\":\"https:\\\/\\\/regions-snetap-fsu.fr\\\/ara\\\/wp-content\\\/uploads\\\/sites\\\/12\\\/2026\\\/03\\\/1772362897698-scaled.jpg\",\"articleSection\":[\"R\u00e9unions r\u00e9gionales\"],\"inLanguage\":\"fr-FR\"},{\"@type\":\"WebPage\",\"@id\":\"https:\\\/\\\/regions-snetap-fsu.fr\\\/ara\\\/2026\\\/03\\\/01\\\/congres-regional-de-romans-25-et-26-fevrier-2026-rapport-dactivites-2024-2026\\\/\",\"url\":\"https:\\\/\\\/regions-snetap-fsu.fr\\\/ara\\\/2026\\\/03\\\/01\\\/congres-regional-de-romans-25-et-26-fevrier-2026-rapport-dactivites-2024-2026\\\/\",\"name\":\"Congr\u00e8s R\u00e9gional de Romans 25 et 26 f\u00e9vrier 2026 \\\/ Rapport d'activit\u00e9s 2024-2026 - AUVERGNE RH\u00d4NE-ALPES\",\"isPartOf\":{\"@id\":\"https:\\\/\\\/regions-snetap-fsu.fr\\\/ara\\\/#website\"},\"primaryImageOfPage\":{\"@id\":\"https:\\\/\\\/regions-snetap-fsu.fr\\\/ara\\\/2026\\\/03\\\/01\\\/congres-regional-de-romans-25-et-26-fevrier-2026-rapport-dactivites-2024-2026\\\/#primaryimage\"},\"image\":{\"@id\":\"https:\\\/\\\/regions-snetap-fsu.fr\\\/ara\\\/2026\\\/03\\\/01\\\/congres-regional-de-romans-25-et-26-fevrier-2026-rapport-dactivites-2024-2026\\\/#primaryimage\"},\"thumbnailUrl\":\"https:\\\/\\\/regions-snetap-fsu.fr\\\/ara\\\/wp-content\\\/uploads\\\/sites\\\/12\\\/2026\\\/03\\\/1772362897698-scaled.jpg\",\"datePublished\":\"2026-03-01T11:56:28+00:00\",\"dateModified\":\"2026-03-02T15:09:43+00:00\",\"breadcrumb\":{\"@id\":\"https:\\\/\\\/regions-snetap-fsu.fr\\\/ara\\\/2026\\\/03\\\/01\\\/congres-regional-de-romans-25-et-26-fevrier-2026-rapport-dactivites-2024-2026\\\/#breadcrumb\"},\"inLanguage\":\"fr-FR\",\"potentialAction\":[{\"@type\":\"ReadAction\",\"target\":[\"https:\\\/\\\/regions-snetap-fsu.fr\\\/ara\\\/2026\\\/03\\\/01\\\/congres-regional-de-romans-25-et-26-fevrier-2026-rapport-dactivites-2024-2026\\\/\"]}]},{\"@type\":\"ImageObject\",\"inLanguage\":\"fr-FR\",\"@id\":\"https:\\\/\\\/regions-snetap-fsu.fr\\\/ara\\\/2026\\\/03\\\/01\\\/congres-regional-de-romans-25-et-26-fevrier-2026-rapport-dactivites-2024-2026\\\/#primaryimage\",\"url\":\"https:\\\/\\\/regions-snetap-fsu.fr\\\/ara\\\/wp-content\\\/uploads\\\/sites\\\/12\\\/2026\\\/03\\\/1772362897698-scaled.jpg\",\"contentUrl\":\"https:\\\/\\\/regions-snetap-fsu.fr\\\/ara\\\/wp-content\\\/uploads\\\/sites\\\/12\\\/2026\\\/03\\\/1772362897698-scaled.jpg\",\"width\":2560,\"height\":1920,\"caption\":\"CR de Romans\"},{\"@type\":\"BreadcrumbList\",\"@id\":\"https:\\\/\\\/regions-snetap-fsu.fr\\\/ara\\\/2026\\\/03\\\/01\\\/congres-regional-de-romans-25-et-26-fevrier-2026-rapport-dactivites-2024-2026\\\/#breadcrumb\",\"itemListElement\":[{\"@type\":\"ListItem\",\"position\":1,\"name\":\"Accueil\",\"item\":\"https:\\\/\\\/regions-snetap-fsu.fr\\\/ara\\\/\"},{\"@type\":\"ListItem\",\"position\":2,\"name\":\"Congr\u00e8s R\u00e9gional de Romans 25 et 26 f\u00e9vrier 2026 \\\/ Rapport d&rsquo;activit\u00e9s 2024-2026\"}]},{\"@type\":\"WebSite\",\"@id\":\"https:\\\/\\\/regions-snetap-fsu.fr\\\/ara\\\/#website\",\"url\":\"https:\\\/\\\/regions-snetap-fsu.fr\\\/ara\\\/\",\"name\":\"AUVERGNE RH\u00d4NE-ALPES\",\"description\":\"Le site de la  Section Syndicale\",\"publisher\":{\"@id\":\"https:\\\/\\\/regions-snetap-fsu.fr\\\/ara\\\/#organization\"},\"potentialAction\":[{\"@type\":\"SearchAction\",\"target\":{\"@type\":\"EntryPoint\",\"urlTemplate\":\"https:\\\/\\\/regions-snetap-fsu.fr\\\/ara\\\/?s={search_term_string}\"},\"query-input\":{\"@type\":\"PropertyValueSpecification\",\"valueRequired\":true,\"valueName\":\"search_term_string\"}}],\"inLanguage\":\"fr-FR\"},{\"@type\":\"Organization\",\"@id\":\"https:\\\/\\\/regions-snetap-fsu.fr\\\/ara\\\/#organization\",\"name\":\"Auvergne Rh\u00f4ne-Alpes - SNETAP-FSU\",\"url\":\"https:\\\/\\\/regions-snetap-fsu.fr\\\/ara\\\/\",\"logo\":{\"@type\":\"ImageObject\",\"inLanguage\":\"fr-FR\",\"@id\":\"https:\\\/\\\/regions-snetap-fsu.fr\\\/ara\\\/#\\\/schema\\\/logo\\\/image\\\/\",\"url\":\"https:\\\/\\\/regions-snetap-fsu.fr\\\/ara\\\/wp-content\\\/uploads\\\/sites\\\/12\\\/2021\\\/03\\\/Auvergne-Rhones-Alpes.jpg\",\"contentUrl\":\"https:\\\/\\\/regions-snetap-fsu.fr\\\/ara\\\/wp-content\\\/uploads\\\/sites\\\/12\\\/2021\\\/03\\\/Auvergne-Rhones-Alpes.jpg\",\"width\":2000,\"height\":2000,\"caption\":\"Auvergne Rh\u00f4ne-Alpes - SNETAP-FSU\"},\"image\":{\"@id\":\"https:\\\/\\\/regions-snetap-fsu.fr\\\/ara\\\/#\\\/schema\\\/logo\\\/image\\\/\"}},{\"@type\":\"Person\",\"@id\":\"https:\\\/\\\/regions-snetap-fsu.fr\\\/ara\\\/#\\\/schema\\\/person\\\/7a012c1225ad7f1de5d0435224dc476f\",\"name\":\"labouretl\",\"image\":{\"@type\":\"ImageObject\",\"inLanguage\":\"fr-FR\",\"@id\":\"https:\\\/\\\/secure.gravatar.com\\\/avatar\\\/fe4c2914e868a4f0225f570d8e2703306e1d172461bb22deef5957411043fa66?s=96&d=mm&r=g\",\"url\":\"https:\\\/\\\/secure.gravatar.com\\\/avatar\\\/fe4c2914e868a4f0225f570d8e2703306e1d172461bb22deef5957411043fa66?s=96&d=mm&r=g\",\"contentUrl\":\"https:\\\/\\\/secure.gravatar.com\\\/avatar\\\/fe4c2914e868a4f0225f570d8e2703306e1d172461bb22deef5957411043fa66?s=96&d=mm&r=g\",\"caption\":\"labouretl\"},\"url\":\"https:\\\/\\\/regions-snetap-fsu.fr\\\/ara\\\/author\\\/labouretl\\\/\"}]}<\/script>\n<!-- \/ Yoast SEO plugin. -->","yoast_head_json":{"title":"Congr\u00e8s R\u00e9gional de Romans 25 et 26 f\u00e9vrier 2026 \/ Rapport d'activit\u00e9s 2024-2026 - AUVERGNE RH\u00d4NE-ALPES","robots":{"index":"index","follow":"follow","max-snippet":"max-snippet:-1","max-image-preview":"max-image-preview:large","max-video-preview":"max-video-preview:-1"},"canonical":"https:\/\/regions-snetap-fsu.fr\/ara\/2026\/03\/01\/congres-regional-de-romans-25-et-26-fevrier-2026-rapport-dactivites-2024-2026\/","og_locale":"fr_FR","og_type":"article","og_title":"Congr\u00e8s R\u00e9gional de Romans 25 et 26 f\u00e9vrier 2026 \/ Rapport d'activit\u00e9s 2024-2026 - AUVERGNE RH\u00d4NE-ALPES","og_description":"En pr\u00e9paration du 31\u00e8me Congr\u00e8s National du SNETAP\/FSU qui se tiendra \u00e0 Brie-Comte-Robert du 24 au 27 mars 2026, les militants de la R\u00e9gion AuRA se sont r\u00e9unis les mercredi 25 et jeudi 26 f\u00e9vrier 2026 en Congr\u00e8s R\u00e9gional \u00e0 Romans dans l&rsquo;EPL Terre d&rsquo;Horizon. L&rsquo;ordre du jour de ces deux journ\u00e9es de travail \u00e9tait [&hellip;]","og_url":"https:\/\/regions-snetap-fsu.fr\/ara\/2026\/03\/01\/congres-regional-de-romans-25-et-26-fevrier-2026-rapport-dactivites-2024-2026\/","og_site_name":"AUVERGNE RH\u00d4NE-ALPES","article_published_time":"2026-03-01T11:56:28+00:00","article_modified_time":"2026-03-02T15:09:43+00:00","og_image":[{"width":2560,"height":1920,"url":"https:\/\/regions-snetap-fsu.fr\/ara\/wp-content\/uploads\/sites\/12\/2026\/03\/1772362897698-scaled.jpg","type":"image\/jpeg"}],"author":"labouretl","twitter_card":"summary_large_image","twitter_misc":{"\u00c9crit par":"labouretl","Dur\u00e9e de lecture estim\u00e9e":"3 minutes"},"schema":{"@context":"https:\/\/schema.org","@graph":[{"@type":"Article","@id":"https:\/\/regions-snetap-fsu.fr\/ara\/2026\/03\/01\/congres-regional-de-romans-25-et-26-fevrier-2026-rapport-dactivites-2024-2026\/#article","isPartOf":{"@id":"https:\/\/regions-snetap-fsu.fr\/ara\/2026\/03\/01\/congres-regional-de-romans-25-et-26-fevrier-2026-rapport-dactivites-2024-2026\/"},"author":{"name":"labouretl","@id":"https:\/\/regions-snetap-fsu.fr\/ara\/#\/schema\/person\/7a012c1225ad7f1de5d0435224dc476f"},"headline":"Congr\u00e8s R\u00e9gional de Romans 25 et 26 f\u00e9vrier 2026 \/ Rapport d&rsquo;activit\u00e9s 2024-2026","datePublished":"2026-03-01T11:56:28+00:00","dateModified":"2026-03-02T15:09:43+00:00","mainEntityOfPage":{"@id":"https:\/\/regions-snetap-fsu.fr\/ara\/2026\/03\/01\/congres-regional-de-romans-25-et-26-fevrier-2026-rapport-dactivites-2024-2026\/"},"wordCount":407,"publisher":{"@id":"https:\/\/regions-snetap-fsu.fr\/ara\/#organization"},"image":{"@id":"https:\/\/regions-snetap-fsu.fr\/ara\/2026\/03\/01\/congres-regional-de-romans-25-et-26-fevrier-2026-rapport-dactivites-2024-2026\/#primaryimage"},"thumbnailUrl":"https:\/\/regions-snetap-fsu.fr\/ara\/wp-content\/uploads\/sites\/12\/2026\/03\/1772362897698-scaled.jpg","articleSection":["R\u00e9unions r\u00e9gionales"],"inLanguage":"fr-FR"},{"@type":"WebPage","@id":"https:\/\/regions-snetap-fsu.fr\/ara\/2026\/03\/01\/congres-regional-de-romans-25-et-26-fevrier-2026-rapport-dactivites-2024-2026\/","url":"https:\/\/regions-snetap-fsu.fr\/ara\/2026\/03\/01\/congres-regional-de-romans-25-et-26-fevrier-2026-rapport-dactivites-2024-2026\/","name":"Congr\u00e8s R\u00e9gional de Romans 25 et 26 f\u00e9vrier 2026 \/ Rapport d'activit\u00e9s 2024-2026 - AUVERGNE RH\u00d4NE-ALPES","isPartOf":{"@id":"https:\/\/regions-snetap-fsu.fr\/ara\/#website"},"primaryImageOfPage":{"@id":"https:\/\/regions-snetap-fsu.fr\/ara\/2026\/03\/01\/congres-regional-de-romans-25-et-26-fevrier-2026-rapport-dactivites-2024-2026\/#primaryimage"},"image":{"@id":"https:\/\/regions-snetap-fsu.fr\/ara\/2026\/03\/01\/congres-regional-de-romans-25-et-26-fevrier-2026-rapport-dactivites-2024-2026\/#primaryimage"},"thumbnailUrl":"https:\/\/regions-snetap-fsu.fr\/ara\/wp-content\/uploads\/sites\/12\/2026\/03\/1772362897698-scaled.jpg","datePublished":"2026-03-01T11:56:28+00:00","dateModified":"2026-03-02T15:09:43+00:00","breadcrumb":{"@id":"https:\/\/regions-snetap-fsu.fr\/ara\/2026\/03\/01\/congres-regional-de-romans-25-et-26-fevrier-2026-rapport-dactivites-2024-2026\/#breadcrumb"},"inLanguage":"fr-FR","potentialAction":[{"@type":"ReadAction","target":["https:\/\/regions-snetap-fsu.fr\/ara\/2026\/03\/01\/congres-regional-de-romans-25-et-26-fevrier-2026-rapport-dactivites-2024-2026\/"]}]},{"@type":"ImageObject","inLanguage":"fr-FR","@id":"https:\/\/regions-snetap-fsu.fr\/ara\/2026\/03\/01\/congres-regional-de-romans-25-et-26-fevrier-2026-rapport-dactivites-2024-2026\/#primaryimage","url":"https:\/\/regions-snetap-fsu.fr\/ara\/wp-content\/uploads\/sites\/12\/2026\/03\/1772362897698-scaled.jpg","contentUrl":"https:\/\/regions-snetap-fsu.fr\/ara\/wp-content\/uploads\/sites\/12\/2026\/03\/1772362897698-scaled.jpg","width":2560,"height":1920,"caption":"CR de Romans"},{"@type":"BreadcrumbList","@id":"https:\/\/regions-snetap-fsu.fr\/ara\/2026\/03\/01\/congres-regional-de-romans-25-et-26-fevrier-2026-rapport-dactivites-2024-2026\/#breadcrumb","itemListElement":[{"@type":"ListItem","position":1,"name":"Accueil","item":"https:\/\/regions-snetap-fsu.fr\/ara\/"},{"@type":"ListItem","position":2,"name":"Congr\u00e8s R\u00e9gional de Romans 25 et 26 f\u00e9vrier 2026 \/ Rapport d&rsquo;activit\u00e9s 2024-2026"}]},{"@type":"WebSite","@id":"https:\/\/regions-snetap-fsu.fr\/ara\/#website","url":"https:\/\/regions-snetap-fsu.fr\/ara\/","name":"AUVERGNE RH\u00d4NE-ALPES","description":"Le site de la  Section Syndicale","publisher":{"@id":"https:\/\/regions-snetap-fsu.fr\/ara\/#organization"},"potentialAction":[{"@type":"SearchAction","target":{"@type":"EntryPoint","urlTemplate":"https:\/\/regions-snetap-fsu.fr\/ara\/?s={search_term_string}"},"query-input":{"@type":"PropertyValueSpecification","valueRequired":true,"valueName":"search_term_string"}}],"inLanguage":"fr-FR"},{"@type":"Organization","@id":"https:\/\/regions-snetap-fsu.fr\/ara\/#organization","name":"Auvergne Rh\u00f4ne-Alpes - SNETAP-FSU","url":"https:\/\/regions-snetap-fsu.fr\/ara\/","logo":{"@type":"ImageObject","inLanguage":"fr-FR","@id":"https:\/\/regions-snetap-fsu.fr\/ara\/#\/schema\/logo\/image\/","url":"https:\/\/regions-snetap-fsu.fr\/ara\/wp-content\/uploads\/sites\/12\/2021\/03\/Auvergne-Rhones-Alpes.jpg","contentUrl":"https:\/\/regions-snetap-fsu.fr\/ara\/wp-content\/uploads\/sites\/12\/2021\/03\/Auvergne-Rhones-Alpes.jpg","width":2000,"height":2000,"caption":"Auvergne Rh\u00f4ne-Alpes - SNETAP-FSU"},"image":{"@id":"https:\/\/regions-snetap-fsu.fr\/ara\/#\/schema\/logo\/image\/"}},{"@type":"Person","@id":"https:\/\/regions-snetap-fsu.fr\/ara\/#\/schema\/person\/7a012c1225ad7f1de5d0435224dc476f","name":"labouretl","image":{"@type":"ImageObject","inLanguage":"fr-FR","@id":"https:\/\/secure.gravatar.com\/avatar\/fe4c2914e868a4f0225f570d8e2703306e1d172461bb22deef5957411043fa66?s=96&d=mm&r=g","url":"https:\/\/secure.gravatar.com\/avatar\/fe4c2914e868a4f0225f570d8e2703306e1d172461bb22deef5957411043fa66?s=96&d=mm&r=g","contentUrl":"https:\/\/secure.gravatar.com\/avatar\/fe4c2914e868a4f0225f570d8e2703306e1d172461bb22deef5957411043fa66?s=96&d=mm&r=g","caption":"labouretl"},"url":"https:\/\/regions-snetap-fsu.fr\/ara\/author\/labouretl\/"}]}},"_links":{"self":[{"href":"https:\/\/regions-snetap-fsu.fr\/ara\/wp-json\/wp\/v2\/posts\/1891","targetHints":{"allow":["GET"]}}],"collection":[{"href":"https:\/\/regions-snetap-fsu.fr\/ara\/wp-json\/wp\/v2\/posts"}],"about":[{"href":"https:\/\/regions-snetap-fsu.fr\/ara\/wp-json\/wp\/v2\/types\/post"}],"author":[{"embeddable":true,"href":"https:\/\/regions-snetap-fsu.fr\/ara\/wp-json\/wp\/v2\/users\/121"}],"replies":[{"embeddable":true,"href":"https:\/\/regions-snetap-fsu.fr\/ara\/wp-json\/wp\/v2\/comments?post=1891"}],"version-history":[{"count":3,"href":"https:\/\/regions-snetap-fsu.fr\/ara\/wp-json\/wp\/v2\/posts\/1891\/revisions"}],"predecessor-version":[{"id":1899,"href":"https:\/\/regions-snetap-fsu.fr\/ara\/wp-json\/wp\/v2\/posts\/1891\/revisions\/1899"}],"wp:featuredmedia":[{"embeddable":true,"href":"https:\/\/regions-snetap-fsu.fr\/ara\/wp-json\/wp\/v2\/media\/1880"}],"wp:attachment":[{"href":"https:\/\/regions-snetap-fsu.fr\/ara\/wp-json\/wp\/v2\/media?parent=1891"}],"wp:term":[{"taxonomy":"category","embeddable":true,"href":"https:\/\/regions-snetap-fsu.fr\/ara\/wp-json\/wp\/v2\/categories?post=1891"},{"taxonomy":"post_tag","embeddable":true,"href":"https:\/\/regions-snetap-fsu.fr\/ara\/wp-json\/wp\/v2\/tags?post=1891"},{"taxonomy":"post_folder","embeddable":true,"href":"https:\/\/regions-snetap-fsu.fr\/ara\/wp-json\/wp\/v2\/post_folder?post=1891"}],"curies":[{"name":"wp","href":"https:\/\/api.w.org\/{rel}","templated":true}]}}