{"id":1767,"date":"2025-11-26T19:43:54","date_gmt":"2025-11-26T18:43:54","guid":{"rendered":"https:\/\/regions-snetap-fsu.fr\/ara\/?p=1767"},"modified":"2025-11-26T19:52:08","modified_gmt":"2025-11-26T18:52:08","slug":"elementor-1767","status":"publish","type":"post","link":"https:\/\/regions-snetap-fsu.fr\/ara\/2025\/11\/26\/elementor-1767\/","title":{"rendered":"O\u00f9 et quand manifester le 02 d\u00e9cembre 2025 en Auvergne Rh\u00f4ne-Alpes ?"},"content":{"rendered":"\t\t<div data-elementor-type=\"wp-post\" data-elementor-id=\"1767\" class=\"elementor elementor-1767\">\n\t\t\t\t<div class=\"elementor-element elementor-element-9327eb8 e-con-full e-flex e-con e-parent\" data-id=\"9327eb8\" data-element_type=\"container\" data-e-type=\"container\">\n\t\t\t\t<div class=\"elementor-element elementor-element-27f2231 elementor-widget elementor-widget-text-editor\" data-id=\"27f2231\" data-element_type=\"widget\" data-e-type=\"widget\" data-widget_type=\"text-editor.default\">\n\t\t\t\t<div class=\"elementor-widget-container\">\n\t\t\t\t\t\t\t\t\t<p align=\"center\"><span style=\"color: #129447\"><span style=\"font-family: Calibri, sans-serif\"><span style=\"font-size: 300%\"><b>O\u00f9 et quand manifester le mardi 02 d\u00e9cembre 2025 ?<\/b><\/span><\/span><\/span><\/p><p align=\"center\"><span style=\"font-family: Calibri, sans-serif\"><span style=\"font-size: medium\">A St-Etienne\u00a0: 10h30 Bourse du travail, arriv\u00e9e place jean Jaur\u00e8s<\/span><\/span><\/p><p align=\"center\"><span style=\"font-family: Calibri, sans-serif\"><span style=\"font-size: medium\">A Roanne\u00a0: 10h30 Palais de justice, arriv\u00e9e \u00e0 la Pr\u00e9fecture <\/span><\/span><\/p><p align=\"center\"><span style=\"font-family: Calibri, sans-serif\"><span style=\"font-size: medium\">A Aurillac\u00a0: 10h00 devant la Pr\u00e9fecture<\/span><\/span><\/p><p align=\"center\"><span style=\"font-family: Calibri, sans-serif\"><span style=\"font-size: medium\">A Grenoble\u00a0: 14h00 Place Verdun<\/span><\/span><\/p><p align=\"center\"><span style=\"font-family: Calibri, sans-serif\"><span style=\"font-size: medium\">A Clermont-Ferrand\u00a0: 14h30 Parvis de l\u2019\u00e9cole de droit<\/span><\/span><\/p><p align=\"center\"><span style=\"font-family: Calibri, sans-serif\"><span style=\"font-size: medium\">A Lyon\u00a0: 11h00 Place des cordeliers<\/span><\/span><\/p><p align=\"center\"><span style=\"font-family: Calibri, sans-serif\"><span style=\"font-size: medium\">A Chamb\u00e9ry\u00a0: 17h30 devant la pr\u00e9fecture<\/span><\/span><\/p><p align=\"center\"><span style=\"font-family: Calibri, sans-serif\"><span style=\"font-size: medium\">A Annecy\u00a0: Rassemblement 9h30 Mairie d\u2019Annecy<\/span><\/span><\/p><p align=\"center\"><span style=\"font-family: Calibri, sans-serif\"><span style=\"font-size: medium\">A Saint-Jean de Maurienne\u00a0: 18h00 Th\u00e9\u00e2tre<\/span><\/span><\/p><p align=\"center\"><span style=\"font-family: Calibri, sans-serif\"><span style=\"font-size: medium\">Au Puy en Velay\u00a0: 10h30 Place Cadelade<\/span><\/span><\/p><p align=\"center\"><span style=\"font-family: Calibri, sans-serif\"><span style=\"font-size: medium\">A Aubenas\u00a0: 14h30 \u00e0 l\u2019Agora<\/span><\/span><\/p><p align=\"center\"><span style=\"font-family: Calibri, sans-serif\"><span style=\"font-size: medium\">A Valence\u00a0: 14h Champ de Mars et village des luttes 11h00 \u00e0 16h00<\/span><\/span><\/p><p align=\"center\"><span style=\"font-family: Calibri, sans-serif\"><span style=\"font-size: medium\">A Privas\u00a0: 10h30 devant la Pr\u00e9fecture<\/span><\/span><\/p><p align=\"center\"><span style=\"font-family: Calibri, sans-serif\"><span style=\"font-size: medium\">A Annonay\u00a0: 14h30 Gare routi\u00e8re<\/span><\/span><\/p><p align=\"center\"><span style=\"font-family: Calibri, sans-serif\"><span style=\"font-size: medium\"><span style=\"color: #000000\">A <\/span><span style=\"color: #000000\">Commentry\u00a0: 14h00 Place du Champ de Foire <\/span><\/span><\/span><\/p>\t\t\t\t\t\t\t\t<\/div>\n\t\t\t\t<\/div>\n\t\t\t\t<div class=\"elementor-element elementor-element-213d748 elementor-widget elementor-widget-image\" data-id=\"213d748\" data-element_type=\"widget\" data-e-type=\"widget\" data-widget_type=\"image.default\">\n\t\t\t\t<div class=\"elementor-widget-container\">\n\t\t\t\t\t\t\t\t\t\t\t\t\t\t\t<img fetchpriority=\"high\" decoding=\"async\" width=\"425\" height=\"474\" src=\"https:\/\/regions-snetap-fsu.fr\/ara\/wp-content\/uploads\/sites\/12\/2025\/11\/manif-02-decembre.jpg\" class=\"attachment-large size-large wp-image-1768\" alt=\"\" srcset=\"https:\/\/regions-snetap-fsu.fr\/ara\/wp-content\/uploads\/sites\/12\/2025\/11\/manif-02-decembre.jpg 425w, https:\/\/regions-snetap-fsu.fr\/ara\/wp-content\/uploads\/sites\/12\/2025\/11\/manif-02-decembre-269x300.jpg 269w\" sizes=\"(max-width: 425px) 100vw, 425px\" \/>\t\t\t\t\t\t\t\t\t\t\t\t\t\t\t<\/div>\n\t\t\t\t<\/div>\n\t\t\t\t<\/div>\n\t\t\t\t<\/div>\n\t\t","protected":false},"excerpt":{"rendered":"<p>O\u00f9 et quand manifester le mardi 02 d\u00e9cembre 2025 ? A St-Etienne\u00a0: 10h30 Bourse du travail, arriv\u00e9e place jean Jaur\u00e8s A Roanne\u00a0: 10h30 Palais de justice, arriv\u00e9e \u00e0 la Pr\u00e9fecture A Aurillac\u00a0: 10h00 devant la Pr\u00e9fecture A Grenoble\u00a0: 14h00 Place Verdun A Clermont-Ferrand\u00a0: 14h30 Parvis de l\u2019\u00e9cole de droit A Lyon\u00a0: 11h00 Place des cordeliers [&hellip;]<\/p>\n","protected":false},"author":121,"featured_media":0,"comment_status":"closed","ping_status":"closed","sticky":false,"template":"","format":"standard","meta":{"ocean_post_layout":"","ocean_both_sidebars_style":"","ocean_both_sidebars_content_width":0,"ocean_both_sidebars_sidebars_width":0,"ocean_sidebar":"0","ocean_second_sidebar":"0","ocean_disable_margins":"enable","ocean_add_body_class":"","ocean_shortcode_before_top_bar":"","ocean_shortcode_after_top_bar":"","ocean_shortcode_before_header":"","ocean_shortcode_after_header":"","ocean_has_shortcode":"","ocean_shortcode_after_title":"","ocean_shortcode_before_footer_widgets":"","ocean_shortcode_after_footer_widgets":"","ocean_shortcode_before_footer_bottom":"","ocean_shortcode_after_footer_bottom":"","ocean_display_top_bar":"default","ocean_display_header":"default","ocean_header_style":"","ocean_center_header_left_menu":"0","ocean_custom_header_template":"0","ocean_custom_logo":0,"ocean_custom_retina_logo":0,"ocean_custom_logo_max_width":0,"ocean_custom_logo_tablet_max_width":0,"ocean_custom_logo_mobile_max_width":0,"ocean_custom_logo_max_height":0,"ocean_custom_logo_tablet_max_height":0,"ocean_custom_logo_mobile_max_height":0,"ocean_header_custom_menu":"0","ocean_menu_typo_font_family":"0","ocean_menu_typo_font_subset":"","ocean_menu_typo_font_size":0,"ocean_menu_typo_font_size_tablet":0,"ocean_menu_typo_font_size_mobile":0,"ocean_menu_typo_font_size_unit":"px","ocean_menu_typo_font_weight":"","ocean_menu_typo_font_weight_tablet":"","ocean_menu_typo_font_weight_mobile":"","ocean_menu_typo_transform":"","ocean_menu_typo_transform_tablet":"","ocean_menu_typo_transform_mobile":"","ocean_menu_typo_line_height":0,"ocean_menu_typo_line_height_tablet":0,"ocean_menu_typo_line_height_mobile":0,"ocean_menu_typo_line_height_unit":"","ocean_menu_typo_spacing":0,"ocean_menu_typo_spacing_tablet":0,"ocean_menu_typo_spacing_mobile":0,"ocean_menu_typo_spacing_unit":"","ocean_menu_link_color":"","ocean_menu_link_color_hover":"","ocean_menu_link_color_active":"","ocean_menu_link_background":"","ocean_menu_link_hover_background":"","ocean_menu_link_active_background":"","ocean_menu_social_links_bg":"","ocean_menu_social_hover_links_bg":"","ocean_menu_social_links_color":"","ocean_menu_social_hover_links_color":"","ocean_disable_title":"default","ocean_disable_heading":"default","ocean_post_title":"","ocean_post_subheading":"","ocean_post_title_style":"","ocean_post_title_background_color":"","ocean_post_title_background":0,"ocean_post_title_bg_image_position":"","ocean_post_title_bg_image_attachment":"","ocean_post_title_bg_image_repeat":"","ocean_post_title_bg_image_size":"","ocean_post_title_height":0,"ocean_post_title_bg_overlay":0.5,"ocean_post_title_bg_overlay_color":"","ocean_disable_breadcrumbs":"default","ocean_breadcrumbs_color":"","ocean_breadcrumbs_separator_color":"","ocean_breadcrumbs_links_color":"","ocean_breadcrumbs_links_hover_color":"","ocean_display_footer_widgets":"default","ocean_display_footer_bottom":"default","ocean_custom_footer_template":"0","ocean_post_oembed":"","ocean_post_self_hosted_media":"","ocean_post_video_embed":"","ocean_link_format":"","ocean_link_format_target":"self","ocean_quote_format":"","ocean_quote_format_link":"post","ocean_gallery_link_images":"on","ocean_gallery_id":[],"footnotes":""},"categories":[11],"tags":[],"post_folder":[],"class_list":["post-1767","post","type-post","status-publish","format-standard","hentry","category-actions-nationales","entry"],"yoast_head":"<!-- This site is optimized with the Yoast SEO plugin v27.4 - https:\/\/yoast.com\/product\/yoast-seo-wordpress\/ -->\n<title>O\u00f9 et quand manifester le 02 d\u00e9cembre 2025 en Auvergne Rh\u00f4ne-Alpes ? - AUVERGNE RH\u00d4NE-ALPES<\/title>\n<meta name=\"robots\" content=\"index, follow, max-snippet:-1, max-image-preview:large, max-video-preview:-1\" \/>\n<link rel=\"canonical\" href=\"https:\/\/regions-snetap-fsu.fr\/ara\/2025\/11\/26\/elementor-1767\/\" \/>\n<meta property=\"og:locale\" content=\"fr_FR\" \/>\n<meta property=\"og:type\" content=\"article\" \/>\n<meta property=\"og:title\" content=\"O\u00f9 et quand manifester le 02 d\u00e9cembre 2025 en Auvergne Rh\u00f4ne-Alpes ? - AUVERGNE RH\u00d4NE-ALPES\" \/>\n<meta property=\"og:description\" content=\"O\u00f9 et quand manifester le mardi 02 d\u00e9cembre 2025 ? A St-Etienne\u00a0: 10h30 Bourse du travail, arriv\u00e9e place jean Jaur\u00e8s A Roanne\u00a0: 10h30 Palais de justice, arriv\u00e9e \u00e0 la Pr\u00e9fecture A Aurillac\u00a0: 10h00 devant la Pr\u00e9fecture A Grenoble\u00a0: 14h00 Place Verdun A Clermont-Ferrand\u00a0: 14h30 Parvis de l\u2019\u00e9cole de droit A Lyon\u00a0: 11h00 Place des cordeliers [&hellip;]\" \/>\n<meta property=\"og:url\" content=\"https:\/\/regions-snetap-fsu.fr\/ara\/2025\/11\/26\/elementor-1767\/\" \/>\n<meta property=\"og:site_name\" content=\"AUVERGNE RH\u00d4NE-ALPES\" \/>\n<meta property=\"article:published_time\" content=\"2025-11-26T18:43:54+00:00\" \/>\n<meta property=\"article:modified_time\" content=\"2025-11-26T18:52:08+00:00\" \/>\n<meta property=\"og:image\" content=\"https:\/\/regions-snetap-fsu.fr\/ara\/wp-content\/uploads\/sites\/12\/2025\/11\/manif-02-decembre.jpg\" \/>\n<meta name=\"author\" content=\"labouretl\" \/>\n<meta name=\"twitter:card\" content=\"summary_large_image\" \/>\n<meta name=\"twitter:label1\" content=\"\u00c9crit par\" \/>\n\t<meta name=\"twitter:data1\" content=\"labouretl\" \/>\n\t<meta name=\"twitter:label2\" content=\"Dur\u00e9e de lecture estim\u00e9e\" \/>\n\t<meta name=\"twitter:data2\" content=\"1 minute\" \/>\n<script type=\"application\/ld+json\" class=\"yoast-schema-graph\">{\"@context\":\"https:\\\/\\\/schema.org\",\"@graph\":[{\"@type\":\"Article\",\"@id\":\"https:\\\/\\\/regions-snetap-fsu.fr\\\/ara\\\/2025\\\/11\\\/26\\\/elementor-1767\\\/#article\",\"isPartOf\":{\"@id\":\"https:\\\/\\\/regions-snetap-fsu.fr\\\/ara\\\/2025\\\/11\\\/26\\\/elementor-1767\\\/\"},\"author\":{\"name\":\"labouretl\",\"@id\":\"https:\\\/\\\/regions-snetap-fsu.fr\\\/ara\\\/#\\\/schema\\\/person\\\/7a012c1225ad7f1de5d0435224dc476f\"},\"headline\":\"O\u00f9 et quand manifester le 02 d\u00e9cembre 2025 en Auvergne Rh\u00f4ne-Alpes ?\",\"datePublished\":\"2025-11-26T18:43:54+00:00\",\"dateModified\":\"2025-11-26T18:52:08+00:00\",\"mainEntityOfPage\":{\"@id\":\"https:\\\/\\\/regions-snetap-fsu.fr\\\/ara\\\/2025\\\/11\\\/26\\\/elementor-1767\\\/\"},\"wordCount\":136,\"publisher\":{\"@id\":\"https:\\\/\\\/regions-snetap-fsu.fr\\\/ara\\\/#organization\"},\"image\":{\"@id\":\"https:\\\/\\\/regions-snetap-fsu.fr\\\/ara\\\/2025\\\/11\\\/26\\\/elementor-1767\\\/#primaryimage\"},\"thumbnailUrl\":\"https:\\\/\\\/regions-snetap-fsu.fr\\\/ara\\\/wp-content\\\/uploads\\\/sites\\\/12\\\/2025\\\/11\\\/manif-02-decembre.jpg\",\"articleSection\":[\"Actions nationales\"],\"inLanguage\":\"fr-FR\"},{\"@type\":\"WebPage\",\"@id\":\"https:\\\/\\\/regions-snetap-fsu.fr\\\/ara\\\/2025\\\/11\\\/26\\\/elementor-1767\\\/\",\"url\":\"https:\\\/\\\/regions-snetap-fsu.fr\\\/ara\\\/2025\\\/11\\\/26\\\/elementor-1767\\\/\",\"name\":\"O\u00f9 et quand manifester le 02 d\u00e9cembre 2025 en Auvergne Rh\u00f4ne-Alpes ? - AUVERGNE RH\u00d4NE-ALPES\",\"isPartOf\":{\"@id\":\"https:\\\/\\\/regions-snetap-fsu.fr\\\/ara\\\/#website\"},\"primaryImageOfPage\":{\"@id\":\"https:\\\/\\\/regions-snetap-fsu.fr\\\/ara\\\/2025\\\/11\\\/26\\\/elementor-1767\\\/#primaryimage\"},\"image\":{\"@id\":\"https:\\\/\\\/regions-snetap-fsu.fr\\\/ara\\\/2025\\\/11\\\/26\\\/elementor-1767\\\/#primaryimage\"},\"thumbnailUrl\":\"https:\\\/\\\/regions-snetap-fsu.fr\\\/ara\\\/wp-content\\\/uploads\\\/sites\\\/12\\\/2025\\\/11\\\/manif-02-decembre.jpg\",\"datePublished\":\"2025-11-26T18:43:54+00:00\",\"dateModified\":\"2025-11-26T18:52:08+00:00\",\"breadcrumb\":{\"@id\":\"https:\\\/\\\/regions-snetap-fsu.fr\\\/ara\\\/2025\\\/11\\\/26\\\/elementor-1767\\\/#breadcrumb\"},\"inLanguage\":\"fr-FR\",\"potentialAction\":[{\"@type\":\"ReadAction\",\"target\":[\"https:\\\/\\\/regions-snetap-fsu.fr\\\/ara\\\/2025\\\/11\\\/26\\\/elementor-1767\\\/\"]}]},{\"@type\":\"ImageObject\",\"inLanguage\":\"fr-FR\",\"@id\":\"https:\\\/\\\/regions-snetap-fsu.fr\\\/ara\\\/2025\\\/11\\\/26\\\/elementor-1767\\\/#primaryimage\",\"url\":\"https:\\\/\\\/regions-snetap-fsu.fr\\\/ara\\\/wp-content\\\/uploads\\\/sites\\\/12\\\/2025\\\/11\\\/manif-02-decembre.jpg\",\"contentUrl\":\"https:\\\/\\\/regions-snetap-fsu.fr\\\/ara\\\/wp-content\\\/uploads\\\/sites\\\/12\\\/2025\\\/11\\\/manif-02-decembre.jpg\",\"width\":425,\"height\":474},{\"@type\":\"BreadcrumbList\",\"@id\":\"https:\\\/\\\/regions-snetap-fsu.fr\\\/ara\\\/2025\\\/11\\\/26\\\/elementor-1767\\\/#breadcrumb\",\"itemListElement\":[{\"@type\":\"ListItem\",\"position\":1,\"name\":\"Accueil\",\"item\":\"https:\\\/\\\/regions-snetap-fsu.fr\\\/ara\\\/\"},{\"@type\":\"ListItem\",\"position\":2,\"name\":\"O\u00f9 et quand manifester le 02 d\u00e9cembre 2025 en Auvergne Rh\u00f4ne-Alpes ?\"}]},{\"@type\":\"WebSite\",\"@id\":\"https:\\\/\\\/regions-snetap-fsu.fr\\\/ara\\\/#website\",\"url\":\"https:\\\/\\\/regions-snetap-fsu.fr\\\/ara\\\/\",\"name\":\"AUVERGNE RH\u00d4NE-ALPES\",\"description\":\"Le site de la  Section Syndicale\",\"publisher\":{\"@id\":\"https:\\\/\\\/regions-snetap-fsu.fr\\\/ara\\\/#organization\"},\"potentialAction\":[{\"@type\":\"SearchAction\",\"target\":{\"@type\":\"EntryPoint\",\"urlTemplate\":\"https:\\\/\\\/regions-snetap-fsu.fr\\\/ara\\\/?s={search_term_string}\"},\"query-input\":{\"@type\":\"PropertyValueSpecification\",\"valueRequired\":true,\"valueName\":\"search_term_string\"}}],\"inLanguage\":\"fr-FR\"},{\"@type\":\"Organization\",\"@id\":\"https:\\\/\\\/regions-snetap-fsu.fr\\\/ara\\\/#organization\",\"name\":\"Auvergne Rh\u00f4ne-Alpes - SNETAP-FSU\",\"url\":\"https:\\\/\\\/regions-snetap-fsu.fr\\\/ara\\\/\",\"logo\":{\"@type\":\"ImageObject\",\"inLanguage\":\"fr-FR\",\"@id\":\"https:\\\/\\\/regions-snetap-fsu.fr\\\/ara\\\/#\\\/schema\\\/logo\\\/image\\\/\",\"url\":\"https:\\\/\\\/regions-snetap-fsu.fr\\\/ara\\\/wp-content\\\/uploads\\\/sites\\\/12\\\/2021\\\/03\\\/Auvergne-Rhones-Alpes.jpg\",\"contentUrl\":\"https:\\\/\\\/regions-snetap-fsu.fr\\\/ara\\\/wp-content\\\/uploads\\\/sites\\\/12\\\/2021\\\/03\\\/Auvergne-Rhones-Alpes.jpg\",\"width\":2000,\"height\":2000,\"caption\":\"Auvergne Rh\u00f4ne-Alpes - SNETAP-FSU\"},\"image\":{\"@id\":\"https:\\\/\\\/regions-snetap-fsu.fr\\\/ara\\\/#\\\/schema\\\/logo\\\/image\\\/\"}},{\"@type\":\"Person\",\"@id\":\"https:\\\/\\\/regions-snetap-fsu.fr\\\/ara\\\/#\\\/schema\\\/person\\\/7a012c1225ad7f1de5d0435224dc476f\",\"name\":\"labouretl\",\"image\":{\"@type\":\"ImageObject\",\"inLanguage\":\"fr-FR\",\"@id\":\"https:\\\/\\\/secure.gravatar.com\\\/avatar\\\/fe4c2914e868a4f0225f570d8e2703306e1d172461bb22deef5957411043fa66?s=96&d=mm&r=g\",\"url\":\"https:\\\/\\\/secure.gravatar.com\\\/avatar\\\/fe4c2914e868a4f0225f570d8e2703306e1d172461bb22deef5957411043fa66?s=96&d=mm&r=g\",\"contentUrl\":\"https:\\\/\\\/secure.gravatar.com\\\/avatar\\\/fe4c2914e868a4f0225f570d8e2703306e1d172461bb22deef5957411043fa66?s=96&d=mm&r=g\",\"caption\":\"labouretl\"},\"url\":\"https:\\\/\\\/regions-snetap-fsu.fr\\\/ara\\\/author\\\/labouretl\\\/\"}]}<\/script>\n<!-- \/ Yoast SEO plugin. -->","yoast_head_json":{"title":"O\u00f9 et quand manifester le 02 d\u00e9cembre 2025 en Auvergne Rh\u00f4ne-Alpes ? - AUVERGNE RH\u00d4NE-ALPES","robots":{"index":"index","follow":"follow","max-snippet":"max-snippet:-1","max-image-preview":"max-image-preview:large","max-video-preview":"max-video-preview:-1"},"canonical":"https:\/\/regions-snetap-fsu.fr\/ara\/2025\/11\/26\/elementor-1767\/","og_locale":"fr_FR","og_type":"article","og_title":"O\u00f9 et quand manifester le 02 d\u00e9cembre 2025 en Auvergne Rh\u00f4ne-Alpes ? - AUVERGNE RH\u00d4NE-ALPES","og_description":"O\u00f9 et quand manifester le mardi 02 d\u00e9cembre 2025 ? A St-Etienne\u00a0: 10h30 Bourse du travail, arriv\u00e9e place jean Jaur\u00e8s A Roanne\u00a0: 10h30 Palais de justice, arriv\u00e9e \u00e0 la Pr\u00e9fecture A Aurillac\u00a0: 10h00 devant la Pr\u00e9fecture A Grenoble\u00a0: 14h00 Place Verdun A Clermont-Ferrand\u00a0: 14h30 Parvis de l\u2019\u00e9cole de droit A Lyon\u00a0: 11h00 Place des cordeliers [&hellip;]","og_url":"https:\/\/regions-snetap-fsu.fr\/ara\/2025\/11\/26\/elementor-1767\/","og_site_name":"AUVERGNE RH\u00d4NE-ALPES","article_published_time":"2025-11-26T18:43:54+00:00","article_modified_time":"2025-11-26T18:52:08+00:00","og_image":[{"url":"https:\/\/regions-snetap-fsu.fr\/ara\/wp-content\/uploads\/sites\/12\/2025\/11\/manif-02-decembre.jpg","type":"","width":"","height":""}],"author":"labouretl","twitter_card":"summary_large_image","twitter_misc":{"\u00c9crit par":"labouretl","Dur\u00e9e de lecture estim\u00e9e":"1 minute"},"schema":{"@context":"https:\/\/schema.org","@graph":[{"@type":"Article","@id":"https:\/\/regions-snetap-fsu.fr\/ara\/2025\/11\/26\/elementor-1767\/#article","isPartOf":{"@id":"https:\/\/regions-snetap-fsu.fr\/ara\/2025\/11\/26\/elementor-1767\/"},"author":{"name":"labouretl","@id":"https:\/\/regions-snetap-fsu.fr\/ara\/#\/schema\/person\/7a012c1225ad7f1de5d0435224dc476f"},"headline":"O\u00f9 et quand manifester le 02 d\u00e9cembre 2025 en Auvergne Rh\u00f4ne-Alpes ?","datePublished":"2025-11-26T18:43:54+00:00","dateModified":"2025-11-26T18:52:08+00:00","mainEntityOfPage":{"@id":"https:\/\/regions-snetap-fsu.fr\/ara\/2025\/11\/26\/elementor-1767\/"},"wordCount":136,"publisher":{"@id":"https:\/\/regions-snetap-fsu.fr\/ara\/#organization"},"image":{"@id":"https:\/\/regions-snetap-fsu.fr\/ara\/2025\/11\/26\/elementor-1767\/#primaryimage"},"thumbnailUrl":"https:\/\/regions-snetap-fsu.fr\/ara\/wp-content\/uploads\/sites\/12\/2025\/11\/manif-02-decembre.jpg","articleSection":["Actions nationales"],"inLanguage":"fr-FR"},{"@type":"WebPage","@id":"https:\/\/regions-snetap-fsu.fr\/ara\/2025\/11\/26\/elementor-1767\/","url":"https:\/\/regions-snetap-fsu.fr\/ara\/2025\/11\/26\/elementor-1767\/","name":"O\u00f9 et quand manifester le 02 d\u00e9cembre 2025 en Auvergne Rh\u00f4ne-Alpes ? - AUVERGNE RH\u00d4NE-ALPES","isPartOf":{"@id":"https:\/\/regions-snetap-fsu.fr\/ara\/#website"},"primaryImageOfPage":{"@id":"https:\/\/regions-snetap-fsu.fr\/ara\/2025\/11\/26\/elementor-1767\/#primaryimage"},"image":{"@id":"https:\/\/regions-snetap-fsu.fr\/ara\/2025\/11\/26\/elementor-1767\/#primaryimage"},"thumbnailUrl":"https:\/\/regions-snetap-fsu.fr\/ara\/wp-content\/uploads\/sites\/12\/2025\/11\/manif-02-decembre.jpg","datePublished":"2025-11-26T18:43:54+00:00","dateModified":"2025-11-26T18:52:08+00:00","breadcrumb":{"@id":"https:\/\/regions-snetap-fsu.fr\/ara\/2025\/11\/26\/elementor-1767\/#breadcrumb"},"inLanguage":"fr-FR","potentialAction":[{"@type":"ReadAction","target":["https:\/\/regions-snetap-fsu.fr\/ara\/2025\/11\/26\/elementor-1767\/"]}]},{"@type":"ImageObject","inLanguage":"fr-FR","@id":"https:\/\/regions-snetap-fsu.fr\/ara\/2025\/11\/26\/elementor-1767\/#primaryimage","url":"https:\/\/regions-snetap-fsu.fr\/ara\/wp-content\/uploads\/sites\/12\/2025\/11\/manif-02-decembre.jpg","contentUrl":"https:\/\/regions-snetap-fsu.fr\/ara\/wp-content\/uploads\/sites\/12\/2025\/11\/manif-02-decembre.jpg","width":425,"height":474},{"@type":"BreadcrumbList","@id":"https:\/\/regions-snetap-fsu.fr\/ara\/2025\/11\/26\/elementor-1767\/#breadcrumb","itemListElement":[{"@type":"ListItem","position":1,"name":"Accueil","item":"https:\/\/regions-snetap-fsu.fr\/ara\/"},{"@type":"ListItem","position":2,"name":"O\u00f9 et quand manifester le 02 d\u00e9cembre 2025 en Auvergne Rh\u00f4ne-Alpes ?"}]},{"@type":"WebSite","@id":"https:\/\/regions-snetap-fsu.fr\/ara\/#website","url":"https:\/\/regions-snetap-fsu.fr\/ara\/","name":"AUVERGNE RH\u00d4NE-ALPES","description":"Le site de la  Section Syndicale","publisher":{"@id":"https:\/\/regions-snetap-fsu.fr\/ara\/#organization"},"potentialAction":[{"@type":"SearchAction","target":{"@type":"EntryPoint","urlTemplate":"https:\/\/regions-snetap-fsu.fr\/ara\/?s={search_term_string}"},"query-input":{"@type":"PropertyValueSpecification","valueRequired":true,"valueName":"search_term_string"}}],"inLanguage":"fr-FR"},{"@type":"Organization","@id":"https:\/\/regions-snetap-fsu.fr\/ara\/#organization","name":"Auvergne Rh\u00f4ne-Alpes - SNETAP-FSU","url":"https:\/\/regions-snetap-fsu.fr\/ara\/","logo":{"@type":"ImageObject","inLanguage":"fr-FR","@id":"https:\/\/regions-snetap-fsu.fr\/ara\/#\/schema\/logo\/image\/","url":"https:\/\/regions-snetap-fsu.fr\/ara\/wp-content\/uploads\/sites\/12\/2021\/03\/Auvergne-Rhones-Alpes.jpg","contentUrl":"https:\/\/regions-snetap-fsu.fr\/ara\/wp-content\/uploads\/sites\/12\/2021\/03\/Auvergne-Rhones-Alpes.jpg","width":2000,"height":2000,"caption":"Auvergne Rh\u00f4ne-Alpes - SNETAP-FSU"},"image":{"@id":"https:\/\/regions-snetap-fsu.fr\/ara\/#\/schema\/logo\/image\/"}},{"@type":"Person","@id":"https:\/\/regions-snetap-fsu.fr\/ara\/#\/schema\/person\/7a012c1225ad7f1de5d0435224dc476f","name":"labouretl","image":{"@type":"ImageObject","inLanguage":"fr-FR","@id":"https:\/\/secure.gravatar.com\/avatar\/fe4c2914e868a4f0225f570d8e2703306e1d172461bb22deef5957411043fa66?s=96&d=mm&r=g","url":"https:\/\/secure.gravatar.com\/avatar\/fe4c2914e868a4f0225f570d8e2703306e1d172461bb22deef5957411043fa66?s=96&d=mm&r=g","contentUrl":"https:\/\/secure.gravatar.com\/avatar\/fe4c2914e868a4f0225f570d8e2703306e1d172461bb22deef5957411043fa66?s=96&d=mm&r=g","caption":"labouretl"},"url":"https:\/\/regions-snetap-fsu.fr\/ara\/author\/labouretl\/"}]}},"_links":{"self":[{"href":"https:\/\/regions-snetap-fsu.fr\/ara\/wp-json\/wp\/v2\/posts\/1767","targetHints":{"allow":["GET"]}}],"collection":[{"href":"https:\/\/regions-snetap-fsu.fr\/ara\/wp-json\/wp\/v2\/posts"}],"about":[{"href":"https:\/\/regions-snetap-fsu.fr\/ara\/wp-json\/wp\/v2\/types\/post"}],"author":[{"embeddable":true,"href":"https:\/\/regions-snetap-fsu.fr\/ara\/wp-json\/wp\/v2\/users\/121"}],"replies":[{"embeddable":true,"href":"https:\/\/regions-snetap-fsu.fr\/ara\/wp-json\/wp\/v2\/comments?post=1767"}],"version-history":[{"count":11,"href":"https:\/\/regions-snetap-fsu.fr\/ara\/wp-json\/wp\/v2\/posts\/1767\/revisions"}],"predecessor-version":[{"id":1780,"href":"https:\/\/regions-snetap-fsu.fr\/ara\/wp-json\/wp\/v2\/posts\/1767\/revisions\/1780"}],"wp:attachment":[{"href":"https:\/\/regions-snetap-fsu.fr\/ara\/wp-json\/wp\/v2\/media?parent=1767"}],"wp:term":[{"taxonomy":"category","embeddable":true,"href":"https:\/\/regions-snetap-fsu.fr\/ara\/wp-json\/wp\/v2\/categories?post=1767"},{"taxonomy":"post_tag","embeddable":true,"href":"https:\/\/regions-snetap-fsu.fr\/ara\/wp-json\/wp\/v2\/tags?post=1767"},{"taxonomy":"post_folder","embeddable":true,"href":"https:\/\/regions-snetap-fsu.fr\/ara\/wp-json\/wp\/v2\/post_folder?post=1767"}],"curies":[{"name":"wp","href":"https:\/\/api.w.org\/{rel}","templated":true}]}}