{"id":1537,"date":"2025-03-29T12:54:45","date_gmt":"2025-03-29T11:54:45","guid":{"rendered":"https:\/\/regions-snetap-fsu.fr\/ara\/?p=1537"},"modified":"2025-03-29T13:14:56","modified_gmt":"2025-03-29T12:14:56","slug":"mobilisations-contre-la-casse-de-leap","status":"publish","type":"post","link":"https:\/\/regions-snetap-fsu.fr\/ara\/2025\/03\/29\/mobilisations-contre-la-casse-de-leap\/","title":{"rendered":"Mobilisations contre la casse de l&rsquo;EAP"},"content":{"rendered":"\t\t<div data-elementor-type=\"wp-post\" data-elementor-id=\"1537\" class=\"elementor elementor-1537\">\n\t\t\t\t<div class=\"elementor-element elementor-element-24d5f27 e-flex e-con-boxed e-con e-parent\" data-id=\"24d5f27\" data-element_type=\"container\" data-e-type=\"container\">\n\t\t\t\t\t<div class=\"e-con-inner\">\n\t\t\t\t<div class=\"elementor-element elementor-element-60914b4 elementor-widget elementor-widget-heading\" data-id=\"60914b4\" data-element_type=\"widget\" data-e-type=\"widget\" data-widget_type=\"heading.default\">\n\t\t\t\t<div class=\"elementor-widget-container\">\n\t\t\t\t\t<h2 class=\"elementor-heading-title elementor-size-default\">Mobilisation contre la casse de l'EAP \u00e0 Dijon et \u00e0 Toulouse<br>Nos camarades d'AuRA sont dans la place !<\/h2>\t\t\t\t<\/div>\n\t\t\t\t<\/div>\n\t\t\t\t<div class=\"elementor-element elementor-element-a9cdb0d elementor-widget elementor-widget-text-editor\" data-id=\"a9cdb0d\" data-element_type=\"widget\" data-e-type=\"widget\" data-widget_type=\"text-editor.default\">\n\t\t\t\t<div class=\"elementor-widget-container\">\n\t\t\t\t\t\t\t\t\t<p align=\"justify\"><span style=\"color: #000000\"><span style=\"font-family: MADE TOMMY, monospace\"><span style=\"font-size: medium\">Ce mardi 25 mars 2025, nos camarades du SNETAP AuRA n\u2019ont pas manqu\u00e9 de participer \u00e0 la mobilisation nationale contre la casse de L\u2019Enseignement Agricole Publique et \u00e0 dire NON aux suppressions de postes.<\/span><\/span><\/span><\/p><p align=\"justify\"><span style=\"color: #000000\"><span style=\"font-family: MADE TOMMY, monospace\"><span style=\"font-size: medium\">Une douzaine de nos coll\u00e8gues du SNETAP FSU Aura ont rejoint les autres camarades des autres r\u00e9gions de France \u00e0 la DRAAF de Dijon et pour d\u2019autres \u00e0 la DRAAF de Toulouse.<\/span><\/span><\/span><\/p><p align=\"justify\"><span style=\"color: #000000\"><span style=\"font-family: MADE TOMMY, monospace\"><span style=\"font-size: medium\"><strong>A Dijon<\/strong>, une d\u00e9l\u00e9gation de 10 personnes a \u00e9t\u00e9 re\u00e7ue par la DRAAF de Dijon pendant qu&rsquo;une soixantaine de camarades envahissaient le hall des locaux de la DRAAF afin de protester contre\u00a0:<\/span><\/span><\/span><\/p><p align=\"justify\"><strong><span style=\"color: #129447\"><em><span style=\"font-family: MADE TOMMY, monospace\"><span style=\"font-size: medium\">&#8211; la perte de 45 ETP et la suppression 30 000 h de DGH \u00e0 la rentr\u00e9e prochaine,<\/span><\/span><\/em><\/span><\/strong><\/p><p align=\"justify\"><strong><span style=\"color: #129447\"><em><span style=\"font-family: MADE TOMMY, monospace\"><span style=\"font-size: medium\">&#8211; la cohorte de fermetures, gels, regroupements anti-p\u00e9dagogiques de classes et de sections,<\/span><\/span><\/em><\/span><\/strong><\/p><p align=\"justify\"><strong><span style=\"color: #129447\"><em><span style=\"font-family: MADE TOMMY, monospace\"><span style=\"font-size: medium\">&#8211; l\u2019abaissement quasi g\u00e9n\u00e9ralis\u00e9 de nos capacit\u00e9s d\u2019accueil par classe faute de dotations suffisantes pour les d\u00e9doublements\u00a0!<\/span><\/span><\/em><\/span><\/strong><\/p><p align=\"justify\"><span style=\"color: #000000\"><span style=\"font-family: MADE TOMMY, monospace\"><span style=\"font-size: medium\">Aujourd\u2019hui ce sont des postes d\u2019enseignant.es qui sont supprim\u00e9s, demain ce seront des postes de personnels administratifs, de labo, de vie scolaire\u2026 et apr\u00e8s-demain les conseils r\u00e9gionaux supprimeront des postes d\u2019agents territoriaux, voire envisageront de fermer des LPA ! <\/span><\/span><\/span><\/p><p align=\"justify\"><span style=\"color: #000000\"><span style=\"font-family: MADE TOMMY, monospace\"><span style=\"font-size: medium\">Nos camarades ont ensuite rejoint le Conseil R\u00e9gional de Bourgogne afin de d\u00e9battre de la menace de fermeture du LPA du Velet \u00e0 Etang-sur-Arroux o\u00f9 la lutte continue. Pour rappel, la fermeture a \u00e9t\u00e9 d\u00e9cid\u00e9e non pas\u00a0 par le Minist\u00e8re mais par le Conseil R\u00e9gional.<\/span><\/span><\/span><\/p>\t\t\t\t\t\t\t\t<\/div>\n\t\t\t\t<\/div>\n\t\t\t\t\t<\/div>\n\t\t\t\t<\/div>\n\t\t<div class=\"elementor-element elementor-element-40afb87 e-flex e-con-boxed e-con e-parent\" data-id=\"40afb87\" data-element_type=\"container\" data-e-type=\"container\">\n\t\t\t\t\t<div class=\"e-con-inner\">\n\t\t\t\t<div class=\"elementor-element elementor-element-c3532c5 elementor-widget__width-initial elementor-arrows-position-outside elementor-pagination-position-outside elementor-widget elementor-widget-image-carousel\" data-id=\"c3532c5\" data-element_type=\"widget\" data-e-type=\"widget\" data-settings=\"{&quot;navigation&quot;:&quot;both&quot;,&quot;autoplay&quot;:&quot;yes&quot;,&quot;pause_on_hover&quot;:&quot;yes&quot;,&quot;pause_on_interaction&quot;:&quot;yes&quot;,&quot;autoplay_speed&quot;:5000,&quot;infinite&quot;:&quot;yes&quot;,&quot;speed&quot;:500}\" data-widget_type=\"image-carousel.default\">\n\t\t\t\t<div class=\"elementor-widget-container\">\n\t\t\t\t\t\t\t<div class=\"elementor-image-carousel-wrapper swiper\" role=\"region\" aria-roledescription=\"carousel\" aria-label=\"Carrousel d\u2019images\" dir=\"ltr\">\n\t\t\t<div class=\"elementor-image-carousel swiper-wrapper swiper-image-stretch\" aria-live=\"off\">\n\t\t\t\t\t\t\t\t<div class=\"swiper-slide\" role=\"group\" aria-roledescription=\"slide\" aria-label=\"1 sur 5\"><figure class=\"swiper-slide-inner\"><img decoding=\"async\" class=\"swiper-slide-image\" src=\"https:\/\/regions-snetap-fsu.fr\/ara\/wp-content\/uploads\/sites\/12\/2025\/03\/IMG-20250325-WA0004-150x150.jpg\" alt=\"IMG-20250325-WA0004\" \/><\/figure><\/div><div class=\"swiper-slide\" role=\"group\" aria-roledescription=\"slide\" aria-label=\"2 sur 5\"><figure class=\"swiper-slide-inner\"><img decoding=\"async\" class=\"swiper-slide-image\" src=\"https:\/\/regions-snetap-fsu.fr\/ara\/wp-content\/uploads\/sites\/12\/2025\/03\/IMG-20250325-WA0001-150x150.jpg\" alt=\"IMG-20250325-WA0001\" \/><\/figure><\/div><div class=\"swiper-slide\" role=\"group\" aria-roledescription=\"slide\" aria-label=\"3 sur 5\"><figure class=\"swiper-slide-inner\"><img decoding=\"async\" class=\"swiper-slide-image\" src=\"https:\/\/regions-snetap-fsu.fr\/ara\/wp-content\/uploads\/sites\/12\/2025\/03\/IMG-20250325-WA0002-150x150.jpg\" alt=\"IMG-20250325-WA0002\" \/><\/figure><\/div><div class=\"swiper-slide\" role=\"group\" aria-roledescription=\"slide\" aria-label=\"4 sur 5\"><figure class=\"swiper-slide-inner\"><img decoding=\"async\" class=\"swiper-slide-image\" src=\"https:\/\/regions-snetap-fsu.fr\/ara\/wp-content\/uploads\/sites\/12\/2025\/03\/IMG-20250325-WA0008-150x150.jpg\" alt=\"IMG-20250325-WA0008\" \/><\/figure><\/div><div class=\"swiper-slide\" role=\"group\" aria-roledescription=\"slide\" aria-label=\"5 sur 5\"><figure class=\"swiper-slide-inner\"><img decoding=\"async\" class=\"swiper-slide-image\" src=\"https:\/\/regions-snetap-fsu.fr\/ara\/wp-content\/uploads\/sites\/12\/2025\/03\/IMG-20250325-WA0000-150x150.jpg\" alt=\"IMG-20250325-WA0000\" \/><\/figure><\/div>\t\t\t<\/div>\n\t\t\t\t\t\t\t\t\t\t\t\t<div class=\"elementor-swiper-button elementor-swiper-button-prev\" role=\"button\" tabindex=\"0\">\n\t\t\t\t\t\t<svg aria-hidden=\"true\" class=\"e-font-icon-svg e-eicon-chevron-left\" viewBox=\"0 0 1000 1000\" xmlns=\"http:\/\/www.w3.org\/2000\/svg\"><path d=\"M646 125C629 125 613 133 604 142L308 442C296 454 292 471 292 487 292 504 296 521 308 533L604 854C617 867 629 875 646 875 663 875 679 871 692 858 704 846 713 829 713 812 713 796 708 779 692 767L438 487 692 225C700 217 708 204 708 187 708 171 704 154 692 142 675 129 663 125 646 125Z\"><\/path><\/svg>\t\t\t\t\t<\/div>\n\t\t\t\t\t<div class=\"elementor-swiper-button elementor-swiper-button-next\" role=\"button\" tabindex=\"0\">\n\t\t\t\t\t\t<svg aria-hidden=\"true\" class=\"e-font-icon-svg e-eicon-chevron-right\" viewBox=\"0 0 1000 1000\" xmlns=\"http:\/\/www.w3.org\/2000\/svg\"><path d=\"M696 533C708 521 713 504 713 487 713 471 708 454 696 446L400 146C388 133 375 125 354 125 338 125 325 129 313 142 300 154 292 171 292 187 292 204 296 221 308 233L563 492 304 771C292 783 288 800 288 817 288 833 296 850 308 863 321 871 338 875 354 875 371 875 388 867 400 854L696 533Z\"><\/path><\/svg>\t\t\t\t\t<\/div>\n\t\t\t\t\n\t\t\t\t\t\t\t\t\t<div class=\"swiper-pagination\"><\/div>\n\t\t\t\t\t\t\t\t\t<\/div>\n\t\t\t\t\t\t<\/div>\n\t\t\t\t<\/div>\n\t\t<div class=\"elementor-element elementor-element-e4f1791 e-con-full e-flex e-con e-child\" data-id=\"e4f1791\" data-element_type=\"container\" data-e-type=\"container\">\n\t\t\t\t<div class=\"elementor-element elementor-element-26f574d elementor-widget elementor-widget-text-editor\" data-id=\"26f574d\" data-element_type=\"widget\" data-e-type=\"widget\" data-widget_type=\"text-editor.default\">\n\t\t\t\t<div class=\"elementor-widget-container\">\n\t\t\t\t\t\t\t\t\t<p align=\"justify\"><span style=\"color: #000000\"><span style=\"font-family: MADE TOMMY, monospace\"><span style=\"font-size: medium\"><strong>Pour Toulouse<\/strong>, la manifestation a rassembl\u00e9 une trentaine de personnes devant la cit\u00e9 administrative. Une audience s\u2019est tenue aupr\u00e8s du DRAAF qui a re\u00e7u tout le monde (dans la limite de 20 places disponibles. Les revendications nationales ont \u00e9t\u00e9 expos\u00e9es et les coll\u00e8gues d&rsquo;Occitanie ont pu ensuite en remettre une couche sur les probl\u00e9matiques r\u00e9gionales, en particulier les formations AP.<\/span><\/span><\/span><\/p><p align=\"justify\"><span style=\"color: #000000\"><span style=\"font-family: MADE TOMMY, monospace\"><span style=\"font-size: medium\">Suite des mobilisations \u00e0 venir \u2026 Restons mobilisez\u00a0!!!<\/span><\/span><\/span><\/p>\t\t\t\t\t\t\t\t<\/div>\n\t\t\t\t<\/div>\n\t\t\t\t<\/div>\n\t\t\t\t\t<\/div>\n\t\t\t\t<\/div>\n\t\t<div class=\"elementor-element elementor-element-eea8f4d e-flex e-con-boxed e-con e-parent\" data-id=\"eea8f4d\" data-element_type=\"container\" data-e-type=\"container\">\n\t\t\t\t\t<div class=\"e-con-inner\">\n\t\t\t\t\t<\/div>\n\t\t\t\t<\/div>\n\t\t\t\t<\/div>\n\t\t","protected":false},"excerpt":{"rendered":"<p>Mobilisation contre la casse de l&rsquo;EAP \u00e0 Dijon et \u00e0 Toulouse Nos camarades d&rsquo;AuRA sont dans la place ! Ce mardi 25 mars 2025, nos camarades du SNETAP AuRA n\u2019ont pas manqu\u00e9 de participer \u00e0 la mobilisation nationale contre la casse de L\u2019Enseignement Agricole Publique et \u00e0 dire NON aux suppressions de postes. Une douzaine [&hellip;]<\/p>\n","protected":false},"author":121,"featured_media":1533,"comment_status":"closed","ping_status":"closed","sticky":false,"template":"","format":"standard","meta":{"ocean_post_layout":"","ocean_both_sidebars_style":"","ocean_both_sidebars_content_width":0,"ocean_both_sidebars_sidebars_width":0,"ocean_sidebar":"0","ocean_second_sidebar":"0","ocean_disable_margins":"enable","ocean_add_body_class":"","ocean_shortcode_before_top_bar":"","ocean_shortcode_after_top_bar":"","ocean_shortcode_before_header":"","ocean_shortcode_after_header":"","ocean_has_shortcode":"","ocean_shortcode_after_title":"","ocean_shortcode_before_footer_widgets":"","ocean_shortcode_after_footer_widgets":"","ocean_shortcode_before_footer_bottom":"","ocean_shortcode_after_footer_bottom":"","ocean_display_top_bar":"default","ocean_display_header":"default","ocean_header_style":"","ocean_center_header_left_menu":"0","ocean_custom_header_template":"0","ocean_custom_logo":0,"ocean_custom_retina_logo":0,"ocean_custom_logo_max_width":0,"ocean_custom_logo_tablet_max_width":0,"ocean_custom_logo_mobile_max_width":0,"ocean_custom_logo_max_height":0,"ocean_custom_logo_tablet_max_height":0,"ocean_custom_logo_mobile_max_height":0,"ocean_header_custom_menu":"0","ocean_menu_typo_font_family":"0","ocean_menu_typo_font_subset":"","ocean_menu_typo_font_size":0,"ocean_menu_typo_font_size_tablet":0,"ocean_menu_typo_font_size_mobile":0,"ocean_menu_typo_font_size_unit":"px","ocean_menu_typo_font_weight":"","ocean_menu_typo_font_weight_tablet":"","ocean_menu_typo_font_weight_mobile":"","ocean_menu_typo_transform":"","ocean_menu_typo_transform_tablet":"","ocean_menu_typo_transform_mobile":"","ocean_menu_typo_line_height":0,"ocean_menu_typo_line_height_tablet":0,"ocean_menu_typo_line_height_mobile":0,"ocean_menu_typo_line_height_unit":"","ocean_menu_typo_spacing":0,"ocean_menu_typo_spacing_tablet":0,"ocean_menu_typo_spacing_mobile":0,"ocean_menu_typo_spacing_unit":"","ocean_menu_link_color":"","ocean_menu_link_color_hover":"","ocean_menu_link_color_active":"","ocean_menu_link_background":"","ocean_menu_link_hover_background":"","ocean_menu_link_active_background":"","ocean_menu_social_links_bg":"","ocean_menu_social_hover_links_bg":"","ocean_menu_social_links_color":"","ocean_menu_social_hover_links_color":"","ocean_disable_title":"default","ocean_disable_heading":"default","ocean_post_title":"","ocean_post_subheading":"","ocean_post_title_style":"","ocean_post_title_background_color":"","ocean_post_title_background":0,"ocean_post_title_bg_image_position":"","ocean_post_title_bg_image_attachment":"","ocean_post_title_bg_image_repeat":"","ocean_post_title_bg_image_size":"","ocean_post_title_height":0,"ocean_post_title_bg_overlay":0.5,"ocean_post_title_bg_overlay_color":"","ocean_disable_breadcrumbs":"default","ocean_breadcrumbs_color":"","ocean_breadcrumbs_separator_color":"","ocean_breadcrumbs_links_color":"","ocean_breadcrumbs_links_hover_color":"","ocean_display_footer_widgets":"default","ocean_display_footer_bottom":"default","ocean_custom_footer_template":"0","ocean_post_oembed":"","ocean_post_self_hosted_media":"","ocean_post_video_embed":"","ocean_link_format":"","ocean_link_format_target":"self","ocean_quote_format":"","ocean_quote_format_link":"post","ocean_gallery_link_images":"on","ocean_gallery_id":[],"footnotes":""},"categories":[11],"tags":[],"post_folder":[],"class_list":["post-1537","post","type-post","status-publish","format-standard","has-post-thumbnail","hentry","category-actions-nationales","entry","has-media"],"yoast_head":"<!-- This site is optimized with the Yoast SEO plugin v27.4 - https:\/\/yoast.com\/product\/yoast-seo-wordpress\/ -->\n<title>Mobilisations contre la casse de l&#039;EAP - AUVERGNE RH\u00d4NE-ALPES<\/title>\n<meta name=\"robots\" content=\"index, follow, max-snippet:-1, max-image-preview:large, max-video-preview:-1\" \/>\n<link rel=\"canonical\" href=\"https:\/\/regions-snetap-fsu.fr\/ara\/2025\/03\/29\/mobilisations-contre-la-casse-de-leap\/\" \/>\n<meta property=\"og:locale\" content=\"fr_FR\" \/>\n<meta property=\"og:type\" content=\"article\" \/>\n<meta property=\"og:title\" content=\"Mobilisations contre la casse de l&#039;EAP - AUVERGNE RH\u00d4NE-ALPES\" \/>\n<meta property=\"og:description\" content=\"Mobilisation contre la casse de l&rsquo;EAP \u00e0 Dijon et \u00e0 Toulouse Nos camarades d&rsquo;AuRA sont dans la place ! Ce mardi 25 mars 2025, nos camarades du SNETAP AuRA n\u2019ont pas manqu\u00e9 de participer \u00e0 la mobilisation nationale contre la casse de L\u2019Enseignement Agricole Publique et \u00e0 dire NON aux suppressions de postes. Une douzaine [&hellip;]\" \/>\n<meta property=\"og:url\" content=\"https:\/\/regions-snetap-fsu.fr\/ara\/2025\/03\/29\/mobilisations-contre-la-casse-de-leap\/\" \/>\n<meta property=\"og:site_name\" content=\"AUVERGNE RH\u00d4NE-ALPES\" \/>\n<meta property=\"article:published_time\" content=\"2025-03-29T11:54:45+00:00\" \/>\n<meta property=\"article:modified_time\" content=\"2025-03-29T12:14:56+00:00\" \/>\n<meta property=\"og:image\" content=\"https:\/\/regions-snetap-fsu.fr\/ara\/wp-content\/uploads\/sites\/12\/2025\/03\/IMG-20250325-WA0002.jpg\" \/>\n\t<meta property=\"og:image:width\" content=\"2040\" \/>\n\t<meta property=\"og:image:height\" content=\"942\" \/>\n\t<meta property=\"og:image:type\" content=\"image\/jpeg\" \/>\n<meta name=\"author\" content=\"labouretl\" \/>\n<meta name=\"twitter:card\" content=\"summary_large_image\" \/>\n<meta name=\"twitter:label1\" content=\"\u00c9crit par\" \/>\n\t<meta name=\"twitter:data1\" content=\"labouretl\" \/>\n\t<meta name=\"twitter:label2\" content=\"Dur\u00e9e de lecture estim\u00e9e\" \/>\n\t<meta name=\"twitter:data2\" content=\"2 minutes\" \/>\n<script type=\"application\/ld+json\" class=\"yoast-schema-graph\">{\"@context\":\"https:\\\/\\\/schema.org\",\"@graph\":[{\"@type\":\"Article\",\"@id\":\"https:\\\/\\\/regions-snetap-fsu.fr\\\/ara\\\/2025\\\/03\\\/29\\\/mobilisations-contre-la-casse-de-leap\\\/#article\",\"isPartOf\":{\"@id\":\"https:\\\/\\\/regions-snetap-fsu.fr\\\/ara\\\/2025\\\/03\\\/29\\\/mobilisations-contre-la-casse-de-leap\\\/\"},\"author\":{\"name\":\"labouretl\",\"@id\":\"https:\\\/\\\/regions-snetap-fsu.fr\\\/ara\\\/#\\\/schema\\\/person\\\/7a012c1225ad7f1de5d0435224dc476f\"},\"headline\":\"Mobilisations contre la casse de l&rsquo;EAP\",\"datePublished\":\"2025-03-29T11:54:45+00:00\",\"dateModified\":\"2025-03-29T12:14:56+00:00\",\"mainEntityOfPage\":{\"@id\":\"https:\\\/\\\/regions-snetap-fsu.fr\\\/ara\\\/2025\\\/03\\\/29\\\/mobilisations-contre-la-casse-de-leap\\\/\"},\"wordCount\":345,\"publisher\":{\"@id\":\"https:\\\/\\\/regions-snetap-fsu.fr\\\/ara\\\/#organization\"},\"image\":{\"@id\":\"https:\\\/\\\/regions-snetap-fsu.fr\\\/ara\\\/2025\\\/03\\\/29\\\/mobilisations-contre-la-casse-de-leap\\\/#primaryimage\"},\"thumbnailUrl\":\"https:\\\/\\\/regions-snetap-fsu.fr\\\/ara\\\/wp-content\\\/uploads\\\/sites\\\/12\\\/2025\\\/03\\\/IMG-20250325-WA0002.jpg\",\"articleSection\":[\"Actions nationales\"],\"inLanguage\":\"fr-FR\"},{\"@type\":\"WebPage\",\"@id\":\"https:\\\/\\\/regions-snetap-fsu.fr\\\/ara\\\/2025\\\/03\\\/29\\\/mobilisations-contre-la-casse-de-leap\\\/\",\"url\":\"https:\\\/\\\/regions-snetap-fsu.fr\\\/ara\\\/2025\\\/03\\\/29\\\/mobilisations-contre-la-casse-de-leap\\\/\",\"name\":\"Mobilisations contre la casse de l'EAP - AUVERGNE RH\u00d4NE-ALPES\",\"isPartOf\":{\"@id\":\"https:\\\/\\\/regions-snetap-fsu.fr\\\/ara\\\/#website\"},\"primaryImageOfPage\":{\"@id\":\"https:\\\/\\\/regions-snetap-fsu.fr\\\/ara\\\/2025\\\/03\\\/29\\\/mobilisations-contre-la-casse-de-leap\\\/#primaryimage\"},\"image\":{\"@id\":\"https:\\\/\\\/regions-snetap-fsu.fr\\\/ara\\\/2025\\\/03\\\/29\\\/mobilisations-contre-la-casse-de-leap\\\/#primaryimage\"},\"thumbnailUrl\":\"https:\\\/\\\/regions-snetap-fsu.fr\\\/ara\\\/wp-content\\\/uploads\\\/sites\\\/12\\\/2025\\\/03\\\/IMG-20250325-WA0002.jpg\",\"datePublished\":\"2025-03-29T11:54:45+00:00\",\"dateModified\":\"2025-03-29T12:14:56+00:00\",\"breadcrumb\":{\"@id\":\"https:\\\/\\\/regions-snetap-fsu.fr\\\/ara\\\/2025\\\/03\\\/29\\\/mobilisations-contre-la-casse-de-leap\\\/#breadcrumb\"},\"inLanguage\":\"fr-FR\",\"potentialAction\":[{\"@type\":\"ReadAction\",\"target\":[\"https:\\\/\\\/regions-snetap-fsu.fr\\\/ara\\\/2025\\\/03\\\/29\\\/mobilisations-contre-la-casse-de-leap\\\/\"]}]},{\"@type\":\"ImageObject\",\"inLanguage\":\"fr-FR\",\"@id\":\"https:\\\/\\\/regions-snetap-fsu.fr\\\/ara\\\/2025\\\/03\\\/29\\\/mobilisations-contre-la-casse-de-leap\\\/#primaryimage\",\"url\":\"https:\\\/\\\/regions-snetap-fsu.fr\\\/ara\\\/wp-content\\\/uploads\\\/sites\\\/12\\\/2025\\\/03\\\/IMG-20250325-WA0002.jpg\",\"contentUrl\":\"https:\\\/\\\/regions-snetap-fsu.fr\\\/ara\\\/wp-content\\\/uploads\\\/sites\\\/12\\\/2025\\\/03\\\/IMG-20250325-WA0002.jpg\",\"width\":2040,\"height\":942},{\"@type\":\"BreadcrumbList\",\"@id\":\"https:\\\/\\\/regions-snetap-fsu.fr\\\/ara\\\/2025\\\/03\\\/29\\\/mobilisations-contre-la-casse-de-leap\\\/#breadcrumb\",\"itemListElement\":[{\"@type\":\"ListItem\",\"position\":1,\"name\":\"Accueil\",\"item\":\"https:\\\/\\\/regions-snetap-fsu.fr\\\/ara\\\/\"},{\"@type\":\"ListItem\",\"position\":2,\"name\":\"Mobilisations contre la casse de l&rsquo;EAP\"}]},{\"@type\":\"WebSite\",\"@id\":\"https:\\\/\\\/regions-snetap-fsu.fr\\\/ara\\\/#website\",\"url\":\"https:\\\/\\\/regions-snetap-fsu.fr\\\/ara\\\/\",\"name\":\"AUVERGNE RH\u00d4NE-ALPES\",\"description\":\"Le site de la  Section Syndicale\",\"publisher\":{\"@id\":\"https:\\\/\\\/regions-snetap-fsu.fr\\\/ara\\\/#organization\"},\"potentialAction\":[{\"@type\":\"SearchAction\",\"target\":{\"@type\":\"EntryPoint\",\"urlTemplate\":\"https:\\\/\\\/regions-snetap-fsu.fr\\\/ara\\\/?s={search_term_string}\"},\"query-input\":{\"@type\":\"PropertyValueSpecification\",\"valueRequired\":true,\"valueName\":\"search_term_string\"}}],\"inLanguage\":\"fr-FR\"},{\"@type\":\"Organization\",\"@id\":\"https:\\\/\\\/regions-snetap-fsu.fr\\\/ara\\\/#organization\",\"name\":\"Auvergne Rh\u00f4ne-Alpes - SNETAP-FSU\",\"url\":\"https:\\\/\\\/regions-snetap-fsu.fr\\\/ara\\\/\",\"logo\":{\"@type\":\"ImageObject\",\"inLanguage\":\"fr-FR\",\"@id\":\"https:\\\/\\\/regions-snetap-fsu.fr\\\/ara\\\/#\\\/schema\\\/logo\\\/image\\\/\",\"url\":\"https:\\\/\\\/regions-snetap-fsu.fr\\\/ara\\\/wp-content\\\/uploads\\\/sites\\\/12\\\/2021\\\/03\\\/Auvergne-Rhones-Alpes.jpg\",\"contentUrl\":\"https:\\\/\\\/regions-snetap-fsu.fr\\\/ara\\\/wp-content\\\/uploads\\\/sites\\\/12\\\/2021\\\/03\\\/Auvergne-Rhones-Alpes.jpg\",\"width\":2000,\"height\":2000,\"caption\":\"Auvergne Rh\u00f4ne-Alpes - SNETAP-FSU\"},\"image\":{\"@id\":\"https:\\\/\\\/regions-snetap-fsu.fr\\\/ara\\\/#\\\/schema\\\/logo\\\/image\\\/\"}},{\"@type\":\"Person\",\"@id\":\"https:\\\/\\\/regions-snetap-fsu.fr\\\/ara\\\/#\\\/schema\\\/person\\\/7a012c1225ad7f1de5d0435224dc476f\",\"name\":\"labouretl\",\"image\":{\"@type\":\"ImageObject\",\"inLanguage\":\"fr-FR\",\"@id\":\"https:\\\/\\\/secure.gravatar.com\\\/avatar\\\/fe4c2914e868a4f0225f570d8e2703306e1d172461bb22deef5957411043fa66?s=96&d=mm&r=g\",\"url\":\"https:\\\/\\\/secure.gravatar.com\\\/avatar\\\/fe4c2914e868a4f0225f570d8e2703306e1d172461bb22deef5957411043fa66?s=96&d=mm&r=g\",\"contentUrl\":\"https:\\\/\\\/secure.gravatar.com\\\/avatar\\\/fe4c2914e868a4f0225f570d8e2703306e1d172461bb22deef5957411043fa66?s=96&d=mm&r=g\",\"caption\":\"labouretl\"},\"url\":\"https:\\\/\\\/regions-snetap-fsu.fr\\\/ara\\\/author\\\/labouretl\\\/\"}]}<\/script>\n<!-- \/ Yoast SEO plugin. -->","yoast_head_json":{"title":"Mobilisations contre la casse de l'EAP - AUVERGNE RH\u00d4NE-ALPES","robots":{"index":"index","follow":"follow","max-snippet":"max-snippet:-1","max-image-preview":"max-image-preview:large","max-video-preview":"max-video-preview:-1"},"canonical":"https:\/\/regions-snetap-fsu.fr\/ara\/2025\/03\/29\/mobilisations-contre-la-casse-de-leap\/","og_locale":"fr_FR","og_type":"article","og_title":"Mobilisations contre la casse de l'EAP - AUVERGNE RH\u00d4NE-ALPES","og_description":"Mobilisation contre la casse de l&rsquo;EAP \u00e0 Dijon et \u00e0 Toulouse Nos camarades d&rsquo;AuRA sont dans la place ! Ce mardi 25 mars 2025, nos camarades du SNETAP AuRA n\u2019ont pas manqu\u00e9 de participer \u00e0 la mobilisation nationale contre la casse de L\u2019Enseignement Agricole Publique et \u00e0 dire NON aux suppressions de postes. Une douzaine [&hellip;]","og_url":"https:\/\/regions-snetap-fsu.fr\/ara\/2025\/03\/29\/mobilisations-contre-la-casse-de-leap\/","og_site_name":"AUVERGNE RH\u00d4NE-ALPES","article_published_time":"2025-03-29T11:54:45+00:00","article_modified_time":"2025-03-29T12:14:56+00:00","og_image":[{"width":2040,"height":942,"url":"https:\/\/regions-snetap-fsu.fr\/ara\/wp-content\/uploads\/sites\/12\/2025\/03\/IMG-20250325-WA0002.jpg","type":"image\/jpeg"}],"author":"labouretl","twitter_card":"summary_large_image","twitter_misc":{"\u00c9crit par":"labouretl","Dur\u00e9e de lecture estim\u00e9e":"2 minutes"},"schema":{"@context":"https:\/\/schema.org","@graph":[{"@type":"Article","@id":"https:\/\/regions-snetap-fsu.fr\/ara\/2025\/03\/29\/mobilisations-contre-la-casse-de-leap\/#article","isPartOf":{"@id":"https:\/\/regions-snetap-fsu.fr\/ara\/2025\/03\/29\/mobilisations-contre-la-casse-de-leap\/"},"author":{"name":"labouretl","@id":"https:\/\/regions-snetap-fsu.fr\/ara\/#\/schema\/person\/7a012c1225ad7f1de5d0435224dc476f"},"headline":"Mobilisations contre la casse de l&rsquo;EAP","datePublished":"2025-03-29T11:54:45+00:00","dateModified":"2025-03-29T12:14:56+00:00","mainEntityOfPage":{"@id":"https:\/\/regions-snetap-fsu.fr\/ara\/2025\/03\/29\/mobilisations-contre-la-casse-de-leap\/"},"wordCount":345,"publisher":{"@id":"https:\/\/regions-snetap-fsu.fr\/ara\/#organization"},"image":{"@id":"https:\/\/regions-snetap-fsu.fr\/ara\/2025\/03\/29\/mobilisations-contre-la-casse-de-leap\/#primaryimage"},"thumbnailUrl":"https:\/\/regions-snetap-fsu.fr\/ara\/wp-content\/uploads\/sites\/12\/2025\/03\/IMG-20250325-WA0002.jpg","articleSection":["Actions nationales"],"inLanguage":"fr-FR"},{"@type":"WebPage","@id":"https:\/\/regions-snetap-fsu.fr\/ara\/2025\/03\/29\/mobilisations-contre-la-casse-de-leap\/","url":"https:\/\/regions-snetap-fsu.fr\/ara\/2025\/03\/29\/mobilisations-contre-la-casse-de-leap\/","name":"Mobilisations contre la casse de l'EAP - AUVERGNE RH\u00d4NE-ALPES","isPartOf":{"@id":"https:\/\/regions-snetap-fsu.fr\/ara\/#website"},"primaryImageOfPage":{"@id":"https:\/\/regions-snetap-fsu.fr\/ara\/2025\/03\/29\/mobilisations-contre-la-casse-de-leap\/#primaryimage"},"image":{"@id":"https:\/\/regions-snetap-fsu.fr\/ara\/2025\/03\/29\/mobilisations-contre-la-casse-de-leap\/#primaryimage"},"thumbnailUrl":"https:\/\/regions-snetap-fsu.fr\/ara\/wp-content\/uploads\/sites\/12\/2025\/03\/IMG-20250325-WA0002.jpg","datePublished":"2025-03-29T11:54:45+00:00","dateModified":"2025-03-29T12:14:56+00:00","breadcrumb":{"@id":"https:\/\/regions-snetap-fsu.fr\/ara\/2025\/03\/29\/mobilisations-contre-la-casse-de-leap\/#breadcrumb"},"inLanguage":"fr-FR","potentialAction":[{"@type":"ReadAction","target":["https:\/\/regions-snetap-fsu.fr\/ara\/2025\/03\/29\/mobilisations-contre-la-casse-de-leap\/"]}]},{"@type":"ImageObject","inLanguage":"fr-FR","@id":"https:\/\/regions-snetap-fsu.fr\/ara\/2025\/03\/29\/mobilisations-contre-la-casse-de-leap\/#primaryimage","url":"https:\/\/regions-snetap-fsu.fr\/ara\/wp-content\/uploads\/sites\/12\/2025\/03\/IMG-20250325-WA0002.jpg","contentUrl":"https:\/\/regions-snetap-fsu.fr\/ara\/wp-content\/uploads\/sites\/12\/2025\/03\/IMG-20250325-WA0002.jpg","width":2040,"height":942},{"@type":"BreadcrumbList","@id":"https:\/\/regions-snetap-fsu.fr\/ara\/2025\/03\/29\/mobilisations-contre-la-casse-de-leap\/#breadcrumb","itemListElement":[{"@type":"ListItem","position":1,"name":"Accueil","item":"https:\/\/regions-snetap-fsu.fr\/ara\/"},{"@type":"ListItem","position":2,"name":"Mobilisations contre la casse de l&rsquo;EAP"}]},{"@type":"WebSite","@id":"https:\/\/regions-snetap-fsu.fr\/ara\/#website","url":"https:\/\/regions-snetap-fsu.fr\/ara\/","name":"AUVERGNE RH\u00d4NE-ALPES","description":"Le site de la  Section Syndicale","publisher":{"@id":"https:\/\/regions-snetap-fsu.fr\/ara\/#organization"},"potentialAction":[{"@type":"SearchAction","target":{"@type":"EntryPoint","urlTemplate":"https:\/\/regions-snetap-fsu.fr\/ara\/?s={search_term_string}"},"query-input":{"@type":"PropertyValueSpecification","valueRequired":true,"valueName":"search_term_string"}}],"inLanguage":"fr-FR"},{"@type":"Organization","@id":"https:\/\/regions-snetap-fsu.fr\/ara\/#organization","name":"Auvergne Rh\u00f4ne-Alpes - SNETAP-FSU","url":"https:\/\/regions-snetap-fsu.fr\/ara\/","logo":{"@type":"ImageObject","inLanguage":"fr-FR","@id":"https:\/\/regions-snetap-fsu.fr\/ara\/#\/schema\/logo\/image\/","url":"https:\/\/regions-snetap-fsu.fr\/ara\/wp-content\/uploads\/sites\/12\/2021\/03\/Auvergne-Rhones-Alpes.jpg","contentUrl":"https:\/\/regions-snetap-fsu.fr\/ara\/wp-content\/uploads\/sites\/12\/2021\/03\/Auvergne-Rhones-Alpes.jpg","width":2000,"height":2000,"caption":"Auvergne Rh\u00f4ne-Alpes - SNETAP-FSU"},"image":{"@id":"https:\/\/regions-snetap-fsu.fr\/ara\/#\/schema\/logo\/image\/"}},{"@type":"Person","@id":"https:\/\/regions-snetap-fsu.fr\/ara\/#\/schema\/person\/7a012c1225ad7f1de5d0435224dc476f","name":"labouretl","image":{"@type":"ImageObject","inLanguage":"fr-FR","@id":"https:\/\/secure.gravatar.com\/avatar\/fe4c2914e868a4f0225f570d8e2703306e1d172461bb22deef5957411043fa66?s=96&d=mm&r=g","url":"https:\/\/secure.gravatar.com\/avatar\/fe4c2914e868a4f0225f570d8e2703306e1d172461bb22deef5957411043fa66?s=96&d=mm&r=g","contentUrl":"https:\/\/secure.gravatar.com\/avatar\/fe4c2914e868a4f0225f570d8e2703306e1d172461bb22deef5957411043fa66?s=96&d=mm&r=g","caption":"labouretl"},"url":"https:\/\/regions-snetap-fsu.fr\/ara\/author\/labouretl\/"}]}},"_links":{"self":[{"href":"https:\/\/regions-snetap-fsu.fr\/ara\/wp-json\/wp\/v2\/posts\/1537","targetHints":{"allow":["GET"]}}],"collection":[{"href":"https:\/\/regions-snetap-fsu.fr\/ara\/wp-json\/wp\/v2\/posts"}],"about":[{"href":"https:\/\/regions-snetap-fsu.fr\/ara\/wp-json\/wp\/v2\/types\/post"}],"author":[{"embeddable":true,"href":"https:\/\/regions-snetap-fsu.fr\/ara\/wp-json\/wp\/v2\/users\/121"}],"replies":[{"embeddable":true,"href":"https:\/\/regions-snetap-fsu.fr\/ara\/wp-json\/wp\/v2\/comments?post=1537"}],"version-history":[{"count":12,"href":"https:\/\/regions-snetap-fsu.fr\/ara\/wp-json\/wp\/v2\/posts\/1537\/revisions"}],"predecessor-version":[{"id":1551,"href":"https:\/\/regions-snetap-fsu.fr\/ara\/wp-json\/wp\/v2\/posts\/1537\/revisions\/1551"}],"wp:featuredmedia":[{"embeddable":true,"href":"https:\/\/regions-snetap-fsu.fr\/ara\/wp-json\/wp\/v2\/media\/1533"}],"wp:attachment":[{"href":"https:\/\/regions-snetap-fsu.fr\/ara\/wp-json\/wp\/v2\/media?parent=1537"}],"wp:term":[{"taxonomy":"category","embeddable":true,"href":"https:\/\/regions-snetap-fsu.fr\/ara\/wp-json\/wp\/v2\/categories?post=1537"},{"taxonomy":"post_tag","embeddable":true,"href":"https:\/\/regions-snetap-fsu.fr\/ara\/wp-json\/wp\/v2\/tags?post=1537"},{"taxonomy":"post_folder","embeddable":true,"href":"https:\/\/regions-snetap-fsu.fr\/ara\/wp-json\/wp\/v2\/post_folder?post=1537"}],"curies":[{"name":"wp","href":"https:\/\/api.w.org\/{rel}","templated":true}]}}