{"id":1525,"date":"2025-03-26T15:45:54","date_gmt":"2025-03-26T14:45:54","guid":{"rendered":"https:\/\/regions-snetap-fsu.fr\/ara\/?p=1525"},"modified":"2025-03-26T15:51:07","modified_gmt":"2025-03-26T14:51:07","slug":"preavis-de-greve-a-la-roche-sur-foron-du-31-mars-au-11-avril-2025","status":"publish","type":"post","link":"https:\/\/regions-snetap-fsu.fr\/ara\/2025\/03\/26\/preavis-de-greve-a-la-roche-sur-foron-du-31-mars-au-11-avril-2025\/","title":{"rendered":"Pr\u00e9avis de gr\u00e8ve \u00e0 La Roche-sur-Foron du 31 mars au 11 avril 2025"},"content":{"rendered":"\t\t<div data-elementor-type=\"wp-post\" data-elementor-id=\"1525\" class=\"elementor elementor-1525\">\n\t\t\t\t<div class=\"elementor-element elementor-element-f675572 e-con-full e-flex e-con e-parent\" data-id=\"f675572\" data-element_type=\"container\" data-e-type=\"container\">\n\t\t\t\t<div class=\"elementor-element elementor-element-9c3f0dd elementor-widget elementor-widget-heading\" data-id=\"9c3f0dd\" data-element_type=\"widget\" data-e-type=\"widget\" data-widget_type=\"heading.default\">\n\t\t\t\t<div class=\"elementor-widget-container\">\n\t\t\t\t\t<h2 class=\"elementor-heading-title elementor-size-default\">Pr\u00e9avis de gr\u00e8ve \u00e0 La Roche-Sur-Foron ! Courrier du co-Secr\u00e9taire SNETAP aux Ministre de l'Int\u00e9rieur et de l'Agriculture<\/h2>\t\t\t\t<\/div>\n\t\t\t\t<\/div>\n\t\t\t\t<\/div>\n\t\t<div class=\"elementor-element elementor-element-c9b63a0 e-flex e-con-boxed e-con e-parent\" data-id=\"c9b63a0\" data-element_type=\"container\" data-e-type=\"container\">\n\t\t\t\t\t<div class=\"e-con-inner\">\n\t\t<div class=\"elementor-element elementor-element-2b8f289 e-con-full e-flex e-con e-child\" data-id=\"2b8f289\" data-element_type=\"container\" data-e-type=\"container\">\n\t\t\t\t<div class=\"elementor-element elementor-element-c1f6ed9 elementor-widget elementor-widget-image\" data-id=\"c1f6ed9\" data-element_type=\"widget\" data-e-type=\"widget\" data-widget_type=\"image.default\">\n\t\t\t\t<div class=\"elementor-widget-container\">\n\t\t\t\t\t\t\t\t\t\t\t\t\t\t\t<img decoding=\"async\" width=\"173\" height=\"169\" src=\"https:\/\/regions-snetap-fsu.fr\/ara\/wp-content\/uploads\/sites\/12\/2025\/03\/Fred.jpg\" class=\"attachment-large size-large wp-image-1526\" alt=\"\" \/>\t\t\t\t\t\t\t\t\t\t\t\t\t\t\t<\/div>\n\t\t\t\t<\/div>\n\t\t\t\t<\/div>\n\t\t\t\t<div class=\"elementor-element elementor-element-bf3c540 elementor-widget elementor-widget-text-editor\" data-id=\"bf3c540\" data-element_type=\"widget\" data-e-type=\"widget\" data-widget_type=\"text-editor.default\">\n\t\t\t\t<div class=\"elementor-widget-container\">\n\t\t\t\t\t\t\t\t\t<blockquote><div id=\"v1replybody1\"><blockquote><div id=\"v1v1replybody1\"><div class=\"v1v1v1pre\"><p>Monsieur\u00a0le\u00a0Ministre\u00a0de\u00a0l\u2019Int\u00e9rieur,<\/p><p>Madame\u00a0la\u00a0Ministre\u00a0de\u00a0l\u2019Agriculture,<\/p><p>Monsieur\u00a0le\u00a0Pr\u00e9sident\u00a0du\u00a0Conseil\u00a0R\u00e9gional\u00a0Auvergne\u00a0Rh\u00f4ne-Alpes,<\/p><p>Par la pr\u00e9sente, \u00e0 la demande des agents r\u00e9gion du lyc\u00e9e de la Roche-sur-Foron, le SNETAP-FSU, syndicat national affili\u00e9 \u00e0 la F\u00e9d\u00e9ration Syndicale Unitaire (F.S.U), d\u00e9pose un pr\u00e9avis \u00e0 compter du 31 mars et jusqu\u2019au vendredi 11 avril 2025, couvrant l\u2019ensemble des agents territoriaux de son champ statutaire de syndicalisation, ainsi que l\u2019ensemble des agents de l\u2019EPLEFPA pour leur permettre de venir au soutien.<\/p><p>En effet, suite \u00e0 des non-remplacements r\u00e9currents d\u2019agents territoriaux au niveau de l&rsquo;EPLEFPA de La Roche-sur-Foron depuis 3 ans au moins syst\u00e9matiquement les \u00e9quipes ont \u00e9t\u00e9 incompl\u00e8tes. A l\u2019heure actuelle, 3 personnels manquent \u00e0 l\u2019appel sur la dur\u00e9e et sans \u00eatre remplac\u00e9s comme il se devrait&#8230; Et m\u00eame si un personnel vient d\u2019\u00eatre recrut\u00e9 ces derniers jours, suite au conseil d\u2019administration o\u00f9 le sujet a \u00e9t\u00e9 abord\u00e9, un autre est de nouveau absent. De fait, les personnels restants se heurtent \u00e0 un probl\u00e8me de continuit\u00e9 du service tant au niveau du m\u00e9nage que de la restauration. Les agents territoriaux du lyc\u00e9e de La Roche sur Foron sont tout simplement \u00e0 bout face \u00e0 la surcharge av\u00e9r\u00e9e de travail.<\/p><p>Autre \u00e9l\u00e9ment venant s\u2019ajouter \u00e0 ce contexte difficile, selon les calculs avanc\u00e9s par la collectivit\u00e9, qu\u2019un seul agent de maintenance est pris en charge (dotation apport\u00e9e au nombre d&rsquo;\u00e9l\u00e8ves) alors que la superficie et le nombre de b\u00e2timents en exige au moins deux (ainsi actuellement un poste pris en charge sur le budget de l\u2019\u00e9tablissement). Par ailleurs, le FARPI tend \u00e0 augmenter (son calcul portant d\u00e9sormais sur l\u2019ensemble des pensions, ext\u00e9rieurs compris, et non plus seulement sur les scolaires), mais le service ne suit pas.<\/p><p>Enfin, les vell\u00e9it\u00e9s du Conseil R\u00e9gional AuRA d\u2019externalisation des services des agents territoriaux des lyc\u00e9es ne passent pas!<\/p><p>Ne doutant pas de l\u2019attention que vous saurez porter sur une situation qui p\u00e8se depuis trop nombreux mois sur la sant\u00e9 et le bien-\u00eatre au travail des agents territoriaux du lyc\u00e9e de la Roche-sur-Foron et qui n\u00e9cessitent de vraies r\u00e9ponses, veuillez agr\u00e9er, Monsieur le Ministre de l\u2019Int\u00e9rieur, Madame la Ministre de l\u2019Agriculture, Monsieur le Pr\u00e9sident du Conseil R\u00e9gional Auvergne Rh\u00f4ne-Alpes, l&rsquo;expression de notre haute consid\u00e9ration.<\/p><p>Fr\u00e9d\u00e9ric\u00a0Chassagnette,<br \/>co-Secr\u00e9taire\u00a0G\u00e9n\u00e9ral\u00a0du\u00a0SNETAP-FSU<\/p><\/div><\/div><\/blockquote><\/div><\/blockquote>\t\t\t\t\t\t\t\t<\/div>\n\t\t\t\t<\/div>\n\t\t\t\t\t<\/div>\n\t\t\t\t<\/div>\n\t\t\t\t<\/div>\n\t\t","protected":false},"excerpt":{"rendered":"<p>Pr\u00e9avis de gr\u00e8ve \u00e0 La Roche-Sur-Foron ! Courrier du co-Secr\u00e9taire SNETAP aux Ministre de l&rsquo;Int\u00e9rieur et de l&rsquo;Agriculture Monsieur\u00a0le\u00a0Ministre\u00a0de\u00a0l\u2019Int\u00e9rieur, Madame\u00a0la\u00a0Ministre\u00a0de\u00a0l\u2019Agriculture, Monsieur\u00a0le\u00a0Pr\u00e9sident\u00a0du\u00a0Conseil\u00a0R\u00e9gional\u00a0Auvergne\u00a0Rh\u00f4ne-Alpes, Par la pr\u00e9sente, \u00e0 la demande des agents r\u00e9gion du lyc\u00e9e de la Roche-sur-Foron, le SNETAP-FSU, syndicat national affili\u00e9 \u00e0 la F\u00e9d\u00e9ration Syndicale Unitaire (F.S.U), d\u00e9pose un pr\u00e9avis \u00e0 compter du 31 mars et [&hellip;]<\/p>\n","protected":false},"author":121,"featured_media":1530,"comment_status":"closed","ping_status":"closed","sticky":false,"template":"","format":"standard","meta":{"ocean_post_layout":"","ocean_both_sidebars_style":"","ocean_both_sidebars_content_width":0,"ocean_both_sidebars_sidebars_width":0,"ocean_sidebar":"0","ocean_second_sidebar":"0","ocean_disable_margins":"enable","ocean_add_body_class":"","ocean_shortcode_before_top_bar":"","ocean_shortcode_after_top_bar":"","ocean_shortcode_before_header":"","ocean_shortcode_after_header":"","ocean_has_shortcode":"","ocean_shortcode_after_title":"","ocean_shortcode_before_footer_widgets":"","ocean_shortcode_after_footer_widgets":"","ocean_shortcode_before_footer_bottom":"","ocean_shortcode_after_footer_bottom":"","ocean_display_top_bar":"default","ocean_display_header":"default","ocean_header_style":"","ocean_center_header_left_menu":"0","ocean_custom_header_template":"0","ocean_custom_logo":0,"ocean_custom_retina_logo":0,"ocean_custom_logo_max_width":0,"ocean_custom_logo_tablet_max_width":0,"ocean_custom_logo_mobile_max_width":0,"ocean_custom_logo_max_height":0,"ocean_custom_logo_tablet_max_height":0,"ocean_custom_logo_mobile_max_height":0,"ocean_header_custom_menu":"0","ocean_menu_typo_font_family":"0","ocean_menu_typo_font_subset":"","ocean_menu_typo_font_size":0,"ocean_menu_typo_font_size_tablet":0,"ocean_menu_typo_font_size_mobile":0,"ocean_menu_typo_font_size_unit":"px","ocean_menu_typo_font_weight":"","ocean_menu_typo_font_weight_tablet":"","ocean_menu_typo_font_weight_mobile":"","ocean_menu_typo_transform":"","ocean_menu_typo_transform_tablet":"","ocean_menu_typo_transform_mobile":"","ocean_menu_typo_line_height":0,"ocean_menu_typo_line_height_tablet":0,"ocean_menu_typo_line_height_mobile":0,"ocean_menu_typo_line_height_unit":"","ocean_menu_typo_spacing":0,"ocean_menu_typo_spacing_tablet":0,"ocean_menu_typo_spacing_mobile":0,"ocean_menu_typo_spacing_unit":"","ocean_menu_link_color":"","ocean_menu_link_color_hover":"","ocean_menu_link_color_active":"","ocean_menu_link_background":"","ocean_menu_link_hover_background":"","ocean_menu_link_active_background":"","ocean_menu_social_links_bg":"","ocean_menu_social_hover_links_bg":"","ocean_menu_social_links_color":"","ocean_menu_social_hover_links_color":"","ocean_disable_title":"default","ocean_disable_heading":"default","ocean_post_title":"","ocean_post_subheading":"","ocean_post_title_style":"","ocean_post_title_background_color":"","ocean_post_title_background":0,"ocean_post_title_bg_image_position":"","ocean_post_title_bg_image_attachment":"","ocean_post_title_bg_image_repeat":"","ocean_post_title_bg_image_size":"","ocean_post_title_height":0,"ocean_post_title_bg_overlay":0.5,"ocean_post_title_bg_overlay_color":"","ocean_disable_breadcrumbs":"default","ocean_breadcrumbs_color":"","ocean_breadcrumbs_separator_color":"","ocean_breadcrumbs_links_color":"","ocean_breadcrumbs_links_hover_color":"","ocean_display_footer_widgets":"default","ocean_display_footer_bottom":"default","ocean_custom_footer_template":"0","ocean_post_oembed":"","ocean_post_self_hosted_media":"","ocean_post_video_embed":"","ocean_link_format":"","ocean_link_format_target":"self","ocean_quote_format":"","ocean_quote_format_link":"post","ocean_gallery_link_images":"on","ocean_gallery_id":[],"footnotes":""},"categories":[3],"tags":[],"post_folder":[],"class_list":["post-1525","post","type-post","status-publish","format-standard","has-post-thumbnail","hentry","category-actions","entry","has-media"],"yoast_head":"<!-- This site is optimized with the Yoast SEO plugin v27.4 - https:\/\/yoast.com\/product\/yoast-seo-wordpress\/ -->\n<title>Pr\u00e9avis de gr\u00e8ve \u00e0 La Roche-sur-Foron du 31 mars au 11 avril 2025 - AUVERGNE RH\u00d4NE-ALPES<\/title>\n<meta name=\"robots\" content=\"index, follow, max-snippet:-1, max-image-preview:large, max-video-preview:-1\" \/>\n<link rel=\"canonical\" href=\"https:\/\/regions-snetap-fsu.fr\/ara\/2025\/03\/26\/preavis-de-greve-a-la-roche-sur-foron-du-31-mars-au-11-avril-2025\/\" \/>\n<meta property=\"og:locale\" content=\"fr_FR\" \/>\n<meta property=\"og:type\" content=\"article\" \/>\n<meta property=\"og:title\" content=\"Pr\u00e9avis de gr\u00e8ve \u00e0 La Roche-sur-Foron du 31 mars au 11 avril 2025 - AUVERGNE RH\u00d4NE-ALPES\" \/>\n<meta property=\"og:description\" content=\"Pr\u00e9avis de gr\u00e8ve \u00e0 La Roche-Sur-Foron ! Courrier du co-Secr\u00e9taire SNETAP aux Ministre de l&rsquo;Int\u00e9rieur et de l&rsquo;Agriculture Monsieur\u00a0le\u00a0Ministre\u00a0de\u00a0l\u2019Int\u00e9rieur, Madame\u00a0la\u00a0Ministre\u00a0de\u00a0l\u2019Agriculture, Monsieur\u00a0le\u00a0Pr\u00e9sident\u00a0du\u00a0Conseil\u00a0R\u00e9gional\u00a0Auvergne\u00a0Rh\u00f4ne-Alpes, Par la pr\u00e9sente, \u00e0 la demande des agents r\u00e9gion du lyc\u00e9e de la Roche-sur-Foron, le SNETAP-FSU, syndicat national affili\u00e9 \u00e0 la F\u00e9d\u00e9ration Syndicale Unitaire (F.S.U), d\u00e9pose un pr\u00e9avis \u00e0 compter du 31 mars et [&hellip;]\" \/>\n<meta property=\"og:url\" content=\"https:\/\/regions-snetap-fsu.fr\/ara\/2025\/03\/26\/preavis-de-greve-a-la-roche-sur-foron-du-31-mars-au-11-avril-2025\/\" \/>\n<meta property=\"og:site_name\" content=\"AUVERGNE RH\u00d4NE-ALPES\" \/>\n<meta property=\"article:published_time\" content=\"2025-03-26T14:45:54+00:00\" \/>\n<meta property=\"article:modified_time\" content=\"2025-03-26T14:51:07+00:00\" \/>\n<meta property=\"og:image\" content=\"https:\/\/regions-snetap-fsu.fr\/ara\/wp-content\/uploads\/sites\/12\/2025\/03\/preavis-1.jpg\" \/>\n\t<meta property=\"og:image:width\" content=\"790\" \/>\n\t<meta property=\"og:image:height\" content=\"366\" \/>\n\t<meta property=\"og:image:type\" content=\"image\/jpeg\" \/>\n<meta name=\"author\" content=\"labouretl\" \/>\n<meta name=\"twitter:card\" content=\"summary_large_image\" \/>\n<meta name=\"twitter:label1\" content=\"\u00c9crit par\" \/>\n\t<meta name=\"twitter:data1\" content=\"labouretl\" \/>\n\t<meta name=\"twitter:label2\" content=\"Dur\u00e9e de lecture estim\u00e9e\" \/>\n\t<meta name=\"twitter:data2\" content=\"2 minutes\" \/>\n<script type=\"application\/ld+json\" class=\"yoast-schema-graph\">{\"@context\":\"https:\\\/\\\/schema.org\",\"@graph\":[{\"@type\":\"Article\",\"@id\":\"https:\\\/\\\/regions-snetap-fsu.fr\\\/ara\\\/2025\\\/03\\\/26\\\/preavis-de-greve-a-la-roche-sur-foron-du-31-mars-au-11-avril-2025\\\/#article\",\"isPartOf\":{\"@id\":\"https:\\\/\\\/regions-snetap-fsu.fr\\\/ara\\\/2025\\\/03\\\/26\\\/preavis-de-greve-a-la-roche-sur-foron-du-31-mars-au-11-avril-2025\\\/\"},\"author\":{\"name\":\"labouretl\",\"@id\":\"https:\\\/\\\/regions-snetap-fsu.fr\\\/ara\\\/#\\\/schema\\\/person\\\/7a012c1225ad7f1de5d0435224dc476f\"},\"headline\":\"Pr\u00e9avis de gr\u00e8ve \u00e0 La Roche-sur-Foron du 31 mars au 11 avril 2025\",\"datePublished\":\"2025-03-26T14:45:54+00:00\",\"dateModified\":\"2025-03-26T14:51:07+00:00\",\"mainEntityOfPage\":{\"@id\":\"https:\\\/\\\/regions-snetap-fsu.fr\\\/ara\\\/2025\\\/03\\\/26\\\/preavis-de-greve-a-la-roche-sur-foron-du-31-mars-au-11-avril-2025\\\/\"},\"wordCount\":465,\"publisher\":{\"@id\":\"https:\\\/\\\/regions-snetap-fsu.fr\\\/ara\\\/#organization\"},\"image\":{\"@id\":\"https:\\\/\\\/regions-snetap-fsu.fr\\\/ara\\\/2025\\\/03\\\/26\\\/preavis-de-greve-a-la-roche-sur-foron-du-31-mars-au-11-avril-2025\\\/#primaryimage\"},\"thumbnailUrl\":\"https:\\\/\\\/regions-snetap-fsu.fr\\\/ara\\\/wp-content\\\/uploads\\\/sites\\\/12\\\/2025\\\/03\\\/preavis-1.jpg\",\"articleSection\":[\"Actions en AuRA\"],\"inLanguage\":\"fr-FR\"},{\"@type\":\"WebPage\",\"@id\":\"https:\\\/\\\/regions-snetap-fsu.fr\\\/ara\\\/2025\\\/03\\\/26\\\/preavis-de-greve-a-la-roche-sur-foron-du-31-mars-au-11-avril-2025\\\/\",\"url\":\"https:\\\/\\\/regions-snetap-fsu.fr\\\/ara\\\/2025\\\/03\\\/26\\\/preavis-de-greve-a-la-roche-sur-foron-du-31-mars-au-11-avril-2025\\\/\",\"name\":\"Pr\u00e9avis de gr\u00e8ve \u00e0 La Roche-sur-Foron du 31 mars au 11 avril 2025 - AUVERGNE RH\u00d4NE-ALPES\",\"isPartOf\":{\"@id\":\"https:\\\/\\\/regions-snetap-fsu.fr\\\/ara\\\/#website\"},\"primaryImageOfPage\":{\"@id\":\"https:\\\/\\\/regions-snetap-fsu.fr\\\/ara\\\/2025\\\/03\\\/26\\\/preavis-de-greve-a-la-roche-sur-foron-du-31-mars-au-11-avril-2025\\\/#primaryimage\"},\"image\":{\"@id\":\"https:\\\/\\\/regions-snetap-fsu.fr\\\/ara\\\/2025\\\/03\\\/26\\\/preavis-de-greve-a-la-roche-sur-foron-du-31-mars-au-11-avril-2025\\\/#primaryimage\"},\"thumbnailUrl\":\"https:\\\/\\\/regions-snetap-fsu.fr\\\/ara\\\/wp-content\\\/uploads\\\/sites\\\/12\\\/2025\\\/03\\\/preavis-1.jpg\",\"datePublished\":\"2025-03-26T14:45:54+00:00\",\"dateModified\":\"2025-03-26T14:51:07+00:00\",\"breadcrumb\":{\"@id\":\"https:\\\/\\\/regions-snetap-fsu.fr\\\/ara\\\/2025\\\/03\\\/26\\\/preavis-de-greve-a-la-roche-sur-foron-du-31-mars-au-11-avril-2025\\\/#breadcrumb\"},\"inLanguage\":\"fr-FR\",\"potentialAction\":[{\"@type\":\"ReadAction\",\"target\":[\"https:\\\/\\\/regions-snetap-fsu.fr\\\/ara\\\/2025\\\/03\\\/26\\\/preavis-de-greve-a-la-roche-sur-foron-du-31-mars-au-11-avril-2025\\\/\"]}]},{\"@type\":\"ImageObject\",\"inLanguage\":\"fr-FR\",\"@id\":\"https:\\\/\\\/regions-snetap-fsu.fr\\\/ara\\\/2025\\\/03\\\/26\\\/preavis-de-greve-a-la-roche-sur-foron-du-31-mars-au-11-avril-2025\\\/#primaryimage\",\"url\":\"https:\\\/\\\/regions-snetap-fsu.fr\\\/ara\\\/wp-content\\\/uploads\\\/sites\\\/12\\\/2025\\\/03\\\/preavis-1.jpg\",\"contentUrl\":\"https:\\\/\\\/regions-snetap-fsu.fr\\\/ara\\\/wp-content\\\/uploads\\\/sites\\\/12\\\/2025\\\/03\\\/preavis-1.jpg\",\"width\":790,\"height\":366},{\"@type\":\"BreadcrumbList\",\"@id\":\"https:\\\/\\\/regions-snetap-fsu.fr\\\/ara\\\/2025\\\/03\\\/26\\\/preavis-de-greve-a-la-roche-sur-foron-du-31-mars-au-11-avril-2025\\\/#breadcrumb\",\"itemListElement\":[{\"@type\":\"ListItem\",\"position\":1,\"name\":\"Accueil\",\"item\":\"https:\\\/\\\/regions-snetap-fsu.fr\\\/ara\\\/\"},{\"@type\":\"ListItem\",\"position\":2,\"name\":\"Pr\u00e9avis de gr\u00e8ve \u00e0 La Roche-sur-Foron du 31 mars au 11 avril 2025\"}]},{\"@type\":\"WebSite\",\"@id\":\"https:\\\/\\\/regions-snetap-fsu.fr\\\/ara\\\/#website\",\"url\":\"https:\\\/\\\/regions-snetap-fsu.fr\\\/ara\\\/\",\"name\":\"AUVERGNE RH\u00d4NE-ALPES\",\"description\":\"Le site de la  Section Syndicale\",\"publisher\":{\"@id\":\"https:\\\/\\\/regions-snetap-fsu.fr\\\/ara\\\/#organization\"},\"potentialAction\":[{\"@type\":\"SearchAction\",\"target\":{\"@type\":\"EntryPoint\",\"urlTemplate\":\"https:\\\/\\\/regions-snetap-fsu.fr\\\/ara\\\/?s={search_term_string}\"},\"query-input\":{\"@type\":\"PropertyValueSpecification\",\"valueRequired\":true,\"valueName\":\"search_term_string\"}}],\"inLanguage\":\"fr-FR\"},{\"@type\":\"Organization\",\"@id\":\"https:\\\/\\\/regions-snetap-fsu.fr\\\/ara\\\/#organization\",\"name\":\"Auvergne Rh\u00f4ne-Alpes - SNETAP-FSU\",\"url\":\"https:\\\/\\\/regions-snetap-fsu.fr\\\/ara\\\/\",\"logo\":{\"@type\":\"ImageObject\",\"inLanguage\":\"fr-FR\",\"@id\":\"https:\\\/\\\/regions-snetap-fsu.fr\\\/ara\\\/#\\\/schema\\\/logo\\\/image\\\/\",\"url\":\"https:\\\/\\\/regions-snetap-fsu.fr\\\/ara\\\/wp-content\\\/uploads\\\/sites\\\/12\\\/2021\\\/03\\\/Auvergne-Rhones-Alpes.jpg\",\"contentUrl\":\"https:\\\/\\\/regions-snetap-fsu.fr\\\/ara\\\/wp-content\\\/uploads\\\/sites\\\/12\\\/2021\\\/03\\\/Auvergne-Rhones-Alpes.jpg\",\"width\":2000,\"height\":2000,\"caption\":\"Auvergne Rh\u00f4ne-Alpes - SNETAP-FSU\"},\"image\":{\"@id\":\"https:\\\/\\\/regions-snetap-fsu.fr\\\/ara\\\/#\\\/schema\\\/logo\\\/image\\\/\"}},{\"@type\":\"Person\",\"@id\":\"https:\\\/\\\/regions-snetap-fsu.fr\\\/ara\\\/#\\\/schema\\\/person\\\/7a012c1225ad7f1de5d0435224dc476f\",\"name\":\"labouretl\",\"image\":{\"@type\":\"ImageObject\",\"inLanguage\":\"fr-FR\",\"@id\":\"https:\\\/\\\/secure.gravatar.com\\\/avatar\\\/fe4c2914e868a4f0225f570d8e2703306e1d172461bb22deef5957411043fa66?s=96&d=mm&r=g\",\"url\":\"https:\\\/\\\/secure.gravatar.com\\\/avatar\\\/fe4c2914e868a4f0225f570d8e2703306e1d172461bb22deef5957411043fa66?s=96&d=mm&r=g\",\"contentUrl\":\"https:\\\/\\\/secure.gravatar.com\\\/avatar\\\/fe4c2914e868a4f0225f570d8e2703306e1d172461bb22deef5957411043fa66?s=96&d=mm&r=g\",\"caption\":\"labouretl\"},\"url\":\"https:\\\/\\\/regions-snetap-fsu.fr\\\/ara\\\/author\\\/labouretl\\\/\"}]}<\/script>\n<!-- \/ Yoast SEO plugin. -->","yoast_head_json":{"title":"Pr\u00e9avis de gr\u00e8ve \u00e0 La Roche-sur-Foron du 31 mars au 11 avril 2025 - AUVERGNE RH\u00d4NE-ALPES","robots":{"index":"index","follow":"follow","max-snippet":"max-snippet:-1","max-image-preview":"max-image-preview:large","max-video-preview":"max-video-preview:-1"},"canonical":"https:\/\/regions-snetap-fsu.fr\/ara\/2025\/03\/26\/preavis-de-greve-a-la-roche-sur-foron-du-31-mars-au-11-avril-2025\/","og_locale":"fr_FR","og_type":"article","og_title":"Pr\u00e9avis de gr\u00e8ve \u00e0 La Roche-sur-Foron du 31 mars au 11 avril 2025 - AUVERGNE RH\u00d4NE-ALPES","og_description":"Pr\u00e9avis de gr\u00e8ve \u00e0 La Roche-Sur-Foron ! Courrier du co-Secr\u00e9taire SNETAP aux Ministre de l&rsquo;Int\u00e9rieur et de l&rsquo;Agriculture Monsieur\u00a0le\u00a0Ministre\u00a0de\u00a0l\u2019Int\u00e9rieur, Madame\u00a0la\u00a0Ministre\u00a0de\u00a0l\u2019Agriculture, Monsieur\u00a0le\u00a0Pr\u00e9sident\u00a0du\u00a0Conseil\u00a0R\u00e9gional\u00a0Auvergne\u00a0Rh\u00f4ne-Alpes, Par la pr\u00e9sente, \u00e0 la demande des agents r\u00e9gion du lyc\u00e9e de la Roche-sur-Foron, le SNETAP-FSU, syndicat national affili\u00e9 \u00e0 la F\u00e9d\u00e9ration Syndicale Unitaire (F.S.U), d\u00e9pose un pr\u00e9avis \u00e0 compter du 31 mars et [&hellip;]","og_url":"https:\/\/regions-snetap-fsu.fr\/ara\/2025\/03\/26\/preavis-de-greve-a-la-roche-sur-foron-du-31-mars-au-11-avril-2025\/","og_site_name":"AUVERGNE RH\u00d4NE-ALPES","article_published_time":"2025-03-26T14:45:54+00:00","article_modified_time":"2025-03-26T14:51:07+00:00","og_image":[{"width":790,"height":366,"url":"https:\/\/regions-snetap-fsu.fr\/ara\/wp-content\/uploads\/sites\/12\/2025\/03\/preavis-1.jpg","type":"image\/jpeg"}],"author":"labouretl","twitter_card":"summary_large_image","twitter_misc":{"\u00c9crit par":"labouretl","Dur\u00e9e de lecture estim\u00e9e":"2 minutes"},"schema":{"@context":"https:\/\/schema.org","@graph":[{"@type":"Article","@id":"https:\/\/regions-snetap-fsu.fr\/ara\/2025\/03\/26\/preavis-de-greve-a-la-roche-sur-foron-du-31-mars-au-11-avril-2025\/#article","isPartOf":{"@id":"https:\/\/regions-snetap-fsu.fr\/ara\/2025\/03\/26\/preavis-de-greve-a-la-roche-sur-foron-du-31-mars-au-11-avril-2025\/"},"author":{"name":"labouretl","@id":"https:\/\/regions-snetap-fsu.fr\/ara\/#\/schema\/person\/7a012c1225ad7f1de5d0435224dc476f"},"headline":"Pr\u00e9avis de gr\u00e8ve \u00e0 La Roche-sur-Foron du 31 mars au 11 avril 2025","datePublished":"2025-03-26T14:45:54+00:00","dateModified":"2025-03-26T14:51:07+00:00","mainEntityOfPage":{"@id":"https:\/\/regions-snetap-fsu.fr\/ara\/2025\/03\/26\/preavis-de-greve-a-la-roche-sur-foron-du-31-mars-au-11-avril-2025\/"},"wordCount":465,"publisher":{"@id":"https:\/\/regions-snetap-fsu.fr\/ara\/#organization"},"image":{"@id":"https:\/\/regions-snetap-fsu.fr\/ara\/2025\/03\/26\/preavis-de-greve-a-la-roche-sur-foron-du-31-mars-au-11-avril-2025\/#primaryimage"},"thumbnailUrl":"https:\/\/regions-snetap-fsu.fr\/ara\/wp-content\/uploads\/sites\/12\/2025\/03\/preavis-1.jpg","articleSection":["Actions en AuRA"],"inLanguage":"fr-FR"},{"@type":"WebPage","@id":"https:\/\/regions-snetap-fsu.fr\/ara\/2025\/03\/26\/preavis-de-greve-a-la-roche-sur-foron-du-31-mars-au-11-avril-2025\/","url":"https:\/\/regions-snetap-fsu.fr\/ara\/2025\/03\/26\/preavis-de-greve-a-la-roche-sur-foron-du-31-mars-au-11-avril-2025\/","name":"Pr\u00e9avis de gr\u00e8ve \u00e0 La Roche-sur-Foron du 31 mars au 11 avril 2025 - AUVERGNE RH\u00d4NE-ALPES","isPartOf":{"@id":"https:\/\/regions-snetap-fsu.fr\/ara\/#website"},"primaryImageOfPage":{"@id":"https:\/\/regions-snetap-fsu.fr\/ara\/2025\/03\/26\/preavis-de-greve-a-la-roche-sur-foron-du-31-mars-au-11-avril-2025\/#primaryimage"},"image":{"@id":"https:\/\/regions-snetap-fsu.fr\/ara\/2025\/03\/26\/preavis-de-greve-a-la-roche-sur-foron-du-31-mars-au-11-avril-2025\/#primaryimage"},"thumbnailUrl":"https:\/\/regions-snetap-fsu.fr\/ara\/wp-content\/uploads\/sites\/12\/2025\/03\/preavis-1.jpg","datePublished":"2025-03-26T14:45:54+00:00","dateModified":"2025-03-26T14:51:07+00:00","breadcrumb":{"@id":"https:\/\/regions-snetap-fsu.fr\/ara\/2025\/03\/26\/preavis-de-greve-a-la-roche-sur-foron-du-31-mars-au-11-avril-2025\/#breadcrumb"},"inLanguage":"fr-FR","potentialAction":[{"@type":"ReadAction","target":["https:\/\/regions-snetap-fsu.fr\/ara\/2025\/03\/26\/preavis-de-greve-a-la-roche-sur-foron-du-31-mars-au-11-avril-2025\/"]}]},{"@type":"ImageObject","inLanguage":"fr-FR","@id":"https:\/\/regions-snetap-fsu.fr\/ara\/2025\/03\/26\/preavis-de-greve-a-la-roche-sur-foron-du-31-mars-au-11-avril-2025\/#primaryimage","url":"https:\/\/regions-snetap-fsu.fr\/ara\/wp-content\/uploads\/sites\/12\/2025\/03\/preavis-1.jpg","contentUrl":"https:\/\/regions-snetap-fsu.fr\/ara\/wp-content\/uploads\/sites\/12\/2025\/03\/preavis-1.jpg","width":790,"height":366},{"@type":"BreadcrumbList","@id":"https:\/\/regions-snetap-fsu.fr\/ara\/2025\/03\/26\/preavis-de-greve-a-la-roche-sur-foron-du-31-mars-au-11-avril-2025\/#breadcrumb","itemListElement":[{"@type":"ListItem","position":1,"name":"Accueil","item":"https:\/\/regions-snetap-fsu.fr\/ara\/"},{"@type":"ListItem","position":2,"name":"Pr\u00e9avis de gr\u00e8ve \u00e0 La Roche-sur-Foron du 31 mars au 11 avril 2025"}]},{"@type":"WebSite","@id":"https:\/\/regions-snetap-fsu.fr\/ara\/#website","url":"https:\/\/regions-snetap-fsu.fr\/ara\/","name":"AUVERGNE RH\u00d4NE-ALPES","description":"Le site de la  Section Syndicale","publisher":{"@id":"https:\/\/regions-snetap-fsu.fr\/ara\/#organization"},"potentialAction":[{"@type":"SearchAction","target":{"@type":"EntryPoint","urlTemplate":"https:\/\/regions-snetap-fsu.fr\/ara\/?s={search_term_string}"},"query-input":{"@type":"PropertyValueSpecification","valueRequired":true,"valueName":"search_term_string"}}],"inLanguage":"fr-FR"},{"@type":"Organization","@id":"https:\/\/regions-snetap-fsu.fr\/ara\/#organization","name":"Auvergne Rh\u00f4ne-Alpes - SNETAP-FSU","url":"https:\/\/regions-snetap-fsu.fr\/ara\/","logo":{"@type":"ImageObject","inLanguage":"fr-FR","@id":"https:\/\/regions-snetap-fsu.fr\/ara\/#\/schema\/logo\/image\/","url":"https:\/\/regions-snetap-fsu.fr\/ara\/wp-content\/uploads\/sites\/12\/2021\/03\/Auvergne-Rhones-Alpes.jpg","contentUrl":"https:\/\/regions-snetap-fsu.fr\/ara\/wp-content\/uploads\/sites\/12\/2021\/03\/Auvergne-Rhones-Alpes.jpg","width":2000,"height":2000,"caption":"Auvergne Rh\u00f4ne-Alpes - SNETAP-FSU"},"image":{"@id":"https:\/\/regions-snetap-fsu.fr\/ara\/#\/schema\/logo\/image\/"}},{"@type":"Person","@id":"https:\/\/regions-snetap-fsu.fr\/ara\/#\/schema\/person\/7a012c1225ad7f1de5d0435224dc476f","name":"labouretl","image":{"@type":"ImageObject","inLanguage":"fr-FR","@id":"https:\/\/secure.gravatar.com\/avatar\/fe4c2914e868a4f0225f570d8e2703306e1d172461bb22deef5957411043fa66?s=96&d=mm&r=g","url":"https:\/\/secure.gravatar.com\/avatar\/fe4c2914e868a4f0225f570d8e2703306e1d172461bb22deef5957411043fa66?s=96&d=mm&r=g","contentUrl":"https:\/\/secure.gravatar.com\/avatar\/fe4c2914e868a4f0225f570d8e2703306e1d172461bb22deef5957411043fa66?s=96&d=mm&r=g","caption":"labouretl"},"url":"https:\/\/regions-snetap-fsu.fr\/ara\/author\/labouretl\/"}]}},"_links":{"self":[{"href":"https:\/\/regions-snetap-fsu.fr\/ara\/wp-json\/wp\/v2\/posts\/1525","targetHints":{"allow":["GET"]}}],"collection":[{"href":"https:\/\/regions-snetap-fsu.fr\/ara\/wp-json\/wp\/v2\/posts"}],"about":[{"href":"https:\/\/regions-snetap-fsu.fr\/ara\/wp-json\/wp\/v2\/types\/post"}],"author":[{"embeddable":true,"href":"https:\/\/regions-snetap-fsu.fr\/ara\/wp-json\/wp\/v2\/users\/121"}],"replies":[{"embeddable":true,"href":"https:\/\/regions-snetap-fsu.fr\/ara\/wp-json\/wp\/v2\/comments?post=1525"}],"version-history":[{"count":3,"href":"https:\/\/regions-snetap-fsu.fr\/ara\/wp-json\/wp\/v2\/posts\/1525\/revisions"}],"predecessor-version":[{"id":1531,"href":"https:\/\/regions-snetap-fsu.fr\/ara\/wp-json\/wp\/v2\/posts\/1525\/revisions\/1531"}],"wp:featuredmedia":[{"embeddable":true,"href":"https:\/\/regions-snetap-fsu.fr\/ara\/wp-json\/wp\/v2\/media\/1530"}],"wp:attachment":[{"href":"https:\/\/regions-snetap-fsu.fr\/ara\/wp-json\/wp\/v2\/media?parent=1525"}],"wp:term":[{"taxonomy":"category","embeddable":true,"href":"https:\/\/regions-snetap-fsu.fr\/ara\/wp-json\/wp\/v2\/categories?post=1525"},{"taxonomy":"post_tag","embeddable":true,"href":"https:\/\/regions-snetap-fsu.fr\/ara\/wp-json\/wp\/v2\/tags?post=1525"},{"taxonomy":"post_folder","embeddable":true,"href":"https:\/\/regions-snetap-fsu.fr\/ara\/wp-json\/wp\/v2\/post_folder?post=1525"}],"curies":[{"name":"wp","href":"https:\/\/api.w.org\/{rel}","templated":true}]}}