{"id":1487,"date":"2025-02-09T10:19:20","date_gmt":"2025-02-09T09:19:20","guid":{"rendered":"https:\/\/regions-snetap-fsu.fr\/ara\/?p=1487"},"modified":"2025-02-09T11:18:57","modified_gmt":"2025-02-09T10:18:57","slug":"en-direct-du-congres-national-fsu","status":"publish","type":"post","link":"https:\/\/regions-snetap-fsu.fr\/ara\/2025\/02\/09\/en-direct-du-congres-national-fsu\/","title":{"rendered":"En direct du 11\u00e8me Congr\u00e8s National FSU : t\u00e9moignage de Julien DEPREZ"},"content":{"rendered":"\t\t<div data-elementor-type=\"wp-post\" data-elementor-id=\"1487\" class=\"elementor elementor-1487\">\n\t\t\t\t<div class=\"elementor-element elementor-element-3eb0622 e-flex e-con-boxed e-con e-parent\" data-id=\"3eb0622\" data-element_type=\"container\" data-e-type=\"container\">\n\t\t\t\t\t<div class=\"e-con-inner\">\n\t\t\t\t<div class=\"elementor-element elementor-element-c1d8b90 elementor-widget elementor-widget-text-editor\" data-id=\"c1d8b90\" data-element_type=\"widget\" data-e-type=\"widget\" data-widget_type=\"text-editor.default\">\n\t\t\t\t<div class=\"elementor-widget-container\">\n\t\t\t\t\t\t\t\t\t<p style=\"text-align: center\"><span style=\"color: #008000\"><strong><span style=\"font-size: 14pt\">Nos repr\u00e9sentants SNETAP nationaux et r\u00e9gionaux prennent successivement la parole \u00e0 la tribune principale ou au pupitre.<\/span><\/strong><\/span><\/p>\t\t\t\t\t\t\t\t<\/div>\n\t\t\t\t<\/div>\n\t\t\t\t\t<\/div>\n\t\t\t\t<\/div>\n\t\t<div class=\"elementor-element elementor-element-501891e e-flex e-con-boxed e-con e-parent\" data-id=\"501891e\" data-element_type=\"container\" data-e-type=\"container\">\n\t\t\t\t\t<div class=\"e-con-inner\">\n\t\t<div class=\"elementor-element elementor-element-404beec e-con-full e-flex e-con e-child\" data-id=\"404beec\" data-element_type=\"container\" data-e-type=\"container\">\n\t\t<div class=\"elementor-element elementor-element-d10dabf e-con-full e-flex e-con e-child\" data-id=\"d10dabf\" data-element_type=\"container\" data-e-type=\"container\">\n\t\t\t\t<div class=\"elementor-element elementor-element-0c4aa2b elementor-widget elementor-widget-text-editor\" data-id=\"0c4aa2b\" data-element_type=\"widget\" data-e-type=\"widget\" data-widget_type=\"text-editor.default\">\n\t\t\t\t<div class=\"elementor-widget-container\">\n\t\t\t\t\t\t\t\t\t<p style=\"text-align: center\"><span style=\"color: #000000;font-size: 18pt\"><strong>T\u00e9moignage de Julien Deprez<\/strong><\/span><\/p><p style=\"text-align: center\"><strong><span style=\"color: #129447;font-size: 14pt\">PARTIE 1<\/span><\/strong><\/p><p><span style=\"color: #808080\">Mon premier Congr\u00e8s FSU\u00a0:<\/span><\/p><p><span style=\"color: #808080\">Etre d\u00e9l\u00e9gu\u00e9 \u00e0 un congr\u00e8s c\u2019est\u00a0:<\/span><\/p><ul><li><span style=\"color: #808080\">5 jours dans un centre des congr\u00e8s avec 750 personnes.<\/span><\/li><li><span style=\"color: #808080\">14h\u00a0:\u00a0<strong>Un premier jour, <\/strong>nous sommes accueillis par <strong>Beno\u00eet TESTE<\/strong>, secr\u00e9taire g\u00e9n\u00e9ral de la FSU. Un d\u00e9bat g\u00e9n\u00e9ral s&rsquo;ouvre sur la situation g\u00e9opolotique dans le monde auquel participent des invit\u00e9s internationaux. Un focus est r\u00e9alis\u00e9\u00a0 sur l\u2019\u00e9ducation en Serbie et dans la Bande de Gaza. Des questions politiques sont abord\u00e9es\u00a0 et\u00a0 nous proc\u00e9dons \u00e0 nos premiers votes. Fin 21h30.<\/span><\/li><li><span style=\"color: #808080\">8h30\u00a0:<strong>\u00a0Un deuxi\u00e8me jour<\/strong> en commissions. Lieu o\u00f9 nous d\u00e9battons des sujets abord\u00e9s dans les textes nationaux, les futurs mandats de la FSU. Nous traitons les questions de la\u00efcit\u00e9, de politique \u00e9ducative, d\u2019\u00e9cologie, d\u2019agriculture, de syndicalisme, de droits des Femmes, de profs, d\u2019AED, d\u2019AESH, de culture, de violence, de manifestations etc\u2026 Le but est d\u2019amender les textes r\u00e9unis en 4 th\u00e8mes :<\/span><\/li><\/ul><p><span style=\"color: #808080\">\u00a0 \u00a0 &#8211; 1 : Education, formation, recherche et culture : le service public, ses personnels et leurs m\u00e9tiers pour\u00a0 \u00a0 \u00a0 \u00a0 \u00a0 \u00a0 \u00a0 \u00a0 \u00a0l\u2019\u00e9mancipation de toutes et tous, <\/span><\/p><p><span style=\"color: #808080\">\u00a0 \u00a0 &#8211; 2 : Pour le service public, la fonction publique et le statut,<\/span><\/p><p><span style=\"color: #808080\">\u00a0 \u00a0 &#8211; 3 : Rupture \u00e9cologique ; droits humains et justice sociale : une urgence d\u00e9mocratique,\u00a0<\/span><\/p><p><span style=\"color: #808080\">\u00a0 \u00a0 &#8211; 4 : Pour une FSU combative, unitaire et engag\u00e9e au quotidien,<\/span><\/p><p><span style=\"color: #808080\">\u00a0 \u00a0 \u00a0 afin de les modifi\u00e9s, les enrichir avant de les voter. Fin 21h30.<\/span><\/p>\t\t\t\t\t\t\t\t<\/div>\n\t\t\t\t<\/div>\n\t\t\t\t<\/div>\n\t\t<div class=\"elementor-element elementor-element-6ee718f e-con-full e-flex e-con e-child\" data-id=\"6ee718f\" data-element_type=\"container\" data-e-type=\"container\" data-settings=\"{&quot;background_background&quot;:&quot;slideshow&quot;,&quot;background_slideshow_gallery&quot;:[],&quot;background_slideshow_loop&quot;:&quot;yes&quot;,&quot;background_slideshow_slide_duration&quot;:5000,&quot;background_slideshow_slide_transition&quot;:&quot;fade&quot;,&quot;background_slideshow_transition_duration&quot;:500}\">\n\t\t\t\t<div class=\"elementor-element elementor-element-9c4161d elementor-arrows-position-inside elementor-pagination-position-outside elementor-widget elementor-widget-image-carousel\" data-id=\"9c4161d\" data-element_type=\"widget\" data-e-type=\"widget\" data-settings=\"{&quot;navigation&quot;:&quot;both&quot;,&quot;autoplay&quot;:&quot;yes&quot;,&quot;pause_on_hover&quot;:&quot;yes&quot;,&quot;pause_on_interaction&quot;:&quot;yes&quot;,&quot;autoplay_speed&quot;:5000,&quot;infinite&quot;:&quot;yes&quot;,&quot;speed&quot;:500}\" data-widget_type=\"image-carousel.default\">\n\t\t\t\t<div class=\"elementor-widget-container\">\n\t\t\t\t\t\t\t<div class=\"elementor-image-carousel-wrapper swiper\" role=\"region\" aria-roledescription=\"carousel\" aria-label=\"Carrousel d\u2019images\" dir=\"ltr\">\n\t\t\t<div class=\"elementor-image-carousel swiper-wrapper\" aria-live=\"off\">\n\t\t\t\t\t\t\t\t<div class=\"swiper-slide\" role=\"group\" aria-roledescription=\"slide\" aria-label=\"1 sur 4\"><figure class=\"swiper-slide-inner\"><img decoding=\"async\" class=\"swiper-slide-image\" src=\"https:\/\/regions-snetap-fsu.fr\/ara\/wp-content\/uploads\/sites\/12\/2025\/02\/1738870721262-150x150.jpg\" alt=\"1738870721262\" \/><\/figure><\/div><div class=\"swiper-slide\" role=\"group\" aria-roledescription=\"slide\" aria-label=\"2 sur 4\"><figure class=\"swiper-slide-inner\"><img decoding=\"async\" class=\"swiper-slide-image\" src=\"https:\/\/regions-snetap-fsu.fr\/ara\/wp-content\/uploads\/sites\/12\/2025\/02\/IMG-20250206-WA0002-150x150.jpg\" alt=\"IMG-20250206-WA0002\" \/><\/figure><\/div><div class=\"swiper-slide\" role=\"group\" aria-roledescription=\"slide\" aria-label=\"3 sur 4\"><figure class=\"swiper-slide-inner\"><img decoding=\"async\" class=\"swiper-slide-image\" src=\"https:\/\/regions-snetap-fsu.fr\/ara\/wp-content\/uploads\/sites\/12\/2025\/02\/1738870487877-150x150.jpg\" alt=\"1738870487877\" \/><\/figure><\/div><div class=\"swiper-slide\" role=\"group\" aria-roledescription=\"slide\" aria-label=\"4 sur 4\"><figure class=\"swiper-slide-inner\"><img decoding=\"async\" class=\"swiper-slide-image\" src=\"https:\/\/regions-snetap-fsu.fr\/ara\/wp-content\/uploads\/sites\/12\/2025\/02\/1738870586915-150x150.jpg\" alt=\"1738870586915\" \/><\/figure><\/div>\t\t\t<\/div>\n\t\t\t\t\t\t\t\t\t\t\t\t<div class=\"elementor-swiper-button elementor-swiper-button-prev\" role=\"button\" tabindex=\"0\">\n\t\t\t\t\t\t<svg aria-hidden=\"true\" class=\"e-font-icon-svg e-eicon-chevron-left\" viewBox=\"0 0 1000 1000\" xmlns=\"http:\/\/www.w3.org\/2000\/svg\"><path d=\"M646 125C629 125 613 133 604 142L308 442C296 454 292 471 292 487 292 504 296 521 308 533L604 854C617 867 629 875 646 875 663 875 679 871 692 858 704 846 713 829 713 812 713 796 708 779 692 767L438 487 692 225C700 217 708 204 708 187 708 171 704 154 692 142 675 129 663 125 646 125Z\"><\/path><\/svg>\t\t\t\t\t<\/div>\n\t\t\t\t\t<div class=\"elementor-swiper-button elementor-swiper-button-next\" role=\"button\" tabindex=\"0\">\n\t\t\t\t\t\t<svg aria-hidden=\"true\" class=\"e-font-icon-svg e-eicon-chevron-right\" viewBox=\"0 0 1000 1000\" xmlns=\"http:\/\/www.w3.org\/2000\/svg\"><path d=\"M696 533C708 521 713 504 713 487 713 471 708 454 696 446L400 146C388 133 375 125 354 125 338 125 325 129 313 142 300 154 292 171 292 187 292 204 296 221 308 233L563 492 304 771C292 783 288 800 288 817 288 833 296 850 308 863 321 871 338 875 354 875 371 875 388 867 400 854L696 533Z\"><\/path><\/svg>\t\t\t\t\t<\/div>\n\t\t\t\t\n\t\t\t\t\t\t\t\t\t<div class=\"swiper-pagination\"><\/div>\n\t\t\t\t\t\t\t\t\t<\/div>\n\t\t\t\t\t\t<\/div>\n\t\t\t\t<\/div>\n\t\t\t\t<\/div>\n\t\t\t\t<div class=\"elementor-element elementor-element-aace5dd elementor-widget elementor-widget-text-editor\" data-id=\"aace5dd\" data-element_type=\"widget\" data-e-type=\"widget\" data-widget_type=\"text-editor.default\">\n\t\t\t\t<div class=\"elementor-widget-container\">\n\t\t\t\t\t\t\t\t\t<p style=\"text-align: center\"><strong><span style=\"color: #129447;font-size: 14pt\">PARTIE 2<\/span><\/strong><\/p><ul><li><span style=\"color: #808080\">8h30\u00a0:\u00a0<strong>Un troisi\u00e8me jour<\/strong> o\u00f9 commencent les votes pour le th\u00e8me 2 et 3. Tout d\u2019abord, il faut savoir qu\u2019avant un vote, nous pr\u00e9sentons les amendements, les rapporteur.es des th\u00e8mes nous disent s\u2019ils ont \u00e9t\u00e9 int\u00e9gr\u00e9s ou non, enti\u00e8rement ou partiellement et pour ceux qui ne sont pas gard\u00e9s, il est demand\u00e9 aux d\u00e9posants s\u2019ils les maintiennent ou non. Idem pour des motions. Puis vient le vote, on ferme les portes des salles tel un conclave et c\u2019est parti ! Certains votes peuvent durer jusqu\u2019\u00e0 3h. Fin 20h, suivi de la \u00ab Soir\u00e9e Festive \u00bb<\/span><\/li><li><span style=\"color: #808080\">7h30\u00a0(on avait pris quelques heures de retard)\u00a0:<strong>\u00a0Un quatri\u00e8me jour<\/strong> o\u00f9 nous poursuivons les votes ! Dont ceux du th\u00e8me 3 et du Zoom Femme de la veille car retard\u2026 Puis nous passons au th\u00e8me 4 et Zoom Extr\u00eame Droite. Toujours du retard, mais nous prenons le temps d\u2019\u00e9couter <strong>C\u00e9cile DUFLOT<\/strong> pr\u00e9sidente d\u2019OXFAM France ou <strong>Sophie<\/strong> <strong>BINET<\/strong> de la CGT. On passe au th\u00e8me 1. Fin 20h avec une soir\u00e9e libre.<\/span><\/li><li><span style=\"color: #808080\">8h (toujours un peu de retard)\u00a0:\u00a0<strong>Un cinqui\u00e8me jour<\/strong> o\u00f9 nous d\u00e9marrons par le vote sur le th\u00e8me 1 (pas fait la veille) et voil\u00e0 le moment des annonces officielles du CDFN : <strong>Caroline CHEVE<\/strong> nouvelle secr\u00e9taire g\u00e9n\u00e9rale de la FSU ! Suite \u00e0 cette nouvelle, nous passons au texte action, amendements, d\u00e9clarations, puis votes. Fin 12h<\/span><\/li><\/ul><p style=\"text-align: left\"><span style=\"color: #808080\">Un congr\u00e8s c\u2019est passionnant, c\u2019est fatiguant, c\u2019est des rencontres et de la discussion, c\u2019est de l\u2019engueulade et des rires. C\u2019est des sections, des syndicats nationaux, des tendances.<\/span><\/p><p style=\"text-align: left\"><span style=\"color: #808080\">Le v\u00e9cu d\u2019un n\u00e9o-congr\u00e9ssiste<\/span><\/p>\t\t\t\t\t\t\t\t<\/div>\n\t\t\t\t<\/div>\n\t\t\t\t<\/div>\n\t\t\t\t\t<\/div>\n\t\t\t\t<\/div>\n\t\t\t\t<\/div>\n\t\t","protected":false},"excerpt":{"rendered":"<p>Nos repr\u00e9sentants SNETAP nationaux et r\u00e9gionaux prennent successivement la parole \u00e0 la tribune principale ou au pupitre. T\u00e9moignage de Julien Deprez PARTIE 1 Mon premier Congr\u00e8s FSU\u00a0: Etre d\u00e9l\u00e9gu\u00e9 \u00e0 un congr\u00e8s c\u2019est\u00a0: 5 jours dans un centre des congr\u00e8s avec 750 personnes. 14h\u00a0:\u00a0Un premier jour, nous sommes accueillis par Beno\u00eet TESTE, secr\u00e9taire g\u00e9n\u00e9ral de [&hellip;]<\/p>\n","protected":false},"author":121,"featured_media":1497,"comment_status":"closed","ping_status":"closed","sticky":false,"template":"","format":"standard","meta":{"ocean_post_layout":"","ocean_both_sidebars_style":"","ocean_both_sidebars_content_width":0,"ocean_both_sidebars_sidebars_width":0,"ocean_sidebar":"0","ocean_second_sidebar":"0","ocean_disable_margins":"enable","ocean_add_body_class":"","ocean_shortcode_before_top_bar":"","ocean_shortcode_after_top_bar":"","ocean_shortcode_before_header":"","ocean_shortcode_after_header":"","ocean_has_shortcode":"","ocean_shortcode_after_title":"","ocean_shortcode_before_footer_widgets":"","ocean_shortcode_after_footer_widgets":"","ocean_shortcode_before_footer_bottom":"","ocean_shortcode_after_footer_bottom":"","ocean_display_top_bar":"default","ocean_display_header":"default","ocean_header_style":"","ocean_center_header_left_menu":"0","ocean_custom_header_template":"0","ocean_custom_logo":0,"ocean_custom_retina_logo":0,"ocean_custom_logo_max_width":0,"ocean_custom_logo_tablet_max_width":0,"ocean_custom_logo_mobile_max_width":0,"ocean_custom_logo_max_height":0,"ocean_custom_logo_tablet_max_height":0,"ocean_custom_logo_mobile_max_height":0,"ocean_header_custom_menu":"0","ocean_menu_typo_font_family":"0","ocean_menu_typo_font_subset":"","ocean_menu_typo_font_size":0,"ocean_menu_typo_font_size_tablet":0,"ocean_menu_typo_font_size_mobile":0,"ocean_menu_typo_font_size_unit":"px","ocean_menu_typo_font_weight":"","ocean_menu_typo_font_weight_tablet":"","ocean_menu_typo_font_weight_mobile":"","ocean_menu_typo_transform":"","ocean_menu_typo_transform_tablet":"","ocean_menu_typo_transform_mobile":"","ocean_menu_typo_line_height":0,"ocean_menu_typo_line_height_tablet":0,"ocean_menu_typo_line_height_mobile":0,"ocean_menu_typo_line_height_unit":"","ocean_menu_typo_spacing":0,"ocean_menu_typo_spacing_tablet":0,"ocean_menu_typo_spacing_mobile":0,"ocean_menu_typo_spacing_unit":"","ocean_menu_link_color":"","ocean_menu_link_color_hover":"","ocean_menu_link_color_active":"","ocean_menu_link_background":"","ocean_menu_link_hover_background":"","ocean_menu_link_active_background":"","ocean_menu_social_links_bg":"","ocean_menu_social_hover_links_bg":"","ocean_menu_social_links_color":"","ocean_menu_social_hover_links_color":"","ocean_disable_title":"default","ocean_disable_heading":"default","ocean_post_title":"","ocean_post_subheading":"","ocean_post_title_style":"","ocean_post_title_background_color":"","ocean_post_title_background":0,"ocean_post_title_bg_image_position":"","ocean_post_title_bg_image_attachment":"","ocean_post_title_bg_image_repeat":"","ocean_post_title_bg_image_size":"","ocean_post_title_height":0,"ocean_post_title_bg_overlay":0.5,"ocean_post_title_bg_overlay_color":"","ocean_disable_breadcrumbs":"default","ocean_breadcrumbs_color":"","ocean_breadcrumbs_separator_color":"","ocean_breadcrumbs_links_color":"","ocean_breadcrumbs_links_hover_color":"","ocean_display_footer_widgets":"default","ocean_display_footer_bottom":"default","ocean_custom_footer_template":"0","ocean_post_oembed":"","ocean_post_self_hosted_media":"","ocean_post_video_embed":"","ocean_link_format":"","ocean_link_format_target":"self","ocean_quote_format":"","ocean_quote_format_link":"post","ocean_gallery_link_images":"on","ocean_gallery_id":[],"footnotes":""},"categories":[1],"tags":[],"post_folder":[],"class_list":["post-1487","post","type-post","status-publish","format-standard","has-post-thumbnail","hentry","category-non-classe","entry","has-media"],"yoast_head":"<!-- This site is optimized with the Yoast SEO plugin v27.4 - https:\/\/yoast.com\/product\/yoast-seo-wordpress\/ -->\n<title>En direct du 11\u00e8me Congr\u00e8s National FSU : t\u00e9moignage de Julien DEPREZ - AUVERGNE RH\u00d4NE-ALPES<\/title>\n<meta name=\"robots\" content=\"index, follow, max-snippet:-1, max-image-preview:large, max-video-preview:-1\" \/>\n<link rel=\"canonical\" href=\"https:\/\/regions-snetap-fsu.fr\/ara\/2025\/02\/09\/en-direct-du-congres-national-fsu\/\" \/>\n<meta property=\"og:locale\" content=\"fr_FR\" \/>\n<meta property=\"og:type\" content=\"article\" \/>\n<meta property=\"og:title\" content=\"En direct du 11\u00e8me Congr\u00e8s National FSU : t\u00e9moignage de Julien DEPREZ - AUVERGNE RH\u00d4NE-ALPES\" \/>\n<meta property=\"og:description\" content=\"Nos repr\u00e9sentants SNETAP nationaux et r\u00e9gionaux prennent successivement la parole \u00e0 la tribune principale ou au pupitre. T\u00e9moignage de Julien Deprez PARTIE 1 Mon premier Congr\u00e8s FSU\u00a0: Etre d\u00e9l\u00e9gu\u00e9 \u00e0 un congr\u00e8s c\u2019est\u00a0: 5 jours dans un centre des congr\u00e8s avec 750 personnes. 14h\u00a0:\u00a0Un premier jour, nous sommes accueillis par Beno\u00eet TESTE, secr\u00e9taire g\u00e9n\u00e9ral de [&hellip;]\" \/>\n<meta property=\"og:url\" content=\"https:\/\/regions-snetap-fsu.fr\/ara\/2025\/02\/09\/en-direct-du-congres-national-fsu\/\" \/>\n<meta property=\"og:site_name\" content=\"AUVERGNE RH\u00d4NE-ALPES\" \/>\n<meta property=\"article:published_time\" content=\"2025-02-09T09:19:20+00:00\" \/>\n<meta property=\"article:modified_time\" content=\"2025-02-09T10:18:57+00:00\" \/>\n<meta property=\"og:image\" content=\"https:\/\/regions-snetap-fsu.fr\/ara\/wp-content\/uploads\/sites\/12\/2025\/02\/11e_congres_fsu_horizontal-1.png\" \/>\n\t<meta property=\"og:image:width\" content=\"870\" \/>\n\t<meta property=\"og:image:height\" content=\"400\" \/>\n\t<meta property=\"og:image:type\" content=\"image\/png\" \/>\n<meta name=\"author\" content=\"labouretl\" \/>\n<meta name=\"twitter:card\" content=\"summary_large_image\" \/>\n<meta name=\"twitter:label1\" content=\"\u00c9crit par\" \/>\n\t<meta name=\"twitter:data1\" content=\"labouretl\" \/>\n\t<meta name=\"twitter:label2\" content=\"Dur\u00e9e de lecture estim\u00e9e\" \/>\n\t<meta name=\"twitter:data2\" content=\"3 minutes\" \/>\n<script type=\"application\/ld+json\" class=\"yoast-schema-graph\">{\"@context\":\"https:\\\/\\\/schema.org\",\"@graph\":[{\"@type\":\"Article\",\"@id\":\"https:\\\/\\\/regions-snetap-fsu.fr\\\/ara\\\/2025\\\/02\\\/09\\\/en-direct-du-congres-national-fsu\\\/#article\",\"isPartOf\":{\"@id\":\"https:\\\/\\\/regions-snetap-fsu.fr\\\/ara\\\/2025\\\/02\\\/09\\\/en-direct-du-congres-national-fsu\\\/\"},\"author\":{\"name\":\"labouretl\",\"@id\":\"https:\\\/\\\/regions-snetap-fsu.fr\\\/ara\\\/#\\\/schema\\\/person\\\/7a012c1225ad7f1de5d0435224dc476f\"},\"headline\":\"En direct du 11\u00e8me Congr\u00e8s National FSU : t\u00e9moignage de Julien DEPREZ\",\"datePublished\":\"2025-02-09T09:19:20+00:00\",\"dateModified\":\"2025-02-09T10:18:57+00:00\",\"mainEntityOfPage\":{\"@id\":\"https:\\\/\\\/regions-snetap-fsu.fr\\\/ara\\\/2025\\\/02\\\/09\\\/en-direct-du-congres-national-fsu\\\/\"},\"wordCount\":559,\"publisher\":{\"@id\":\"https:\\\/\\\/regions-snetap-fsu.fr\\\/ara\\\/#organization\"},\"image\":{\"@id\":\"https:\\\/\\\/regions-snetap-fsu.fr\\\/ara\\\/2025\\\/02\\\/09\\\/en-direct-du-congres-national-fsu\\\/#primaryimage\"},\"thumbnailUrl\":\"https:\\\/\\\/regions-snetap-fsu.fr\\\/ara\\\/wp-content\\\/uploads\\\/sites\\\/12\\\/2025\\\/02\\\/11e_congres_fsu_horizontal-1.png\",\"inLanguage\":\"fr-FR\"},{\"@type\":\"WebPage\",\"@id\":\"https:\\\/\\\/regions-snetap-fsu.fr\\\/ara\\\/2025\\\/02\\\/09\\\/en-direct-du-congres-national-fsu\\\/\",\"url\":\"https:\\\/\\\/regions-snetap-fsu.fr\\\/ara\\\/2025\\\/02\\\/09\\\/en-direct-du-congres-national-fsu\\\/\",\"name\":\"En direct du 11\u00e8me Congr\u00e8s National FSU : t\u00e9moignage de Julien DEPREZ - AUVERGNE RH\u00d4NE-ALPES\",\"isPartOf\":{\"@id\":\"https:\\\/\\\/regions-snetap-fsu.fr\\\/ara\\\/#website\"},\"primaryImageOfPage\":{\"@id\":\"https:\\\/\\\/regions-snetap-fsu.fr\\\/ara\\\/2025\\\/02\\\/09\\\/en-direct-du-congres-national-fsu\\\/#primaryimage\"},\"image\":{\"@id\":\"https:\\\/\\\/regions-snetap-fsu.fr\\\/ara\\\/2025\\\/02\\\/09\\\/en-direct-du-congres-national-fsu\\\/#primaryimage\"},\"thumbnailUrl\":\"https:\\\/\\\/regions-snetap-fsu.fr\\\/ara\\\/wp-content\\\/uploads\\\/sites\\\/12\\\/2025\\\/02\\\/11e_congres_fsu_horizontal-1.png\",\"datePublished\":\"2025-02-09T09:19:20+00:00\",\"dateModified\":\"2025-02-09T10:18:57+00:00\",\"breadcrumb\":{\"@id\":\"https:\\\/\\\/regions-snetap-fsu.fr\\\/ara\\\/2025\\\/02\\\/09\\\/en-direct-du-congres-national-fsu\\\/#breadcrumb\"},\"inLanguage\":\"fr-FR\",\"potentialAction\":[{\"@type\":\"ReadAction\",\"target\":[\"https:\\\/\\\/regions-snetap-fsu.fr\\\/ara\\\/2025\\\/02\\\/09\\\/en-direct-du-congres-national-fsu\\\/\"]}]},{\"@type\":\"ImageObject\",\"inLanguage\":\"fr-FR\",\"@id\":\"https:\\\/\\\/regions-snetap-fsu.fr\\\/ara\\\/2025\\\/02\\\/09\\\/en-direct-du-congres-national-fsu\\\/#primaryimage\",\"url\":\"https:\\\/\\\/regions-snetap-fsu.fr\\\/ara\\\/wp-content\\\/uploads\\\/sites\\\/12\\\/2025\\\/02\\\/11e_congres_fsu_horizontal-1.png\",\"contentUrl\":\"https:\\\/\\\/regions-snetap-fsu.fr\\\/ara\\\/wp-content\\\/uploads\\\/sites\\\/12\\\/2025\\\/02\\\/11e_congres_fsu_horizontal-1.png\",\"width\":870,\"height\":400},{\"@type\":\"BreadcrumbList\",\"@id\":\"https:\\\/\\\/regions-snetap-fsu.fr\\\/ara\\\/2025\\\/02\\\/09\\\/en-direct-du-congres-national-fsu\\\/#breadcrumb\",\"itemListElement\":[{\"@type\":\"ListItem\",\"position\":1,\"name\":\"Accueil\",\"item\":\"https:\\\/\\\/regions-snetap-fsu.fr\\\/ara\\\/\"},{\"@type\":\"ListItem\",\"position\":2,\"name\":\"En direct du 11\u00e8me Congr\u00e8s National FSU : t\u00e9moignage de Julien DEPREZ\"}]},{\"@type\":\"WebSite\",\"@id\":\"https:\\\/\\\/regions-snetap-fsu.fr\\\/ara\\\/#website\",\"url\":\"https:\\\/\\\/regions-snetap-fsu.fr\\\/ara\\\/\",\"name\":\"AUVERGNE RH\u00d4NE-ALPES\",\"description\":\"Le site de la  Section Syndicale\",\"publisher\":{\"@id\":\"https:\\\/\\\/regions-snetap-fsu.fr\\\/ara\\\/#organization\"},\"potentialAction\":[{\"@type\":\"SearchAction\",\"target\":{\"@type\":\"EntryPoint\",\"urlTemplate\":\"https:\\\/\\\/regions-snetap-fsu.fr\\\/ara\\\/?s={search_term_string}\"},\"query-input\":{\"@type\":\"PropertyValueSpecification\",\"valueRequired\":true,\"valueName\":\"search_term_string\"}}],\"inLanguage\":\"fr-FR\"},{\"@type\":\"Organization\",\"@id\":\"https:\\\/\\\/regions-snetap-fsu.fr\\\/ara\\\/#organization\",\"name\":\"Auvergne Rh\u00f4ne-Alpes - SNETAP-FSU\",\"url\":\"https:\\\/\\\/regions-snetap-fsu.fr\\\/ara\\\/\",\"logo\":{\"@type\":\"ImageObject\",\"inLanguage\":\"fr-FR\",\"@id\":\"https:\\\/\\\/regions-snetap-fsu.fr\\\/ara\\\/#\\\/schema\\\/logo\\\/image\\\/\",\"url\":\"https:\\\/\\\/regions-snetap-fsu.fr\\\/ara\\\/wp-content\\\/uploads\\\/sites\\\/12\\\/2021\\\/03\\\/Auvergne-Rhones-Alpes.jpg\",\"contentUrl\":\"https:\\\/\\\/regions-snetap-fsu.fr\\\/ara\\\/wp-content\\\/uploads\\\/sites\\\/12\\\/2021\\\/03\\\/Auvergne-Rhones-Alpes.jpg\",\"width\":2000,\"height\":2000,\"caption\":\"Auvergne Rh\u00f4ne-Alpes - SNETAP-FSU\"},\"image\":{\"@id\":\"https:\\\/\\\/regions-snetap-fsu.fr\\\/ara\\\/#\\\/schema\\\/logo\\\/image\\\/\"}},{\"@type\":\"Person\",\"@id\":\"https:\\\/\\\/regions-snetap-fsu.fr\\\/ara\\\/#\\\/schema\\\/person\\\/7a012c1225ad7f1de5d0435224dc476f\",\"name\":\"labouretl\",\"image\":{\"@type\":\"ImageObject\",\"inLanguage\":\"fr-FR\",\"@id\":\"https:\\\/\\\/secure.gravatar.com\\\/avatar\\\/fe4c2914e868a4f0225f570d8e2703306e1d172461bb22deef5957411043fa66?s=96&d=mm&r=g\",\"url\":\"https:\\\/\\\/secure.gravatar.com\\\/avatar\\\/fe4c2914e868a4f0225f570d8e2703306e1d172461bb22deef5957411043fa66?s=96&d=mm&r=g\",\"contentUrl\":\"https:\\\/\\\/secure.gravatar.com\\\/avatar\\\/fe4c2914e868a4f0225f570d8e2703306e1d172461bb22deef5957411043fa66?s=96&d=mm&r=g\",\"caption\":\"labouretl\"},\"url\":\"https:\\\/\\\/regions-snetap-fsu.fr\\\/ara\\\/author\\\/labouretl\\\/\"}]}<\/script>\n<!-- \/ Yoast SEO plugin. -->","yoast_head_json":{"title":"En direct du 11\u00e8me Congr\u00e8s National FSU : t\u00e9moignage de Julien DEPREZ - AUVERGNE RH\u00d4NE-ALPES","robots":{"index":"index","follow":"follow","max-snippet":"max-snippet:-1","max-image-preview":"max-image-preview:large","max-video-preview":"max-video-preview:-1"},"canonical":"https:\/\/regions-snetap-fsu.fr\/ara\/2025\/02\/09\/en-direct-du-congres-national-fsu\/","og_locale":"fr_FR","og_type":"article","og_title":"En direct du 11\u00e8me Congr\u00e8s National FSU : t\u00e9moignage de Julien DEPREZ - AUVERGNE RH\u00d4NE-ALPES","og_description":"Nos repr\u00e9sentants SNETAP nationaux et r\u00e9gionaux prennent successivement la parole \u00e0 la tribune principale ou au pupitre. T\u00e9moignage de Julien Deprez PARTIE 1 Mon premier Congr\u00e8s FSU\u00a0: Etre d\u00e9l\u00e9gu\u00e9 \u00e0 un congr\u00e8s c\u2019est\u00a0: 5 jours dans un centre des congr\u00e8s avec 750 personnes. 14h\u00a0:\u00a0Un premier jour, nous sommes accueillis par Beno\u00eet TESTE, secr\u00e9taire g\u00e9n\u00e9ral de [&hellip;]","og_url":"https:\/\/regions-snetap-fsu.fr\/ara\/2025\/02\/09\/en-direct-du-congres-national-fsu\/","og_site_name":"AUVERGNE RH\u00d4NE-ALPES","article_published_time":"2025-02-09T09:19:20+00:00","article_modified_time":"2025-02-09T10:18:57+00:00","og_image":[{"width":870,"height":400,"url":"https:\/\/regions-snetap-fsu.fr\/ara\/wp-content\/uploads\/sites\/12\/2025\/02\/11e_congres_fsu_horizontal-1.png","type":"image\/png"}],"author":"labouretl","twitter_card":"summary_large_image","twitter_misc":{"\u00c9crit par":"labouretl","Dur\u00e9e de lecture estim\u00e9e":"3 minutes"},"schema":{"@context":"https:\/\/schema.org","@graph":[{"@type":"Article","@id":"https:\/\/regions-snetap-fsu.fr\/ara\/2025\/02\/09\/en-direct-du-congres-national-fsu\/#article","isPartOf":{"@id":"https:\/\/regions-snetap-fsu.fr\/ara\/2025\/02\/09\/en-direct-du-congres-national-fsu\/"},"author":{"name":"labouretl","@id":"https:\/\/regions-snetap-fsu.fr\/ara\/#\/schema\/person\/7a012c1225ad7f1de5d0435224dc476f"},"headline":"En direct du 11\u00e8me Congr\u00e8s National FSU : t\u00e9moignage de Julien DEPREZ","datePublished":"2025-02-09T09:19:20+00:00","dateModified":"2025-02-09T10:18:57+00:00","mainEntityOfPage":{"@id":"https:\/\/regions-snetap-fsu.fr\/ara\/2025\/02\/09\/en-direct-du-congres-national-fsu\/"},"wordCount":559,"publisher":{"@id":"https:\/\/regions-snetap-fsu.fr\/ara\/#organization"},"image":{"@id":"https:\/\/regions-snetap-fsu.fr\/ara\/2025\/02\/09\/en-direct-du-congres-national-fsu\/#primaryimage"},"thumbnailUrl":"https:\/\/regions-snetap-fsu.fr\/ara\/wp-content\/uploads\/sites\/12\/2025\/02\/11e_congres_fsu_horizontal-1.png","inLanguage":"fr-FR"},{"@type":"WebPage","@id":"https:\/\/regions-snetap-fsu.fr\/ara\/2025\/02\/09\/en-direct-du-congres-national-fsu\/","url":"https:\/\/regions-snetap-fsu.fr\/ara\/2025\/02\/09\/en-direct-du-congres-national-fsu\/","name":"En direct du 11\u00e8me Congr\u00e8s National FSU : t\u00e9moignage de Julien DEPREZ - AUVERGNE RH\u00d4NE-ALPES","isPartOf":{"@id":"https:\/\/regions-snetap-fsu.fr\/ara\/#website"},"primaryImageOfPage":{"@id":"https:\/\/regions-snetap-fsu.fr\/ara\/2025\/02\/09\/en-direct-du-congres-national-fsu\/#primaryimage"},"image":{"@id":"https:\/\/regions-snetap-fsu.fr\/ara\/2025\/02\/09\/en-direct-du-congres-national-fsu\/#primaryimage"},"thumbnailUrl":"https:\/\/regions-snetap-fsu.fr\/ara\/wp-content\/uploads\/sites\/12\/2025\/02\/11e_congres_fsu_horizontal-1.png","datePublished":"2025-02-09T09:19:20+00:00","dateModified":"2025-02-09T10:18:57+00:00","breadcrumb":{"@id":"https:\/\/regions-snetap-fsu.fr\/ara\/2025\/02\/09\/en-direct-du-congres-national-fsu\/#breadcrumb"},"inLanguage":"fr-FR","potentialAction":[{"@type":"ReadAction","target":["https:\/\/regions-snetap-fsu.fr\/ara\/2025\/02\/09\/en-direct-du-congres-national-fsu\/"]}]},{"@type":"ImageObject","inLanguage":"fr-FR","@id":"https:\/\/regions-snetap-fsu.fr\/ara\/2025\/02\/09\/en-direct-du-congres-national-fsu\/#primaryimage","url":"https:\/\/regions-snetap-fsu.fr\/ara\/wp-content\/uploads\/sites\/12\/2025\/02\/11e_congres_fsu_horizontal-1.png","contentUrl":"https:\/\/regions-snetap-fsu.fr\/ara\/wp-content\/uploads\/sites\/12\/2025\/02\/11e_congres_fsu_horizontal-1.png","width":870,"height":400},{"@type":"BreadcrumbList","@id":"https:\/\/regions-snetap-fsu.fr\/ara\/2025\/02\/09\/en-direct-du-congres-national-fsu\/#breadcrumb","itemListElement":[{"@type":"ListItem","position":1,"name":"Accueil","item":"https:\/\/regions-snetap-fsu.fr\/ara\/"},{"@type":"ListItem","position":2,"name":"En direct du 11\u00e8me Congr\u00e8s National FSU : t\u00e9moignage de Julien DEPREZ"}]},{"@type":"WebSite","@id":"https:\/\/regions-snetap-fsu.fr\/ara\/#website","url":"https:\/\/regions-snetap-fsu.fr\/ara\/","name":"AUVERGNE RH\u00d4NE-ALPES","description":"Le site de la  Section Syndicale","publisher":{"@id":"https:\/\/regions-snetap-fsu.fr\/ara\/#organization"},"potentialAction":[{"@type":"SearchAction","target":{"@type":"EntryPoint","urlTemplate":"https:\/\/regions-snetap-fsu.fr\/ara\/?s={search_term_string}"},"query-input":{"@type":"PropertyValueSpecification","valueRequired":true,"valueName":"search_term_string"}}],"inLanguage":"fr-FR"},{"@type":"Organization","@id":"https:\/\/regions-snetap-fsu.fr\/ara\/#organization","name":"Auvergne Rh\u00f4ne-Alpes - SNETAP-FSU","url":"https:\/\/regions-snetap-fsu.fr\/ara\/","logo":{"@type":"ImageObject","inLanguage":"fr-FR","@id":"https:\/\/regions-snetap-fsu.fr\/ara\/#\/schema\/logo\/image\/","url":"https:\/\/regions-snetap-fsu.fr\/ara\/wp-content\/uploads\/sites\/12\/2021\/03\/Auvergne-Rhones-Alpes.jpg","contentUrl":"https:\/\/regions-snetap-fsu.fr\/ara\/wp-content\/uploads\/sites\/12\/2021\/03\/Auvergne-Rhones-Alpes.jpg","width":2000,"height":2000,"caption":"Auvergne Rh\u00f4ne-Alpes - SNETAP-FSU"},"image":{"@id":"https:\/\/regions-snetap-fsu.fr\/ara\/#\/schema\/logo\/image\/"}},{"@type":"Person","@id":"https:\/\/regions-snetap-fsu.fr\/ara\/#\/schema\/person\/7a012c1225ad7f1de5d0435224dc476f","name":"labouretl","image":{"@type":"ImageObject","inLanguage":"fr-FR","@id":"https:\/\/secure.gravatar.com\/avatar\/fe4c2914e868a4f0225f570d8e2703306e1d172461bb22deef5957411043fa66?s=96&d=mm&r=g","url":"https:\/\/secure.gravatar.com\/avatar\/fe4c2914e868a4f0225f570d8e2703306e1d172461bb22deef5957411043fa66?s=96&d=mm&r=g","contentUrl":"https:\/\/secure.gravatar.com\/avatar\/fe4c2914e868a4f0225f570d8e2703306e1d172461bb22deef5957411043fa66?s=96&d=mm&r=g","caption":"labouretl"},"url":"https:\/\/regions-snetap-fsu.fr\/ara\/author\/labouretl\/"}]}},"_links":{"self":[{"href":"https:\/\/regions-snetap-fsu.fr\/ara\/wp-json\/wp\/v2\/posts\/1487","targetHints":{"allow":["GET"]}}],"collection":[{"href":"https:\/\/regions-snetap-fsu.fr\/ara\/wp-json\/wp\/v2\/posts"}],"about":[{"href":"https:\/\/regions-snetap-fsu.fr\/ara\/wp-json\/wp\/v2\/types\/post"}],"author":[{"embeddable":true,"href":"https:\/\/regions-snetap-fsu.fr\/ara\/wp-json\/wp\/v2\/users\/121"}],"replies":[{"embeddable":true,"href":"https:\/\/regions-snetap-fsu.fr\/ara\/wp-json\/wp\/v2\/comments?post=1487"}],"version-history":[{"count":17,"href":"https:\/\/regions-snetap-fsu.fr\/ara\/wp-json\/wp\/v2\/posts\/1487\/revisions"}],"predecessor-version":[{"id":1511,"href":"https:\/\/regions-snetap-fsu.fr\/ara\/wp-json\/wp\/v2\/posts\/1487\/revisions\/1511"}],"wp:featuredmedia":[{"embeddable":true,"href":"https:\/\/regions-snetap-fsu.fr\/ara\/wp-json\/wp\/v2\/media\/1497"}],"wp:attachment":[{"href":"https:\/\/regions-snetap-fsu.fr\/ara\/wp-json\/wp\/v2\/media?parent=1487"}],"wp:term":[{"taxonomy":"category","embeddable":true,"href":"https:\/\/regions-snetap-fsu.fr\/ara\/wp-json\/wp\/v2\/categories?post=1487"},{"taxonomy":"post_tag","embeddable":true,"href":"https:\/\/regions-snetap-fsu.fr\/ara\/wp-json\/wp\/v2\/tags?post=1487"},{"taxonomy":"post_folder","embeddable":true,"href":"https:\/\/regions-snetap-fsu.fr\/ara\/wp-json\/wp\/v2\/post_folder?post=1487"}],"curies":[{"name":"wp","href":"https:\/\/api.w.org\/{rel}","templated":true}]}}